{"id":16207,"date":"2025-05-12T13:20:26","date_gmt":"2025-05-12T11:20:26","guid":{"rendered":"https:\/\/rheinhessenblog.de\/?p=16207"},"modified":"2026-04-13T14:57:24","modified_gmt":"2026-04-13T12:57:24","slug":"cycling-events-in-rheinhessen-rheinhessen-celebrates-cycling","status":"publish","type":"post","link":"https:\/\/rheinhessenblog.de\/en\/radevents-in-rheinhessen-rheinhessen-feiert-das-radfahren\/","title":{"rendered":"Cycling events in Rheinhessen - Rheinhessen celebrates cycling"},"content":{"rendered":"<div data-elementor-type=\"wp-post\" data-elementor-id=\"16207\" class=\"elementor elementor-16207\" data-elementor-settings=\"{&quot;ha_cmc_init_switcher&quot;:&quot;no&quot;}\" data-elementor-post-type=\"post\">\n\t\t\t\t<div class=\"elementor-element elementor-element-4308dcd e-flex e-con-boxed e-con e-parent\" data-id=\"4308dcd\" data-element_type=\"container\" data-e-type=\"container\" data-settings=\"{&quot;_ha_eqh_enable&quot;:false}\">\n\t\t\t\t\t<div class=\"e-con-inner\">\n\t\t\t\t<div class=\"elementor-element elementor-element-d5d8f64 elementor-widget elementor-widget-text-editor\" data-id=\"d5d8f64\" data-element_type=\"widget\" data-e-type=\"widget\" data-widget_type=\"text-editor.default\">\n\t\t\t\t<div class=\"elementor-widget-container\">\n\t\t\t\t\t\t\t\t\t<p>This post was updated on 30.03.2026.<\/p>\t\t\t\t\t\t\t\t<\/div>\n\t\t\t\t<\/div>\n\t\t\t\t<div class=\"elementor-element elementor-element-6e1415a elementor-widget elementor-widget-text-editor\" data-id=\"6e1415a\" data-element_type=\"widget\" data-e-type=\"widget\" data-widget_type=\"text-editor.default\">\n\t\t\t\t<div class=\"elementor-widget-container\">\n\t\t\t\t\t\t\t\t\t<p><strong><em>Three cycling events between vineyard, forest path and wine stand - sometimes sporty, sometimes leisurely, always a bit of folk festival and a lot of togetherness - <\/em><\/strong>For me, Rheinhessen is made for cycling. There are no dramatic climbs here, just open countryside and sweeping views, little surprises along the way, good wines and usually this relaxed atmosphere that makes you feel somehow exhilarated as you pedal along. If this is exactly what you want to experience with other cycling fans and soak up the Rhine-Hessian lifestyle at the same time, the three cycling events I'm about to present to you might be just the thing for you! Three very different experiences - which one suits you?<\/p>\t\t\t\t\t\t\t\t<\/div>\n\t\t\t\t<\/div>\n\t\t\t\t\t<\/div>\n\t\t\t\t<\/div>\n\t\t<div class=\"elementor-element elementor-element-9e2a2ef e-flex e-con-boxed e-con e-parent\" data-id=\"9e2a2ef\" data-element_type=\"container\" data-e-type=\"container\" data-settings=\"{&quot;_ha_eqh_enable&quot;:false}\">\n\t\t\t\t\t<div class=\"e-con-inner\">\n\t\t\t\t<div class=\"elementor-element elementor-element-c75d476 elementor-widget elementor-widget-heading\" data-id=\"c75d476\" data-element_type=\"widget\" data-e-type=\"widget\" data-widget_type=\"heading.default\">\n\t\t\t\t<div class=\"elementor-widget-container\">\n\t\t\t\t\t<h2 class=\"elementor-heading-title elementor-size-default\">Cycling on the Rhine: The classic - for those who like to meet people along the way<\/h2>\t\t\t\t<\/div>\n\t\t\t\t<\/div>\n\t\t\t\t\t<\/div>\n\t\t\t\t<\/div>\n\t\t<div class=\"elementor-element elementor-element-acca207 e-flex e-con-boxed e-con e-parent\" data-id=\"acca207\" data-element_type=\"container\" data-e-type=\"container\" data-settings=\"{&quot;_ha_eqh_enable&quot;:false}\">\n\t\t\t\t\t<div class=\"e-con-inner\">\n\t\t\t\t<div class=\"elementor-element elementor-element-7b52e1d elementor-widget elementor-widget-text-editor\" data-id=\"7b52e1d\" data-element_type=\"widget\" data-e-type=\"widget\" data-widget_type=\"text-editor.default\">\n\t\t\t\t<div class=\"elementor-widget-container\">\n\t\t\t\t\t\t\t\t\t<p>Once a year, the stretch of the old Bundestra\u00dfe 9 between Worms and Oppenheim is closed to car traffic. Then 25 km of it belongs entirely to those who want to let it roll undisturbed - whether by bike, inline skates or other non-motorized vehicles. Everything simply rolls here.<\/p><p>It's all about being there and being on the road at this cycling festival. There's plenty going on to the left and right of the route: live music, hands-on activities and, of course, enjoying the day together at the table with wine, bratwurst and grape spritzer. You will find the main stages at the start and finish in Worms-Herrnsheim Castle Park and in Oppenheim. How fast or far you get is of secondary importance on this day.<\/p><p><strong>Good to know:<\/strong> The later in the day, the more crowded. If you prefer to keep moving, go early. If you're looking for the atmosphere, stay put.<\/p><p><strong>When &amp; Where:<\/strong> <br \/>Every year in May, <a href=\"https:\/\/www.rheinhessen.de\/rheinradeln-rheinhessen\" target=\"_blank\" rel=\"noopener\">2026 on May 17, from 10 a.m. to 6 p.m. between Worms and Oppenheim<\/a><\/p>\t\t\t\t\t\t\t\t<\/div>\n\t\t\t\t<\/div>\n\t\t\t\t\t<\/div>\n\t\t\t\t<\/div>\n\t\t<div class=\"elementor-element elementor-element-c619d8b e-flex e-con-boxed e-con e-parent\" data-id=\"c619d8b\" data-element_type=\"container\" data-e-type=\"container\" data-settings=\"{&quot;_ha_eqh_enable&quot;:false}\">\n\t\t\t\t\t<div class=\"e-con-inner\">\n\t\t\t\t<div class=\"elementor-element elementor-element-e023eda elementor-widget elementor-widget-image\" data-id=\"e023eda\" data-element_type=\"widget\" data-e-type=\"widget\" data-widget_type=\"image.default\">\n\t\t\t\t<div class=\"elementor-widget-container\">\n\t\t\t\t\t\t\t\t\t\t\t\t\t\t\t<img fetchpriority=\"high\" decoding=\"async\" width=\"800\" height=\"534\" src=\"https:\/\/rheinhessenblog.de\/wp-content\/uploads\/2025\/05\/RheinRadeln_Bilder_02__Credits_\u00a9www.inmedia.info_-1024x684.jpg\" class=\"attachment-large size-large wp-image-16218\" alt=\"\" srcset=\"https:\/\/rheinhessenblog.de\/wp-content\/uploads\/2025\/05\/RheinRadeln_Bilder_02__Credits_\u00a9www.inmedia.info_-1024x684.jpg 1024w, https:\/\/rheinhessenblog.de\/wp-content\/uploads\/2025\/05\/RheinRadeln_Bilder_02__Credits_\u00a9www.inmedia.info_-300x201.jpg 300w, https:\/\/rheinhessenblog.de\/wp-content\/uploads\/2025\/05\/RheinRadeln_Bilder_02__Credits_\u00a9www.inmedia.info_-768x513.jpg 768w, https:\/\/rheinhessenblog.de\/wp-content\/uploads\/2025\/05\/RheinRadeln_Bilder_02__Credits_\u00a9www.inmedia.info_-1536x1027.jpg 1536w, https:\/\/rheinhessenblog.de\/wp-content\/uploads\/2025\/05\/RheinRadeln_Bilder_02__Credits_\u00a9www.inmedia.info_-2048x1369.jpg 2048w, https:\/\/rheinhessenblog.de\/wp-content\/uploads\/2025\/05\/RheinRadeln_Bilder_02__Credits_\u00a9www.inmedia.info_-18x12.jpg 18w\" sizes=\"(max-width: 800px) 100vw, 800px\" \/>\t\t\t\t\t\t\t\t\t\t\t\t\t\t\t<\/div>\n\t\t\t\t<\/div>\n\t\t\t\t\t<\/div>\n\t\t\t\t<\/div>\n\t\t<div class=\"elementor-element elementor-element-22582c2 e-flex e-con-boxed e-con e-parent\" data-id=\"22582c2\" data-element_type=\"container\" data-e-type=\"container\" data-settings=\"{&quot;_ha_eqh_enable&quot;:false}\">\n\t\t\t\t\t<div class=\"e-con-inner\">\n\t\t\t\t<div class=\"elementor-element elementor-element-8a81579 elementor-widget elementor-widget-image\" data-id=\"8a81579\" data-element_type=\"widget\" data-e-type=\"widget\" data-widget_type=\"image.default\">\n\t\t\t\t<div class=\"elementor-widget-container\">\n\t\t\t\t\t\t\t\t\t\t\t\t\t\t\t<img decoding=\"async\" width=\"800\" height=\"534\" src=\"https:\/\/rheinhessenblog.de\/wp-content\/uploads\/2025\/05\/RheinRadeln_Bilder_28_Credits_\u00a9Rudolf-Uhrig-1024x684.jpg\" class=\"attachment-large size-large wp-image-16219\" alt=\"\" srcset=\"https:\/\/rheinhessenblog.de\/wp-content\/uploads\/2025\/05\/RheinRadeln_Bilder_28_Credits_\u00a9Rudolf-Uhrig-1024x684.jpg 1024w, https:\/\/rheinhessenblog.de\/wp-content\/uploads\/2025\/05\/RheinRadeln_Bilder_28_Credits_\u00a9Rudolf-Uhrig-300x201.jpg 300w, https:\/\/rheinhessenblog.de\/wp-content\/uploads\/2025\/05\/RheinRadeln_Bilder_28_Credits_\u00a9Rudolf-Uhrig-768x513.jpg 768w, https:\/\/rheinhessenblog.de\/wp-content\/uploads\/2025\/05\/RheinRadeln_Bilder_28_Credits_\u00a9Rudolf-Uhrig-1536x1027.jpg 1536w, https:\/\/rheinhessenblog.de\/wp-content\/uploads\/2025\/05\/RheinRadeln_Bilder_28_Credits_\u00a9Rudolf-Uhrig-2048x1369.jpg 2048w, https:\/\/rheinhessenblog.de\/wp-content\/uploads\/2025\/05\/RheinRadeln_Bilder_28_Credits_\u00a9Rudolf-Uhrig-18x12.jpg 18w\" sizes=\"(max-width: 800px) 100vw, 800px\" \/>\t\t\t\t\t\t\t\t\t\t\t\t\t\t\t<\/div>\n\t\t\t\t<\/div>\n\t\t\t\t\t<\/div>\n\t\t\t\t<\/div>\n\t\t<div class=\"elementor-element elementor-element-fe6db10 e-flex e-con-boxed e-con e-parent\" data-id=\"fe6db10\" data-element_type=\"container\" data-e-type=\"container\" data-settings=\"{&quot;_ha_eqh_enable&quot;:false}\">\n\t\t\t\t\t<div class=\"e-con-inner\">\n\t\t\t\t<div class=\"elementor-element elementor-element-8c1de36 elementor-widget elementor-widget-heading\" data-id=\"8c1de36\" data-element_type=\"widget\" data-e-type=\"widget\" data-widget_type=\"heading.default\">\n\t\t\t\t<div class=\"elementor-widget-container\">\n\t\t\t\t\t<h3 class=\"elementor-heading-title elementor-size-default\">Trullo cycle tour: the traditional one - for those who like to enjoy themselves along the way<\/h3>\t\t\t\t<\/div>\n\t\t\t\t<\/div>\n\t\t\t\t\t<\/div>\n\t\t\t\t<\/div>\n\t\t<div class=\"elementor-element elementor-element-165a6d6 e-flex e-con-boxed e-con e-parent\" data-id=\"165a6d6\" data-element_type=\"container\" data-e-type=\"container\" data-settings=\"{&quot;_ha_eqh_enable&quot;:false}\">\n\t\t\t\t\t<div class=\"e-con-inner\">\n\t\t\t\t<div class=\"elementor-element elementor-element-29f8b02 elementor-widget elementor-widget-text-editor\" data-id=\"29f8b02\" data-element_type=\"widget\" data-e-type=\"widget\" data-widget_type=\"text-editor.default\">\n\t\t\t\t<div class=\"elementor-widget-container\">\n\t\t\t\t\t\t\t\t\t<p>Rheinhessen has its own peculiarities. One of them: small white round buildings called \"Trullo\", which once offered workers shelter from the sun and rain in the middle of the vineyard. You can find a few well-preserved ones in the south of Rheinhessen. The Trullo cycle tour takes you through precisely this area around Fl\u00f6rsheim-Dalsheim and into the Palatinate - pretty scenic, pretty quiet and pretty beautiful.<\/p><p>The tour is manageable and the wine and culinary stops are worthwhile. Many people bring a picnic blanket, grab some refreshments along the way and simply relax. Often that's all you need.<\/p><p><strong>Missed the appointment? - My tip:<\/strong> It's worth taking a tour outside of the event - then it's really quiet. Use our tour tip for this <a href=\"https:\/\/www.rheinhessen.de\/radtourentipps\/tour-de-worms\" target=\"_blank\" rel=\"noopener\">\"Tour de Worms\"<\/a>. But on the day of the event, of course, there's more atmosphere and more wine to choose from.<\/p><p><strong>When &amp; Where:<\/strong><br \/>Every year on the third weekend in June, <a href=\"https:\/\/www.rheinhessen.de\/die-trullo-radwanderung\" target=\"_blank\" rel=\"noopener\">2026 on June 21 from 11 a.m. to 6 p.m. in Monsheim.<\/a><\/p>\t\t\t\t\t\t\t\t<\/div>\n\t\t\t\t<\/div>\n\t\t\t\t\t<\/div>\n\t\t\t\t<\/div>\n\t\t<div class=\"elementor-element elementor-element-b2c2f9b e-flex e-con-boxed e-con e-parent\" data-id=\"b2c2f9b\" data-element_type=\"container\" data-e-type=\"container\" data-settings=\"{&quot;_ha_eqh_enable&quot;:false}\">\n\t\t\t\t\t<div class=\"e-con-inner\">\n\t\t\t\t<div class=\"elementor-element elementor-element-9479544 elementor-widget elementor-widget-image\" data-id=\"9479544\" data-element_type=\"widget\" data-e-type=\"widget\" data-widget_type=\"image.default\">\n\t\t\t\t<div class=\"elementor-widget-container\">\n\t\t\t\t\t\t\t\t\t\t\t\t\t\t\t<img decoding=\"async\" width=\"800\" height=\"534\" src=\"https:\/\/rheinhessenblog.de\/wp-content\/uploads\/2025\/05\/Trullo-Radwanderung-1c-Carsten-Costard-1024x683.jpg\" class=\"attachment-large size-large wp-image-16214\" alt=\"\" srcset=\"https:\/\/rheinhessenblog.de\/wp-content\/uploads\/2025\/05\/Trullo-Radwanderung-1c-Carsten-Costard-1024x683.jpg 1024w, https:\/\/rheinhessenblog.de\/wp-content\/uploads\/2025\/05\/Trullo-Radwanderung-1c-Carsten-Costard-300x200.jpg 300w, https:\/\/rheinhessenblog.de\/wp-content\/uploads\/2025\/05\/Trullo-Radwanderung-1c-Carsten-Costard-768x512.jpg 768w, https:\/\/rheinhessenblog.de\/wp-content\/uploads\/2025\/05\/Trullo-Radwanderung-1c-Carsten-Costard-18x12.jpg 18w, https:\/\/rheinhessenblog.de\/wp-content\/uploads\/2025\/05\/Trullo-Radwanderung-1c-Carsten-Costard.jpg 1512w\" sizes=\"(max-width: 800px) 100vw, 800px\" \/>\t\t\t\t\t\t\t\t\t\t\t\t\t\t\t<\/div>\n\t\t\t\t<\/div>\n\t\t\t\t\t<\/div>\n\t\t\t\t<\/div>\n\t\t<div class=\"elementor-element elementor-element-94a6cbb e-flex e-con-boxed e-con e-parent\" data-id=\"94a6cbb\" data-element_type=\"container\" data-e-type=\"container\" data-settings=\"{&quot;_ha_eqh_enable&quot;:false}\">\n\t\t\t\t\t<div class=\"e-con-inner\">\n\t\t\t\t<div class=\"elementor-element elementor-element-05d4130 elementor-widget elementor-widget-image\" data-id=\"05d4130\" data-element_type=\"widget\" data-e-type=\"widget\" data-widget_type=\"image.default\">\n\t\t\t\t<div class=\"elementor-widget-container\">\n\t\t\t\t\t\t\t\t\t\t\t\t\t\t\t<img loading=\"lazy\" decoding=\"async\" width=\"800\" height=\"600\" src=\"https:\/\/rheinhessenblog.de\/wp-content\/uploads\/2025\/05\/Trullo-Radwanderung-2c-M.Bernhardt--1024x768.jpg\" class=\"attachment-large size-large wp-image-16215\" alt=\"\" srcset=\"https:\/\/rheinhessenblog.de\/wp-content\/uploads\/2025\/05\/Trullo-Radwanderung-2c-M.Bernhardt--1024x768.jpg 1024w, https:\/\/rheinhessenblog.de\/wp-content\/uploads\/2025\/05\/Trullo-Radwanderung-2c-M.Bernhardt--300x225.jpg 300w, https:\/\/rheinhessenblog.de\/wp-content\/uploads\/2025\/05\/Trullo-Radwanderung-2c-M.Bernhardt--768x576.jpg 768w, https:\/\/rheinhessenblog.de\/wp-content\/uploads\/2025\/05\/Trullo-Radwanderung-2c-M.Bernhardt--1536x1152.jpg 1536w, https:\/\/rheinhessenblog.de\/wp-content\/uploads\/2025\/05\/Trullo-Radwanderung-2c-M.Bernhardt--2048x1536.jpg 2048w, https:\/\/rheinhessenblog.de\/wp-content\/uploads\/2025\/05\/Trullo-Radwanderung-2c-M.Bernhardt--16x12.jpg 16w\" sizes=\"(max-width: 800px) 100vw, 800px\" \/>\t\t\t\t\t\t\t\t\t\t\t\t\t\t\t<\/div>\n\t\t\t\t<\/div>\n\t\t\t\t\t<\/div>\n\t\t\t\t<\/div>\n\t\t<div class=\"elementor-element elementor-element-73b7dfe e-flex e-con-boxed e-con e-parent\" data-id=\"73b7dfe\" data-element_type=\"container\" data-e-type=\"container\" data-settings=\"{&quot;_ha_eqh_enable&quot;:false}\">\n\t\t\t\t\t<div class=\"e-con-inner\">\n\t\t\t\t<div class=\"elementor-element elementor-element-aca020b elementor-widget elementor-widget-heading\" data-id=\"aca020b\" data-element_type=\"widget\" data-e-type=\"widget\" data-widget_type=\"heading.default\">\n\t\t\t\t<div class=\"elementor-widget-container\">\n\t\t\t\t\t<h3 class=\"elementor-heading-title elementor-size-default\">Sattelfest in the Zellertal: The unknown - for those who like to cycle across borders<\/h3>\t\t\t\t<\/div>\n\t\t\t\t<\/div>\n\t\t\t\t\t<\/div>\n\t\t\t\t<\/div>\n\t\t<div class=\"elementor-element elementor-element-4c8f946 e-flex e-con-boxed e-con e-parent\" data-id=\"4c8f946\" data-element_type=\"container\" data-e-type=\"container\" data-settings=\"{&quot;_ha_eqh_enable&quot;:false}\">\n\t\t\t\t\t<div class=\"e-con-inner\">\n\t\t\t\t<div class=\"elementor-element elementor-element-3ded75a elementor-widget elementor-widget-text-editor\" data-id=\"3ded75a\" data-element_type=\"widget\" data-e-type=\"widget\" data-widget_type=\"text-editor.default\">\n\t\t\t\t<div class=\"elementor-widget-container\">\n\t\t\t\t\t\t\t\t\t<p>Not everyone knows the Zellertal - which is a shame. Between Monsheim and Marnheim, the Sattelfest celebrates precisely this area. Cycle around 30 km from Rheinhessen to the Palatinate through the idyllic picture-book landscape of the Wonnegau region with far-reaching views, small farms and many open doors. At the Sattelfest, the motto is \"saddle up\", let it roll comfortably and bring time for a stopover or two: Wineries invite you in, there are barbecue and cake buffets, onion tart, homemade lemonade and, of course, Weck, Worscht and Woi - all in a pretty relaxed atmosphere.<\/p><p>What's nice is that it's not a thoroughly styled event and each station shows its very own side and you're right in the middle of it.<\/p><p><strong>Tip for a detour:<\/strong> If you've got power in your legs or e-bike motor, it's worth making a detour to the wine stop in M\u00f6lsheim above the main route - a table, a glass, a bit of shade and a great view. And later, it's a relaxed ride back to Zellertal.<\/p><p><strong>When &amp; Where:<\/strong><br \/>Every year in September, <a href=\"https:\/\/www.rheinhessen.de\/e-sattelfest-auf-dem-zellertal-radweg-2026\" target=\"_blank\" rel=\"noopener\">2026 on September 13 from 11 a.m. to 7 p.m.<\/a><\/p>\t\t\t\t\t\t\t\t<\/div>\n\t\t\t\t<\/div>\n\t\t\t\t\t<\/div>\n\t\t\t\t<\/div>\n\t\t<div class=\"elementor-element elementor-element-64b4b2a e-flex e-con-boxed e-con e-parent\" data-id=\"64b4b2a\" data-element_type=\"container\" data-e-type=\"container\" data-settings=\"{&quot;_ha_eqh_enable&quot;:false}\">\n\t\t\t\t\t<div class=\"e-con-inner\">\n\t\t\t\t<div class=\"elementor-element elementor-element-69e1587 elementor-widget elementor-widget-image\" data-id=\"69e1587\" data-element_type=\"widget\" data-e-type=\"widget\" data-widget_type=\"image.default\">\n\t\t\t\t<div class=\"elementor-widget-container\">\n\t\t\t\t\t\t\t\t\t\t\t\t\t\t\t<img loading=\"lazy\" decoding=\"async\" width=\"800\" height=\"534\" src=\"https:\/\/rheinhessenblog.de\/wp-content\/uploads\/2025\/05\/Sattelfest-2c-RHT-1024x683.jpg\" class=\"attachment-large size-large wp-image-16220\" alt=\"\" srcset=\"https:\/\/rheinhessenblog.de\/wp-content\/uploads\/2025\/05\/Sattelfest-2c-RHT-1024x683.jpg 1024w, https:\/\/rheinhessenblog.de\/wp-content\/uploads\/2025\/05\/Sattelfest-2c-RHT-300x200.jpg 300w, https:\/\/rheinhessenblog.de\/wp-content\/uploads\/2025\/05\/Sattelfest-2c-RHT-768x512.jpg 768w, https:\/\/rheinhessenblog.de\/wp-content\/uploads\/2025\/05\/Sattelfest-2c-RHT-1536x1024.jpg 1536w, https:\/\/rheinhessenblog.de\/wp-content\/uploads\/2025\/05\/Sattelfest-2c-RHT-2048x1365.jpg 2048w, https:\/\/rheinhessenblog.de\/wp-content\/uploads\/2025\/05\/Sattelfest-2c-RHT-18x12.jpg 18w\" sizes=\"(max-width: 800px) 100vw, 800px\" \/>\t\t\t\t\t\t\t\t\t\t\t\t\t\t\t<\/div>\n\t\t\t\t<\/div>\n\t\t\t\t\t<\/div>\n\t\t\t\t<\/div>\n\t\t<div class=\"elementor-element elementor-element-491cd7f e-flex e-con-boxed e-con e-parent\" data-id=\"491cd7f\" data-element_type=\"container\" data-e-type=\"container\" data-settings=\"{&quot;_ha_eqh_enable&quot;:false}\">\n\t\t\t\t\t<div class=\"e-con-inner\">\n\t\t\t\t<div class=\"elementor-element elementor-element-dcab0b6 elementor-skin-carousel elementor-arrows-yes elementor-pagination-type-bullets elementor-pagination-position-outside elementor-widget elementor-widget-media-carousel\" data-id=\"dcab0b6\" data-element_type=\"widget\" data-e-type=\"widget\" data-settings=\"{&quot;slides_per_view&quot;:&quot;2&quot;,&quot;skin&quot;:&quot;carousel&quot;,&quot;effect&quot;:&quot;slide&quot;,&quot;show_arrows&quot;:&quot;yes&quot;,&quot;pagination&quot;:&quot;bullets&quot;,&quot;speed&quot;:500,&quot;autoplay&quot;:&quot;yes&quot;,&quot;autoplay_speed&quot;:5000,&quot;loop&quot;:&quot;yes&quot;,&quot;pause_on_hover&quot;:&quot;yes&quot;,&quot;pause_on_interaction&quot;:&quot;yes&quot;,&quot;space_between&quot;:{&quot;unit&quot;:&quot;px&quot;,&quot;size&quot;:10,&quot;sizes&quot;:[]},&quot;space_between_laptop&quot;:{&quot;unit&quot;:&quot;px&quot;,&quot;size&quot;:10,&quot;sizes&quot;:[]},&quot;space_between_tablet&quot;:{&quot;unit&quot;:&quot;px&quot;,&quot;size&quot;:10,&quot;sizes&quot;:[]},&quot;space_between_mobile&quot;:{&quot;unit&quot;:&quot;px&quot;,&quot;size&quot;:10,&quot;sizes&quot;:[]}}\" data-widget_type=\"media-carousel.default\">\n\t\t\t\t<div class=\"elementor-widget-container\">\n\t\t\t\t\t\t\t\t\t<div class=\"elementor-swiper\">\n\t\t\t\t\t<div class=\"elementor-main-swiper swiper\" role=\"region\" aria-roledescription=\"carousel\" aria-label=\"Slider\">\n\t\t\t\t<div class=\"swiper-wrapper\">\n\t\t\t\t\t\t\t\t\t\t\t<div class=\"swiper-slide\" role=\"group\" aria-roledescription=\"slide\">\n\t\t\t\t\t\t\t\t\t<div class=\"elementor-carousel-image\" role=\"img\" aria-label=\"Saddle fit (7)(c) Bremer\" style=\"background-image: url(&#039;https:\/\/rheinhessenblog.de\/wp-content\/uploads\/2025\/05\/Sattelfest-7c-Bremer.jpg&#039;)\">\n\n\t\t\t\n\t\t\t\t\t<\/div>\n\t\t\t\t\t\t\t\t<\/div>\n\t\t\t\t\t\t\t\t\t\t\t<div class=\"swiper-slide\" role=\"group\" aria-roledescription=\"slide\">\n\t\t\t\t\t\t\t\t\t<div class=\"elementor-carousel-image\" role=\"img\" aria-label=\"Saddle fit (4)(c) RHT\" style=\"background-image: url(&#039;https:\/\/rheinhessenblog.de\/wp-content\/uploads\/2025\/05\/Sattelfest-4c-RHT-scaled.jpg&#039;)\">\n\n\t\t\t\n\t\t\t\t\t<\/div>\n\t\t\t\t\t\t\t\t<\/div>\n\t\t\t\t\t\t\t\t\t\t\t<div class=\"swiper-slide\" role=\"group\" aria-roledescription=\"slide\">\n\t\t\t\t\t\t\t\t\t<div class=\"elementor-carousel-image\" role=\"img\" aria-label=\"Saddle fit (6)(c) RHT\" style=\"background-image: url(&#039;https:\/\/rheinhessenblog.de\/wp-content\/uploads\/2025\/05\/Sattelfest-6c-RHT-scaled.jpg&#039;)\">\n\n\t\t\t\n\t\t\t\t\t<\/div>\n\t\t\t\t\t\t\t\t<\/div>\n\t\t\t\t\t\t\t\t\t\t\t<div class=\"swiper-slide\" role=\"group\" aria-roledescription=\"slide\">\n\t\t\t\t\t\t\t\t\t<div class=\"elementor-carousel-image\" role=\"img\" aria-label=\"Saddle fit (5)(c) RHT\" style=\"background-image: url(&#039;https:\/\/rheinhessenblog.de\/wp-content\/uploads\/2025\/05\/Sattelfest-5c-RHT-scaled.jpg&#039;)\">\n\n\t\t\t\n\t\t\t\t\t<\/div>\n\t\t\t\t\t\t\t\t<\/div>\n\t\t\t\t\t\t\t\t\t\t\t<div class=\"swiper-slide\" role=\"group\" aria-roledescription=\"slide\">\n\t\t\t\t\t\t\t\t\t<div class=\"elementor-carousel-image\" role=\"img\" aria-label=\"Nibelungegraveride (1)(c) Rokitta\" style=\"background-image: url(&#039;https:\/\/rheinhessenblog.de\/wp-content\/uploads\/2025\/05\/Nibelungegraveride-1c-Rokitta-scaled.jpg&#039;)\">\n\n\t\t\t\n\t\t\t\t\t<\/div>\n\t\t\t\t\t\t\t\t<\/div>\n\t\t\t\t\t\t\t\t\t\t\t<div class=\"swiper-slide\" role=\"group\" aria-roledescription=\"slide\">\n\t\t\t\t\t\t\t\t\t<div class=\"elementor-carousel-image\" role=\"img\" aria-label=\"Saddle fit (3)(c) RHT\" style=\"background-image: url(&#039;https:\/\/rheinhessenblog.de\/wp-content\/uploads\/2025\/05\/Sattelfest-3c-RHT-scaled.jpg&#039;)\">\n\n\t\t\t\n\t\t\t\t\t<\/div>\n\t\t\t\t\t\t\t\t<\/div>\n\t\t\t\t\t\t\t\t\t<\/div>\n\t\t\t\t\t\t\t\t\t\t\t\t\t\t\t<div class=\"elementor-swiper-button elementor-swiper-button-prev\" role=\"button\" tabindex=\"0\" aria-label=\"Previous\" data-no-translation-aria-label=\"\">\n\t\t\t\t\t\t\t<i aria-hidden=\"true\" class=\"eicon-chevron-left\"><\/i>\t\t\t\t\t\t<\/div>\n\t\t\t\t\t\t<div class=\"elementor-swiper-button elementor-swiper-button-next\" role=\"button\" tabindex=\"0\" aria-label=\"Next\" data-no-translation-aria-label=\"\">\n\t\t\t\t\t\t\t<i aria-hidden=\"true\" class=\"eicon-chevron-right\"><\/i>\t\t\t\t\t\t<\/div>\n\t\t\t\t\t\t\t\t\t\t\t\t\t\t\t\t<div class=\"swiper-pagination\"><\/div>\n\t\t\t\t\t\t\t\t\t\t\t\t<\/div>\n\t\t\t\t<\/div>\n\t\t\t\t\t\t\t\t<\/div>\n\t\t\t\t<\/div>\n\t\t\t\t\t<\/div>\n\t\t\t\t<\/div>\n\t\t<div class=\"elementor-element elementor-element-a3f828e e-flex e-con-boxed e-con e-parent\" data-id=\"a3f828e\" data-element_type=\"container\" data-e-type=\"container\" data-settings=\"{&quot;_ha_eqh_enable&quot;:false}\">\n\t\t\t\t\t<div class=\"e-con-inner\">\n\t\t\t\t<div class=\"elementor-element elementor-element-9c2e09e elementor-widget elementor-widget-heading\" data-id=\"9c2e09e\" data-element_type=\"widget\" data-e-type=\"widget\" data-widget_type=\"heading.default\">\n\t\t\t\t<div class=\"elementor-widget-container\">\n\t\t\t\t\t<h3 class=\"elementor-heading-title elementor-size-default\">My conclusion: three events, three worlds - all on two wheels<\/h3>\t\t\t\t<\/div>\n\t\t\t\t<\/div>\n\t\t\t\t\t<\/div>\n\t\t\t\t<\/div>\n\t\t<div class=\"elementor-element elementor-element-8a6d753 e-flex e-con-boxed e-con e-parent\" data-id=\"8a6d753\" data-element_type=\"container\" data-e-type=\"container\" data-settings=\"{&quot;_ha_eqh_enable&quot;:false}\">\n\t\t\t\t\t<div class=\"e-con-inner\">\n\t\t\t\t<div class=\"elementor-element elementor-element-fd4449b elementor-widget elementor-widget-text-editor\" data-id=\"fd4449b\" data-element_type=\"widget\" data-e-type=\"widget\" data-widget_type=\"text-editor.default\">\n\t\t\t\t<div class=\"elementor-widget-container\">\n\t\t\t\t\t\t\t\t\t<p>What will stay with you? No matter which event suits you - in Rheinhessen you can see how naturally cycling goes together with all the other pleasant things in life. It's not about distance or speed here. Here it's about feeling the landscape, meeting people, taking a deep breath, enjoying, being outdoors. And no matter which route you end up on - there's always a bit of far-sightedness thrown in!<\/p>\t\t\t\t\t\t\t\t<\/div>\n\t\t\t\t<\/div>\n\t\t\t\t\t<\/div>\n\t\t\t\t<\/div>\n\t\t\t\t<\/div>","protected":false},"excerpt":{"rendered":"<p>Dieser Beitrag wurde am 30.03.2026 aktualisiert. Drei Radevents zwischen Weinberg, Waldweg und Weinstand \u2013 mal sportlich, mal gem\u00fctlich, immer ein bisschen Volksfest und ganz viel Zusammensein &#8211; Rheinhessen ist f\u00fcr mich wie gemacht f\u00fcrs Radfahren. Es gibt hier keine dramatischen H\u00f6henmeter, daf\u00fcr offene Landschaft und weite Blicke, kleine \u00dcberraschungen am Wegesrand, gute Weine und meistens [&hellip;]<\/p>\n","protected":false},"author":27,"featured_media":16218,"comment_status":"open","ping_status":"closed","sticky":false,"template":"","format":"standard","meta":{"_acf_changed":false,"footnotes":""},"categories":[317],"tags":[],"class_list":["post-16207","post","type-post","status-publish","format-standard","has-post-thumbnail","hentry","category-radfahren"],"acf":{"":null},"yoast_head":"<!-- This site is optimized with the Yoast SEO plugin v27.4 - https:\/\/yoast.com\/product\/yoast-seo-wordpress\/ -->\n<title>Radevents in Rheinhessen \u2013Rheinhessen feiert das Radfahren - Rheinhessen-Blog<\/title>\n<meta name=\"description\" content=\"Vier Radevents in Rheinhessen - von sportlich bis gem\u00fctlich, zwischen Rhein und Reben Entspannung und rheinhessisches Lebensgef\u00fchl genie\u00dfen.\" \/>\n<meta name=\"robots\" content=\"index, follow, max-snippet:-1, max-image-preview:large, max-video-preview:-1\" \/>\n<link rel=\"canonical\" href=\"https:\/\/rheinhessenblog.de\/en\/cycling-events-in-rheinhessen-rheinhessen-celebrates-cycling\/\" \/>\n<meta property=\"og:locale\" content=\"en_US\" \/>\n<meta property=\"og:type\" content=\"article\" \/>\n<meta property=\"og:title\" content=\"Radevents in Rheinhessen \u2013Rheinhessen feiert das Radfahren - Rheinhessen-Blog\" \/>\n<meta property=\"og:description\" content=\"Vier Radevents in Rheinhessen - von sportlich bis gem\u00fctlich, zwischen Rhein und Reben Entspannung und rheinhessisches Lebensgef\u00fchl genie\u00dfen.\" \/>\n<meta property=\"og:url\" content=\"https:\/\/rheinhessenblog.de\/en\/cycling-events-in-rheinhessen-rheinhessen-celebrates-cycling\/\" \/>\n<meta property=\"og:site_name\" content=\"Rheinhessen-Blog\" \/>\n<meta property=\"article:published_time\" content=\"2025-05-12T11:20:26+00:00\" \/>\n<meta property=\"article:modified_time\" content=\"2026-04-13T12:57:24+00:00\" \/>\n<meta property=\"og:image\" content=\"https:\/\/rheinhessenblog.de\/wp-content\/uploads\/2025\/05\/RheinRadeln_Bilder_02__Credits_\u00a9www.inmedia.info_-scaled.jpg\" \/>\n\t<meta property=\"og:image:width\" content=\"2560\" \/>\n\t<meta property=\"og:image:height\" content=\"1711\" \/>\n\t<meta property=\"og:image:type\" content=\"image\/jpeg\" \/>\n<meta name=\"author\" content=\"Karen J\u00e4ger\" \/>\n<meta name=\"twitter:card\" content=\"summary_large_image\" \/>\n<meta name=\"twitter:label1\" content=\"Written by\" \/>\n\t<meta name=\"twitter:data1\" content=\"Karen J\u00e4ger\" \/>\n\t<meta name=\"twitter:label2\" content=\"Est. reading time\" \/>\n\t<meta name=\"twitter:data2\" content=\"5 minutes\" \/>\n<script type=\"application\/ld+json\" class=\"yoast-schema-graph\">{\"@context\":\"https:\\\/\\\/schema.org\",\"@graph\":[{\"@type\":\"Article\",\"@id\":\"https:\\\/\\\/rheinhessenblog.de\\\/radevents-in-rheinhessen-rheinhessen-feiert-das-radfahren\\\/#article\",\"isPartOf\":{\"@id\":\"https:\\\/\\\/rheinhessenblog.de\\\/radevents-in-rheinhessen-rheinhessen-feiert-das-radfahren\\\/\"},\"author\":{\"name\":\"Karen J\u00e4ger\",\"@id\":\"https:\\\/\\\/rheinhessenblog.de\\\/#\\\/schema\\\/person\\\/75322fe168f5343f6b0aef6328daf90e\"},\"headline\":\"Radevents in Rheinhessen \u2013Rheinhessen feiert das Radfahren\",\"datePublished\":\"2025-05-12T11:20:26+00:00\",\"dateModified\":\"2026-04-13T12:57:24+00:00\",\"mainEntityOfPage\":{\"@id\":\"https:\\\/\\\/rheinhessenblog.de\\\/radevents-in-rheinhessen-rheinhessen-feiert-das-radfahren\\\/\"},\"wordCount\":720,\"commentCount\":0,\"publisher\":{\"@id\":\"https:\\\/\\\/rheinhessenblog.de\\\/#organization\"},\"image\":{\"@id\":\"https:\\\/\\\/rheinhessenblog.de\\\/radevents-in-rheinhessen-rheinhessen-feiert-das-radfahren\\\/#primaryimage\"},\"thumbnailUrl\":\"https:\\\/\\\/rheinhessenblog.de\\\/wp-content\\\/uploads\\\/2025\\\/05\\\/RheinRadeln_Bilder_02__Credits_\u00a9www.inmedia.info_-scaled.jpg\",\"articleSection\":[\"Radfahren\"],\"inLanguage\":\"en-US\",\"potentialAction\":[{\"@type\":\"CommentAction\",\"name\":\"Comment\",\"target\":[\"https:\\\/\\\/rheinhessenblog.de\\\/radevents-in-rheinhessen-rheinhessen-feiert-das-radfahren\\\/#respond\"]}]},{\"@type\":\"WebPage\",\"@id\":\"https:\\\/\\\/rheinhessenblog.de\\\/radevents-in-rheinhessen-rheinhessen-feiert-das-radfahren\\\/\",\"url\":\"https:\\\/\\\/rheinhessenblog.de\\\/radevents-in-rheinhessen-rheinhessen-feiert-das-radfahren\\\/\",\"name\":\"Radevents in Rheinhessen \u2013Rheinhessen feiert das Radfahren - Rheinhessen-Blog\",\"isPartOf\":{\"@id\":\"https:\\\/\\\/rheinhessenblog.de\\\/#website\"},\"primaryImageOfPage\":{\"@id\":\"https:\\\/\\\/rheinhessenblog.de\\\/radevents-in-rheinhessen-rheinhessen-feiert-das-radfahren\\\/#primaryimage\"},\"image\":{\"@id\":\"https:\\\/\\\/rheinhessenblog.de\\\/radevents-in-rheinhessen-rheinhessen-feiert-das-radfahren\\\/#primaryimage\"},\"thumbnailUrl\":\"https:\\\/\\\/rheinhessenblog.de\\\/wp-content\\\/uploads\\\/2025\\\/05\\\/RheinRadeln_Bilder_02__Credits_\u00a9www.inmedia.info_-scaled.jpg\",\"datePublished\":\"2025-05-12T11:20:26+00:00\",\"dateModified\":\"2026-04-13T12:57:24+00:00\",\"description\":\"Vier Radevents in Rheinhessen - von sportlich bis gem\u00fctlich, zwischen Rhein und Reben Entspannung und rheinhessisches Lebensgef\u00fchl genie\u00dfen.\",\"breadcrumb\":{\"@id\":\"https:\\\/\\\/rheinhessenblog.de\\\/radevents-in-rheinhessen-rheinhessen-feiert-das-radfahren\\\/#breadcrumb\"},\"inLanguage\":\"en-US\",\"potentialAction\":[{\"@type\":\"ReadAction\",\"target\":[\"https:\\\/\\\/rheinhessenblog.de\\\/radevents-in-rheinhessen-rheinhessen-feiert-das-radfahren\\\/\"]}]},{\"@type\":\"ImageObject\",\"inLanguage\":\"en-US\",\"@id\":\"https:\\\/\\\/rheinhessenblog.de\\\/radevents-in-rheinhessen-rheinhessen-feiert-das-radfahren\\\/#primaryimage\",\"url\":\"https:\\\/\\\/rheinhessenblog.de\\\/wp-content\\\/uploads\\\/2025\\\/05\\\/RheinRadeln_Bilder_02__Credits_\u00a9www.inmedia.info_-scaled.jpg\",\"contentUrl\":\"https:\\\/\\\/rheinhessenblog.de\\\/wp-content\\\/uploads\\\/2025\\\/05\\\/RheinRadeln_Bilder_02__Credits_\u00a9www.inmedia.info_-scaled.jpg\",\"width\":2560,\"height\":1711},{\"@type\":\"BreadcrumbList\",\"@id\":\"https:\\\/\\\/rheinhessenblog.de\\\/radevents-in-rheinhessen-rheinhessen-feiert-das-radfahren\\\/#breadcrumb\",\"itemListElement\":[{\"@type\":\"ListItem\",\"position\":1,\"name\":\"Startseite\",\"item\":\"https:\\\/\\\/rheinhessenblog.de\\\/\"},{\"@type\":\"ListItem\",\"position\":2,\"name\":\"Radevents in Rheinhessen \u2013Rheinhessen feiert das Radfahren\"}]},{\"@type\":\"WebSite\",\"@id\":\"https:\\\/\\\/rheinhessenblog.de\\\/#website\",\"url\":\"https:\\\/\\\/rheinhessenblog.de\\\/\",\"name\":\"Rheinhessen-Blog\",\"description\":\"\",\"publisher\":{\"@id\":\"https:\\\/\\\/rheinhessenblog.de\\\/#organization\"},\"potentialAction\":[{\"@type\":\"SearchAction\",\"target\":{\"@type\":\"EntryPoint\",\"urlTemplate\":\"https:\\\/\\\/rheinhessenblog.de\\\/?s={search_term_string}\"},\"query-input\":{\"@type\":\"PropertyValueSpecification\",\"valueRequired\":true,\"valueName\":\"search_term_string\"}}],\"inLanguage\":\"en-US\"},{\"@type\":\"Organization\",\"@id\":\"https:\\\/\\\/rheinhessenblog.de\\\/#organization\",\"name\":\"Rheinhessen-Blog\",\"url\":\"https:\\\/\\\/rheinhessenblog.de\\\/\",\"logo\":{\"@type\":\"ImageObject\",\"inLanguage\":\"en-US\",\"@id\":\"https:\\\/\\\/rheinhessenblog.de\\\/#\\\/schema\\\/logo\\\/image\\\/\",\"url\":\"https:\\\/\\\/rheinhessenblog.de\\\/wp-content\\\/uploads\\\/2023\\\/07\\\/Rheinhessenlogo.svg\",\"contentUrl\":\"https:\\\/\\\/rheinhessenblog.de\\\/wp-content\\\/uploads\\\/2023\\\/07\\\/Rheinhessenlogo.svg\",\"width\":85,\"height\":26,\"caption\":\"Rheinhessen-Blog\"},\"image\":{\"@id\":\"https:\\\/\\\/rheinhessenblog.de\\\/#\\\/schema\\\/logo\\\/image\\\/\"}},{\"@type\":\"Person\",\"@id\":\"https:\\\/\\\/rheinhessenblog.de\\\/#\\\/schema\\\/person\\\/75322fe168f5343f6b0aef6328daf90e\",\"name\":\"Karen J\u00e4ger\",\"description\":\"Wo man auf zwei R\u00e4dern unterwegs sein kann, interessiert mich ganz besonders. Aber auch sonst bin ich gern aktiv. Hauptsache es geht raus in die Natur!\",\"url\":\"https:\\\/\\\/rheinhessenblog.de\\\/en\\\/author\\\/jaeger\\\/\"}]}<\/script>\n<!-- \/ Yoast SEO plugin. -->","yoast_head_json":{"title":"Cycling events in Rheinhessen - Rheinhessen celebrates cycling - Rheinhessen-Blog","description":"Four cycling events in Rheinhessen - from sporty to leisurely, enjoy relaxation and the Rheinhessen lifestyle between the Rhine and the vines.","robots":{"index":"index","follow":"follow","max-snippet":"max-snippet:-1","max-image-preview":"max-image-preview:large","max-video-preview":"max-video-preview:-1"},"canonical":"https:\/\/rheinhessenblog.de\/en\/cycling-events-in-rheinhessen-rheinhessen-celebrates-cycling\/","og_locale":"en_US","og_type":"article","og_title":"Radevents in Rheinhessen \u2013Rheinhessen feiert das Radfahren - Rheinhessen-Blog","og_description":"Vier Radevents in Rheinhessen - von sportlich bis gem\u00fctlich, zwischen Rhein und Reben Entspannung und rheinhessisches Lebensgef\u00fchl genie\u00dfen.","og_url":"https:\/\/rheinhessenblog.de\/en\/cycling-events-in-rheinhessen-rheinhessen-celebrates-cycling\/","og_site_name":"Rheinhessen-Blog","article_published_time":"2025-05-12T11:20:26+00:00","article_modified_time":"2026-04-13T12:57:24+00:00","og_image":[{"width":2560,"height":1711,"url":"https:\/\/rheinhessenblog.de\/wp-content\/uploads\/2025\/05\/RheinRadeln_Bilder_02__Credits_\u00a9www.inmedia.info_-scaled.jpg","type":"image\/jpeg"}],"author":"Karen J\u00e4ger","twitter_card":"summary_large_image","twitter_misc":{"Written by":"Karen J\u00e4ger","Est. reading time":"5 minutes"},"schema":{"@context":"https:\/\/schema.org","@graph":[{"@type":"Article","@id":"https:\/\/rheinhessenblog.de\/radevents-in-rheinhessen-rheinhessen-feiert-das-radfahren\/#article","isPartOf":{"@id":"https:\/\/rheinhessenblog.de\/radevents-in-rheinhessen-rheinhessen-feiert-das-radfahren\/"},"author":{"name":"Karen J\u00e4ger","@id":"https:\/\/rheinhessenblog.de\/#\/schema\/person\/75322fe168f5343f6b0aef6328daf90e"},"headline":"Radevents in Rheinhessen \u2013Rheinhessen feiert das Radfahren","datePublished":"2025-05-12T11:20:26+00:00","dateModified":"2026-04-13T12:57:24+00:00","mainEntityOfPage":{"@id":"https:\/\/rheinhessenblog.de\/radevents-in-rheinhessen-rheinhessen-feiert-das-radfahren\/"},"wordCount":720,"commentCount":0,"publisher":{"@id":"https:\/\/rheinhessenblog.de\/#organization"},"image":{"@id":"https:\/\/rheinhessenblog.de\/radevents-in-rheinhessen-rheinhessen-feiert-das-radfahren\/#primaryimage"},"thumbnailUrl":"https:\/\/rheinhessenblog.de\/wp-content\/uploads\/2025\/05\/RheinRadeln_Bilder_02__Credits_\u00a9www.inmedia.info_-scaled.jpg","articleSection":["Radfahren"],"inLanguage":"en-US","potentialAction":[{"@type":"CommentAction","name":"Comment","target":["https:\/\/rheinhessenblog.de\/radevents-in-rheinhessen-rheinhessen-feiert-das-radfahren\/#respond"]}]},{"@type":"WebPage","@id":"https:\/\/rheinhessenblog.de\/radevents-in-rheinhessen-rheinhessen-feiert-das-radfahren\/","url":"https:\/\/rheinhessenblog.de\/radevents-in-rheinhessen-rheinhessen-feiert-das-radfahren\/","name":"Cycling events in Rheinhessen - Rheinhessen celebrates cycling - Rheinhessen-Blog","isPartOf":{"@id":"https:\/\/rheinhessenblog.de\/#website"},"primaryImageOfPage":{"@id":"https:\/\/rheinhessenblog.de\/radevents-in-rheinhessen-rheinhessen-feiert-das-radfahren\/#primaryimage"},"image":{"@id":"https:\/\/rheinhessenblog.de\/radevents-in-rheinhessen-rheinhessen-feiert-das-radfahren\/#primaryimage"},"thumbnailUrl":"https:\/\/rheinhessenblog.de\/wp-content\/uploads\/2025\/05\/RheinRadeln_Bilder_02__Credits_\u00a9www.inmedia.info_-scaled.jpg","datePublished":"2025-05-12T11:20:26+00:00","dateModified":"2026-04-13T12:57:24+00:00","description":"Four cycling events in Rheinhessen - from sporty to leisurely, enjoy relaxation and the Rheinhessen lifestyle between the Rhine and the vines.","breadcrumb":{"@id":"https:\/\/rheinhessenblog.de\/radevents-in-rheinhessen-rheinhessen-feiert-das-radfahren\/#breadcrumb"},"inLanguage":"en-US","potentialAction":[{"@type":"ReadAction","target":["https:\/\/rheinhessenblog.de\/radevents-in-rheinhessen-rheinhessen-feiert-das-radfahren\/"]}]},{"@type":"ImageObject","inLanguage":"en-US","@id":"https:\/\/rheinhessenblog.de\/radevents-in-rheinhessen-rheinhessen-feiert-das-radfahren\/#primaryimage","url":"https:\/\/rheinhessenblog.de\/wp-content\/uploads\/2025\/05\/RheinRadeln_Bilder_02__Credits_\u00a9www.inmedia.info_-scaled.jpg","contentUrl":"https:\/\/rheinhessenblog.de\/wp-content\/uploads\/2025\/05\/RheinRadeln_Bilder_02__Credits_\u00a9www.inmedia.info_-scaled.jpg","width":2560,"height":1711},{"@type":"BreadcrumbList","@id":"https:\/\/rheinhessenblog.de\/radevents-in-rheinhessen-rheinhessen-feiert-das-radfahren\/#breadcrumb","itemListElement":[{"@type":"ListItem","position":1,"name":"Startseite","item":"https:\/\/rheinhessenblog.de\/"},{"@type":"ListItem","position":2,"name":"Radevents in Rheinhessen \u2013Rheinhessen feiert das Radfahren"}]},{"@type":"WebSite","@id":"https:\/\/rheinhessenblog.de\/#website","url":"https:\/\/rheinhessenblog.de\/","name":"Rheinhessen Blog","description":"","publisher":{"@id":"https:\/\/rheinhessenblog.de\/#organization"},"potentialAction":[{"@type":"SearchAction","target":{"@type":"EntryPoint","urlTemplate":"https:\/\/rheinhessenblog.de\/?s={search_term_string}"},"query-input":{"@type":"PropertyValueSpecification","valueRequired":true,"valueName":"search_term_string"}}],"inLanguage":"en-US"},{"@type":"Organization","@id":"https:\/\/rheinhessenblog.de\/#organization","name":"Rheinhessen Blog","url":"https:\/\/rheinhessenblog.de\/","logo":{"@type":"ImageObject","inLanguage":"en-US","@id":"https:\/\/rheinhessenblog.de\/#\/schema\/logo\/image\/","url":"https:\/\/rheinhessenblog.de\/wp-content\/uploads\/2023\/07\/Rheinhessenlogo.svg","contentUrl":"https:\/\/rheinhessenblog.de\/wp-content\/uploads\/2023\/07\/Rheinhessenlogo.svg","width":85,"height":26,"caption":"Rheinhessen-Blog"},"image":{"@id":"https:\/\/rheinhessenblog.de\/#\/schema\/logo\/image\/"}},{"@type":"Person","@id":"https:\/\/rheinhessenblog.de\/#\/schema\/person\/75322fe168f5343f6b0aef6328daf90e","name":"Karen Hunter","description":"Where you can be on two wheels is of particular interest to me. But I also like to be active in other ways. The main thing is to get out into nature!","url":"https:\/\/rheinhessenblog.de\/en\/author\/jaeger\/"}]}},"_links":{"self":[{"href":"https:\/\/rheinhessenblog.de\/en\/wp-json\/wp\/v2\/posts\/16207","targetHints":{"allow":["GET"]}}],"collection":[{"href":"https:\/\/rheinhessenblog.de\/en\/wp-json\/wp\/v2\/posts"}],"about":[{"href":"https:\/\/rheinhessenblog.de\/en\/wp-json\/wp\/v2\/types\/post"}],"author":[{"embeddable":true,"href":"https:\/\/rheinhessenblog.de\/en\/wp-json\/wp\/v2\/users\/27"}],"replies":[{"embeddable":true,"href":"https:\/\/rheinhessenblog.de\/en\/wp-json\/wp\/v2\/comments?post=16207"}],"version-history":[{"count":23,"href":"https:\/\/rheinhessenblog.de\/en\/wp-json\/wp\/v2\/posts\/16207\/revisions"}],"predecessor-version":[{"id":17495,"href":"https:\/\/rheinhessenblog.de\/en\/wp-json\/wp\/v2\/posts\/16207\/revisions\/17495"}],"wp:featuredmedia":[{"embeddable":true,"href":"https:\/\/rheinhessenblog.de\/en\/wp-json\/wp\/v2\/media\/16218"}],"wp:attachment":[{"href":"https:\/\/rheinhessenblog.de\/en\/wp-json\/wp\/v2\/media?parent=16207"}],"wp:term":[{"taxonomy":"category","embeddable":true,"href":"https:\/\/rheinhessenblog.de\/en\/wp-json\/wp\/v2\/categories?post=16207"},{"taxonomy":"post_tag","embeddable":true,"href":"https:\/\/rheinhessenblog.de\/en\/wp-json\/wp\/v2\/tags?post=16207"}],"curies":[{"name":"wp","href":"https:\/\/api.w.org\/{rel}","templated":true}]}}