{"id":17363,"date":"2026-04-02T15:52:32","date_gmt":"2026-04-02T13:52:32","guid":{"rendered":"https:\/\/rheinhessenblog.de\/?p=17363"},"modified":"2026-04-07T12:56:15","modified_gmt":"2026-04-07T10:56:15","slug":"alzey-tips-museum-director","status":"publish","type":"post","link":"https:\/\/rheinhessenblog.de\/en\/alzey-tipps-museumsdirektor\/","title":{"rendered":"On a discovery tour with the museum director - Alzey in person"},"content":{"rendered":"<div data-elementor-type=\"wp-post\" data-elementor-id=\"17363\" class=\"elementor elementor-17363\" data-elementor-settings=\"{&quot;ha_cmc_init_switcher&quot;:&quot;no&quot;}\" data-elementor-post-type=\"post\">\n\t\t\t\t<div class=\"elementor-element elementor-element-d1778e4 e-flex e-con-boxed e-con e-parent\" data-id=\"d1778e4\" data-element_type=\"container\" data-e-type=\"container\" data-settings=\"{&quot;_ha_eqh_enable&quot;:false}\">\n\t\t\t\t\t<div class=\"e-con-inner\">\n\t\t\t\t<div class=\"elementor-element elementor-element-ba0382a elementor-widget elementor-widget-text-editor\" data-id=\"ba0382a\" data-element_type=\"widget\" data-e-type=\"widget\" data-widget_type=\"text-editor.default\">\n\t\t\t\t<div class=\"elementor-widget-container\">\n\t\t\t\t\t\t\t\t\t<p><strong>Since the beginning of 2025, economic archaeologist Prof. Dr. Tim Kerig has headed the <a href=\"https:\/\/www.rheinhessen.de\/a-museum-der-stadt-alzey\" target=\"_blank\" rel=\"noopener\">Museum<\/a> the <a href=\"https:\/\/www.rheinhessen.de\/alzey\" target=\"_blank\" rel=\"noopener\">City of Alzey<\/a>. His previous positions in Stuttgart, Cologne, Denmark, Switzerland, the USA and England as well as excavations in Central European countries and Iraq have given him a great deal of foresight.<\/strong><\/p>\t\t\t\t\t\t\t\t<\/div>\n\t\t\t\t<\/div>\n\t\t\t\t\t<\/div>\n\t\t\t\t<\/div>\n\t\t<div class=\"elementor-element elementor-element-df76d9c e-flex e-con-boxed e-con e-parent\" data-id=\"df76d9c\" data-element_type=\"container\" data-e-type=\"container\" data-settings=\"{&quot;_ha_eqh_enable&quot;:false}\">\n\t\t\t\t\t<div class=\"e-con-inner\">\n\t\t\t\t<div class=\"elementor-element elementor-element-9ef2cb6 elementor-widget elementor-widget-image\" data-id=\"9ef2cb6\" data-element_type=\"widget\" data-e-type=\"widget\" data-widget_type=\"image.default\">\n\t\t\t\t<div class=\"elementor-widget-container\">\n\t\t\t\t\t\t\t\t\t\t\t\t<figure class=\"wp-caption\">\n\t\t\t\t\t\t\t\t\t\t\t<a href=\"https:\/\/rheinhessenblog.de\/wp-content\/uploads\/2026\/04\/Prof-Dr-Tim-Kerig_3-scaled.jpeg\" data-elementor-open-lightbox=\"yes\" data-elementor-lightbox-title=\"Prof. Dr. Tim Kerig - Leiter des Museums Alzey\" data-e-action-hash=\"#elementor-action%3Aaction%3Dlightbox%26settings%3DeyJpZCI6MTczNDksInVybCI6Imh0dHBzOlwvXC9yaGVpbmhlc3NlbmJsb2cuZGVcL3dwLWNvbnRlbnRcL3VwbG9hZHNcLzIwMjZcLzA0XC9Qcm9mLURyLVRpbS1LZXJpZ18zLXNjYWxlZC5qcGVnIn0%3D\">\n\t\t\t\t\t\t\t<img fetchpriority=\"high\" decoding=\"async\" width=\"768\" height=\"1024\" src=\"https:\/\/rheinhessenblog.de\/wp-content\/uploads\/2026\/04\/Prof-Dr-Tim-Kerig_3-768x1024.jpeg\" class=\"attachment-large size-large wp-image-17349\" alt=\"The director of the Museum of the City of Alzey, Prof. Dr. Tim Kerig, is an economic archaeologist specializing in the Neolithic period. His previous positions in Stuttgart, Cologne, Denmark, Switzerland, the USA and England, as well as excavations in Central European countries and Iraq, have given him a great deal of foresight.\" srcset=\"https:\/\/rheinhessenblog.de\/wp-content\/uploads\/2026\/04\/Prof-Dr-Tim-Kerig_3-768x1024.jpeg 768w, https:\/\/rheinhessenblog.de\/wp-content\/uploads\/2026\/04\/Prof-Dr-Tim-Kerig_3-225x300.jpeg 225w, https:\/\/rheinhessenblog.de\/wp-content\/uploads\/2026\/04\/Prof-Dr-Tim-Kerig_3-1152x1536.jpeg 1152w, https:\/\/rheinhessenblog.de\/wp-content\/uploads\/2026\/04\/Prof-Dr-Tim-Kerig_3-1536x2048.jpeg 1536w, https:\/\/rheinhessenblog.de\/wp-content\/uploads\/2026\/04\/Prof-Dr-Tim-Kerig_3-9x12.jpeg 9w, https:\/\/rheinhessenblog.de\/wp-content\/uploads\/2026\/04\/Prof-Dr-Tim-Kerig_3-scaled.jpeg 1920w\" sizes=\"(max-width: 768px) 100vw, 768px\" \/>\t\t\t\t\t\t\t\t<\/a>\n\t\t\t\t\t\t\t\t\t\t\t<figcaption class=\"widget-image-caption wp-caption-text\">Prof. Dr. Tim Kerig - Director of the Museum of the City of Alzey (c) Museum of the City of Alzey<\/figcaption>\n\t\t\t\t\t\t\t\t\t\t<\/figure>\n\t\t\t\t\t\t\t\t\t<\/div>\n\t\t\t\t<\/div>\n\t\t\t\t\t<\/div>\n\t\t\t\t<\/div>\n\t\t<div class=\"elementor-element elementor-element-9fdf12a e-flex e-con-boxed e-con e-parent\" data-id=\"9fdf12a\" data-element_type=\"container\" data-e-type=\"container\" data-settings=\"{&quot;_ha_eqh_enable&quot;:false}\">\n\t\t\t\t\t<div class=\"e-con-inner\">\n\t\t\t\t<div class=\"elementor-element elementor-element-bf6bb8e elementor-widget elementor-widget-heading\" data-id=\"bf6bb8e\" data-element_type=\"widget\" data-e-type=\"widget\" data-widget_type=\"heading.default\">\n\t\t\t\t<div class=\"elementor-widget-container\">\n\t\t\t\t\t<h2 class=\"elementor-heading-title elementor-size-default\">Alzey - Charming and worth living in<\/h2>\t\t\t\t<\/div>\n\t\t\t\t<\/div>\n\t\t\t\t\t<\/div>\n\t\t\t\t<\/div>\n\t\t<div class=\"elementor-element elementor-element-48bc4fb e-flex e-con-boxed e-con e-parent\" data-id=\"48bc4fb\" data-element_type=\"container\" data-e-type=\"container\" data-settings=\"{&quot;_ha_eqh_enable&quot;:false}\">\n\t\t\t\t\t<div class=\"e-con-inner\">\n\t\t\t\t<div class=\"elementor-element elementor-element-fe66ae3 elementor-widget elementor-widget-text-editor\" data-id=\"fe66ae3\" data-element_type=\"widget\" data-e-type=\"widget\" data-widget_type=\"text-editor.default\">\n\t\t\t\t<div class=\"elementor-widget-container\">\n\t\t\t\t\t\t\t\t\t<p>Some say: the secret capital of Rheinhessen. <a href=\"https:\/\/rheinhessenblog.de\/en\/alzey-to-fall-in-love-with-what-makes-the-volkerstadt-so-attractive-for-locals-and-guests-alike\/\" target=\"_blank\" rel=\"noopener\">In any case, Alzey is a charming town<\/a> with a rich history and culture. The lively mix of sightseeing, shopping, eating out, events and excursions is what makes it so attractive. This also inspires Tim Kerig, who is discovering more and more favorite places as a new resident: \u201eThe city is friendly and hospitable. It has retained its old town center and small-scale structure, while at the same time continuing to develop with a great deal of civic commitment.\u201c<\/p>\t\t\t\t\t\t\t\t<\/div>\n\t\t\t\t<\/div>\n\t\t\t\t\t<\/div>\n\t\t\t\t<\/div>\n\t\t<div class=\"elementor-element elementor-element-81847a1 e-flex e-con-boxed e-con e-parent\" data-id=\"81847a1\" data-element_type=\"container\" data-e-type=\"container\" data-settings=\"{&quot;_ha_eqh_enable&quot;:false}\">\n\t\t\t\t\t<div class=\"e-con-inner\">\n\t\t\t\t<div class=\"elementor-element elementor-element-0c4d97a elementor-widget elementor-widget-heading\" data-id=\"0c4d97a\" data-element_type=\"widget\" data-e-type=\"widget\" data-widget_type=\"heading.default\">\n\t\t\t\t<div class=\"elementor-widget-container\">\n\t\t\t\t\t<h2 class=\"elementor-heading-title elementor-size-default\">Relaxed horse market<\/h2>\t\t\t\t<\/div>\n\t\t\t\t<\/div>\n\t\t\t\t\t<\/div>\n\t\t\t\t<\/div>\n\t\t<div class=\"elementor-element elementor-element-a238ee8 e-flex e-con-boxed e-con e-parent\" data-id=\"a238ee8\" data-element_type=\"container\" data-e-type=\"container\" data-settings=\"{&quot;_ha_eqh_enable&quot;:false}\">\n\t\t\t\t\t<div class=\"e-con-inner\">\n\t\t\t\t<div class=\"elementor-element elementor-element-6bfc5b6 elementor-widget elementor-widget-text-editor\" data-id=\"6bfc5b6\" data-element_type=\"widget\" data-e-type=\"widget\" data-widget_type=\"text-editor.default\">\n\t\t\t\t<div class=\"elementor-widget-container\">\n\t\t\t\t\t\t\t\t\t<p>The heart of the city pulsates at the central <a href=\"https:\/\/www.rheinhessen.de\/a-rossmarkt\" target=\"_blank\" rel=\"noopener\">Rossmarkt<\/a>, which is adorned with pretty half-timbered houses. The square is dominated by a fountain dedicated to Volker von Alzey from the Song of the Nibelungs. The bronze horse Max towers over the life-size water fountains without a rider.<\/p>\t\t\t\t\t\t\t\t<\/div>\n\t\t\t\t<\/div>\n\t\t\t\t\t<\/div>\n\t\t\t\t<\/div>\n\t\t<div class=\"elementor-element elementor-element-1ddd43d e-flex e-con-boxed e-con e-parent\" data-id=\"1ddd43d\" data-element_type=\"container\" data-e-type=\"container\" data-settings=\"{&quot;_ha_eqh_enable&quot;:false}\">\n\t\t\t\t\t<div class=\"e-con-inner\">\n\t\t\t\t<div class=\"elementor-element elementor-element-7aa9797 elementor-widget elementor-widget-image\" data-id=\"7aa9797\" data-element_type=\"widget\" data-e-type=\"widget\" data-widget_type=\"image.default\">\n\t\t\t\t<div class=\"elementor-widget-container\">\n\t\t\t\t\t\t\t\t\t\t\t\t<figure class=\"wp-caption\">\n\t\t\t\t\t\t\t\t\t\t\t<a href=\"https:\/\/rheinhessenblog.de\/wp-content\/uploads\/2026\/04\/Marktbrunnen_Rossmarkt_Alzey_4-scaled.jpg\" data-elementor-open-lightbox=\"yes\" data-elementor-lightbox-title=\"Der Marktbrunnen am Rossmarkt in Alzey - mit dem Bronzepferd des Spielmanns Volker von Alzey\" data-elementor-lightbox-description=\"Der Marktbrunnen am Rossmarkt in Alzey - mit dem Bronzepferd des Spielmanns Volker von Alzey\" data-e-action-hash=\"#elementor-action%3Aaction%3Dlightbox%26settings%3DeyJpZCI6MTczNTMsInVybCI6Imh0dHBzOlwvXC9yaGVpbmhlc3NlbmJsb2cuZGVcL3dwLWNvbnRlbnRcL3VwbG9hZHNcLzIwMjZcLzA0XC9NYXJrdGJydW5uZW5fUm9zc21hcmt0X0FsemV5XzQtc2NhbGVkLmpwZyJ9\">\n\t\t\t\t\t\t\t<img decoding=\"async\" width=\"800\" height=\"615\" src=\"https:\/\/rheinhessenblog.de\/wp-content\/uploads\/2026\/04\/Marktbrunnen_Rossmarkt_Alzey_4-1024x787.jpg\" class=\"attachment-large size-large wp-image-17353\" alt=\"The market fountain at the Rossmarkt in Alzey - with the bronze horse of the minstrel Volker von Alzey\" srcset=\"https:\/\/rheinhessenblog.de\/wp-content\/uploads\/2026\/04\/Marktbrunnen_Rossmarkt_Alzey_4-1024x787.jpg 1024w, https:\/\/rheinhessenblog.de\/wp-content\/uploads\/2026\/04\/Marktbrunnen_Rossmarkt_Alzey_4-300x230.jpg 300w, https:\/\/rheinhessenblog.de\/wp-content\/uploads\/2026\/04\/Marktbrunnen_Rossmarkt_Alzey_4-768x590.jpg 768w, https:\/\/rheinhessenblog.de\/wp-content\/uploads\/2026\/04\/Marktbrunnen_Rossmarkt_Alzey_4-1536x1180.jpg 1536w, https:\/\/rheinhessenblog.de\/wp-content\/uploads\/2026\/04\/Marktbrunnen_Rossmarkt_Alzey_4-2048x1573.jpg 2048w, https:\/\/rheinhessenblog.de\/wp-content\/uploads\/2026\/04\/Marktbrunnen_Rossmarkt_Alzey_4-16x12.jpg 16w\" sizes=\"(max-width: 800px) 100vw, 800px\" \/>\t\t\t\t\t\t\t\t<\/a>\n\t\t\t\t\t\t\t\t\t\t\t<figcaption class=\"widget-image-caption wp-caption-text\">The market fountain at the Rossmarkt in Alzey - with the bronze horse of the minstrel Volker von Alzey<\/figcaption>\n\t\t\t\t\t\t\t\t\t\t<\/figure>\n\t\t\t\t\t\t\t\t\t<\/div>\n\t\t\t\t<\/div>\n\t\t\t\t\t<\/div>\n\t\t\t\t<\/div>\n\t\t<div class=\"elementor-element elementor-element-8f42c3d e-flex e-con-boxed e-con e-parent\" data-id=\"8f42c3d\" data-element_type=\"container\" data-e-type=\"container\" data-settings=\"{&quot;_ha_eqh_enable&quot;:false}\">\n\t\t\t\t\t<div class=\"e-con-inner\">\n\t\t\t\t<div class=\"elementor-element elementor-element-f63ec7e elementor-widget elementor-widget-text-editor\" data-id=\"f63ec7e\" data-element_type=\"widget\" data-e-type=\"widget\" data-widget_type=\"text-editor.default\">\n\t\t\t\t<div class=\"elementor-widget-container\">\n\t\t\t\t\t\t\t\t\t<p>Tim Kerig likes the idea of Volker getting off his high horse: \u201eIt allows the children to climb into the saddle. It's nice to see them having fun\u201c.<\/p>\t\t\t\t\t\t\t\t<\/div>\n\t\t\t\t<\/div>\n\t\t\t\t\t<\/div>\n\t\t\t\t<\/div>\n\t\t<div class=\"elementor-element elementor-element-77712db e-flex e-con-boxed e-con e-parent\" data-id=\"77712db\" data-element_type=\"container\" data-e-type=\"container\" data-settings=\"{&quot;_ha_eqh_enable&quot;:false}\">\n\t\t\t\t\t<div class=\"e-con-inner\">\n\t\t\t\t<div class=\"elementor-element elementor-element-797a277 elementor-widget elementor-widget-heading\" data-id=\"797a277\" data-element_type=\"widget\" data-e-type=\"widget\" data-widget_type=\"heading.default\">\n\t\t\t\t<div class=\"elementor-widget-container\">\n\t\t\t\t\t<h3 class=\"elementor-heading-title elementor-size-default\">Regional and international delicacies<\/h3>\t\t\t\t<\/div>\n\t\t\t\t<\/div>\n\t\t\t\t\t<\/div>\n\t\t\t\t<\/div>\n\t\t<div class=\"elementor-element elementor-element-21e03ef e-flex e-con-boxed e-con e-parent\" data-id=\"21e03ef\" data-element_type=\"container\" data-e-type=\"container\" data-settings=\"{&quot;_ha_eqh_enable&quot;:false}\">\n\t\t\t\t\t<div class=\"e-con-inner\">\n\t\t\t\t<div class=\"elementor-element elementor-element-e82e8f6 elementor-widget elementor-widget-text-editor\" data-id=\"e82e8f6\" data-element_type=\"widget\" data-e-type=\"widget\" data-widget_type=\"text-editor.default\">\n\t\t\t\t<div class=\"elementor-widget-container\">\n\t\t\t\t\t\t\t\t\t<p>Whether in the middle of the action or a little off the beaten track, Tim Kerig has already discovered that the culinary offerings between the museum and Rossmarkt are wide-ranging. The wine bar with Rhine-Hessian specialties, the wine bar with international delicacies and the ice cream caf\u00e9 offer front-row seats at the Volkerbrunnen. Directly on the Museumsplatz, Tim Kerig appreciates the Caf\u00e9 Selzgold as a specialist for coffee. A short trip to the traditional Poppenschenke is worthwhile, where you can enjoy delicious home-cured meats.<\/p>\t\t\t\t\t\t\t\t<\/div>\n\t\t\t\t<\/div>\n\t\t\t\t\t<\/div>\n\t\t\t\t<\/div>\n\t\t<div class=\"elementor-element elementor-element-4a0b451 e-flex e-con-boxed e-con e-parent\" data-id=\"4a0b451\" data-element_type=\"container\" data-e-type=\"container\" data-settings=\"{&quot;_ha_eqh_enable&quot;:false}\">\n\t\t\t\t\t<div class=\"e-con-inner\">\n\t\t\t\t<div class=\"elementor-element elementor-element-3b1ac2b elementor-widget elementor-widget-image\" data-id=\"3b1ac2b\" data-element_type=\"widget\" data-e-type=\"widget\" data-widget_type=\"image.default\">\n\t\t\t\t<div class=\"elementor-widget-container\">\n\t\t\t\t\t\t\t\t\t\t\t\t<figure class=\"wp-caption\">\n\t\t\t\t\t\t\t\t\t\t\t<a href=\"https:\/\/rheinhessenblog.de\/wp-content\/uploads\/2026\/04\/Rheinhessen-2021-509-Alzey-Poppenschenke-scaled.jpg\" data-elementor-open-lightbox=\"yes\" data-elementor-lightbox-title=\"Die Poppenschenke in Alzey\" data-e-action-hash=\"#elementor-action%3Aaction%3Dlightbox%26settings%3DeyJpZCI6MTczNjcsInVybCI6Imh0dHBzOlwvXC9yaGVpbmhlc3NlbmJsb2cuZGVcL3dwLWNvbnRlbnRcL3VwbG9hZHNcLzIwMjZcLzA0XC9SaGVpbmhlc3Nlbi0yMDIxLTUwOS1BbHpleS1Qb3BwZW5zY2hlbmtlLXNjYWxlZC5qcGcifQ%3D%3D\">\n\t\t\t\t\t\t\t<img decoding=\"async\" width=\"800\" height=\"534\" src=\"https:\/\/rheinhessenblog.de\/wp-content\/uploads\/2026\/04\/Rheinhessen-2021-509-Alzey-Poppenschenke-1024x683.jpg\" class=\"attachment-large size-large wp-image-17367\" alt=\"Typical wine tavern with a beautiful courtyard: the Poppenschenke in Alzey\" srcset=\"https:\/\/rheinhessenblog.de\/wp-content\/uploads\/2026\/04\/Rheinhessen-2021-509-Alzey-Poppenschenke-1024x683.jpg 1024w, https:\/\/rheinhessenblog.de\/wp-content\/uploads\/2026\/04\/Rheinhessen-2021-509-Alzey-Poppenschenke-300x200.jpg 300w, https:\/\/rheinhessenblog.de\/wp-content\/uploads\/2026\/04\/Rheinhessen-2021-509-Alzey-Poppenschenke-768x512.jpg 768w, https:\/\/rheinhessenblog.de\/wp-content\/uploads\/2026\/04\/Rheinhessen-2021-509-Alzey-Poppenschenke-1536x1024.jpg 1536w, https:\/\/rheinhessenblog.de\/wp-content\/uploads\/2026\/04\/Rheinhessen-2021-509-Alzey-Poppenschenke-2048x1365.jpg 2048w, https:\/\/rheinhessenblog.de\/wp-content\/uploads\/2026\/04\/Rheinhessen-2021-509-Alzey-Poppenschenke-18x12.jpg 18w\" sizes=\"(max-width: 800px) 100vw, 800px\" \/>\t\t\t\t\t\t\t\t<\/a>\n\t\t\t\t\t\t\t\t\t\t\t<figcaption class=\"widget-image-caption wp-caption-text\">The Poppenschenke in Alzey (c) Dominik Ketz<\/figcaption>\n\t\t\t\t\t\t\t\t\t\t<\/figure>\n\t\t\t\t\t\t\t\t\t<\/div>\n\t\t\t\t<\/div>\n\t\t\t\t\t<\/div>\n\t\t\t\t<\/div>\n\t\t<div class=\"elementor-element elementor-element-38564b0 e-flex e-con-boxed e-con e-parent\" data-id=\"38564b0\" data-element_type=\"container\" data-e-type=\"container\" data-settings=\"{&quot;_ha_eqh_enable&quot;:false}\">\n\t\t\t\t\t<div class=\"e-con-inner\">\n\t\t\t\t<div class=\"elementor-element elementor-element-6c4c07f elementor-widget elementor-widget-heading\" data-id=\"6c4c07f\" data-element_type=\"widget\" data-e-type=\"widget\" data-widget_type=\"heading.default\">\n\t\t\t\t<div class=\"elementor-widget-container\">\n\t\t\t\t\t<h3 class=\"elementor-heading-title elementor-size-default\">Shopping pleasure<\/h3>\t\t\t\t<\/div>\n\t\t\t\t<\/div>\n\t\t\t\t\t<\/div>\n\t\t\t\t<\/div>\n\t\t<div class=\"elementor-element elementor-element-b4edb64 e-flex e-con-boxed e-con e-parent\" data-id=\"b4edb64\" data-element_type=\"container\" data-e-type=\"container\" data-settings=\"{&quot;_ha_eqh_enable&quot;:false}\">\n\t\t\t\t\t<div class=\"e-con-inner\">\n\t\t\t\t<div class=\"elementor-element elementor-element-46d5c1c elementor-widget elementor-widget-text-editor\" data-id=\"46d5c1c\" data-element_type=\"widget\" data-e-type=\"widget\" data-widget_type=\"text-editor.default\">\n\t\t\t\t<div class=\"elementor-widget-container\">\n\t\t\t\t\t\t\t\t\t<p>The route from the museum to the city center leads along the lively pedestrian zone of Antoniterstra\u00dfe - a real shopping mile. Many individual, owner-managed stores survive in Alzey: for clothing, shoes, toys and much more. The museum director likes to pop into the Machwirth bookshop: \u201eWe also organize readings together.\u201c Another stop is the local butchers: \u201eYou can bite into any sausage there with relish, not just the Fleischwurst, the region's signature sausage\u201e.\u00a0<\/p>\t\t\t\t\t\t\t\t<\/div>\n\t\t\t\t<\/div>\n\t\t\t\t\t<\/div>\n\t\t\t\t<\/div>\n\t\t<div class=\"elementor-element elementor-element-2457b05 e-flex e-con-boxed e-con e-parent\" data-id=\"2457b05\" data-element_type=\"container\" data-e-type=\"container\" data-settings=\"{&quot;_ha_eqh_enable&quot;:false}\">\n\t\t\t\t\t<div class=\"e-con-inner\">\n\t\t\t\t<div class=\"elementor-element elementor-element-3e541fa elementor-widget elementor-widget-heading\" data-id=\"3e541fa\" data-element_type=\"widget\" data-e-type=\"widget\" data-widget_type=\"heading.default\">\n\t\t\t\t<div class=\"elementor-widget-container\">\n\t\t\t\t\t<h2 class=\"elementor-heading-title elementor-size-default\">Historical discoveries<\/h2>\t\t\t\t<\/div>\n\t\t\t\t<\/div>\n\t\t\t\t\t<\/div>\n\t\t\t\t<\/div>\n\t\t<div class=\"elementor-element elementor-element-6a43264 e-flex e-con-boxed e-con e-parent\" data-id=\"6a43264\" data-element_type=\"container\" data-e-type=\"container\" data-settings=\"{&quot;_ha_eqh_enable&quot;:false}\">\n\t\t\t\t\t<div class=\"e-con-inner\">\n\t\t\t\t<div class=\"elementor-element elementor-element-85b6806 elementor-widget elementor-widget-text-editor\" data-id=\"85b6806\" data-element_type=\"widget\" data-e-type=\"widget\" data-widget_type=\"text-editor.default\">\n\t\t\t\t<div class=\"elementor-widget-container\">\n\t\t\t\t\t\t\t\t\t<p><a href=\"https:\/\/www.alzey.de\/leben-freizeit\/tourismus-kultur\/historisches\/alzey-stadtspaziergang-fuer-alle-2024.pdf?cid=zbg\" target=\"_blank\" rel=\"noopener\">A beautiful walking route<\/a> leads from Rossmarkt through the archways to the castle. In the inner courtyard, the historic walls and trees invite you to relax. The route continues through idyllic alleyways to sights such as the Renaissance town hall with its carillon and the fish market with the Undine Fountain. The remains of the city wall with its restored towers also exude flair. There are works of art and monuments everywhere, such as the bust of Alzey vine grower Georg Scheu. We have him to thank for varieties such as Scheurebe and W\u00fcrzer.<\/p>\t\t\t\t\t\t\t\t<\/div>\n\t\t\t\t<\/div>\n\t\t\t\t\t<\/div>\n\t\t\t\t<\/div>\n\t\t<div class=\"elementor-element elementor-element-cc85ac8 e-flex e-con-boxed e-con e-parent\" data-id=\"cc85ac8\" data-element_type=\"container\" data-e-type=\"container\" data-settings=\"{&quot;_ha_eqh_enable&quot;:false}\">\n\t\t\t\t\t<div class=\"e-con-inner\">\n\t\t\t\t<div class=\"elementor-element elementor-element-9668b11 elementor-widget elementor-widget-image-gallery\" data-id=\"9668b11\" data-element_type=\"widget\" data-e-type=\"widget\" data-widget_type=\"image-gallery.default\">\n\t\t\t\t<div class=\"elementor-widget-container\">\n\t\t\t\t\t\t\t<div class=\"elementor-image-gallery\">\n\t\t\t\n<a data-elementor-open-lightbox=\"yes\" data-elementor-lightbox-slideshow=\"9668b11\" data-elementor-lightbox-title=\"Nachtw\u00e4chterf\u00fchrung an der Stadtmauer in Alzey\" data-e-action-hash=\"#elementor-action%3Aaction%3Dlightbox%26settings%3DeyJpZCI6Nzg5NywidXJsIjoiaHR0cHM6XC9cL3JoZWluaGVzc2VuYmxvZy5kZVwvd3AtY29udGVudFwvdXBsb2Fkc1wvMjAyMlwvMDJcL05hY2h0d2FlY2h0ZXJmdWVocnVuZy1BbHpleS1SaGVpbmhlc3Nlbi0yMDIxLTA5MzItQWx6ZXkuanBnIiwic2xpZGVzaG93IjoiOTY2OGIxMSJ9\" href='https:\/\/rheinhessenblog.de\/wp-content\/uploads\/2022\/02\/Nachtwaechterfuehrung-Alzey-Rheinhessen-2021-0932-Alzey.jpg'><img loading=\"lazy\" decoding=\"async\" width=\"768\" height=\"1152\" src=\"https:\/\/rheinhessenblog.de\/wp-content\/uploads\/2022\/02\/Nachtwaechterfuehrung-Alzey-Rheinhessen-2021-0932-Alzey-768x1152.jpg\" class=\"attachment-medium_large size-medium_large\" alt=\"Night watchman tour of the town wall in Alzey\" srcset=\"https:\/\/rheinhessenblog.de\/wp-content\/uploads\/2022\/02\/Nachtwaechterfuehrung-Alzey-Rheinhessen-2021-0932-Alzey-768x1152.jpg 768w, https:\/\/rheinhessenblog.de\/wp-content\/uploads\/2022\/02\/Nachtwaechterfuehrung-Alzey-Rheinhessen-2021-0932-Alzey-200x300.jpg 200w, https:\/\/rheinhessenblog.de\/wp-content\/uploads\/2022\/02\/Nachtwaechterfuehrung-Alzey-Rheinhessen-2021-0932-Alzey-683x1024.jpg 683w, https:\/\/rheinhessenblog.de\/wp-content\/uploads\/2022\/02\/Nachtwaechterfuehrung-Alzey-Rheinhessen-2021-0932-Alzey-1024x1536.jpg 1024w, https:\/\/rheinhessenblog.de\/wp-content\/uploads\/2022\/02\/Nachtwaechterfuehrung-Alzey-Rheinhessen-2021-0932-Alzey-1366x2048.jpg 1366w, https:\/\/rheinhessenblog.de\/wp-content\/uploads\/2022\/02\/Nachtwaechterfuehrung-Alzey-Rheinhessen-2021-0932-Alzey.jpg 1707w\" sizes=\"(max-width: 768px) 100vw, 768px\" \/><\/a>\n<a data-elementor-open-lightbox=\"yes\" data-elementor-lightbox-slideshow=\"9668b11\" data-elementor-lightbox-title=\"Das Tor zum Schloss in alzeyschloss\" data-e-action-hash=\"#elementor-action%3Aaction%3Dlightbox%26settings%3DeyJpZCI6NDIyMCwidXJsIjoiaHR0cHM6XC9cL3JoZWluaGVzc2VuYmxvZy5kZVwvd3AtY29udGVudFwvdXBsb2Fkc1wvMjAxOVwvMTBcL2JpZXItYnJhdWVyLWZ1ZWhydW5nLWFsemV5LXNjaGxvc3Mtc2NhbGVkLmpwZyIsInNsaWRlc2hvdyI6Ijk2NjhiMTEifQ%3D%3D\" href='https:\/\/rheinhessenblog.de\/wp-content\/uploads\/2019\/10\/bier-brauer-fuehrung-alzey-schloss-scaled.jpg'><img loading=\"lazy\" decoding=\"async\" width=\"768\" height=\"1152\" src=\"https:\/\/rheinhessenblog.de\/wp-content\/uploads\/2019\/10\/bier-brauer-fuehrung-alzey-schloss-768x1152.jpg\" class=\"attachment-medium_large size-medium_large\" alt=\"\" srcset=\"https:\/\/rheinhessenblog.de\/wp-content\/uploads\/2019\/10\/bier-brauer-fuehrung-alzey-schloss-768x1152.jpg 768w, https:\/\/rheinhessenblog.de\/wp-content\/uploads\/2019\/10\/bier-brauer-fuehrung-alzey-schloss-200x300.jpg 200w, https:\/\/rheinhessenblog.de\/wp-content\/uploads\/2019\/10\/bier-brauer-fuehrung-alzey-schloss-683x1024.jpg 683w, https:\/\/rheinhessenblog.de\/wp-content\/uploads\/2019\/10\/bier-brauer-fuehrung-alzey-schloss-1024x1536.jpg 1024w, https:\/\/rheinhessenblog.de\/wp-content\/uploads\/2019\/10\/bier-brauer-fuehrung-alzey-schloss-1365x2048.jpg 1365w, https:\/\/rheinhessenblog.de\/wp-content\/uploads\/2019\/10\/bier-brauer-fuehrung-alzey-schloss-scaled.jpg 1707w\" sizes=\"(max-width: 768px) 100vw, 768px\" \/><\/a>\n<a data-elementor-open-lightbox=\"yes\" data-elementor-lightbox-slideshow=\"9668b11\" data-elementor-lightbox-title=\"Undinebrunnen in Alzey\" data-e-action-hash=\"#elementor-action%3Aaction%3Dlightbox%26settings%3DeyJpZCI6MTczODAsInVybCI6Imh0dHBzOlwvXC9yaGVpbmhlc3NlbmJsb2cuZGVcL3dwLWNvbnRlbnRcL3VwbG9hZHNcLzIwMjZcLzA0XC9SaGVpbmhlc3Nlbi0yMDIxLTQ5Ny1BbHpleS5qcGciLCJzbGlkZXNob3ciOiI5NjY4YjExIn0%3D\" href='https:\/\/rheinhessenblog.de\/wp-content\/uploads\/2026\/04\/Rheinhessen-2021-497-Alzey.jpg'><img loading=\"lazy\" decoding=\"async\" width=\"667\" height=\"1000\" src=\"https:\/\/rheinhessenblog.de\/wp-content\/uploads\/2026\/04\/Rheinhessen-2021-497-Alzey.jpg\" class=\"attachment-medium_large size-medium_large\" alt=\"\" srcset=\"https:\/\/rheinhessenblog.de\/wp-content\/uploads\/2026\/04\/Rheinhessen-2021-497-Alzey.jpg 667w, https:\/\/rheinhessenblog.de\/wp-content\/uploads\/2026\/04\/Rheinhessen-2021-497-Alzey-200x300.jpg 200w, https:\/\/rheinhessenblog.de\/wp-content\/uploads\/2026\/04\/Rheinhessen-2021-497-Alzey-8x12.jpg 8w\" sizes=\"(max-width: 667px) 100vw, 667px\" \/><\/a>\n\t\t<\/div>\n\t\t\t\t\t\t<\/div>\n\t\t\t\t<\/div>\n\t\t\t\t\t<\/div>\n\t\t\t\t<\/div>\n\t\t<div class=\"elementor-element elementor-element-3656740 e-flex e-con-boxed e-con e-parent\" data-id=\"3656740\" data-element_type=\"container\" data-e-type=\"container\" data-settings=\"{&quot;_ha_eqh_enable&quot;:false}\">\n\t\t\t\t\t<div class=\"e-con-inner\">\n\t\t\t\t<div class=\"elementor-element elementor-element-c61b58a elementor-widget elementor-widget-heading\" data-id=\"c61b58a\" data-element_type=\"widget\" data-e-type=\"widget\" data-widget_type=\"heading.default\">\n\t\t\t\t<div class=\"elementor-widget-container\">\n\t\t\t\t\t<h3 class=\"elementor-heading-title elementor-size-default\">Wine tasting and gifting<\/h3>\t\t\t\t<\/div>\n\t\t\t\t<\/div>\n\t\t\t\t\t<\/div>\n\t\t\t\t<\/div>\n\t\t<div class=\"elementor-element elementor-element-94585fc e-flex e-con-boxed e-con e-parent\" data-id=\"94585fc\" data-element_type=\"container\" data-e-type=\"container\" data-settings=\"{&quot;_ha_eqh_enable&quot;:false}\">\n\t\t\t\t\t<div class=\"e-con-inner\">\n\t\t\t\t<div class=\"elementor-element elementor-element-2683002 elementor-widget elementor-widget-text-editor\" data-id=\"2683002\" data-element_type=\"widget\" data-e-type=\"widget\" data-widget_type=\"text-editor.default\">\n\t\t\t\t<div class=\"elementor-widget-container\">\n\t\t\t\t\t\t\t\t\t<p>Speaking of vines: \u201eWith the region's excellent wines, you should simply try them, for example in the Rheinhessen-AUSGEZEICHNET <a href=\"https:\/\/www.rheinhessen.de\/ausgezeichnete-vinotheken\/a-vinothek-weingut-der-stadt-alzey\" target=\"_blank\" rel=\"noopener\">Wine shops in the winery of the city of Alzey<\/a> or in the <a href=\"https:\/\/www.rheinhessen.de\/ausgezeichnete-vinotheken\/a-vinothek-weinladen-im-weinhotel-kaisergarten\" target=\"_blank\" rel=\"noopener\">Wine Hotel Kaisergarten<\/a>, says Tim Kerig. Many of the fossilized museum pieces were found in the vineyards. He therefore prefers to give away good wines from such sites to colleagues.<\/p>\t\t\t\t\t\t\t\t<\/div>\n\t\t\t\t<\/div>\n\t\t\t\t\t<\/div>\n\t\t\t\t<\/div>\n\t\t<div class=\"elementor-element elementor-element-028b886 e-flex e-con-boxed e-con e-parent\" data-id=\"028b886\" data-element_type=\"container\" data-e-type=\"container\" data-settings=\"{&quot;_ha_eqh_enable&quot;:false}\">\n\t\t\t\t\t<div class=\"e-con-inner\">\n\t\t\t\t<div class=\"elementor-element elementor-element-5f3076f elementor-widget elementor-widget-image\" data-id=\"5f3076f\" data-element_type=\"widget\" data-e-type=\"widget\" data-widget_type=\"image.default\">\n\t\t\t\t<div class=\"elementor-widget-container\">\n\t\t\t\t\t\t\t\t\t\t\t\t<figure class=\"wp-caption\">\n\t\t\t\t\t\t\t\t\t\t\t<a href=\"https:\/\/rheinhessenblog.de\/wp-content\/uploads\/2026\/04\/Vinothek_Weingut_Stadt_Alzey_Becker_9-scaled.jpg\" data-elementor-open-lightbox=\"yes\" data-elementor-lightbox-title=\"Vinothek Weingut der Stadt Alzey und Weingut Becker\" data-e-action-hash=\"#elementor-action%3Aaction%3Dlightbox%26settings%3DeyJpZCI6MTczODMsInVybCI6Imh0dHBzOlwvXC9yaGVpbmhlc3NlbmJsb2cuZGVcL3dwLWNvbnRlbnRcL3VwbG9hZHNcLzIwMjZcLzA0XC9WaW5vdGhla19XZWluZ3V0X1N0YWR0X0FsemV5X0JlY2tlcl85LXNjYWxlZC5qcGcifQ%3D%3D\">\n\t\t\t\t\t\t\t<img loading=\"lazy\" decoding=\"async\" width=\"768\" height=\"577\" src=\"https:\/\/rheinhessenblog.de\/wp-content\/uploads\/2026\/04\/Vinothek_Weingut_Stadt_Alzey_Becker_9-768x577.jpg\" class=\"attachment-medium_large size-medium_large wp-image-17383\" alt=\"\" srcset=\"https:\/\/rheinhessenblog.de\/wp-content\/uploads\/2026\/04\/Vinothek_Weingut_Stadt_Alzey_Becker_9-768x577.jpg 768w, https:\/\/rheinhessenblog.de\/wp-content\/uploads\/2026\/04\/Vinothek_Weingut_Stadt_Alzey_Becker_9-300x226.jpg 300w, https:\/\/rheinhessenblog.de\/wp-content\/uploads\/2026\/04\/Vinothek_Weingut_Stadt_Alzey_Becker_9-1024x770.jpg 1024w, https:\/\/rheinhessenblog.de\/wp-content\/uploads\/2026\/04\/Vinothek_Weingut_Stadt_Alzey_Becker_9-1536x1155.jpg 1536w, https:\/\/rheinhessenblog.de\/wp-content\/uploads\/2026\/04\/Vinothek_Weingut_Stadt_Alzey_Becker_9-2048x1540.jpg 2048w, https:\/\/rheinhessenblog.de\/wp-content\/uploads\/2026\/04\/Vinothek_Weingut_Stadt_Alzey_Becker_9-16x12.jpg 16w\" sizes=\"(max-width: 768px) 100vw, 768px\" \/>\t\t\t\t\t\t\t\t<\/a>\n\t\t\t\t\t\t\t\t\t\t\t<figcaption class=\"widget-image-caption wp-caption-text\">Vinotheque winery of the city of Alzey<\/figcaption>\n\t\t\t\t\t\t\t\t\t\t<\/figure>\n\t\t\t\t\t\t\t\t\t<\/div>\n\t\t\t\t<\/div>\n\t\t\t\t\t<\/div>\n\t\t\t\t<\/div>\n\t\t<div class=\"elementor-element elementor-element-33209b3 e-flex e-con-boxed e-con e-parent\" data-id=\"33209b3\" data-element_type=\"container\" data-e-type=\"container\" data-settings=\"{&quot;_ha_eqh_enable&quot;:false}\">\n\t\t\t\t\t<div class=\"e-con-inner\">\n\t\t\t\t<div class=\"elementor-element elementor-element-3a371c1 elementor-widget elementor-widget-image\" data-id=\"3a371c1\" data-element_type=\"widget\" data-e-type=\"widget\" data-widget_type=\"image.default\">\n\t\t\t\t<div class=\"elementor-widget-container\">\n\t\t\t\t\t\t\t\t\t\t\t\t<figure class=\"wp-caption\">\n\t\t\t\t\t\t\t\t\t\t\t<a href=\"https:\/\/rheinhessenblog.de\/wp-content\/uploads\/2026\/04\/bb-hotel10-scaled.jpg\" data-elementor-open-lightbox=\"yes\" data-elementor-lightbox-title=\"Weinladne im Weinhotel Kaisergarten\" data-e-action-hash=\"#elementor-action%3Aaction%3Dlightbox%26settings%3DeyJpZCI6MTczODEsInVybCI6Imh0dHBzOlwvXC9yaGVpbmhlc3NlbmJsb2cuZGVcL3dwLWNvbnRlbnRcL3VwbG9hZHNcLzIwMjZcLzA0XC9iYi1ob3RlbDEwLXNjYWxlZC5qcGcifQ%3D%3D\">\n\t\t\t\t\t\t\t<img loading=\"lazy\" decoding=\"async\" width=\"768\" height=\"511\" src=\"https:\/\/rheinhessenblog.de\/wp-content\/uploads\/2026\/04\/bb-hotel10-768x511.jpg\" class=\"attachment-medium_large size-medium_large wp-image-17381\" alt=\"\" srcset=\"https:\/\/rheinhessenblog.de\/wp-content\/uploads\/2026\/04\/bb-hotel10-768x511.jpg 768w, https:\/\/rheinhessenblog.de\/wp-content\/uploads\/2026\/04\/bb-hotel10-300x200.jpg 300w, https:\/\/rheinhessenblog.de\/wp-content\/uploads\/2026\/04\/bb-hotel10-1024x681.jpg 1024w, https:\/\/rheinhessenblog.de\/wp-content\/uploads\/2026\/04\/bb-hotel10-1536x1022.jpg 1536w, https:\/\/rheinhessenblog.de\/wp-content\/uploads\/2026\/04\/bb-hotel10-2048x1363.jpg 2048w, https:\/\/rheinhessenblog.de\/wp-content\/uploads\/2026\/04\/bb-hotel10-18x12.jpg 18w\" sizes=\"(max-width: 768px) 100vw, 768px\" \/>\t\t\t\t\t\t\t\t<\/a>\n\t\t\t\t\t\t\t\t\t\t\t<figcaption class=\"widget-image-caption wp-caption-text\">Wine store in the Weinhotel Kaisergarten (c) Ullrich Knapp<\/figcaption>\n\t\t\t\t\t\t\t\t\t\t<\/figure>\n\t\t\t\t\t\t\t\t\t<\/div>\n\t\t\t\t<\/div>\n\t\t\t\t\t<\/div>\n\t\t\t\t<\/div>\n\t\t<div class=\"elementor-element elementor-element-6ca1316 e-flex e-con-boxed e-con e-parent\" data-id=\"6ca1316\" data-element_type=\"container\" data-e-type=\"container\" data-settings=\"{&quot;_ha_eqh_enable&quot;:false}\">\n\t\t\t\t\t<div class=\"e-con-inner\">\n\t\t\t\t<div class=\"elementor-element elementor-element-0ab2a6d elementor-widget elementor-widget-heading\" data-id=\"0ab2a6d\" data-element_type=\"widget\" data-e-type=\"widget\" data-widget_type=\"heading.default\">\n\t\t\t\t<div class=\"elementor-widget-container\">\n\t\t\t\t\t<h3 class=\"elementor-heading-title elementor-size-default\">Da Capo and Roman festival<\/h3>\t\t\t\t<\/div>\n\t\t\t\t<\/div>\n\t\t\t\t\t<\/div>\n\t\t\t\t<\/div>\n\t\t<div class=\"elementor-element elementor-element-d49bc78 e-flex e-con-boxed e-con e-parent\" data-id=\"d49bc78\" data-element_type=\"container\" data-e-type=\"container\" data-settings=\"{&quot;_ha_eqh_enable&quot;:false}\">\n\t\t\t\t\t<div class=\"e-con-inner\">\n\t\t\t\t<div class=\"elementor-element elementor-element-5afa618 elementor-widget elementor-widget-text-editor\" data-id=\"5afa618\" data-element_type=\"widget\" data-e-type=\"widget\" data-widget_type=\"text-editor.default\">\n\t\t\t\t<div class=\"elementor-widget-container\">\n\t\t\t\t\t\t\t\t\t<p>The colorful calendar of events includes the annual <a href=\"https:\/\/www.rheinhessen.de\/da-capo\/0\" target=\"_blank\" rel=\"noopener\">Da Capo Open Air Festival<\/a> with stars from the pop, jazz and rock scene was a highlight. Tim Kerig reports: \u201eThe atmosphere at Da Capo in the beautiful castle courtyard was great\u201c. He is looking forward to the <a href=\"https:\/\/www.rheinhessen.de\/e-roemerfest-2\" target=\"_blank\" rel=\"noopener\">Roman festival<\/a>, which takes place every two years and demonstrates aspects of everyday Roman life. Between the even-numbered years with a Roman festival, there is a Roman day around the museum. The last one was about Roman food and drink. Educational and tasty.<\/p>\t\t\t\t\t\t\t\t<\/div>\n\t\t\t\t<\/div>\n\t\t\t\t\t<\/div>\n\t\t\t\t<\/div>\n\t\t<div class=\"elementor-element elementor-element-c34f0de e-flex e-con-boxed e-con e-parent\" data-id=\"c34f0de\" data-element_type=\"container\" data-e-type=\"container\" data-settings=\"{&quot;_ha_eqh_enable&quot;:false}\">\n\t\t\t\t\t<div class=\"e-con-inner\">\n\t\t\t\t<div class=\"elementor-element elementor-element-0b80efd elementor-widget elementor-widget-image\" data-id=\"0b80efd\" data-element_type=\"widget\" data-e-type=\"widget\" data-widget_type=\"image.default\">\n\t\t\t\t<div class=\"elementor-widget-container\">\n\t\t\t\t\t\t\t\t\t\t\t\t<figure class=\"wp-caption\">\n\t\t\t\t\t\t\t\t\t\t\t<a href=\"https:\/\/rheinhessenblog.de\/wp-content\/uploads\/2021\/07\/alzey-da-capo-buehne-scaled-1.jpg\" data-elementor-open-lightbox=\"yes\" data-elementor-lightbox-title=\"Festval Da Capo in Alzey, Blick auf die Alzey B\u00fchne\" data-e-action-hash=\"#elementor-action%3Aaction%3Dlightbox%26settings%3DeyJpZCI6NjkwOCwidXJsIjoiaHR0cHM6XC9cL3JoZWluaGVzc2VuYmxvZy5kZVwvd3AtY29udGVudFwvdXBsb2Fkc1wvMjAyMVwvMDdcL2FsemV5LWRhLWNhcG8tYnVlaG5lLXNjYWxlZC0xLmpwZyJ9\">\n\t\t\t\t\t\t\t<img loading=\"lazy\" decoding=\"async\" width=\"800\" height=\"534\" src=\"https:\/\/rheinhessenblog.de\/wp-content\/uploads\/2021\/07\/alzey-da-capo-buehne-scaled-1-1024x683.jpg\" class=\"attachment-large size-large wp-image-6908\" alt=\"Festval Da Capo in Alzey, view of the Alzey stage\" srcset=\"https:\/\/rheinhessenblog.de\/wp-content\/uploads\/2021\/07\/alzey-da-capo-buehne-scaled-1-1024x683.jpg 1024w, https:\/\/rheinhessenblog.de\/wp-content\/uploads\/2021\/07\/alzey-da-capo-buehne-scaled-1-300x200.jpg 300w, https:\/\/rheinhessenblog.de\/wp-content\/uploads\/2021\/07\/alzey-da-capo-buehne-scaled-1-768x512.jpg 768w, https:\/\/rheinhessenblog.de\/wp-content\/uploads\/2021\/07\/alzey-da-capo-buehne-scaled-1-1536x1024.jpg 1536w, https:\/\/rheinhessenblog.de\/wp-content\/uploads\/2021\/07\/alzey-da-capo-buehne-scaled-1-2048x1366.jpg 2048w\" sizes=\"(max-width: 800px) 100vw, 800px\" \/>\t\t\t\t\t\t\t\t<\/a>\n\t\t\t\t\t\t\t\t\t\t\t<figcaption class=\"widget-image-caption wp-caption-text\">Festval Da Capo in Alzey in the castle courtyard<\/figcaption>\n\t\t\t\t\t\t\t\t\t\t<\/figure>\n\t\t\t\t\t\t\t\t\t<\/div>\n\t\t\t\t<\/div>\n\t\t\t\t\t<\/div>\n\t\t\t\t<\/div>\n\t\t<div class=\"elementor-element elementor-element-bc14bf0 e-flex e-con-boxed e-con e-parent\" data-id=\"bc14bf0\" data-element_type=\"container\" data-e-type=\"container\" data-settings=\"{&quot;_ha_eqh_enable&quot;:false}\">\n\t\t\t\t\t<div class=\"e-con-inner\">\n\t\t\t\t<div class=\"elementor-element elementor-element-fc8f35c elementor-widget elementor-widget-image\" data-id=\"fc8f35c\" data-element_type=\"widget\" data-e-type=\"widget\" data-widget_type=\"image.default\">\n\t\t\t\t<div class=\"elementor-widget-container\">\n\t\t\t\t\t\t\t\t\t\t\t\t<figure class=\"wp-caption\">\n\t\t\t\t\t\t\t\t\t\t\t<a href=\"https:\/\/rheinhessenblog.de\/wp-content\/uploads\/2026\/04\/Scheu-Time-in-Alzey-in-Rheinhessen.jpg\" data-elementor-open-lightbox=\"yes\" data-elementor-lightbox-title=\"Lebensart beim Weinfest &quot;Scheu Time&quot; in Alzey\" data-e-action-hash=\"#elementor-action%3Aaction%3Dlightbox%26settings%3DeyJpZCI6MTczNjEsInVybCI6Imh0dHBzOlwvXC9yaGVpbmhlc3NlbmJsb2cuZGVcL3dwLWNvbnRlbnRcL3VwbG9hZHNcLzIwMjZcLzA0XC9TY2hldS1UaW1lLWluLUFsemV5LWluLVJoZWluaGVzc2VuLmpwZyJ9\">\n\t\t\t\t\t\t\t<img loading=\"lazy\" decoding=\"async\" width=\"800\" height=\"534\" src=\"https:\/\/rheinhessenblog.de\/wp-content\/uploads\/2026\/04\/Scheu-Time-in-Alzey-in-Rheinhessen-1024x683.jpg\" class=\"attachment-large size-large wp-image-17361\" alt=\"Lifestyle at the &quot;Scheu Time&quot; wine festival in Alzey\" srcset=\"https:\/\/rheinhessenblog.de\/wp-content\/uploads\/2026\/04\/Scheu-Time-in-Alzey-in-Rheinhessen-1024x683.jpg 1024w, https:\/\/rheinhessenblog.de\/wp-content\/uploads\/2026\/04\/Scheu-Time-in-Alzey-in-Rheinhessen-300x200.jpg 300w, https:\/\/rheinhessenblog.de\/wp-content\/uploads\/2026\/04\/Scheu-Time-in-Alzey-in-Rheinhessen-768x512.jpg 768w, https:\/\/rheinhessenblog.de\/wp-content\/uploads\/2026\/04\/Scheu-Time-in-Alzey-in-Rheinhessen-1536x1024.jpg 1536w, https:\/\/rheinhessenblog.de\/wp-content\/uploads\/2026\/04\/Scheu-Time-in-Alzey-in-Rheinhessen-18x12.jpg 18w, https:\/\/rheinhessenblog.de\/wp-content\/uploads\/2026\/04\/Scheu-Time-in-Alzey-in-Rheinhessen.jpg 1920w\" sizes=\"(max-width: 800px) 100vw, 800px\" \/>\t\t\t\t\t\t\t\t<\/a>\n\t\t\t\t\t\t\t\t\t\t\t<figcaption class=\"widget-image-caption wp-caption-text\">Scheu Time\" wine festival in Alzey (c) Annegret Hirschmann<\/figcaption>\n\t\t\t\t\t\t\t\t\t\t<\/figure>\n\t\t\t\t\t\t\t\t\t<\/div>\n\t\t\t\t<\/div>\n\t\t\t\t\t<\/div>\n\t\t\t\t<\/div>\n\t\t<div class=\"elementor-element elementor-element-c3dee3d e-flex e-con-boxed e-con e-parent\" data-id=\"c3dee3d\" data-element_type=\"container\" data-e-type=\"container\" data-settings=\"{&quot;_ha_eqh_enable&quot;:false}\">\n\t\t\t\t\t<div class=\"e-con-inner\">\n\t\t\t\t<div class=\"elementor-element elementor-element-ad5b9d6 elementor-widget elementor-widget-heading\" data-id=\"ad5b9d6\" data-element_type=\"widget\" data-e-type=\"widget\" data-widget_type=\"heading.default\">\n\t\t\t\t<div class=\"elementor-widget-container\">\n\t\t\t\t\t<h3 class=\"elementor-heading-title elementor-size-default\">Active: Time travel<\/h3>\t\t\t\t<\/div>\n\t\t\t\t<\/div>\n\t\t\t\t\t<\/div>\n\t\t\t\t<\/div>\n\t\t<div class=\"elementor-element elementor-element-f936e72 e-flex e-con-boxed e-con e-parent\" data-id=\"f936e72\" data-element_type=\"container\" data-e-type=\"container\" data-settings=\"{&quot;_ha_eqh_enable&quot;:false}\">\n\t\t\t\t\t<div class=\"e-con-inner\">\n\t\t\t\t<div class=\"elementor-element elementor-element-893eabe elementor-widget elementor-widget-text-editor\" data-id=\"893eabe\" data-element_type=\"widget\" data-e-type=\"widget\" data-widget_type=\"text-editor.default\">\n\t\t\t\t<div class=\"elementor-widget-container\">\n\t\t\t\t\t\t\t\t\t<p>In his free time, Tim Kerig enjoys hiking in the vineyards and nearby Rheinhessen Switzerland. He is particularly fascinated by the Weinheim Bay - \u201ea journey back in time to the geological past\u201c. The entire region was flooded by a sea 30 million years ago, which is why fossils can still be found today. The <a href=\"https:\/\/rheinhessenblog.de\/en\/the-kustenweg-in-alzey-weinheim\/\" target=\"_blank\" rel=\"noopener\">Rheinhessen coastal path<\/a> offers the rare opportunity to experience globally significant natural monuments along the former coast.<\/p>\t\t\t\t\t\t\t\t<\/div>\n\t\t\t\t<\/div>\n\t\t\t\t\t<\/div>\n\t\t\t\t<\/div>\n\t\t<div class=\"elementor-element elementor-element-610b1b1 e-flex e-con-boxed e-con e-parent\" data-id=\"610b1b1\" data-element_type=\"container\" data-e-type=\"container\" data-settings=\"{&quot;_ha_eqh_enable&quot;:false}\">\n\t\t\t\t\t<div class=\"e-con-inner\">\n\t\t\t\t<div class=\"elementor-element elementor-element-dbe366d elementor-widget elementor-widget-image\" data-id=\"dbe366d\" data-element_type=\"widget\" data-e-type=\"widget\" data-widget_type=\"image.default\">\n\t\t\t\t<div class=\"elementor-widget-container\">\n\t\t\t\t\t\t\t\t\t\t\t\t<figure class=\"wp-caption\">\n\t\t\t\t\t\t\t\t\t\t\t<a href=\"https:\/\/rheinhessenblog.de\/wp-content\/uploads\/2026\/04\/kuestenweg-trift-muscheln-scaled.jpg\" data-elementor-open-lightbox=\"yes\" data-elementor-lightbox-title=\"kuestenweg-trift-muscheln\" data-e-action-hash=\"#elementor-action%3Aaction%3Dlightbox%26settings%3DeyJpZCI6MTc0MTgsInVybCI6Imh0dHBzOlwvXC9yaGVpbmhlc3NlbmJsb2cuZGVcL3dwLWNvbnRlbnRcL3VwbG9hZHNcLzIwMjZcLzA0XC9rdWVzdGVud2VnLXRyaWZ0LW11c2NoZWxuLXNjYWxlZC5qcGcifQ%3D%3D\">\n\t\t\t\t\t\t\t<img loading=\"lazy\" decoding=\"async\" width=\"800\" height=\"498\" src=\"https:\/\/rheinhessenblog.de\/wp-content\/uploads\/2026\/04\/kuestenweg-trift-muscheln-1024x638.jpg\" class=\"attachment-large size-large wp-image-17418\" alt=\"\" srcset=\"https:\/\/rheinhessenblog.de\/wp-content\/uploads\/2026\/04\/kuestenweg-trift-muscheln-1024x638.jpg 1024w, https:\/\/rheinhessenblog.de\/wp-content\/uploads\/2026\/04\/kuestenweg-trift-muscheln-300x187.jpg 300w, https:\/\/rheinhessenblog.de\/wp-content\/uploads\/2026\/04\/kuestenweg-trift-muscheln-768x478.jpg 768w, https:\/\/rheinhessenblog.de\/wp-content\/uploads\/2026\/04\/kuestenweg-trift-muscheln-1536x956.jpg 1536w, https:\/\/rheinhessenblog.de\/wp-content\/uploads\/2026\/04\/kuestenweg-trift-muscheln-2048x1275.jpg 2048w, https:\/\/rheinhessenblog.de\/wp-content\/uploads\/2026\/04\/kuestenweg-trift-muscheln-18x12.jpg 18w\" sizes=\"(max-width: 800px) 100vw, 800px\" \/>\t\t\t\t\t\t\t\t<\/a>\n\t\t\t\t\t\t\t\t\t\t\t<figcaption class=\"widget-image-caption wp-caption-text\">Coastal path meets shells<\/figcaption>\n\t\t\t\t\t\t\t\t\t\t<\/figure>\n\t\t\t\t\t\t\t\t\t<\/div>\n\t\t\t\t<\/div>\n\t\t\t\t\t<\/div>\n\t\t\t\t<\/div>\n\t\t<div class=\"elementor-element elementor-element-a278416 e-flex e-con-boxed e-con e-parent\" data-id=\"a278416\" data-element_type=\"container\" data-e-type=\"container\" data-settings=\"{&quot;_ha_eqh_enable&quot;:false}\">\n\t\t\t\t\t<div class=\"e-con-inner\">\n\t\t\t\t<div class=\"elementor-element elementor-element-3e06165 elementor-widget elementor-widget-heading\" data-id=\"3e06165\" data-element_type=\"widget\" data-e-type=\"widget\" data-widget_type=\"heading.default\">\n\t\t\t\t<div class=\"elementor-widget-container\">\n\t\t\t\t\t<h3 class=\"elementor-heading-title elementor-size-default\">The museum of the city of Alzey: 300 million years of history(s)<\/h3>\t\t\t\t<\/div>\n\t\t\t\t<\/div>\n\t\t\t\t<div class=\"elementor-element elementor-element-8f559ba elementor-widget elementor-widget-image\" data-id=\"8f559ba\" data-element_type=\"widget\" data-e-type=\"widget\" data-widget_type=\"image.default\">\n\t\t\t\t<div class=\"elementor-widget-container\">\n\t\t\t\t\t\t\t\t\t\t\t\t<figure class=\"wp-caption\">\n\t\t\t\t\t\t\t\t\t\t\t<a href=\"https:\/\/rheinhessenblog.de\/wp-content\/uploads\/2026\/04\/Museum-Alzey-und-Steinhalle_Aussenansicht11-scaled.jpg\" data-elementor-open-lightbox=\"yes\" data-elementor-lightbox-title=\"Der Eingang in das Museum der Stadt Alzey\" data-e-action-hash=\"#elementor-action%3Aaction%3Dlightbox%26settings%3DeyJpZCI6MTczNTYsInVybCI6Imh0dHBzOlwvXC9yaGVpbmhlc3NlbmJsb2cuZGVcL3dwLWNvbnRlbnRcL3VwbG9hZHNcLzIwMjZcLzA0XC9NdXNldW0tQWx6ZXktdW5kLVN0ZWluaGFsbGVfQXVzc2VuYW5zaWNodDExLXNjYWxlZC5qcGcifQ%3D%3D\">\n\t\t\t\t\t\t\t<img loading=\"lazy\" decoding=\"async\" width=\"768\" height=\"1134\" src=\"https:\/\/rheinhessenblog.de\/wp-content\/uploads\/2026\/04\/Museum-Alzey-und-Steinhalle_Aussenansicht11-768x1134.jpg\" class=\"attachment-medium_large size-medium_large wp-image-17356\" alt=\"The entrance to the museum of the city of Alzey\" srcset=\"https:\/\/rheinhessenblog.de\/wp-content\/uploads\/2026\/04\/Museum-Alzey-und-Steinhalle_Aussenansicht11-768x1134.jpg 768w, https:\/\/rheinhessenblog.de\/wp-content\/uploads\/2026\/04\/Museum-Alzey-und-Steinhalle_Aussenansicht11-203x300.jpg 203w, https:\/\/rheinhessenblog.de\/wp-content\/uploads\/2026\/04\/Museum-Alzey-und-Steinhalle_Aussenansicht11-694x1024.jpg 694w, https:\/\/rheinhessenblog.de\/wp-content\/uploads\/2026\/04\/Museum-Alzey-und-Steinhalle_Aussenansicht11-1040x1536.jpg 1040w, https:\/\/rheinhessenblog.de\/wp-content\/uploads\/2026\/04\/Museum-Alzey-und-Steinhalle_Aussenansicht11-1387x2048.jpg 1387w, https:\/\/rheinhessenblog.de\/wp-content\/uploads\/2026\/04\/Museum-Alzey-und-Steinhalle_Aussenansicht11-8x12.jpg 8w, https:\/\/rheinhessenblog.de\/wp-content\/uploads\/2026\/04\/Museum-Alzey-und-Steinhalle_Aussenansicht11-scaled.jpg 1734w\" sizes=\"(max-width: 768px) 100vw, 768px\" \/>\t\t\t\t\t\t\t\t<\/a>\n\t\t\t\t\t\t\t\t\t\t\t<figcaption class=\"widget-image-caption wp-caption-text\">The entrance to the museum of the city of Alzey<\/figcaption>\n\t\t\t\t\t\t\t\t\t\t<\/figure>\n\t\t\t\t\t\t\t\t\t<\/div>\n\t\t\t\t<\/div>\n\t\t\t\t\t<\/div>\n\t\t\t\t<\/div>\n\t\t<div class=\"elementor-element elementor-element-5aa1192 e-flex e-con-boxed e-con e-parent\" data-id=\"5aa1192\" data-element_type=\"container\" data-e-type=\"container\" data-settings=\"{&quot;_ha_eqh_enable&quot;:false}\">\n\t\t\t\t\t<div class=\"e-con-inner\">\n\t\t\t\t<div class=\"elementor-element elementor-element-8c8da3e elementor-widget elementor-widget-text-editor\" data-id=\"8c8da3e\" data-element_type=\"widget\" data-e-type=\"widget\" data-widget_type=\"text-editor.default\">\n\t\t\t\t<div class=\"elementor-widget-container\">\n\t\t\t\t\t\t\t\t\t<p>\u201eWe are a modern multi-disciplinary museum with pieces from 300 million years of history, many events, special exhibitions and guided tours. We show regional geology-palaeontology, prehistory and early history, a Roman section as well as folklore and regional studies,\u201c summarizes Prof. Dr. Tim Kerig. Some of the finds from Rheinhessen are of international significance. <br \/><strong>Erotic baking model:<\/strong> The folklore and regional studies section is broadly based. What was everyday Jewish life like? What was the significance of Volker von Alzey from the Song of the Nibelungs? Or baking models, i.e. baking tins, with discreet, erotic depictions from the 18th century. The utensils, crockery and clothing show how similar or different everyday life was in the past - and how it has always been in a state of constant change.<br \/><strong>Mediterranean luxury import: <\/strong>The fascinating Celtic pieces include richly decorated weapons and jewelry. The wine amphora from a Celtic grave from the 1st century BC shows how interwoven the world was even back then. It comes from the Mediterranean region - a \u201eluxury import\u201c.<\/p>\t\t\t\t\t\t\t\t<\/div>\n\t\t\t\t<\/div>\n\t\t\t\t\t<\/div>\n\t\t\t\t<\/div>\n\t\t<div class=\"elementor-element elementor-element-2ea9d6e e-flex e-con-boxed e-con e-parent\" data-id=\"2ea9d6e\" data-element_type=\"container\" data-e-type=\"container\" data-settings=\"{&quot;_ha_eqh_enable&quot;:false}\">\n\t\t\t\t\t<div class=\"e-con-inner\">\n\t\t\t\t<div class=\"elementor-element elementor-element-eae5f40 elementor-widget elementor-widget-image\" data-id=\"eae5f40\" data-element_type=\"widget\" data-e-type=\"widget\" data-widget_type=\"image.default\">\n\t\t\t\t<div class=\"elementor-widget-container\">\n\t\t\t\t\t\t\t\t\t\t\t\t<figure class=\"wp-caption\">\n\t\t\t\t\t\t\t\t\t\t\t<a href=\"https:\/\/rheinhessenblog.de\/wp-content\/uploads\/2026\/04\/Alzey7_Luxusimport-Amphore_Museum-der-Stadt-Alzey-1-scaled-e1775127607685.jpeg\" data-elementor-open-lightbox=\"yes\" data-elementor-lightbox-title=\"Die Amphore aus dem Mitttelmerraum - ein antiker Luxusimport\" data-e-action-hash=\"#elementor-action%3Aaction%3Dlightbox%26settings%3DeyJpZCI6MTczOTMsInVybCI6Imh0dHBzOlwvXC9yaGVpbmhlc3NlbmJsb2cuZGVcL3dwLWNvbnRlbnRcL3VwbG9hZHNcLzIwMjZcLzA0XC9BbHpleTdfTHV4dXNpbXBvcnQtQW1waG9yZV9NdXNldW0tZGVyLVN0YWR0LUFsemV5LTEtc2NhbGVkLWUxNzc1MTI3NjA3Njg1LmpwZWcifQ%3D%3D\">\n\t\t\t\t\t\t\t<img loading=\"lazy\" decoding=\"async\" width=\"768\" height=\"1024\" src=\"https:\/\/rheinhessenblog.de\/wp-content\/uploads\/2026\/04\/Alzey7_Luxusimport-Amphore_Museum-der-Stadt-Alzey-1-scaled-e1775127607685-768x1024.jpeg\" class=\"attachment-large size-large wp-image-17393\" alt=\"Amphora from a Celtic grave from the 1st century BC. It comes from the Mediterranean region - a \u201eluxury import\u201c.\" srcset=\"https:\/\/rheinhessenblog.de\/wp-content\/uploads\/2026\/04\/Alzey7_Luxusimport-Amphore_Museum-der-Stadt-Alzey-1-scaled-e1775127607685-768x1024.jpeg 768w, https:\/\/rheinhessenblog.de\/wp-content\/uploads\/2026\/04\/Alzey7_Luxusimport-Amphore_Museum-der-Stadt-Alzey-1-scaled-e1775127607685-225x300.jpeg 225w, https:\/\/rheinhessenblog.de\/wp-content\/uploads\/2026\/04\/Alzey7_Luxusimport-Amphore_Museum-der-Stadt-Alzey-1-scaled-e1775127607685-1152x1536.jpeg 1152w, https:\/\/rheinhessenblog.de\/wp-content\/uploads\/2026\/04\/Alzey7_Luxusimport-Amphore_Museum-der-Stadt-Alzey-1-scaled-e1775127607685-1536x2048.jpeg 1536w, https:\/\/rheinhessenblog.de\/wp-content\/uploads\/2026\/04\/Alzey7_Luxusimport-Amphore_Museum-der-Stadt-Alzey-1-scaled-e1775127607685-9x12.jpeg 9w, https:\/\/rheinhessenblog.de\/wp-content\/uploads\/2026\/04\/Alzey7_Luxusimport-Amphore_Museum-der-Stadt-Alzey-1-scaled-e1775127607685.jpeg 1920w\" sizes=\"(max-width: 768px) 100vw, 768px\" \/>\t\t\t\t\t\t\t\t<\/a>\n\t\t\t\t\t\t\t\t\t\t\t<figcaption class=\"widget-image-caption wp-caption-text\">The amphora from the Middle Ages (c) Museum of the town of Alzey<\/figcaption>\n\t\t\t\t\t\t\t\t\t\t<\/figure>\n\t\t\t\t\t\t\t\t\t<\/div>\n\t\t\t\t<\/div>\n\t\t\t\t\t<\/div>\n\t\t\t\t<\/div>\n\t\t<div class=\"elementor-element elementor-element-f705a24 e-flex e-con-boxed e-con e-parent\" data-id=\"f705a24\" data-element_type=\"container\" data-e-type=\"container\" data-settings=\"{&quot;_ha_eqh_enable&quot;:false}\">\n\t\t\t\t\t<div class=\"e-con-inner\">\n\t\t\t\t<div class=\"elementor-element elementor-element-295f957 elementor-widget elementor-widget-text-editor\" data-id=\"295f957\" data-element_type=\"widget\" data-e-type=\"widget\" data-widget_type=\"text-editor.default\">\n\t\t\t\t<div class=\"elementor-widget-container\">\n\t\t\t\t\t\t\t\t\t<p><strong>Cuddly manatees: <\/strong>These popular animals once lived in Rheinhessen. The museum documents them together: the finds, the reconstruction of the skeleton and, above it, a \u201ereal\u201c manatee made by children from Alzey. \u201eWe bring the past to life,\u201c emphasizes Tim Kerig<\/p>\t\t\t\t\t\t\t\t<\/div>\n\t\t\t\t<\/div>\n\t\t\t\t\t<\/div>\n\t\t\t\t<\/div>\n\t\t<div class=\"elementor-element elementor-element-504990b e-flex e-con-boxed e-con e-parent\" data-id=\"504990b\" data-element_type=\"container\" data-e-type=\"container\" data-settings=\"{&quot;_ha_eqh_enable&quot;:false}\">\n\t\t\t\t\t<div class=\"e-con-inner\">\n\t\t\t\t<div class=\"elementor-element elementor-element-eca5314 elementor-widget elementor-widget-image\" data-id=\"eca5314\" data-element_type=\"widget\" data-e-type=\"widget\" data-widget_type=\"image.default\">\n\t\t\t\t<div class=\"elementor-widget-container\">\n\t\t\t\t\t\t\t\t\t\t\t\t<figure class=\"wp-caption\">\n\t\t\t\t\t\t\t\t\t\t\t<a href=\"https:\/\/rheinhessenblog.de\/wp-content\/uploads\/2026\/04\/Rheinhessen-2021-0854-Alzey-scaled.jpg\" data-elementor-open-lightbox=\"yes\" data-elementor-lightbox-title=\"Rheinhessen-2021-0854-Alzey\" data-e-action-hash=\"#elementor-action%3Aaction%3Dlightbox%26settings%3DeyJpZCI6MTczNTgsInVybCI6Imh0dHBzOlwvXC9yaGVpbmhlc3NlbmJsb2cuZGVcL3dwLWNvbnRlbnRcL3VwbG9hZHNcLzIwMjZcLzA0XC9SaGVpbmhlc3Nlbi0yMDIxLTA4NTQtQWx6ZXktc2NhbGVkLmpwZyJ9\">\n\t\t\t\t\t\t\t<img loading=\"lazy\" decoding=\"async\" width=\"800\" height=\"534\" src=\"https:\/\/rheinhessenblog.de\/wp-content\/uploads\/2026\/04\/Rheinhessen-2021-0854-Alzey-1024x683.jpg\" class=\"attachment-large size-large wp-image-17358\" alt=\"The department&#039;s symbolic figure: the fossil manatee Elsa.\" srcset=\"https:\/\/rheinhessenblog.de\/wp-content\/uploads\/2026\/04\/Rheinhessen-2021-0854-Alzey-1024x683.jpg 1024w, https:\/\/rheinhessenblog.de\/wp-content\/uploads\/2026\/04\/Rheinhessen-2021-0854-Alzey-300x200.jpg 300w, https:\/\/rheinhessenblog.de\/wp-content\/uploads\/2026\/04\/Rheinhessen-2021-0854-Alzey-768x512.jpg 768w, https:\/\/rheinhessenblog.de\/wp-content\/uploads\/2026\/04\/Rheinhessen-2021-0854-Alzey-1536x1024.jpg 1536w, https:\/\/rheinhessenblog.de\/wp-content\/uploads\/2026\/04\/Rheinhessen-2021-0854-Alzey-2048x1365.jpg 2048w, https:\/\/rheinhessenblog.de\/wp-content\/uploads\/2026\/04\/Rheinhessen-2021-0854-Alzey-18x12.jpg 18w\" sizes=\"(max-width: 800px) 100vw, 800px\" \/>\t\t\t\t\t\t\t\t<\/a>\n\t\t\t\t\t\t\t\t\t\t\t<figcaption class=\"widget-image-caption wp-caption-text\">The symbolic figure of the department: the fossil manatee Elsa. (c) Dominik Ketz<\/figcaption>\n\t\t\t\t\t\t\t\t\t\t<\/figure>\n\t\t\t\t\t\t\t\t\t<\/div>\n\t\t\t\t<\/div>\n\t\t\t\t\t<\/div>\n\t\t\t\t<\/div>\n\t\t<div class=\"elementor-element elementor-element-3797fe0 e-flex e-con-boxed e-con e-parent\" data-id=\"3797fe0\" data-element_type=\"container\" data-e-type=\"container\" data-settings=\"{&quot;_ha_eqh_enable&quot;:false}\">\n\t\t\t\t\t<div class=\"e-con-inner\">\n\t\t\t\t<div class=\"elementor-element elementor-element-7b719bf elementor-widget elementor-widget-image\" data-id=\"7b719bf\" data-element_type=\"widget\" data-e-type=\"widget\" data-widget_type=\"image.default\">\n\t\t\t\t<div class=\"elementor-widget-container\">\n\t\t\t\t\t\t\t\t\t\t\t\t<figure class=\"wp-caption\">\n\t\t\t\t\t\t\t\t\t\t\t<a href=\"https:\/\/rheinhessenblog.de\/wp-content\/uploads\/2026\/04\/Alzey1_Seekuehe_Museum-der-Stadt-Alzey-1-scaled.jpeg\" data-elementor-open-lightbox=\"yes\" data-elementor-lightbox-title=\"Seek\u00fche im Museum der Stadt Alzey\" data-e-action-hash=\"#elementor-action%3Aaction%3Dlightbox%26settings%3DeyJpZCI6MTczOTQsInVybCI6Imh0dHBzOlwvXC9yaGVpbmhlc3NlbmJsb2cuZGVcL3dwLWNvbnRlbnRcL3VwbG9hZHNcLzIwMjZcLzA0XC9BbHpleTFfU2Vla3VlaGVfTXVzZXVtLWRlci1TdGFkdC1BbHpleS0xLXNjYWxlZC5qcGVnIn0%3D\">\n\t\t\t\t\t\t\t<img loading=\"lazy\" decoding=\"async\" width=\"800\" height=\"600\" src=\"https:\/\/rheinhessenblog.de\/wp-content\/uploads\/2026\/04\/Alzey1_Seekuehe_Museum-der-Stadt-Alzey-1-1024x768.jpeg\" class=\"attachment-large size-large wp-image-17394\" alt=\"A popular animal from the primeval sea in Rheinhessen: The manatee. The museum shows the finds and the reconstruction of the skeleton.\" srcset=\"https:\/\/rheinhessenblog.de\/wp-content\/uploads\/2026\/04\/Alzey1_Seekuehe_Museum-der-Stadt-Alzey-1-1024x768.jpeg 1024w, https:\/\/rheinhessenblog.de\/wp-content\/uploads\/2026\/04\/Alzey1_Seekuehe_Museum-der-Stadt-Alzey-1-300x225.jpeg 300w, https:\/\/rheinhessenblog.de\/wp-content\/uploads\/2026\/04\/Alzey1_Seekuehe_Museum-der-Stadt-Alzey-1-768x576.jpeg 768w, https:\/\/rheinhessenblog.de\/wp-content\/uploads\/2026\/04\/Alzey1_Seekuehe_Museum-der-Stadt-Alzey-1-1536x1152.jpeg 1536w, https:\/\/rheinhessenblog.de\/wp-content\/uploads\/2026\/04\/Alzey1_Seekuehe_Museum-der-Stadt-Alzey-1-2048x1536.jpeg 2048w, https:\/\/rheinhessenblog.de\/wp-content\/uploads\/2026\/04\/Alzey1_Seekuehe_Museum-der-Stadt-Alzey-1-16x12.jpeg 16w\" sizes=\"(max-width: 800px) 100vw, 800px\" \/>\t\t\t\t\t\t\t\t<\/a>\n\t\t\t\t\t\t\t\t\t\t\t<figcaption class=\"widget-image-caption wp-caption-text\">A popular animal from the primeval sea in Rheinhessen: The manatee. (c) Museum of the city of Alzey<\/figcaption>\n\t\t\t\t\t\t\t\t\t\t<\/figure>\n\t\t\t\t\t\t\t\t\t<\/div>\n\t\t\t\t<\/div>\n\t\t\t\t\t<\/div>\n\t\t\t\t<\/div>\n\t\t<div class=\"elementor-element elementor-element-84b6215 e-flex e-con-boxed e-con e-parent\" data-id=\"84b6215\" data-element_type=\"container\" data-e-type=\"container\" data-settings=\"{&quot;_ha_eqh_enable&quot;:false}\">\n\t\t\t\t\t<div class=\"e-con-inner\">\n\t\t\t\t<div class=\"elementor-element elementor-element-b56c94e elementor-widget elementor-widget-text-editor\" data-id=\"b56c94e\" data-element_type=\"widget\" data-e-type=\"widget\" data-widget_type=\"text-editor.default\">\n\t\t\t\t<div class=\"elementor-widget-container\">\n\t\t\t\t\t\t\t\t\t<p><strong>Eye-catcher stone hall:<\/strong> Its sculptural architecture makes it an eye-catcher from the outside. Inside, it is home to an impressive collection from Roman times, such as Jupiter columns and four gods' stones with Venus, Minerva and Apollo.<\/p>\t\t\t\t\t\t\t\t<\/div>\n\t\t\t\t<\/div>\n\t\t\t\t\t<\/div>\n\t\t\t\t<\/div>\n\t\t<div class=\"elementor-element elementor-element-fce1834 e-flex e-con-boxed e-con e-parent\" data-id=\"fce1834\" data-element_type=\"container\" data-e-type=\"container\" data-settings=\"{&quot;_ha_eqh_enable&quot;:false}\">\n\t\t\t\t\t<div class=\"e-con-inner\">\n\t\t\t\t<div class=\"elementor-element elementor-element-ce24d0b elementor-widget elementor-widget-image\" data-id=\"ce24d0b\" data-element_type=\"widget\" data-e-type=\"widget\" data-widget_type=\"image.default\">\n\t\t\t\t<div class=\"elementor-widget-container\">\n\t\t\t\t\t\t\t\t\t\t\t\t\t\t\t<img loading=\"lazy\" decoding=\"async\" width=\"800\" height=\"616\" src=\"https:\/\/rheinhessenblog.de\/wp-content\/uploads\/2026\/04\/Museum-Alzey-mit-neue-moderner-Steinhalle-1024x789.jpg\" class=\"attachment-large size-large wp-image-17355\" alt=\"The new modern stone hall at the Museum of the City of Alzey\" srcset=\"https:\/\/rheinhessenblog.de\/wp-content\/uploads\/2026\/04\/Museum-Alzey-mit-neue-moderner-Steinhalle-1024x789.jpg 1024w, https:\/\/rheinhessenblog.de\/wp-content\/uploads\/2026\/04\/Museum-Alzey-mit-neue-moderner-Steinhalle-300x231.jpg 300w, https:\/\/rheinhessenblog.de\/wp-content\/uploads\/2026\/04\/Museum-Alzey-mit-neue-moderner-Steinhalle-768x592.jpg 768w, https:\/\/rheinhessenblog.de\/wp-content\/uploads\/2026\/04\/Museum-Alzey-mit-neue-moderner-Steinhalle-1536x1184.jpg 1536w, https:\/\/rheinhessenblog.de\/wp-content\/uploads\/2026\/04\/Museum-Alzey-mit-neue-moderner-Steinhalle-2048x1578.jpg 2048w, https:\/\/rheinhessenblog.de\/wp-content\/uploads\/2026\/04\/Museum-Alzey-mit-neue-moderner-Steinhalle-16x12.jpg 16w\" sizes=\"(max-width: 800px) 100vw, 800px\" \/>\t\t\t\t\t\t\t\t\t\t\t\t\t\t\t<\/div>\n\t\t\t\t<\/div>\n\t\t\t\t\t<\/div>\n\t\t\t\t<\/div>\n\t\t<div class=\"elementor-element elementor-element-cdfd98c e-flex e-con-boxed e-con e-parent\" data-id=\"cdfd98c\" data-element_type=\"container\" data-e-type=\"container\" data-settings=\"{&quot;_ha_eqh_enable&quot;:false}\">\n\t\t\t\t\t<div class=\"e-con-inner\">\n\t\t\t\t<div class=\"elementor-element elementor-element-733c8b8 gallery-spacing-custom elementor-widget elementor-widget-image-gallery\" data-id=\"733c8b8\" data-element_type=\"widget\" data-e-type=\"widget\" data-widget_type=\"image-gallery.default\">\n\t\t\t\t<div class=\"elementor-widget-container\">\n\t\t\t\t\t\t\t<div class=\"elementor-image-gallery\">\n\t\t\t\n<a data-elementor-open-lightbox=\"yes\" data-elementor-lightbox-slideshow=\"733c8b8\" data-elementor-lightbox-title=\"Ein Blick in die Sammlung r\u00f6mischer Funde in der Steinhalle des Museums der Stadt lzey\" data-e-action-hash=\"#elementor-action%3Aaction%3Dlightbox%26settings%3DeyJpZCI6MTczNjAsInVybCI6Imh0dHBzOlwvXC9yaGVpbmhlc3NlbmJsb2cuZGVcL3dwLWNvbnRlbnRcL3VwbG9hZHNcLzIwMjZcLzA0XC9Sb2VtaXNjaGUtRnVuZGUtaW4tZGVyLW5ldWVuLVN0ZWluaGFsbGUtZGVzLU11c2V1bXMtQWx6ZXktc2NhbGVkLmpwZyIsInNsaWRlc2hvdyI6IjczM2M4YjgifQ%3D%3D\" href='https:\/\/rheinhessenblog.de\/wp-content\/uploads\/2026\/04\/Roemische-Funde-in-der-neuen-Steinhalle-des-Museums-Alzey-scaled.jpg'><img loading=\"lazy\" decoding=\"async\" width=\"768\" height=\"512\" src=\"https:\/\/rheinhessenblog.de\/wp-content\/uploads\/2026\/04\/Roemische-Funde-in-der-neuen-Steinhalle-des-Museums-Alzey-768x512.jpg\" class=\"attachment-medium_large size-medium_large\" alt=\"A look at the collection of Roman finds in the stone hall of the Museum of the City of lzey\" srcset=\"https:\/\/rheinhessenblog.de\/wp-content\/uploads\/2026\/04\/Roemische-Funde-in-der-neuen-Steinhalle-des-Museums-Alzey-768x512.jpg 768w, https:\/\/rheinhessenblog.de\/wp-content\/uploads\/2026\/04\/Roemische-Funde-in-der-neuen-Steinhalle-des-Museums-Alzey-300x200.jpg 300w, https:\/\/rheinhessenblog.de\/wp-content\/uploads\/2026\/04\/Roemische-Funde-in-der-neuen-Steinhalle-des-Museums-Alzey-1024x683.jpg 1024w, https:\/\/rheinhessenblog.de\/wp-content\/uploads\/2026\/04\/Roemische-Funde-in-der-neuen-Steinhalle-des-Museums-Alzey-1536x1024.jpg 1536w, https:\/\/rheinhessenblog.de\/wp-content\/uploads\/2026\/04\/Roemische-Funde-in-der-neuen-Steinhalle-des-Museums-Alzey-2048x1365.jpg 2048w, https:\/\/rheinhessenblog.de\/wp-content\/uploads\/2026\/04\/Roemische-Funde-in-der-neuen-Steinhalle-des-Museums-Alzey-18x12.jpg 18w\" sizes=\"(max-width: 768px) 100vw, 768px\" \/><\/a>\n<a data-elementor-open-lightbox=\"yes\" data-elementor-lightbox-slideshow=\"733c8b8\" data-elementor-lightbox-title=\"R\u00f6mische Funde in der neuen Steinhalle des Museums der Stadt Alzey\" data-e-action-hash=\"#elementor-action%3Aaction%3Dlightbox%26settings%3DeyJpZCI6MTczNTksInVybCI6Imh0dHBzOlwvXC9yaGVpbmhlc3NlbmJsb2cuZGVcL3dwLWNvbnRlbnRcL3VwbG9hZHNcLzIwMjZcLzA0XC9Sb2VtaXNjaGUtRnVuZGUtaW4tZGVyLW5ldWVuLVN0ZWluaGFsbGUtZGVzLU11c2V1bXMtQWx6ZXkxLXNjYWxlZC5qcGciLCJzbGlkZXNob3ciOiI3MzNjOGI4In0%3D\" href='https:\/\/rheinhessenblog.de\/wp-content\/uploads\/2026\/04\/Roemische-Funde-in-der-neuen-Steinhalle-des-Museums-Alzey1-scaled.jpg'><img loading=\"lazy\" decoding=\"async\" width=\"768\" height=\"501\" src=\"https:\/\/rheinhessenblog.de\/wp-content\/uploads\/2026\/04\/Roemische-Funde-in-der-neuen-Steinhalle-des-Museums-Alzey1-768x501.jpg\" class=\"attachment-medium_large size-medium_large\" alt=\"Roman finds in the new stone hall of the Museum of the City of Alzey\" srcset=\"https:\/\/rheinhessenblog.de\/wp-content\/uploads\/2026\/04\/Roemische-Funde-in-der-neuen-Steinhalle-des-Museums-Alzey1-768x501.jpg 768w, https:\/\/rheinhessenblog.de\/wp-content\/uploads\/2026\/04\/Roemische-Funde-in-der-neuen-Steinhalle-des-Museums-Alzey1-300x196.jpg 300w, https:\/\/rheinhessenblog.de\/wp-content\/uploads\/2026\/04\/Roemische-Funde-in-der-neuen-Steinhalle-des-Museums-Alzey1-1024x668.jpg 1024w, https:\/\/rheinhessenblog.de\/wp-content\/uploads\/2026\/04\/Roemische-Funde-in-der-neuen-Steinhalle-des-Museums-Alzey1-1536x1002.jpg 1536w, https:\/\/rheinhessenblog.de\/wp-content\/uploads\/2026\/04\/Roemische-Funde-in-der-neuen-Steinhalle-des-Museums-Alzey1-2048x1336.jpg 2048w, https:\/\/rheinhessenblog.de\/wp-content\/uploads\/2026\/04\/Roemische-Funde-in-der-neuen-Steinhalle-des-Museums-Alzey1-18x12.jpg 18w\" sizes=\"(max-width: 768px) 100vw, 768px\" \/><\/a>\n\t\t<\/div>\n\t\t\t\t\t\t<\/div>\n\t\t\t\t<\/div>\n\t\t\t\t\t<\/div>\n\t\t\t\t<\/div>\n\t\t<div class=\"elementor-element elementor-element-e91bc89 e-grid e-con-boxed e-con e-parent\" data-id=\"e91bc89\" data-element_type=\"container\" data-e-type=\"container\" data-settings=\"{&quot;_ha_eqh_enable&quot;:false}\">\n\t\t\t\t\t<div class=\"e-con-inner\">\n\t\t\t\t<div class=\"elementor-element elementor-element-4bd2ac9 elementor-widget elementor-widget-text-editor\" data-id=\"4bd2ac9\" data-element_type=\"widget\" data-e-type=\"widget\" data-widget_type=\"text-editor.default\">\n\t\t\t\t<div class=\"elementor-widget-container\">\n\t\t\t\t\t\t\t\t\t<p class=\"name\"><strong>Information:<\/strong><\/p><p>Tourist Information Alzeyer Land<br \/>Antoniterstrasse 41<br \/>55232 Alzey<br \/>Tel: 06731 495 700<br \/>Email: <a class=\"wpst\" href=\"mailto:touristinfo@alzey.de\" data-wa-event=\"click\" data-wa-label=\"touristinfo@alzey.de\" data-wa-category=\"mail\">touristinfo@alzey.de<\/a><br \/><a href=\"https:\/\/www.alzeyer-land.de\" target=\"_blank\" rel=\"noopener\">https:\/\/www.alzeyer-land.de<\/a>\u00a0<\/p>\t\t\t\t\t\t\t\t<\/div>\n\t\t\t\t<\/div>\n\t\t\t\t<div class=\"elementor-element elementor-element-bfe024a elementor-widget elementor-widget-text-editor\" data-id=\"bfe024a\" data-element_type=\"widget\" data-e-type=\"widget\" data-widget_type=\"text-editor.default\">\n\t\t\t\t<div class=\"elementor-widget-container\">\n\t\t\t\t\t\t\t\t\t<p>\u00a0<\/p><p>Museum of the city of Alzey<br \/>Antoniterstrasse 41<br \/><span class=\"zip\">55232<\/span> <span class=\"locality\">Alzey<br \/><\/span>Tel: 06731 495721<br \/><a class=\"mail\" href=\"mailto:museum@alzey.de\">E-mail: museum@alzey.de<\/a><br \/><a class=\"website\" href=\"http:\/\/www.museum-alzey.de\" target=\"_blank\" rel=\"noopener\">http:\/\/www.museum-alzey.de<\/a><\/p>\t\t\t\t\t\t\t\t<\/div>\n\t\t\t\t<\/div>\n\t\t\t\t\t<\/div>\n\t\t\t\t<\/div>\n\t\t\t\t<\/div>","protected":false},"excerpt":{"rendered":"<p>Alzey in person: museum director Tim Kerig shows his favorite places between history, old town flair, culture and Rhine-Hessian joie de vivre.<\/p>","protected":false},"author":32,"featured_media":17349,"comment_status":"open","ping_status":"closed","sticky":false,"template":"","format":"standard","meta":{"_acf_changed":false,"footnotes":""},"categories":[320],"tags":[393,394],"class_list":["post-17363","post","type-post","status-publish","format-standard","has-post-thumbnail","hentry","category-kultur-entdecken","tag-alzey","tag-museum-alzey"],"acf":{"":null},"yoast_head":"<!-- This site is optimized with the Yoast SEO plugin v27.4 - https:\/\/yoast.com\/product\/yoast-seo-wordpress\/ -->\n<title>Mit dem Museumsdirektor auf Entdeckungstour - Alzey ganz pers\u00f6nlich Alzey ganz persoenlich: mit Museumsdirektor Tour<\/title>\n<meta name=\"description\" content=\"Alzey ganz pers\u00f6nlich: Museumsdirektor Tim Kerig zeigt seine Lieblingspl\u00e4tze zwischen Geschichte, Altstadtflair, Kultur und rheinhessischer Lebensfreude. Alzey ganz pers\u00f6nlich: Museumsdirektor Tim Kerig zeigt seine Lieblingspl\u00e4tze zwischen Geschichte, Altstadtflair, Kultur und rheinhessischer Lebensfreude.\" \/>\n<meta name=\"robots\" content=\"index, follow, max-snippet:-1, max-image-preview:large, max-video-preview:-1\" \/>\n<link rel=\"canonical\" href=\"https:\/\/rheinhessenblog.de\/en\/alzey-tips-museum-director\/\" \/>\n<meta property=\"og:locale\" content=\"en_US\" \/>\n<meta property=\"og:type\" content=\"article\" \/>\n<meta property=\"og:title\" content=\"Mit dem Museumsdirektor auf Entdeckungstour - Alzey ganz pers\u00f6nlich Alzey ganz persoenlich: mit Museumsdirektor Tour\" \/>\n<meta property=\"og:description\" content=\"Alzey ganz pers\u00f6nlich: Museumsdirektor Tim Kerig zeigt seine Lieblingspl\u00e4tze zwischen Geschichte, Altstadtflair, Kultur und rheinhessischer Lebensfreude. Alzey ganz pers\u00f6nlich: Museumsdirektor Tim Kerig zeigt seine Lieblingspl\u00e4tze zwischen Geschichte, Altstadtflair, Kultur und rheinhessischer Lebensfreude.\" \/>\n<meta property=\"og:url\" content=\"https:\/\/rheinhessenblog.de\/en\/alzey-tips-museum-director\/\" \/>\n<meta property=\"og:site_name\" content=\"Rheinhessen-Blog\" \/>\n<meta property=\"article:published_time\" content=\"2026-04-02T13:52:32+00:00\" \/>\n<meta property=\"article:modified_time\" content=\"2026-04-07T10:56:15+00:00\" \/>\n<meta property=\"og:image\" content=\"https:\/\/rheinhessenblog.de\/wp-content\/uploads\/2026\/04\/Prof-Dr-Tim-Kerig_3-scaled.jpeg\" \/>\n\t<meta property=\"og:image:width\" content=\"1920\" \/>\n\t<meta property=\"og:image:height\" content=\"2560\" \/>\n\t<meta property=\"og:image:type\" content=\"image\/jpeg\" \/>\n<meta name=\"author\" content=\"Marina Noble\" \/>\n<meta name=\"twitter:card\" content=\"summary_large_image\" \/>\n<meta name=\"twitter:label1\" content=\"Written by\" \/>\n\t<meta name=\"twitter:data1\" content=\"Marina Noble\" \/>\n\t<meta name=\"twitter:label2\" content=\"Est. reading time\" \/>\n\t<meta name=\"twitter:data2\" content=\"10 minutes\" \/>\n<script type=\"application\/ld+json\" class=\"yoast-schema-graph\">{\"@context\":\"https:\\\/\\\/schema.org\",\"@graph\":[{\"@type\":\"Article\",\"@id\":\"https:\\\/\\\/rheinhessenblog.de\\\/alzey-tipps-museumsdirektor\\\/#article\",\"isPartOf\":{\"@id\":\"https:\\\/\\\/rheinhessenblog.de\\\/alzey-tipps-museumsdirektor\\\/\"},\"author\":{\"name\":\"Marina Noble\",\"@id\":\"https:\\\/\\\/rheinhessenblog.de\\\/#\\\/schema\\\/person\\\/7b950b7efc99cffd36440d1ce67ccd9c\"},\"headline\":\"Mit dem Museumsdirektor auf Entdeckungstour &#8211; Alzey ganz pers\u00f6nlich\",\"datePublished\":\"2026-04-02T13:52:32+00:00\",\"dateModified\":\"2026-04-07T10:56:15+00:00\",\"mainEntityOfPage\":{\"@id\":\"https:\\\/\\\/rheinhessenblog.de\\\/alzey-tipps-museumsdirektor\\\/\"},\"wordCount\":1073,\"commentCount\":0,\"publisher\":{\"@id\":\"https:\\\/\\\/rheinhessenblog.de\\\/#organization\"},\"image\":{\"@id\":\"https:\\\/\\\/rheinhessenblog.de\\\/alzey-tipps-museumsdirektor\\\/#primaryimage\"},\"thumbnailUrl\":\"https:\\\/\\\/rheinhessenblog.de\\\/wp-content\\\/uploads\\\/2026\\\/04\\\/Prof-Dr-Tim-Kerig_3-scaled.jpeg\",\"keywords\":[\"Alzey\",\"Museum Alzey\"],\"articleSection\":[\"Kultur entdecken\"],\"inLanguage\":\"en-US\",\"potentialAction\":[{\"@type\":\"CommentAction\",\"name\":\"Comment\",\"target\":[\"https:\\\/\\\/rheinhessenblog.de\\\/alzey-tipps-museumsdirektor\\\/#respond\"]}]},{\"@type\":\"WebPage\",\"@id\":\"https:\\\/\\\/rheinhessenblog.de\\\/alzey-tipps-museumsdirektor\\\/\",\"url\":\"https:\\\/\\\/rheinhessenblog.de\\\/alzey-tipps-museumsdirektor\\\/\",\"name\":\"Mit dem Museumsdirektor auf Entdeckungstour - Alzey ganz pers\u00f6nlich Alzey ganz persoenlich: mit Museumsdirektor Tour\",\"isPartOf\":{\"@id\":\"https:\\\/\\\/rheinhessenblog.de\\\/#website\"},\"primaryImageOfPage\":{\"@id\":\"https:\\\/\\\/rheinhessenblog.de\\\/alzey-tipps-museumsdirektor\\\/#primaryimage\"},\"image\":{\"@id\":\"https:\\\/\\\/rheinhessenblog.de\\\/alzey-tipps-museumsdirektor\\\/#primaryimage\"},\"thumbnailUrl\":\"https:\\\/\\\/rheinhessenblog.de\\\/wp-content\\\/uploads\\\/2026\\\/04\\\/Prof-Dr-Tim-Kerig_3-scaled.jpeg\",\"datePublished\":\"2026-04-02T13:52:32+00:00\",\"dateModified\":\"2026-04-07T10:56:15+00:00\",\"description\":\"Alzey ganz pers\u00f6nlich: Museumsdirektor Tim Kerig zeigt seine Lieblingspl\u00e4tze zwischen Geschichte, Altstadtflair, Kultur und rheinhessischer Lebensfreude. Alzey ganz pers\u00f6nlich: Museumsdirektor Tim Kerig zeigt seine Lieblingspl\u00e4tze zwischen Geschichte, Altstadtflair, Kultur und rheinhessischer Lebensfreude.\",\"breadcrumb\":{\"@id\":\"https:\\\/\\\/rheinhessenblog.de\\\/alzey-tipps-museumsdirektor\\\/#breadcrumb\"},\"inLanguage\":\"en-US\",\"potentialAction\":[{\"@type\":\"ReadAction\",\"target\":[\"https:\\\/\\\/rheinhessenblog.de\\\/alzey-tipps-museumsdirektor\\\/\"]}]},{\"@type\":\"ImageObject\",\"inLanguage\":\"en-US\",\"@id\":\"https:\\\/\\\/rheinhessenblog.de\\\/alzey-tipps-museumsdirektor\\\/#primaryimage\",\"url\":\"https:\\\/\\\/rheinhessenblog.de\\\/wp-content\\\/uploads\\\/2026\\\/04\\\/Prof-Dr-Tim-Kerig_3-scaled.jpeg\",\"contentUrl\":\"https:\\\/\\\/rheinhessenblog.de\\\/wp-content\\\/uploads\\\/2026\\\/04\\\/Prof-Dr-Tim-Kerig_3-scaled.jpeg\",\"width\":1920,\"height\":2560,\"caption\":\"Prof. Dr. Tim Kerig - Leiter des Museums der Stadt Alzey (c) Museum der Stadt Alzey\"},{\"@type\":\"BreadcrumbList\",\"@id\":\"https:\\\/\\\/rheinhessenblog.de\\\/alzey-tipps-museumsdirektor\\\/#breadcrumb\",\"itemListElement\":[{\"@type\":\"ListItem\",\"position\":1,\"name\":\"Startseite\",\"item\":\"https:\\\/\\\/rheinhessenblog.de\\\/\"},{\"@type\":\"ListItem\",\"position\":2,\"name\":\"Mit dem Museumsdirektor auf Entdeckungstour &#8211; Alzey ganz pers\u00f6nlich\"}]},{\"@type\":\"WebSite\",\"@id\":\"https:\\\/\\\/rheinhessenblog.de\\\/#website\",\"url\":\"https:\\\/\\\/rheinhessenblog.de\\\/\",\"name\":\"Rheinhessen-Blog\",\"description\":\"\",\"publisher\":{\"@id\":\"https:\\\/\\\/rheinhessenblog.de\\\/#organization\"},\"potentialAction\":[{\"@type\":\"SearchAction\",\"target\":{\"@type\":\"EntryPoint\",\"urlTemplate\":\"https:\\\/\\\/rheinhessenblog.de\\\/?s={search_term_string}\"},\"query-input\":{\"@type\":\"PropertyValueSpecification\",\"valueRequired\":true,\"valueName\":\"search_term_string\"}}],\"inLanguage\":\"en-US\"},{\"@type\":\"Organization\",\"@id\":\"https:\\\/\\\/rheinhessenblog.de\\\/#organization\",\"name\":\"Rheinhessen-Blog\",\"url\":\"https:\\\/\\\/rheinhessenblog.de\\\/\",\"logo\":{\"@type\":\"ImageObject\",\"inLanguage\":\"en-US\",\"@id\":\"https:\\\/\\\/rheinhessenblog.de\\\/#\\\/schema\\\/logo\\\/image\\\/\",\"url\":\"https:\\\/\\\/rheinhessenblog.de\\\/wp-content\\\/uploads\\\/2023\\\/07\\\/Rheinhessenlogo.svg\",\"contentUrl\":\"https:\\\/\\\/rheinhessenblog.de\\\/wp-content\\\/uploads\\\/2023\\\/07\\\/Rheinhessenlogo.svg\",\"width\":85,\"height\":26,\"caption\":\"Rheinhessen-Blog\"},\"image\":{\"@id\":\"https:\\\/\\\/rheinhessenblog.de\\\/#\\\/schema\\\/logo\\\/image\\\/\"}},{\"@type\":\"Person\",\"@id\":\"https:\\\/\\\/rheinhessenblog.de\\\/#\\\/schema\\\/person\\\/7b950b7efc99cffd36440d1ce67ccd9c\",\"name\":\"Marina Noble\",\"description\":\"Seit \u00fcber 30 Jahren ist Rheinhessen meine Wahlheimat und ich, eine geb\u00fcrtige Fr\u00e4nkin, lebe heute in der Oppenheimer Altstadt. Reisen zu nahen und fernen Zielen geh\u00f6rten Jahrzehnte lang zu meinen Aufgaben als Inhaberin einer der erfolgreichsten touristischen PR-Agenturen Deutschlands. Nun im Ruhestand sind mein Mann und ich leidenschaftlich gern im sch\u00f6nen Rheinhessen unterwegs. Dabei engagieren wir uns z.B. f\u00fcr die Vogelbeobachtung oder als Wegepaten f\u00fcr den RheinTerassenWeg.\",\"url\":\"https:\\\/\\\/rheinhessenblog.de\\\/en\\\/author\\\/marina\\\/\"}]}<\/script>\n<!-- \/ Yoast SEO plugin. -->","yoast_head_json":{"title":"On a discovery tour with the museum director - Alzey in person Alzey in person: with museum director tour","description":"Alzey in person: museum director Tim Kerig shows his favorite places between history, old town flair, culture and Rhine-Hessian joie de vivre. Alzey in person: museum director Tim Kerig shows his favorite places between history, old town flair, culture and Rhine-Hessian joie de vivre.","robots":{"index":"index","follow":"follow","max-snippet":"max-snippet:-1","max-image-preview":"max-image-preview:large","max-video-preview":"max-video-preview:-1"},"canonical":"https:\/\/rheinhessenblog.de\/en\/alzey-tips-museum-director\/","og_locale":"en_US","og_type":"article","og_title":"Mit dem Museumsdirektor auf Entdeckungstour - Alzey ganz pers\u00f6nlich Alzey ganz persoenlich: mit Museumsdirektor Tour","og_description":"Alzey ganz pers\u00f6nlich: Museumsdirektor Tim Kerig zeigt seine Lieblingspl\u00e4tze zwischen Geschichte, Altstadtflair, Kultur und rheinhessischer Lebensfreude. Alzey ganz pers\u00f6nlich: Museumsdirektor Tim Kerig zeigt seine Lieblingspl\u00e4tze zwischen Geschichte, Altstadtflair, Kultur und rheinhessischer Lebensfreude.","og_url":"https:\/\/rheinhessenblog.de\/en\/alzey-tips-museum-director\/","og_site_name":"Rheinhessen-Blog","article_published_time":"2026-04-02T13:52:32+00:00","article_modified_time":"2026-04-07T10:56:15+00:00","og_image":[{"width":1920,"height":2560,"url":"https:\/\/rheinhessenblog.de\/wp-content\/uploads\/2026\/04\/Prof-Dr-Tim-Kerig_3-scaled.jpeg","type":"image\/jpeg"}],"author":"Marina Noble","twitter_card":"summary_large_image","twitter_misc":{"Written by":"Marina Noble","Est. reading time":"10 minutes"},"schema":{"@context":"https:\/\/schema.org","@graph":[{"@type":"Article","@id":"https:\/\/rheinhessenblog.de\/alzey-tipps-museumsdirektor\/#article","isPartOf":{"@id":"https:\/\/rheinhessenblog.de\/alzey-tipps-museumsdirektor\/"},"author":{"name":"Marina Noble","@id":"https:\/\/rheinhessenblog.de\/#\/schema\/person\/7b950b7efc99cffd36440d1ce67ccd9c"},"headline":"Mit dem Museumsdirektor auf Entdeckungstour &#8211; Alzey ganz pers\u00f6nlich","datePublished":"2026-04-02T13:52:32+00:00","dateModified":"2026-04-07T10:56:15+00:00","mainEntityOfPage":{"@id":"https:\/\/rheinhessenblog.de\/alzey-tipps-museumsdirektor\/"},"wordCount":1073,"commentCount":0,"publisher":{"@id":"https:\/\/rheinhessenblog.de\/#organization"},"image":{"@id":"https:\/\/rheinhessenblog.de\/alzey-tipps-museumsdirektor\/#primaryimage"},"thumbnailUrl":"https:\/\/rheinhessenblog.de\/wp-content\/uploads\/2026\/04\/Prof-Dr-Tim-Kerig_3-scaled.jpeg","keywords":["Alzey","Museum Alzey"],"articleSection":["Kultur entdecken"],"inLanguage":"en-US","potentialAction":[{"@type":"CommentAction","name":"Comment","target":["https:\/\/rheinhessenblog.de\/alzey-tipps-museumsdirektor\/#respond"]}]},{"@type":"WebPage","@id":"https:\/\/rheinhessenblog.de\/alzey-tipps-museumsdirektor\/","url":"https:\/\/rheinhessenblog.de\/alzey-tipps-museumsdirektor\/","name":"On a discovery tour with the museum director - Alzey in person Alzey in person: with museum director tour","isPartOf":{"@id":"https:\/\/rheinhessenblog.de\/#website"},"primaryImageOfPage":{"@id":"https:\/\/rheinhessenblog.de\/alzey-tipps-museumsdirektor\/#primaryimage"},"image":{"@id":"https:\/\/rheinhessenblog.de\/alzey-tipps-museumsdirektor\/#primaryimage"},"thumbnailUrl":"https:\/\/rheinhessenblog.de\/wp-content\/uploads\/2026\/04\/Prof-Dr-Tim-Kerig_3-scaled.jpeg","datePublished":"2026-04-02T13:52:32+00:00","dateModified":"2026-04-07T10:56:15+00:00","description":"Alzey in person: museum director Tim Kerig shows his favorite places between history, old town flair, culture and Rhine-Hessian joie de vivre. Alzey in person: museum director Tim Kerig shows his favorite places between history, old town flair, culture and Rhine-Hessian joie de vivre.","breadcrumb":{"@id":"https:\/\/rheinhessenblog.de\/alzey-tipps-museumsdirektor\/#breadcrumb"},"inLanguage":"en-US","potentialAction":[{"@type":"ReadAction","target":["https:\/\/rheinhessenblog.de\/alzey-tipps-museumsdirektor\/"]}]},{"@type":"ImageObject","inLanguage":"en-US","@id":"https:\/\/rheinhessenblog.de\/alzey-tipps-museumsdirektor\/#primaryimage","url":"https:\/\/rheinhessenblog.de\/wp-content\/uploads\/2026\/04\/Prof-Dr-Tim-Kerig_3-scaled.jpeg","contentUrl":"https:\/\/rheinhessenblog.de\/wp-content\/uploads\/2026\/04\/Prof-Dr-Tim-Kerig_3-scaled.jpeg","width":1920,"height":2560,"caption":"Prof. Dr. Tim Kerig - Leiter des Museums der Stadt Alzey (c) Museum der Stadt Alzey"},{"@type":"BreadcrumbList","@id":"https:\/\/rheinhessenblog.de\/alzey-tipps-museumsdirektor\/#breadcrumb","itemListElement":[{"@type":"ListItem","position":1,"name":"Startseite","item":"https:\/\/rheinhessenblog.de\/"},{"@type":"ListItem","position":2,"name":"Mit dem Museumsdirektor auf Entdeckungstour &#8211; Alzey ganz pers\u00f6nlich"}]},{"@type":"WebSite","@id":"https:\/\/rheinhessenblog.de\/#website","url":"https:\/\/rheinhessenblog.de\/","name":"Rheinhessen Blog","description":"","publisher":{"@id":"https:\/\/rheinhessenblog.de\/#organization"},"potentialAction":[{"@type":"SearchAction","target":{"@type":"EntryPoint","urlTemplate":"https:\/\/rheinhessenblog.de\/?s={search_term_string}"},"query-input":{"@type":"PropertyValueSpecification","valueRequired":true,"valueName":"search_term_string"}}],"inLanguage":"en-US"},{"@type":"Organization","@id":"https:\/\/rheinhessenblog.de\/#organization","name":"Rheinhessen Blog","url":"https:\/\/rheinhessenblog.de\/","logo":{"@type":"ImageObject","inLanguage":"en-US","@id":"https:\/\/rheinhessenblog.de\/#\/schema\/logo\/image\/","url":"https:\/\/rheinhessenblog.de\/wp-content\/uploads\/2023\/07\/Rheinhessenlogo.svg","contentUrl":"https:\/\/rheinhessenblog.de\/wp-content\/uploads\/2023\/07\/Rheinhessenlogo.svg","width":85,"height":26,"caption":"Rheinhessen-Blog"},"image":{"@id":"https:\/\/rheinhessenblog.de\/#\/schema\/logo\/image\/"}},{"@type":"Person","@id":"https:\/\/rheinhessenblog.de\/#\/schema\/person\/7b950b7efc99cffd36440d1ce67ccd9c","name":"Marina Noble","description":"For over 30 years, Rheinhessen has been my adopted home and I, a native of Franconia, now live in the old town of Oppenheim. Traveling to destinations near and far was part of my job for decades as the owner of one of Germany's most successful tourism PR agencies. Now retired, my husband and I are passionate about traveling in beautiful Rheinhessen. In doing so, we are involved, for example, in bird watching or as trail sponsors for the RheinTerassenWeg.","url":"https:\/\/rheinhessenblog.de\/en\/author\/marina\/"}]}},"_links":{"self":[{"href":"https:\/\/rheinhessenblog.de\/en\/wp-json\/wp\/v2\/posts\/17363","targetHints":{"allow":["GET"]}}],"collection":[{"href":"https:\/\/rheinhessenblog.de\/en\/wp-json\/wp\/v2\/posts"}],"about":[{"href":"https:\/\/rheinhessenblog.de\/en\/wp-json\/wp\/v2\/types\/post"}],"author":[{"embeddable":true,"href":"https:\/\/rheinhessenblog.de\/en\/wp-json\/wp\/v2\/users\/32"}],"replies":[{"embeddable":true,"href":"https:\/\/rheinhessenblog.de\/en\/wp-json\/wp\/v2\/comments?post=17363"}],"version-history":[{"count":36,"href":"https:\/\/rheinhessenblog.de\/en\/wp-json\/wp\/v2\/posts\/17363\/revisions"}],"predecessor-version":[{"id":17423,"href":"https:\/\/rheinhessenblog.de\/en\/wp-json\/wp\/v2\/posts\/17363\/revisions\/17423"}],"wp:featuredmedia":[{"embeddable":true,"href":"https:\/\/rheinhessenblog.de\/en\/wp-json\/wp\/v2\/media\/17349"}],"wp:attachment":[{"href":"https:\/\/rheinhessenblog.de\/en\/wp-json\/wp\/v2\/media?parent=17363"}],"wp:term":[{"taxonomy":"category","embeddable":true,"href":"https:\/\/rheinhessenblog.de\/en\/wp-json\/wp\/v2\/categories?post=17363"},{"taxonomy":"post_tag","embeddable":true,"href":"https:\/\/rheinhessenblog.de\/en\/wp-json\/wp\/v2\/tags?post=17363"}],"curies":[{"name":"wp","href":"https:\/\/api.w.org\/{rel}","templated":true}]}}