{"id":1202,"date":"2017-10-06T09:10:39","date_gmt":"2017-10-06T07:10:39","guid":{"rendered":"http:\/\/blog.rheinhessen.de\/?p=1202"},"modified":"2023-09-21T09:24:28","modified_gmt":"2023-09-21T07:24:28","slug":"fete-du-vin-rouge-a-ingelheim-le-plaisir-du-vin-encadre-par-le-feu-de-lancien-temps","status":"publish","type":"post","link":"https:\/\/rheinhessenblog.de\/fr\/rotweinfest-ingelheim-weingenuss-umrahmt-von-altem-gemaeuer\/","title":{"rendered":"F\u00eate du vin rouge \u00e0 Ingelheim - le plaisir du vin encadr\u00e9 par de vieilles pierres"},"content":{"rendered":"<p>En Hesse rh\u00e9nane, il y a toujours quelque chose \u00e0 f\u00eater, et il va de soi que le vin est presque toujours au centre de ces festivit\u00e9s dans la plus grande r\u00e9gion viticole d'Allemagne : F\u00eates du vin, f\u00eates de la ferme, pr\u00e9sentations de vins, randonn\u00e9es viticoles et bien d'autres choses encore.<\/p>\n\n\n\n<h2 class=\"wp-block-heading\">F\u00eate du vin rouge d'Ingelheim<\/h2>\n\n\n\n<p>Chaque ann\u00e9e, fin septembre, a lieu la f\u00eate du vin rouge d'Ingelheim. Mais je dois avouer que ce n'\u00e9tait pas une f\u00eate du vin \u201etout \u00e0 fait normale\u201c. La marque ombrelle Rheinhessen distingue, sous son label de qualit\u00e9 \u201eRheinhessen AUSGEZEICHNET\u201c, des f\u00eates du vin particuli\u00e8rement belles et styl\u00e9es. Et pour cela, il faut bien s\u00fbr un jury dont le m\u00e9tier est de se rendre aux f\u00eates du vin. On pourrait imaginer de pires emplois.<\/p>\n\n\n\n<p>Avec mes coll\u00e8gues Verena et Udo de Rheinhessenwein, nous nous sommes donc rendus \u00e0 Ingelheim pour la f\u00eate du vin rouge. Le trajet \u00e0 travers la vall\u00e9e de la Selz, sous le soleil, a \u00e9t\u00e9 une merveilleuse mise en bouche.<\/p>\n\n\n\n<figure class=\"wp-block-image\"><img fetchpriority=\"high\" decoding=\"async\" width=\"1024\" height=\"768\" src=\"http:\/\/rheinhessenblog.de\/wp-content\/uploads\/2017\/10\/Pertel-1024x768.jpg\" alt=\"\" class=\"wp-image-1204\" srcset=\"https:\/\/rheinhessenblog.de\/wp-content\/uploads\/2017\/10\/Pertel-1024x768.jpg 1024w, https:\/\/rheinhessenblog.de\/wp-content\/uploads\/2017\/10\/Pertel-300x225.jpg 300w, https:\/\/rheinhessenblog.de\/wp-content\/uploads\/2017\/10\/Pertel-768x576.jpg 768w, https:\/\/rheinhessenblog.de\/wp-content\/uploads\/2017\/10\/Pertel-1536x1152.jpg 1536w, https:\/\/rheinhessenblog.de\/wp-content\/uploads\/2017\/10\/Pertel.jpg 1632w\" sizes=\"(max-width: 1024px) 100vw, 1024px\" \/><\/figure>\n\n\n\n<p>Et chacun de nous ouvre l'\u0153il : le drapeau de la Hesse rh\u00e9nane flotte-t-il quelque part ? Le vin est-il servi dans des verres \u00e0 pied \u00e9l\u00e9gants ? Et qu'est-ce que le programme de la f\u00eate a de beau \u00e0 offrir ? Et \u00e0 Ingelheim, tout le monde y trouve son compte : couronnement des majest\u00e9s du vin rouge, que nous rencontrons \u00e9galement ce soir-l\u00e0 et qui trinquent, programme musical vari\u00e9, grande d\u00e9gustation de vin sous le chapiteau, animation par les associations lors de la soir\u00e9e d'Ingelheim, offres amusantes pour les jeunes dans la GreenRoom, feu d'artifice musical \u00e0 la fin et bien plus encore. Nous croiserons m\u00eame un groupe accompagn\u00e9 d'une ambassadrice de la culture et du vin sur le th\u00e8me \u201eVin &amp; Culture\u201c, avant de boire l'un ou l'autre drink \u00e0 la f\u00eate du vin.<\/p>\n\n\n\n<figure class=\"wp-block-image\" id=\"attachment_1205\"><img decoding=\"async\" width=\"576\" height=\"1024\" src=\"http:\/\/rheinhessenblog.de\/wp-content\/uploads\/2017\/10\/Fuehrungsangebot-576x1024.jpg\" alt=\"\" class=\"wp-image-1205\" srcset=\"https:\/\/rheinhessenblog.de\/wp-content\/uploads\/2017\/10\/Fuehrungsangebot-576x1024.jpg 576w, https:\/\/rheinhessenblog.de\/wp-content\/uploads\/2017\/10\/Fuehrungsangebot-169x300.jpg 169w, https:\/\/rheinhessenblog.de\/wp-content\/uploads\/2017\/10\/Fuehrungsangebot-768x1365.jpg 768w, https:\/\/rheinhessenblog.de\/wp-content\/uploads\/2017\/10\/Fuehrungsangebot-864x1536.jpg 864w, https:\/\/rheinhessenblog.de\/wp-content\/uploads\/2017\/10\/Fuehrungsangebot-1152x2048.jpg 1152w, https:\/\/rheinhessenblog.de\/wp-content\/uploads\/2017\/10\/Fuehrungsangebot-scaled.jpg 1440w\" sizes=\"(max-width: 576px) 100vw, 576px\" \/><figcaption class=\"wp-element-caption\">avec les ambassadeurs de la culture et du vin, il y a beaucoup \u00e0 faire \u00e0 la f\u00eate du vin rouge<\/figcaption><\/figure>\n\n\n\n<p>Ah, et puis il y a aussi l'offre alimentaire. Quelles sont les sp\u00e9cialit\u00e9s r\u00e9gionales au menu ? Apr\u00e8s tout, l'intervention d'un jury met vraiment en app\u00e9tit ! Les habitants d'Ingelheim proposent des d\u00e9lices comme la \u201etarte flamb\u00e9e ciel et terre\u201c, le \u201ejambon au vin rouge d'Ingelheim\u201c et les \u201ecr\u00eapes \u00e0 la gel\u00e9e de vin\u201c. Au stand de confiserie, nous avons m\u00eame eu le plaisir de d\u00e9guster une t\u00eate d'oreille au Riesling ... \u00e0 recommander !<\/p>\n\n\n\n<figure class=\"wp-block-image\" id=\"attachment_1206\"><img decoding=\"async\" width=\"576\" height=\"1024\" src=\"http:\/\/rheinhessenblog.de\/wp-content\/uploads\/2017\/10\/Flammkuchentafel-576x1024.jpg\" alt=\"\" class=\"wp-image-1206\" srcset=\"https:\/\/rheinhessenblog.de\/wp-content\/uploads\/2017\/10\/Flammkuchentafel-576x1024.jpg 576w, https:\/\/rheinhessenblog.de\/wp-content\/uploads\/2017\/10\/Flammkuchentafel-169x300.jpg 169w, https:\/\/rheinhessenblog.de\/wp-content\/uploads\/2017\/10\/Flammkuchentafel-768x1365.jpg 768w, https:\/\/rheinhessenblog.de\/wp-content\/uploads\/2017\/10\/Flammkuchentafel-864x1536.jpg 864w, https:\/\/rheinhessenblog.de\/wp-content\/uploads\/2017\/10\/Flammkuchentafel-1152x2048.jpg 1152w, https:\/\/rheinhessenblog.de\/wp-content\/uploads\/2017\/10\/Flammkuchentafel-scaled.jpg 1440w\" sizes=\"(max-width: 576px) 100vw, 576px\" \/><figcaption class=\"wp-element-caption\">La tarte flamb\u00e9e peut aussi \u00eatre merveilleusement interpr\u00e9t\u00e9e et d\u00e9gust\u00e9e en Hesse rh\u00e9nane<\/figcaption><\/figure>\n\n\n\n<h3 class=\"wp-block-heading\">L'importance des verres<\/h3>\n\n\n\n<p>Et bien s\u00fbr, le petit verre de vin qui va avec ne doit pas manquer - apr\u00e8s tout, en tant que jury, nous devons aussi nous convaincre de la qualit\u00e9 du vin. Le choix des stands de vins des viticulteurs ne laisse rien \u00e0 d\u00e9sirer.<\/p>\n\n\n\n<figure class=\"wp-block-image\" id=\"attachment_1207\"><img loading=\"lazy\" decoding=\"async\" width=\"1024\" height=\"681\" src=\"http:\/\/rheinhessenblog.de\/wp-content\/uploads\/2017\/10\/5229-rotweinfest-ingelheim-weinfest-ausgezeichnet-1024x681.jpg\" alt=\"\" class=\"wp-image-1207\" srcset=\"https:\/\/rheinhessenblog.de\/wp-content\/uploads\/2017\/10\/5229-rotweinfest-ingelheim-weinfest-ausgezeichnet-1024x681.jpg 1024w, https:\/\/rheinhessenblog.de\/wp-content\/uploads\/2017\/10\/5229-rotweinfest-ingelheim-weinfest-ausgezeichnet-300x200.jpg 300w, https:\/\/rheinhessenblog.de\/wp-content\/uploads\/2017\/10\/5229-rotweinfest-ingelheim-weinfest-ausgezeichnet-768x511.jpg 768w, https:\/\/rheinhessenblog.de\/wp-content\/uploads\/2017\/10\/5229-rotweinfest-ingelheim-weinfest-ausgezeichnet-1536x1022.jpg 1536w, https:\/\/rheinhessenblog.de\/wp-content\/uploads\/2017\/10\/5229-rotweinfest-ingelheim-weinfest-ausgezeichnet-2048x1363.jpg 2048w\" sizes=\"(max-width: 1024px) 100vw, 1024px\" \/><figcaption class=\"wp-element-caption\">Sant\u00e9 !<\/figcaption><\/figure>\n\n\n\n<p>Le vin peut \u00eatre d\u00e9gust\u00e9 dans le superbe cadre du Roseng\u00e4rtchen en contrebas de l'\u00e9glise du ch\u00e2teau, encadr\u00e9 par les anciens remparts de la ville. Le soir, c'est vraiment beau : les remparts sont alors illumin\u00e9s. Comme il se doit, nous nous installons confortablement sur des caisses de vin garnies de coussins color\u00e9s et nous laissons l'animation de la f\u00eate du vin agir sur nous : on rit, on \u201ebabille\u201c, on danse, on mange, on boit et on discute volontiers du vin.<\/p>\n\n\n\n<figure class=\"wp-block-image\" id=\"attachment_1209\"><img loading=\"lazy\" decoding=\"async\" width=\"1024\" height=\"681\" src=\"http:\/\/rheinhessenblog.de\/wp-content\/uploads\/2017\/10\/5235-rotweinfest-ingelheim-weinfest-ausgezeichnet-1-1024x681.jpg\" alt=\"\" class=\"wp-image-1209\" srcset=\"https:\/\/rheinhessenblog.de\/wp-content\/uploads\/2017\/10\/5235-rotweinfest-ingelheim-weinfest-ausgezeichnet-1-1024x681.jpg 1024w, https:\/\/rheinhessenblog.de\/wp-content\/uploads\/2017\/10\/5235-rotweinfest-ingelheim-weinfest-ausgezeichnet-1-300x200.jpg 300w, https:\/\/rheinhessenblog.de\/wp-content\/uploads\/2017\/10\/5235-rotweinfest-ingelheim-weinfest-ausgezeichnet-1-768x511.jpg 768w, https:\/\/rheinhessenblog.de\/wp-content\/uploads\/2017\/10\/5235-rotweinfest-ingelheim-weinfest-ausgezeichnet-1-1536x1022.jpg 1536w, https:\/\/rheinhessenblog.de\/wp-content\/uploads\/2017\/10\/5235-rotweinfest-ingelheim-weinfest-ausgezeichnet-1-2048x1363.jpg 2048w\" sizes=\"(max-width: 1024px) 100vw, 1024px\" \/><figcaption class=\"wp-element-caption\">il fait bon vivre dans le petit jardin de roses<\/figcaption><\/figure>\n\n\n\n<h3 class=\"wp-block-heading\">Animation musicale<\/h3>\n\n\n\n<p>Le DJ sur sc\u00e8ne assure \u201edes beats chill et une atmosph\u00e8re d\u00e9tendue\u201c - exactement comme annonc\u00e9 dans le programme de la f\u00eate - tandis que les amateurs de danse se rassemblent devant la grande sc\u00e8ne de la f\u00eate du vin.<\/p>\n\n\n\n<p>Une foule h\u00e9t\u00e9roclite se d\u00e9place \u00e0 la f\u00eate du vin. Nous rencontrons r\u00e9guli\u00e8rement des personnes que nous connaissons, et il n'est pas difficile d'engager la conversation lors de nos f\u00eates du vin et de faire en sorte que les gens deviennent des connaissances.<\/p>\n\n\n\n<p>Bien entendu, nous faisons \u00e9galement un d\u00e9tour par les vignerons de la Weinterrasse. Avec leur m\u00e9lange de nostalgie et d'ambiance moderne, ils font une d\u00e9claration d'amour toute particuli\u00e8re \u00e0 Ingelheim. Cela ne vaut donc pas seulement la peine de pr\u00e9voir un d\u00e9tour pour les vins - ici, on peut \u00e9galement faire un voyage dans le temps illustr\u00e9 \u00e0 travers pr\u00e8s de 70 ans de f\u00eate du vin rouge.<\/p>\n\n\n\n<p>Vous voyez d\u00e9j\u00e0 qu'il y a beaucoup \u00e0 d\u00e9couvrir. Et cela en vaut la peine. Vous \u00eates cordialement invit\u00e9s \u00e0 vous joindre \u00e0 nous et \u00e0 faire la f\u00eate !<\/p>\n\n\n\n<p>La f\u00eate du vin rouge est l'une des 17 f\u00eates du vin \u201eRheinhessen AUSGEZEICHNET\u201c. Vous trouverez toutes les f\u00eates du vin r\u00e9compens\u00e9es sur <a href=\"https:\/\/www.rheinhessen-ausgezeichnet.de\">www.rheinhessen-ausgezeichnet.de<\/a><\/p>\n\n\n\n<p><\/p>","protected":false},"excerpt":{"rendered":"<p>Chaque ann\u00e9e, fin septembre, a lieu la f\u00eate du vin rouge d'Ingelheim. Mais je dois avouer que ce n'\u00e9tait pas une visite \u201etout \u00e0 fait normale\u201c de la f\u00eate du vin. Avec mes deux coll\u00e8gues Verena et Udo de Rheinhessenwein, j'\u00e9tais en route en tant que \u201ejury de la f\u00eate du vin\u201c pour Rheinhessen AUSGEZEICHNET ...<\/p>","protected":false},"author":10,"featured_media":1203,"comment_status":"closed","ping_status":"closed","sticky":false,"template":"","format":"standard","meta":{"_acf_changed":false,"footnotes":""},"categories":[320,318],"tags":[327,324],"class_list":["post-1202","post","type-post","status-publish","format-standard","has-post-thumbnail","hentry","category-kultur-entdecken","category-wein-kulinarik","tag-festivals-events","tag-weingenuss"],"acf":{"":null},"yoast_head":"<!-- This site is optimized with the Yoast SEO plugin v27.4 - https:\/\/yoast.com\/product\/yoast-seo-wordpress\/ -->\n<title>Rotweinfest Ingelheim \u2013 Weingenuss umrahmt von altem Gem\u00e4uer - Rheinhessen-Blog<\/title>\n<meta name=\"description\" content=\"Ende September findet allj\u00e4hrlich das Ingelheimer Rotweinfest statt. Aber ich muss zugeben, es war kein \u201eganz normaler\u201c Weinfestbesuch. Mit meinen beiden Kollegen Verena und Udo von Rheinhessenwein war ich als &quot;Weinfest-Jury&quot; f\u00fcr Rheinhessen AUSGEZEICHNET unterwegs ...\" \/>\n<meta name=\"robots\" content=\"index, follow, max-snippet:-1, max-image-preview:large, max-video-preview:-1\" \/>\n<link rel=\"canonical\" href=\"https:\/\/rheinhessenblog.de\/fr\/fete-du-vin-rouge-a-ingelheim-le-plaisir-du-vin-encadre-par-le-feu-de-lancien-temps\/\" \/>\n<meta property=\"og:locale\" content=\"fr_FR\" \/>\n<meta property=\"og:type\" content=\"article\" \/>\n<meta property=\"og:title\" content=\"Rotweinfest Ingelheim \u2013 Weingenuss umrahmt von altem Gem\u00e4uer - Rheinhessen-Blog\" \/>\n<meta property=\"og:description\" content=\"Ende September findet allj\u00e4hrlich das Ingelheimer Rotweinfest statt. Aber ich muss zugeben, es war kein \u201eganz normaler\u201c Weinfestbesuch. Mit meinen beiden Kollegen Verena und Udo von Rheinhessenwein war ich als &quot;Weinfest-Jury&quot; f\u00fcr Rheinhessen AUSGEZEICHNET unterwegs ...\" \/>\n<meta property=\"og:url\" content=\"https:\/\/rheinhessenblog.de\/fr\/fete-du-vin-rouge-a-ingelheim-le-plaisir-du-vin-encadre-par-le-feu-de-lancien-temps\/\" \/>\n<meta property=\"og:site_name\" content=\"Rheinhessen-Blog\" \/>\n<meta property=\"article:published_time\" content=\"2017-10-06T07:10:39+00:00\" \/>\n<meta property=\"article:modified_time\" content=\"2023-09-21T07:24:28+00:00\" \/>\n<meta property=\"og:image\" content=\"https:\/\/rheinhessenblog.de\/wp-content\/uploads\/2017\/10\/5235-rotweinfest-ingelheim-weinfest-ausgezeichnet-scaled.jpg\" \/>\n\t<meta property=\"og:image:width\" content=\"2560\" \/>\n\t<meta property=\"og:image:height\" content=\"1704\" \/>\n\t<meta property=\"og:image:type\" content=\"image\/jpeg\" \/>\n<meta name=\"author\" content=\"Kathrin Saaler\" \/>\n<meta name=\"twitter:card\" content=\"summary_large_image\" \/>\n<meta name=\"twitter:label1\" content=\"\u00c9crit par\" \/>\n\t<meta name=\"twitter:data1\" content=\"Kathrin Saaler\" \/>\n\t<meta name=\"twitter:label2\" content=\"Dur\u00e9e de lecture estim\u00e9e\" \/>\n\t<meta name=\"twitter:data2\" content=\"5 minutes\" \/>\n<script type=\"application\/ld+json\" class=\"yoast-schema-graph\">{\"@context\":\"https:\\\/\\\/schema.org\",\"@graph\":[{\"@type\":\"Article\",\"@id\":\"https:\\\/\\\/rheinhessenblog.de\\\/rotweinfest-ingelheim-weingenuss-umrahmt-von-altem-gemaeuer\\\/#article\",\"isPartOf\":{\"@id\":\"https:\\\/\\\/rheinhessenblog.de\\\/rotweinfest-ingelheim-weingenuss-umrahmt-von-altem-gemaeuer\\\/\"},\"author\":{\"name\":\"Kathrin Saaler\",\"@id\":\"https:\\\/\\\/rheinhessenblog.de\\\/#\\\/schema\\\/person\\\/e0ff336f97e553a6bf78a3bfc9aeeed2\"},\"headline\":\"Rotweinfest Ingelheim \u2013 Weingenuss umrahmt von altem Gem\u00e4uer\",\"datePublished\":\"2017-10-06T07:10:39+00:00\",\"dateModified\":\"2023-09-21T07:24:28+00:00\",\"mainEntityOfPage\":{\"@id\":\"https:\\\/\\\/rheinhessenblog.de\\\/rotweinfest-ingelheim-weingenuss-umrahmt-von-altem-gemaeuer\\\/\"},\"wordCount\":634,\"publisher\":{\"@id\":\"https:\\\/\\\/rheinhessenblog.de\\\/#organization\"},\"image\":{\"@id\":\"https:\\\/\\\/rheinhessenblog.de\\\/rotweinfest-ingelheim-weingenuss-umrahmt-von-altem-gemaeuer\\\/#primaryimage\"},\"thumbnailUrl\":\"https:\\\/\\\/rheinhessenblog.de\\\/wp-content\\\/uploads\\\/2017\\\/10\\\/5235-rotweinfest-ingelheim-weinfest-ausgezeichnet-scaled.jpg\",\"keywords\":[\"Festivals \\\/ Events\",\"Weingenuss\"],\"articleSection\":[\"Kultur entdecken\",\"Wein &amp; Kulinarik\"],\"inLanguage\":\"fr-FR\"},{\"@type\":\"WebPage\",\"@id\":\"https:\\\/\\\/rheinhessenblog.de\\\/rotweinfest-ingelheim-weingenuss-umrahmt-von-altem-gemaeuer\\\/\",\"url\":\"https:\\\/\\\/rheinhessenblog.de\\\/rotweinfest-ingelheim-weingenuss-umrahmt-von-altem-gemaeuer\\\/\",\"name\":\"Rotweinfest Ingelheim \u2013 Weingenuss umrahmt von altem Gem\u00e4uer - Rheinhessen-Blog\",\"isPartOf\":{\"@id\":\"https:\\\/\\\/rheinhessenblog.de\\\/#website\"},\"primaryImageOfPage\":{\"@id\":\"https:\\\/\\\/rheinhessenblog.de\\\/rotweinfest-ingelheim-weingenuss-umrahmt-von-altem-gemaeuer\\\/#primaryimage\"},\"image\":{\"@id\":\"https:\\\/\\\/rheinhessenblog.de\\\/rotweinfest-ingelheim-weingenuss-umrahmt-von-altem-gemaeuer\\\/#primaryimage\"},\"thumbnailUrl\":\"https:\\\/\\\/rheinhessenblog.de\\\/wp-content\\\/uploads\\\/2017\\\/10\\\/5235-rotweinfest-ingelheim-weinfest-ausgezeichnet-scaled.jpg\",\"datePublished\":\"2017-10-06T07:10:39+00:00\",\"dateModified\":\"2023-09-21T07:24:28+00:00\",\"description\":\"Ende September findet allj\u00e4hrlich das Ingelheimer Rotweinfest statt. Aber ich muss zugeben, es war kein \u201eganz normaler\u201c Weinfestbesuch. Mit meinen beiden Kollegen Verena und Udo von Rheinhessenwein war ich als \\\"Weinfest-Jury\\\" f\u00fcr Rheinhessen AUSGEZEICHNET unterwegs ...\",\"breadcrumb\":{\"@id\":\"https:\\\/\\\/rheinhessenblog.de\\\/rotweinfest-ingelheim-weingenuss-umrahmt-von-altem-gemaeuer\\\/#breadcrumb\"},\"inLanguage\":\"fr-FR\",\"potentialAction\":[{\"@type\":\"ReadAction\",\"target\":[\"https:\\\/\\\/rheinhessenblog.de\\\/rotweinfest-ingelheim-weingenuss-umrahmt-von-altem-gemaeuer\\\/\"]}]},{\"@type\":\"ImageObject\",\"inLanguage\":\"fr-FR\",\"@id\":\"https:\\\/\\\/rheinhessenblog.de\\\/rotweinfest-ingelheim-weingenuss-umrahmt-von-altem-gemaeuer\\\/#primaryimage\",\"url\":\"https:\\\/\\\/rheinhessenblog.de\\\/wp-content\\\/uploads\\\/2017\\\/10\\\/5235-rotweinfest-ingelheim-weinfest-ausgezeichnet-scaled.jpg\",\"contentUrl\":\"https:\\\/\\\/rheinhessenblog.de\\\/wp-content\\\/uploads\\\/2017\\\/10\\\/5235-rotweinfest-ingelheim-weinfest-ausgezeichnet-scaled.jpg\",\"width\":2560,\"height\":1704},{\"@type\":\"BreadcrumbList\",\"@id\":\"https:\\\/\\\/rheinhessenblog.de\\\/rotweinfest-ingelheim-weingenuss-umrahmt-von-altem-gemaeuer\\\/#breadcrumb\",\"itemListElement\":[{\"@type\":\"ListItem\",\"position\":1,\"name\":\"Startseite\",\"item\":\"https:\\\/\\\/rheinhessenblog.de\\\/\"},{\"@type\":\"ListItem\",\"position\":2,\"name\":\"Rotweinfest Ingelheim \u2013 Weingenuss umrahmt von altem Gem\u00e4uer\"}]},{\"@type\":\"WebSite\",\"@id\":\"https:\\\/\\\/rheinhessenblog.de\\\/#website\",\"url\":\"https:\\\/\\\/rheinhessenblog.de\\\/\",\"name\":\"Rheinhessen-Blog\",\"description\":\"\",\"publisher\":{\"@id\":\"https:\\\/\\\/rheinhessenblog.de\\\/#organization\"},\"potentialAction\":[{\"@type\":\"SearchAction\",\"target\":{\"@type\":\"EntryPoint\",\"urlTemplate\":\"https:\\\/\\\/rheinhessenblog.de\\\/?s={search_term_string}\"},\"query-input\":{\"@type\":\"PropertyValueSpecification\",\"valueRequired\":true,\"valueName\":\"search_term_string\"}}],\"inLanguage\":\"fr-FR\"},{\"@type\":\"Organization\",\"@id\":\"https:\\\/\\\/rheinhessenblog.de\\\/#organization\",\"name\":\"Rheinhessen-Blog\",\"url\":\"https:\\\/\\\/rheinhessenblog.de\\\/\",\"logo\":{\"@type\":\"ImageObject\",\"inLanguage\":\"fr-FR\",\"@id\":\"https:\\\/\\\/rheinhessenblog.de\\\/#\\\/schema\\\/logo\\\/image\\\/\",\"url\":\"https:\\\/\\\/rheinhessenblog.de\\\/wp-content\\\/uploads\\\/2023\\\/07\\\/Rheinhessenlogo.svg\",\"contentUrl\":\"https:\\\/\\\/rheinhessenblog.de\\\/wp-content\\\/uploads\\\/2023\\\/07\\\/Rheinhessenlogo.svg\",\"width\":85,\"height\":26,\"caption\":\"Rheinhessen-Blog\"},\"image\":{\"@id\":\"https:\\\/\\\/rheinhessenblog.de\\\/#\\\/schema\\\/logo\\\/image\\\/\"}},{\"@type\":\"Person\",\"@id\":\"https:\\\/\\\/rheinhessenblog.de\\\/#\\\/schema\\\/person\\\/e0ff336f97e553a6bf78a3bfc9aeeed2\",\"name\":\"Kathrin Saaler\",\"description\":\"Ich bin waschechte Rheinhessin und gehe gerne in unserer Region auf Entdeckungstour. Schlie\u00dflich muss ich als Koordinatorin der Dachmarke Rheinhessen wissen wo es was zu erleben gibt und was sich so tut im Land der tausend H\u00fcgel ... und das alles am liebsten mit einem guten Gl\u00e4schen Wein und rheinhessischen Leckereien.\",\"url\":\"https:\\\/\\\/rheinhessenblog.de\\\/fr\\\/author\\\/saaler\\\/\"}]}<\/script>\n<!-- \/ Yoast SEO plugin. -->","yoast_head_json":{"title":"F\u00eate du vin rouge \u00e0 Ingelheim - Le plaisir du vin encadr\u00e9 par de vieux murs - Rheinhessen-Blog","description":"Chaque ann\u00e9e, fin septembre, a lieu la f\u00eate du vin rouge d'Ingelheim. Mais je dois avouer que ce n'\u00e9tait pas une visite \u201etout \u00e0 fait normale\u201c de la f\u00eate du vin. Avec mes deux coll\u00e8gues Verena et Udo de Rheinhessenwein, j'\u00e9tais en route en tant que \"jury de la f\u00eate du vin\" pour Rheinhessen AUSGEZEICHNET ...","robots":{"index":"index","follow":"follow","max-snippet":"max-snippet:-1","max-image-preview":"max-image-preview:large","max-video-preview":"max-video-preview:-1"},"canonical":"https:\/\/rheinhessenblog.de\/fr\/fete-du-vin-rouge-a-ingelheim-le-plaisir-du-vin-encadre-par-le-feu-de-lancien-temps\/","og_locale":"fr_FR","og_type":"article","og_title":"Rotweinfest Ingelheim \u2013 Weingenuss umrahmt von altem Gem\u00e4uer - Rheinhessen-Blog","og_description":"Ende September findet allj\u00e4hrlich das Ingelheimer Rotweinfest statt. Aber ich muss zugeben, es war kein \u201eganz normaler\u201c Weinfestbesuch. Mit meinen beiden Kollegen Verena und Udo von Rheinhessenwein war ich als \"Weinfest-Jury\" f\u00fcr Rheinhessen AUSGEZEICHNET unterwegs ...","og_url":"https:\/\/rheinhessenblog.de\/fr\/fete-du-vin-rouge-a-ingelheim-le-plaisir-du-vin-encadre-par-le-feu-de-lancien-temps\/","og_site_name":"Rheinhessen-Blog","article_published_time":"2017-10-06T07:10:39+00:00","article_modified_time":"2023-09-21T07:24:28+00:00","og_image":[{"width":2560,"height":1704,"url":"https:\/\/rheinhessenblog.de\/wp-content\/uploads\/2017\/10\/5235-rotweinfest-ingelheim-weinfest-ausgezeichnet-scaled.jpg","type":"image\/jpeg"}],"author":"Kathrin Saaler","twitter_card":"summary_large_image","twitter_misc":{"\u00c9crit par":"Kathrin Saaler","Dur\u00e9e de lecture estim\u00e9e":"5 minutes"},"schema":{"@context":"https:\/\/schema.org","@graph":[{"@type":"Article","@id":"https:\/\/rheinhessenblog.de\/rotweinfest-ingelheim-weingenuss-umrahmt-von-altem-gemaeuer\/#article","isPartOf":{"@id":"https:\/\/rheinhessenblog.de\/rotweinfest-ingelheim-weingenuss-umrahmt-von-altem-gemaeuer\/"},"author":{"name":"Kathrin Saaler","@id":"https:\/\/rheinhessenblog.de\/#\/schema\/person\/e0ff336f97e553a6bf78a3bfc9aeeed2"},"headline":"Rotweinfest Ingelheim \u2013 Weingenuss umrahmt von altem Gem\u00e4uer","datePublished":"2017-10-06T07:10:39+00:00","dateModified":"2023-09-21T07:24:28+00:00","mainEntityOfPage":{"@id":"https:\/\/rheinhessenblog.de\/rotweinfest-ingelheim-weingenuss-umrahmt-von-altem-gemaeuer\/"},"wordCount":634,"publisher":{"@id":"https:\/\/rheinhessenblog.de\/#organization"},"image":{"@id":"https:\/\/rheinhessenblog.de\/rotweinfest-ingelheim-weingenuss-umrahmt-von-altem-gemaeuer\/#primaryimage"},"thumbnailUrl":"https:\/\/rheinhessenblog.de\/wp-content\/uploads\/2017\/10\/5235-rotweinfest-ingelheim-weinfest-ausgezeichnet-scaled.jpg","keywords":["Festivals \/ Events","Weingenuss"],"articleSection":["Kultur entdecken","Wein &amp; Kulinarik"],"inLanguage":"fr-FR"},{"@type":"WebPage","@id":"https:\/\/rheinhessenblog.de\/rotweinfest-ingelheim-weingenuss-umrahmt-von-altem-gemaeuer\/","url":"https:\/\/rheinhessenblog.de\/rotweinfest-ingelheim-weingenuss-umrahmt-von-altem-gemaeuer\/","name":"F\u00eate du vin rouge \u00e0 Ingelheim - Le plaisir du vin encadr\u00e9 par de vieux murs - Rheinhessen-Blog","isPartOf":{"@id":"https:\/\/rheinhessenblog.de\/#website"},"primaryImageOfPage":{"@id":"https:\/\/rheinhessenblog.de\/rotweinfest-ingelheim-weingenuss-umrahmt-von-altem-gemaeuer\/#primaryimage"},"image":{"@id":"https:\/\/rheinhessenblog.de\/rotweinfest-ingelheim-weingenuss-umrahmt-von-altem-gemaeuer\/#primaryimage"},"thumbnailUrl":"https:\/\/rheinhessenblog.de\/wp-content\/uploads\/2017\/10\/5235-rotweinfest-ingelheim-weinfest-ausgezeichnet-scaled.jpg","datePublished":"2017-10-06T07:10:39+00:00","dateModified":"2023-09-21T07:24:28+00:00","description":"Chaque ann\u00e9e, fin septembre, a lieu la f\u00eate du vin rouge d'Ingelheim. Mais je dois avouer que ce n'\u00e9tait pas une visite \u201etout \u00e0 fait normale\u201c de la f\u00eate du vin. Avec mes deux coll\u00e8gues Verena et Udo de Rheinhessenwein, j'\u00e9tais en route en tant que \"jury de la f\u00eate du vin\" pour Rheinhessen AUSGEZEICHNET ...","breadcrumb":{"@id":"https:\/\/rheinhessenblog.de\/rotweinfest-ingelheim-weingenuss-umrahmt-von-altem-gemaeuer\/#breadcrumb"},"inLanguage":"fr-FR","potentialAction":[{"@type":"ReadAction","target":["https:\/\/rheinhessenblog.de\/rotweinfest-ingelheim-weingenuss-umrahmt-von-altem-gemaeuer\/"]}]},{"@type":"ImageObject","inLanguage":"fr-FR","@id":"https:\/\/rheinhessenblog.de\/rotweinfest-ingelheim-weingenuss-umrahmt-von-altem-gemaeuer\/#primaryimage","url":"https:\/\/rheinhessenblog.de\/wp-content\/uploads\/2017\/10\/5235-rotweinfest-ingelheim-weinfest-ausgezeichnet-scaled.jpg","contentUrl":"https:\/\/rheinhessenblog.de\/wp-content\/uploads\/2017\/10\/5235-rotweinfest-ingelheim-weinfest-ausgezeichnet-scaled.jpg","width":2560,"height":1704},{"@type":"BreadcrumbList","@id":"https:\/\/rheinhessenblog.de\/rotweinfest-ingelheim-weingenuss-umrahmt-von-altem-gemaeuer\/#breadcrumb","itemListElement":[{"@type":"ListItem","position":1,"name":"Startseite","item":"https:\/\/rheinhessenblog.de\/"},{"@type":"ListItem","position":2,"name":"Rotweinfest Ingelheim \u2013 Weingenuss umrahmt von altem Gem\u00e4uer"}]},{"@type":"WebSite","@id":"https:\/\/rheinhessenblog.de\/#website","url":"https:\/\/rheinhessenblog.de\/","name":"Blog de la Hesse rh\u00e9nane","description":"","publisher":{"@id":"https:\/\/rheinhessenblog.de\/#organization"},"potentialAction":[{"@type":"SearchAction","target":{"@type":"EntryPoint","urlTemplate":"https:\/\/rheinhessenblog.de\/?s={search_term_string}"},"query-input":{"@type":"PropertyValueSpecification","valueRequired":true,"valueName":"search_term_string"}}],"inLanguage":"fr-FR"},{"@type":"Organization","@id":"https:\/\/rheinhessenblog.de\/#organization","name":"Blog de la Hesse rh\u00e9nane","url":"https:\/\/rheinhessenblog.de\/","logo":{"@type":"ImageObject","inLanguage":"fr-FR","@id":"https:\/\/rheinhessenblog.de\/#\/schema\/logo\/image\/","url":"https:\/\/rheinhessenblog.de\/wp-content\/uploads\/2023\/07\/Rheinhessenlogo.svg","contentUrl":"https:\/\/rheinhessenblog.de\/wp-content\/uploads\/2023\/07\/Rheinhessenlogo.svg","width":85,"height":26,"caption":"Rheinhessen-Blog"},"image":{"@id":"https:\/\/rheinhessenblog.de\/#\/schema\/logo\/image\/"}},{"@type":"Person","@id":"https:\/\/rheinhessenblog.de\/#\/schema\/person\/e0ff336f97e553a6bf78a3bfc9aeeed2","name":"Kathrin Saaler","description":"Je suis une vraie Rh\u00e9nane et j'aime partir \u00e0 la d\u00e9couverte de notre r\u00e9gion. En tant que coordinatrice de la marque ombrelle Rheinhessen, je dois savoir o\u00f9 il y a des choses \u00e0 faire et ce qui se passe dans le pays des mille collines ... Et tout cela de pr\u00e9f\u00e9rence avec un bon petit verre de vin et des d\u00e9lices de la Hesse rh\u00e9nane.","url":"https:\/\/rheinhessenblog.de\/fr\/author\/saaler\/"}]}},"_links":{"self":[{"href":"https:\/\/rheinhessenblog.de\/fr\/wp-json\/wp\/v2\/posts\/1202","targetHints":{"allow":["GET"]}}],"collection":[{"href":"https:\/\/rheinhessenblog.de\/fr\/wp-json\/wp\/v2\/posts"}],"about":[{"href":"https:\/\/rheinhessenblog.de\/fr\/wp-json\/wp\/v2\/types\/post"}],"author":[{"embeddable":true,"href":"https:\/\/rheinhessenblog.de\/fr\/wp-json\/wp\/v2\/users\/10"}],"replies":[{"embeddable":true,"href":"https:\/\/rheinhessenblog.de\/fr\/wp-json\/wp\/v2\/comments?post=1202"}],"version-history":[{"count":4,"href":"https:\/\/rheinhessenblog.de\/fr\/wp-json\/wp\/v2\/posts\/1202\/revisions"}],"predecessor-version":[{"id":12569,"href":"https:\/\/rheinhessenblog.de\/fr\/wp-json\/wp\/v2\/posts\/1202\/revisions\/12569"}],"wp:featuredmedia":[{"embeddable":true,"href":"https:\/\/rheinhessenblog.de\/fr\/wp-json\/wp\/v2\/media\/1203"}],"wp:attachment":[{"href":"https:\/\/rheinhessenblog.de\/fr\/wp-json\/wp\/v2\/media?parent=1202"}],"wp:term":[{"taxonomy":"category","embeddable":true,"href":"https:\/\/rheinhessenblog.de\/fr\/wp-json\/wp\/v2\/categories?post=1202"},{"taxonomy":"post_tag","embeddable":true,"href":"https:\/\/rheinhessenblog.de\/fr\/wp-json\/wp\/v2\/tags?post=1202"}],"curies":[{"name":"wp","href":"https:\/\/api.w.org\/{rel}","templated":true}]}}