{"id":17363,"date":"2026-04-02T15:52:32","date_gmt":"2026-04-02T13:52:32","guid":{"rendered":"https:\/\/rheinhessenblog.de\/?p=17363"},"modified":"2026-04-07T12:56:15","modified_gmt":"2026-04-07T10:56:15","slug":"alzey-conseils-directeur-de-musee","status":"publish","type":"post","link":"https:\/\/rheinhessenblog.de\/fr\/alzey-tipps-museumsdirektor\/","title":{"rendered":"\u00c0 la d\u00e9couverte d'Alzey avec le directeur du mus\u00e9e - Alzey en personne"},"content":{"rendered":"<div data-elementor-type=\"wp-post\" data-elementor-id=\"17363\" class=\"elementor elementor-17363\" data-elementor-settings=\"{&quot;ha_cmc_init_switcher&quot;:&quot;no&quot;}\" data-elementor-post-type=\"post\">\n\t\t\t\t<div class=\"elementor-element elementor-element-d1778e4 e-flex e-con-boxed e-con e-parent\" data-id=\"d1778e4\" data-element_type=\"container\" data-e-type=\"container\" data-settings=\"{&quot;_ha_eqh_enable&quot;:false}\">\n\t\t\t\t\t<div class=\"e-con-inner\">\n\t\t\t\t<div class=\"elementor-element elementor-element-ba0382a elementor-widget elementor-widget-text-editor\" data-id=\"ba0382a\" data-element_type=\"widget\" data-e-type=\"widget\" data-widget_type=\"text-editor.default\">\n\t\t\t\t<div class=\"elementor-widget-container\">\n\t\t\t\t\t\t\t\t\t<p><strong>Depuis le d\u00e9but de l'ann\u00e9e 2025, le professeur Dr. Tim Kerig, arch\u00e9ologue \u00e9conomique, dirige le <a href=\"https:\/\/www.rheinhessen.de\/a-museum-der-stadt-alzey\" target=\"_blank\" rel=\"noopener\">Mus\u00e9e<\/a> le <a href=\"https:\/\/www.rheinhessen.de\/alzey\" target=\"_blank\" rel=\"noopener\">Ville d'Alzey<\/a>. Gr\u00e2ce aux postes qu'il a occup\u00e9s jusqu'\u00e0 pr\u00e9sent, notamment \u00e0 Stuttgart, Cologne, au Danemark, en Suisse, aux \u00c9tats-Unis et en Angleterre, ainsi qu'aux fouilles qu'il a effectu\u00e9es dans des pays d'Europe centrale et en Irak, il apporte une grande clairvoyance.<\/strong><\/p>\t\t\t\t\t\t\t\t<\/div>\n\t\t\t\t<\/div>\n\t\t\t\t\t<\/div>\n\t\t\t\t<\/div>\n\t\t<div class=\"elementor-element elementor-element-df76d9c e-flex e-con-boxed e-con e-parent\" data-id=\"df76d9c\" data-element_type=\"container\" data-e-type=\"container\" data-settings=\"{&quot;_ha_eqh_enable&quot;:false}\">\n\t\t\t\t\t<div class=\"e-con-inner\">\n\t\t\t\t<div class=\"elementor-element elementor-element-9ef2cb6 elementor-widget elementor-widget-image\" data-id=\"9ef2cb6\" data-element_type=\"widget\" data-e-type=\"widget\" data-widget_type=\"image.default\">\n\t\t\t\t<div class=\"elementor-widget-container\">\n\t\t\t\t\t\t\t\t\t\t\t\t<figure class=\"wp-caption\">\n\t\t\t\t\t\t\t\t\t\t\t<a href=\"https:\/\/rheinhessenblog.de\/wp-content\/uploads\/2026\/04\/Prof-Dr-Tim-Kerig_3-scaled.jpeg\" data-elementor-open-lightbox=\"yes\" data-elementor-lightbox-title=\"Prof. Dr. Tim Kerig - Leiter des Museums Alzey\" data-e-action-hash=\"#elementor-action%3Aaction%3Dlightbox%26settings%3DeyJpZCI6MTczNDksInVybCI6Imh0dHBzOlwvXC9yaGVpbmhlc3NlbmJsb2cuZGVcL3dwLWNvbnRlbnRcL3VwbG9hZHNcLzIwMjZcLzA0XC9Qcm9mLURyLVRpbS1LZXJpZ18zLXNjYWxlZC5qcGVnIn0%3D\">\n\t\t\t\t\t\t\t<img fetchpriority=\"high\" decoding=\"async\" width=\"768\" height=\"1024\" src=\"https:\/\/rheinhessenblog.de\/wp-content\/uploads\/2026\/04\/Prof-Dr-Tim-Kerig_3-768x1024.jpeg\" class=\"attachment-large size-large wp-image-17349\" alt=\"Le directeur du mus\u00e9e de la ville d&#039;Alzey, le professeur Dr Tim Kerig, est un arch\u00e9ologue \u00e9conomique sp\u00e9cialis\u00e9 dans le n\u00e9olithique. Gr\u00e2ce aux postes qu&#039;il a occup\u00e9s jusqu&#039;\u00e0 pr\u00e9sent, notamment \u00e0 Stuttgart, Cologne, au Danemark, en Suisse, aux \u00c9tats-Unis et en Angleterre, ainsi qu&#039;aux fouilles qu&#039;il a effectu\u00e9es dans des pays d&#039;Europe centrale et en Irak, il apporte une grande clairvoyance.\" srcset=\"https:\/\/rheinhessenblog.de\/wp-content\/uploads\/2026\/04\/Prof-Dr-Tim-Kerig_3-768x1024.jpeg 768w, https:\/\/rheinhessenblog.de\/wp-content\/uploads\/2026\/04\/Prof-Dr-Tim-Kerig_3-225x300.jpeg 225w, https:\/\/rheinhessenblog.de\/wp-content\/uploads\/2026\/04\/Prof-Dr-Tim-Kerig_3-1152x1536.jpeg 1152w, https:\/\/rheinhessenblog.de\/wp-content\/uploads\/2026\/04\/Prof-Dr-Tim-Kerig_3-1536x2048.jpeg 1536w, https:\/\/rheinhessenblog.de\/wp-content\/uploads\/2026\/04\/Prof-Dr-Tim-Kerig_3-9x12.jpeg 9w, https:\/\/rheinhessenblog.de\/wp-content\/uploads\/2026\/04\/Prof-Dr-Tim-Kerig_3-scaled.jpeg 1920w\" sizes=\"(max-width: 768px) 100vw, 768px\" \/>\t\t\t\t\t\t\t\t<\/a>\n\t\t\t\t\t\t\t\t\t\t\t<figcaption class=\"widget-image-caption wp-caption-text\">Tim Kerig - directeur du mus\u00e9e de la ville d'Alzey (c) Museum der Stadt Alzey<\/figcaption>\n\t\t\t\t\t\t\t\t\t\t<\/figure>\n\t\t\t\t\t\t\t\t\t<\/div>\n\t\t\t\t<\/div>\n\t\t\t\t\t<\/div>\n\t\t\t\t<\/div>\n\t\t<div class=\"elementor-element elementor-element-9fdf12a e-flex e-con-boxed e-con e-parent\" data-id=\"9fdf12a\" data-element_type=\"container\" data-e-type=\"container\" data-settings=\"{&quot;_ha_eqh_enable&quot;:false}\">\n\t\t\t\t\t<div class=\"e-con-inner\">\n\t\t\t\t<div class=\"elementor-element elementor-element-bf6bb8e elementor-widget elementor-widget-heading\" data-id=\"bf6bb8e\" data-element_type=\"widget\" data-e-type=\"widget\" data-widget_type=\"heading.default\">\n\t\t\t\t<div class=\"elementor-widget-container\">\n\t\t\t\t\t<h2 class=\"elementor-heading-title elementor-size-default\">Alzey - Charmant et digne d'\u00eatre v\u00e9cu<\/h2>\t\t\t\t<\/div>\n\t\t\t\t<\/div>\n\t\t\t\t\t<\/div>\n\t\t\t\t<\/div>\n\t\t<div class=\"elementor-element elementor-element-48bc4fb e-flex e-con-boxed e-con e-parent\" data-id=\"48bc4fb\" data-element_type=\"container\" data-e-type=\"container\" data-settings=\"{&quot;_ha_eqh_enable&quot;:false}\">\n\t\t\t\t\t<div class=\"e-con-inner\">\n\t\t\t\t<div class=\"elementor-element elementor-element-fe66ae3 elementor-widget elementor-widget-text-editor\" data-id=\"fe66ae3\" data-element_type=\"widget\" data-e-type=\"widget\" data-widget_type=\"text-editor.default\">\n\t\t\t\t<div class=\"elementor-widget-container\">\n\t\t\t\t\t\t\t\t\t<p>Certains disent qu'elle est la capitale secr\u00e8te de la Hesse rh\u00e9nane. <a href=\"https:\/\/rheinhessenblog.de\/fr\/alzey-pour-tomber-amoureux-ce-qui-fait-le-charme-de-la-ville-populaire-pour-les-habitants-et-les-visiteurs\/\" target=\"_blank\" rel=\"noopener\">En tout cas, Alzey est une ville charmante<\/a> avec une histoire et une culture riches. Le m\u00e9lange vivant de choses \u00e0 voir, de shopping, de restaurants, d'\u00e9v\u00e9nements et de possibilit\u00e9s d'excursions la rend si attrayante. Cela enthousiasme \u00e9galement Tim Kerig qui, en tant que nouveau citoyen, d\u00e9couvre de plus en plus de lieux pr\u00e9f\u00e9r\u00e9s : \u201eLa ville est conviviale et accueillante. Elle a conserv\u00e9 son vieux centre et sa structure \u00e0 petite \u00e9chelle, tout en continuant \u00e0 se d\u00e9velopper avec un grand engagement citoyen\u201c.\u201c<\/p>\t\t\t\t\t\t\t\t<\/div>\n\t\t\t\t<\/div>\n\t\t\t\t\t<\/div>\n\t\t\t\t<\/div>\n\t\t<div class=\"elementor-element elementor-element-81847a1 e-flex e-con-boxed e-con e-parent\" data-id=\"81847a1\" data-element_type=\"container\" data-e-type=\"container\" data-settings=\"{&quot;_ha_eqh_enable&quot;:false}\">\n\t\t\t\t\t<div class=\"e-con-inner\">\n\t\t\t\t<div class=\"elementor-element elementor-element-0c4d97a elementor-widget elementor-widget-heading\" data-id=\"0c4d97a\" data-element_type=\"widget\" data-e-type=\"widget\" data-widget_type=\"heading.default\">\n\t\t\t\t<div class=\"elementor-widget-container\">\n\t\t\t\t\t<h2 class=\"elementor-heading-title elementor-size-default\">March\u00e9 de Ross d\u00e9contract\u00e9<\/h2>\t\t\t\t<\/div>\n\t\t\t\t<\/div>\n\t\t\t\t\t<\/div>\n\t\t\t\t<\/div>\n\t\t<div class=\"elementor-element elementor-element-a238ee8 e-flex e-con-boxed e-con e-parent\" data-id=\"a238ee8\" data-element_type=\"container\" data-e-type=\"container\" data-settings=\"{&quot;_ha_eqh_enable&quot;:false}\">\n\t\t\t\t\t<div class=\"e-con-inner\">\n\t\t\t\t<div class=\"elementor-element elementor-element-6bfc5b6 elementor-widget elementor-widget-text-editor\" data-id=\"6bfc5b6\" data-element_type=\"widget\" data-e-type=\"widget\" data-widget_type=\"text-editor.default\">\n\t\t\t\t<div class=\"elementor-widget-container\">\n\t\t\t\t\t\t\t\t\t<p>Le c\u0153ur de la ville bat au centre <a href=\"https:\/\/www.rheinhessen.de\/a-rossmarkt\" target=\"_blank\" rel=\"noopener\">March\u00e9 aux chevaux<\/a>, qui est d\u00e9cor\u00e9e de jolies maisons \u00e0 colombages. La place est marqu\u00e9e par une fontaine d\u00e9di\u00e9e \u00e0 Volker von Alzey de la Chanson des Nibelungen. Les fontaines d'eau sont surplomb\u00e9es par Max, un cheval de bronze grandeur nature et sans cavalier.<\/p>\t\t\t\t\t\t\t\t<\/div>\n\t\t\t\t<\/div>\n\t\t\t\t\t<\/div>\n\t\t\t\t<\/div>\n\t\t<div class=\"elementor-element elementor-element-1ddd43d e-flex e-con-boxed e-con e-parent\" data-id=\"1ddd43d\" data-element_type=\"container\" data-e-type=\"container\" data-settings=\"{&quot;_ha_eqh_enable&quot;:false}\">\n\t\t\t\t\t<div class=\"e-con-inner\">\n\t\t\t\t<div class=\"elementor-element elementor-element-7aa9797 elementor-widget elementor-widget-image\" data-id=\"7aa9797\" data-element_type=\"widget\" data-e-type=\"widget\" data-widget_type=\"image.default\">\n\t\t\t\t<div class=\"elementor-widget-container\">\n\t\t\t\t\t\t\t\t\t\t\t\t<figure class=\"wp-caption\">\n\t\t\t\t\t\t\t\t\t\t\t<a href=\"https:\/\/rheinhessenblog.de\/wp-content\/uploads\/2026\/04\/Marktbrunnen_Rossmarkt_Alzey_4-scaled.jpg\" data-elementor-open-lightbox=\"yes\" data-elementor-lightbox-title=\"Der Marktbrunnen am Rossmarkt in Alzey - mit dem Bronzepferd des Spielmanns Volker von Alzey\" data-elementor-lightbox-description=\"Der Marktbrunnen am Rossmarkt in Alzey - mit dem Bronzepferd des Spielmanns Volker von Alzey\" data-e-action-hash=\"#elementor-action%3Aaction%3Dlightbox%26settings%3DeyJpZCI6MTczNTMsInVybCI6Imh0dHBzOlwvXC9yaGVpbmhlc3NlbmJsb2cuZGVcL3dwLWNvbnRlbnRcL3VwbG9hZHNcLzIwMjZcLzA0XC9NYXJrdGJydW5uZW5fUm9zc21hcmt0X0FsemV5XzQtc2NhbGVkLmpwZyJ9\">\n\t\t\t\t\t\t\t<img decoding=\"async\" width=\"800\" height=\"615\" src=\"https:\/\/rheinhessenblog.de\/wp-content\/uploads\/2026\/04\/Marktbrunnen_Rossmarkt_Alzey_4-1024x787.jpg\" class=\"attachment-large size-large wp-image-17353\" alt=\"La fontaine du march\u00e9 sur le Rossmarkt \u00e0 Alzey - avec le cheval de bronze du musicien Volker von Alzey\" srcset=\"https:\/\/rheinhessenblog.de\/wp-content\/uploads\/2026\/04\/Marktbrunnen_Rossmarkt_Alzey_4-1024x787.jpg 1024w, https:\/\/rheinhessenblog.de\/wp-content\/uploads\/2026\/04\/Marktbrunnen_Rossmarkt_Alzey_4-300x230.jpg 300w, https:\/\/rheinhessenblog.de\/wp-content\/uploads\/2026\/04\/Marktbrunnen_Rossmarkt_Alzey_4-768x590.jpg 768w, https:\/\/rheinhessenblog.de\/wp-content\/uploads\/2026\/04\/Marktbrunnen_Rossmarkt_Alzey_4-1536x1180.jpg 1536w, https:\/\/rheinhessenblog.de\/wp-content\/uploads\/2026\/04\/Marktbrunnen_Rossmarkt_Alzey_4-2048x1573.jpg 2048w, https:\/\/rheinhessenblog.de\/wp-content\/uploads\/2026\/04\/Marktbrunnen_Rossmarkt_Alzey_4-16x12.jpg 16w\" sizes=\"(max-width: 800px) 100vw, 800px\" \/>\t\t\t\t\t\t\t\t<\/a>\n\t\t\t\t\t\t\t\t\t\t\t<figcaption class=\"widget-image-caption wp-caption-text\">La fontaine du march\u00e9 sur le Rossmarkt \u00e0 Alzey - avec le cheval de bronze du musicien Volker von Alzey<\/figcaption>\n\t\t\t\t\t\t\t\t\t\t<\/figure>\n\t\t\t\t\t\t\t\t\t<\/div>\n\t\t\t\t<\/div>\n\t\t\t\t\t<\/div>\n\t\t\t\t<\/div>\n\t\t<div class=\"elementor-element elementor-element-8f42c3d e-flex e-con-boxed e-con e-parent\" data-id=\"8f42c3d\" data-element_type=\"container\" data-e-type=\"container\" data-settings=\"{&quot;_ha_eqh_enable&quot;:false}\">\n\t\t\t\t\t<div class=\"e-con-inner\">\n\t\t\t\t<div class=\"elementor-element elementor-element-f63ec7e elementor-widget elementor-widget-text-editor\" data-id=\"f63ec7e\" data-element_type=\"widget\" data-e-type=\"widget\" data-widget_type=\"text-editor.default\">\n\t\t\t\t<div class=\"elementor-widget-container\">\n\t\t\t\t\t\t\t\t\t<p>Tim Kerig aime l'id\u00e9e que Volker soit descendu de son grand cheval : \u201eCela permet aux enfants de se mettre en selle. C'est agr\u00e9able de les voir s'amuser\u201c.<\/p>\t\t\t\t\t\t\t\t<\/div>\n\t\t\t\t<\/div>\n\t\t\t\t\t<\/div>\n\t\t\t\t<\/div>\n\t\t<div class=\"elementor-element elementor-element-77712db e-flex e-con-boxed e-con e-parent\" data-id=\"77712db\" data-element_type=\"container\" data-e-type=\"container\" data-settings=\"{&quot;_ha_eqh_enable&quot;:false}\">\n\t\t\t\t\t<div class=\"e-con-inner\">\n\t\t\t\t<div class=\"elementor-element elementor-element-797a277 elementor-widget elementor-widget-heading\" data-id=\"797a277\" data-element_type=\"widget\" data-e-type=\"widget\" data-widget_type=\"heading.default\">\n\t\t\t\t<div class=\"elementor-widget-container\">\n\t\t\t\t\t<h3 class=\"elementor-heading-title elementor-size-default\">D\u00e9lices r\u00e9gionaux et internationaux<\/h3>\t\t\t\t<\/div>\n\t\t\t\t<\/div>\n\t\t\t\t\t<\/div>\n\t\t\t\t<\/div>\n\t\t<div class=\"elementor-element elementor-element-21e03ef e-flex e-con-boxed e-con e-parent\" data-id=\"21e03ef\" data-element_type=\"container\" data-e-type=\"container\" data-settings=\"{&quot;_ha_eqh_enable&quot;:false}\">\n\t\t\t\t\t<div class=\"e-con-inner\">\n\t\t\t\t<div class=\"elementor-element elementor-element-e82e8f6 elementor-widget elementor-widget-text-editor\" data-id=\"e82e8f6\" data-element_type=\"widget\" data-e-type=\"widget\" data-widget_type=\"text-editor.default\">\n\t\t\t\t<div class=\"elementor-widget-container\">\n\t\t\t\t\t\t\t\t\t<p>Que ce soit au c\u0153ur de l'action ou un peu \u00e0 l'\u00e9cart, Tim Kerig a d\u00e9j\u00e0 constat\u00e9 que l'offre culinaire entre le mus\u00e9e et le Rossmarkt est tr\u00e8s diversifi\u00e9e. Des places de spectateurs au premier rang, pr\u00e8s de la Volkerbrunnen, sont offertes par le Weinstube, qui propose des sp\u00e9cialit\u00e9s de la Hesse rh\u00e9nane, le Wbar, qui propose des d\u00e9lices internationaux, et le caf\u00e9-glacier. Directement sur la place du mus\u00e9e, Tim Kerig appr\u00e9cie le Caf\u00e9 Selzgold, sp\u00e9cialiste du caf\u00e9. Une petite excursion vaut la peine au Poppenschenke, riche en traditions, o\u00f9 l'on peut d\u00e9guster de d\u00e9licieux produits issus de la boucherie de l'entreprise.<\/p>\t\t\t\t\t\t\t\t<\/div>\n\t\t\t\t<\/div>\n\t\t\t\t\t<\/div>\n\t\t\t\t<\/div>\n\t\t<div class=\"elementor-element elementor-element-4a0b451 e-flex e-con-boxed e-con e-parent\" data-id=\"4a0b451\" data-element_type=\"container\" data-e-type=\"container\" data-settings=\"{&quot;_ha_eqh_enable&quot;:false}\">\n\t\t\t\t\t<div class=\"e-con-inner\">\n\t\t\t\t<div class=\"elementor-element elementor-element-3b1ac2b elementor-widget elementor-widget-image\" data-id=\"3b1ac2b\" data-element_type=\"widget\" data-e-type=\"widget\" data-widget_type=\"image.default\">\n\t\t\t\t<div class=\"elementor-widget-container\">\n\t\t\t\t\t\t\t\t\t\t\t\t<figure class=\"wp-caption\">\n\t\t\t\t\t\t\t\t\t\t\t<a href=\"https:\/\/rheinhessenblog.de\/wp-content\/uploads\/2026\/04\/Rheinhessen-2021-509-Alzey-Poppenschenke-scaled.jpg\" data-elementor-open-lightbox=\"yes\" data-elementor-lightbox-title=\"Die Poppenschenke in Alzey\" data-e-action-hash=\"#elementor-action%3Aaction%3Dlightbox%26settings%3DeyJpZCI6MTczNjcsInVybCI6Imh0dHBzOlwvXC9yaGVpbmhlc3NlbmJsb2cuZGVcL3dwLWNvbnRlbnRcL3VwbG9hZHNcLzIwMjZcLzA0XC9SaGVpbmhlc3Nlbi0yMDIxLTUwOS1BbHpleS1Qb3BwZW5zY2hlbmtlLXNjYWxlZC5qcGcifQ%3D%3D\">\n\t\t\t\t\t\t\t<img decoding=\"async\" width=\"800\" height=\"534\" src=\"https:\/\/rheinhessenblog.de\/wp-content\/uploads\/2026\/04\/Rheinhessen-2021-509-Alzey-Poppenschenke-1024x683.jpg\" class=\"attachment-large size-large wp-image-17367\" alt=\"Gastronomie typique \u00e0 base de vin avec une belle cour int\u00e9rieure : le Poppenschenke \u00e0 Alzey\" srcset=\"https:\/\/rheinhessenblog.de\/wp-content\/uploads\/2026\/04\/Rheinhessen-2021-509-Alzey-Poppenschenke-1024x683.jpg 1024w, https:\/\/rheinhessenblog.de\/wp-content\/uploads\/2026\/04\/Rheinhessen-2021-509-Alzey-Poppenschenke-300x200.jpg 300w, https:\/\/rheinhessenblog.de\/wp-content\/uploads\/2026\/04\/Rheinhessen-2021-509-Alzey-Poppenschenke-768x512.jpg 768w, https:\/\/rheinhessenblog.de\/wp-content\/uploads\/2026\/04\/Rheinhessen-2021-509-Alzey-Poppenschenke-1536x1024.jpg 1536w, https:\/\/rheinhessenblog.de\/wp-content\/uploads\/2026\/04\/Rheinhessen-2021-509-Alzey-Poppenschenke-2048x1365.jpg 2048w, https:\/\/rheinhessenblog.de\/wp-content\/uploads\/2026\/04\/Rheinhessen-2021-509-Alzey-Poppenschenke-18x12.jpg 18w\" sizes=\"(max-width: 800px) 100vw, 800px\" \/>\t\t\t\t\t\t\t\t<\/a>\n\t\t\t\t\t\t\t\t\t\t\t<figcaption class=\"widget-image-caption wp-caption-text\">Le restaurant Poppenschenke \u00e0 Alzey (c) Dominik Ketz<\/figcaption>\n\t\t\t\t\t\t\t\t\t\t<\/figure>\n\t\t\t\t\t\t\t\t\t<\/div>\n\t\t\t\t<\/div>\n\t\t\t\t\t<\/div>\n\t\t\t\t<\/div>\n\t\t<div class=\"elementor-element elementor-element-38564b0 e-flex e-con-boxed e-con e-parent\" data-id=\"38564b0\" data-element_type=\"container\" data-e-type=\"container\" data-settings=\"{&quot;_ha_eqh_enable&quot;:false}\">\n\t\t\t\t\t<div class=\"e-con-inner\">\n\t\t\t\t<div class=\"elementor-element elementor-element-6c4c07f elementor-widget elementor-widget-heading\" data-id=\"6c4c07f\" data-element_type=\"widget\" data-e-type=\"widget\" data-widget_type=\"heading.default\">\n\t\t\t\t<div class=\"elementor-widget-container\">\n\t\t\t\t\t<h3 class=\"elementor-heading-title elementor-size-default\">Plaisir du shopping<\/h3>\t\t\t\t<\/div>\n\t\t\t\t<\/div>\n\t\t\t\t\t<\/div>\n\t\t\t\t<\/div>\n\t\t<div class=\"elementor-element elementor-element-b4edb64 e-flex e-con-boxed e-con e-parent\" data-id=\"b4edb64\" data-element_type=\"container\" data-e-type=\"container\" data-settings=\"{&quot;_ha_eqh_enable&quot;:false}\">\n\t\t\t\t\t<div class=\"e-con-inner\">\n\t\t\t\t<div class=\"elementor-element elementor-element-46d5c1c elementor-widget elementor-widget-text-editor\" data-id=\"46d5c1c\" data-element_type=\"widget\" data-e-type=\"widget\" data-widget_type=\"text-editor.default\">\n\t\t\t\t<div class=\"elementor-widget-container\">\n\t\t\t\t\t\t\t\t\t<p>Pour se rendre du mus\u00e9e au centre-ville, il faut passer par la zone pi\u00e9tonne anim\u00e9e de l'Antoniterstra\u00dfe - une v\u00e9ritable art\u00e8re commer\u00e7ante. \u00c0 Alzey, de nombreuses boutiques individuelles g\u00e9r\u00e9es par les propri\u00e9taires survivent : pour les v\u00eatements, les chaussures, les jouets et bien d'autres choses encore. Le directeur du mus\u00e9e s'arr\u00eate volontiers \u00e0 la librairie Machwirth : \u201eNous organisons aussi des lectures ensemble\u201c. Les bouchers locaux sont un autre arr\u00eat : \u201eOn peut y croquer avec plaisir dans n'importe quelle saucisse, et pas seulement dans la saucisse de viande, la \u201eSignature Sausage\u201c de la r\u00e9gion\u201c.\u00a0<\/p>\t\t\t\t\t\t\t\t<\/div>\n\t\t\t\t<\/div>\n\t\t\t\t\t<\/div>\n\t\t\t\t<\/div>\n\t\t<div class=\"elementor-element elementor-element-2457b05 e-flex e-con-boxed e-con e-parent\" data-id=\"2457b05\" data-element_type=\"container\" data-e-type=\"container\" data-settings=\"{&quot;_ha_eqh_enable&quot;:false}\">\n\t\t\t\t\t<div class=\"e-con-inner\">\n\t\t\t\t<div class=\"elementor-element elementor-element-3e541fa elementor-widget elementor-widget-heading\" data-id=\"3e541fa\" data-element_type=\"widget\" data-e-type=\"widget\" data-widget_type=\"heading.default\">\n\t\t\t\t<div class=\"elementor-widget-container\">\n\t\t\t\t\t<h2 class=\"elementor-heading-title elementor-size-default\">D\u00e9couvertes historiques<\/h2>\t\t\t\t<\/div>\n\t\t\t\t<\/div>\n\t\t\t\t\t<\/div>\n\t\t\t\t<\/div>\n\t\t<div class=\"elementor-element elementor-element-6a43264 e-flex e-con-boxed e-con e-parent\" data-id=\"6a43264\" data-element_type=\"container\" data-e-type=\"container\" data-settings=\"{&quot;_ha_eqh_enable&quot;:false}\">\n\t\t\t\t\t<div class=\"e-con-inner\">\n\t\t\t\t<div class=\"elementor-element elementor-element-85b6806 elementor-widget elementor-widget-text-editor\" data-id=\"85b6806\" data-element_type=\"widget\" data-e-type=\"widget\" data-widget_type=\"text-editor.default\">\n\t\t\t\t<div class=\"elementor-widget-container\">\n\t\t\t\t\t\t\t\t\t<p><a href=\"https:\/\/www.alzey.de\/leben-freizeit\/tourismus-kultur\/historisches\/alzey-stadtspaziergang-fuer-alle-2024.pdf?cid=zbg\" target=\"_blank\" rel=\"noopener\">Un bel itin\u00e9raire de promenade<\/a> m\u00e8ne du Rossmarkt au ch\u00e2teau en passant par les arches. Dans la cour int\u00e9rieure, les murs historiques et les arbres invitent \u00e0 la d\u00e9tente. En passant par des ruelles idylliques, on d\u00e9couvre des sites remarquables comme l'h\u00f4tel de ville Renaissance avec son carillon et le march\u00e9 aux poissons avec sa fontaine Undinen. Les vestiges des remparts de la ville avec leurs tours restaur\u00e9es d\u00e9gagent \u00e9galement beaucoup de charme. On trouve partout des \u0153uvres d'art et des monuments, comme le buste du viticulteur d'Alzey Georg Scheu. C'est \u00e0 lui que l'on doit des c\u00e9pages comme le Scheurebe ou le W\u00fcrzer.<\/p>\t\t\t\t\t\t\t\t<\/div>\n\t\t\t\t<\/div>\n\t\t\t\t\t<\/div>\n\t\t\t\t<\/div>\n\t\t<div class=\"elementor-element elementor-element-cc85ac8 e-flex e-con-boxed e-con e-parent\" data-id=\"cc85ac8\" data-element_type=\"container\" data-e-type=\"container\" data-settings=\"{&quot;_ha_eqh_enable&quot;:false}\">\n\t\t\t\t\t<div class=\"e-con-inner\">\n\t\t\t\t<div class=\"elementor-element elementor-element-9668b11 elementor-widget elementor-widget-image-gallery\" data-id=\"9668b11\" data-element_type=\"widget\" data-e-type=\"widget\" data-widget_type=\"image-gallery.default\">\n\t\t\t\t<div class=\"elementor-widget-container\">\n\t\t\t\t\t\t\t<div class=\"elementor-image-gallery\">\n\t\t\t\n<a data-elementor-open-lightbox=\"yes\" data-elementor-lightbox-slideshow=\"9668b11\" data-elementor-lightbox-title=\"Nachtw\u00e4chterf\u00fchrung an der Stadtmauer in Alzey\" data-e-action-hash=\"#elementor-action%3Aaction%3Dlightbox%26settings%3DeyJpZCI6Nzg5NywidXJsIjoiaHR0cHM6XC9cL3JoZWluaGVzc2VuYmxvZy5kZVwvd3AtY29udGVudFwvdXBsb2Fkc1wvMjAyMlwvMDJcL05hY2h0d2FlY2h0ZXJmdWVocnVuZy1BbHpleS1SaGVpbmhlc3Nlbi0yMDIxLTA5MzItQWx6ZXkuanBnIiwic2xpZGVzaG93IjoiOTY2OGIxMSJ9\" href='https:\/\/rheinhessenblog.de\/wp-content\/uploads\/2022\/02\/Nachtwaechterfuehrung-Alzey-Rheinhessen-2021-0932-Alzey.jpg'><img loading=\"lazy\" decoding=\"async\" width=\"768\" height=\"1152\" src=\"https:\/\/rheinhessenblog.de\/wp-content\/uploads\/2022\/02\/Nachtwaechterfuehrung-Alzey-Rheinhessen-2021-0932-Alzey-768x1152.jpg\" class=\"attachment-medium_large size-medium_large\" alt=\"Visite guid\u00e9e du veilleur de nuit sur les remparts d&#039;Alzey\" srcset=\"https:\/\/rheinhessenblog.de\/wp-content\/uploads\/2022\/02\/Nachtwaechterfuehrung-Alzey-Rheinhessen-2021-0932-Alzey-768x1152.jpg 768w, https:\/\/rheinhessenblog.de\/wp-content\/uploads\/2022\/02\/Nachtwaechterfuehrung-Alzey-Rheinhessen-2021-0932-Alzey-200x300.jpg 200w, https:\/\/rheinhessenblog.de\/wp-content\/uploads\/2022\/02\/Nachtwaechterfuehrung-Alzey-Rheinhessen-2021-0932-Alzey-683x1024.jpg 683w, https:\/\/rheinhessenblog.de\/wp-content\/uploads\/2022\/02\/Nachtwaechterfuehrung-Alzey-Rheinhessen-2021-0932-Alzey-1024x1536.jpg 1024w, https:\/\/rheinhessenblog.de\/wp-content\/uploads\/2022\/02\/Nachtwaechterfuehrung-Alzey-Rheinhessen-2021-0932-Alzey-1366x2048.jpg 1366w, https:\/\/rheinhessenblog.de\/wp-content\/uploads\/2022\/02\/Nachtwaechterfuehrung-Alzey-Rheinhessen-2021-0932-Alzey.jpg 1707w\" sizes=\"(max-width: 768px) 100vw, 768px\" \/><\/a>\n<a data-elementor-open-lightbox=\"yes\" data-elementor-lightbox-slideshow=\"9668b11\" data-elementor-lightbox-title=\"Das Tor zum Schloss in alzeyschloss\" data-e-action-hash=\"#elementor-action%3Aaction%3Dlightbox%26settings%3DeyJpZCI6NDIyMCwidXJsIjoiaHR0cHM6XC9cL3JoZWluaGVzc2VuYmxvZy5kZVwvd3AtY29udGVudFwvdXBsb2Fkc1wvMjAxOVwvMTBcL2JpZXItYnJhdWVyLWZ1ZWhydW5nLWFsemV5LXNjaGxvc3Mtc2NhbGVkLmpwZyIsInNsaWRlc2hvdyI6Ijk2NjhiMTEifQ%3D%3D\" href='https:\/\/rheinhessenblog.de\/wp-content\/uploads\/2019\/10\/bier-brauer-fuehrung-alzey-schloss-scaled.jpg'><img loading=\"lazy\" decoding=\"async\" width=\"768\" height=\"1152\" src=\"https:\/\/rheinhessenblog.de\/wp-content\/uploads\/2019\/10\/bier-brauer-fuehrung-alzey-schloss-768x1152.jpg\" class=\"attachment-medium_large size-medium_large\" alt=\"\" srcset=\"https:\/\/rheinhessenblog.de\/wp-content\/uploads\/2019\/10\/bier-brauer-fuehrung-alzey-schloss-768x1152.jpg 768w, https:\/\/rheinhessenblog.de\/wp-content\/uploads\/2019\/10\/bier-brauer-fuehrung-alzey-schloss-200x300.jpg 200w, https:\/\/rheinhessenblog.de\/wp-content\/uploads\/2019\/10\/bier-brauer-fuehrung-alzey-schloss-683x1024.jpg 683w, https:\/\/rheinhessenblog.de\/wp-content\/uploads\/2019\/10\/bier-brauer-fuehrung-alzey-schloss-1024x1536.jpg 1024w, https:\/\/rheinhessenblog.de\/wp-content\/uploads\/2019\/10\/bier-brauer-fuehrung-alzey-schloss-1365x2048.jpg 1365w, https:\/\/rheinhessenblog.de\/wp-content\/uploads\/2019\/10\/bier-brauer-fuehrung-alzey-schloss-scaled.jpg 1707w\" sizes=\"(max-width: 768px) 100vw, 768px\" \/><\/a>\n<a data-elementor-open-lightbox=\"yes\" data-elementor-lightbox-slideshow=\"9668b11\" data-elementor-lightbox-title=\"Undinebrunnen in Alzey\" data-e-action-hash=\"#elementor-action%3Aaction%3Dlightbox%26settings%3DeyJpZCI6MTczODAsInVybCI6Imh0dHBzOlwvXC9yaGVpbmhlc3NlbmJsb2cuZGVcL3dwLWNvbnRlbnRcL3VwbG9hZHNcLzIwMjZcLzA0XC9SaGVpbmhlc3Nlbi0yMDIxLTQ5Ny1BbHpleS5qcGciLCJzbGlkZXNob3ciOiI5NjY4YjExIn0%3D\" href='https:\/\/rheinhessenblog.de\/wp-content\/uploads\/2026\/04\/Rheinhessen-2021-497-Alzey.jpg'><img loading=\"lazy\" decoding=\"async\" width=\"667\" height=\"1000\" src=\"https:\/\/rheinhessenblog.de\/wp-content\/uploads\/2026\/04\/Rheinhessen-2021-497-Alzey.jpg\" class=\"attachment-medium_large size-medium_large\" alt=\"\" srcset=\"https:\/\/rheinhessenblog.de\/wp-content\/uploads\/2026\/04\/Rheinhessen-2021-497-Alzey.jpg 667w, https:\/\/rheinhessenblog.de\/wp-content\/uploads\/2026\/04\/Rheinhessen-2021-497-Alzey-200x300.jpg 200w, https:\/\/rheinhessenblog.de\/wp-content\/uploads\/2026\/04\/Rheinhessen-2021-497-Alzey-8x12.jpg 8w\" sizes=\"(max-width: 667px) 100vw, 667px\" \/><\/a>\n\t\t<\/div>\n\t\t\t\t\t\t<\/div>\n\t\t\t\t<\/div>\n\t\t\t\t\t<\/div>\n\t\t\t\t<\/div>\n\t\t<div class=\"elementor-element elementor-element-3656740 e-flex e-con-boxed e-con e-parent\" data-id=\"3656740\" data-element_type=\"container\" data-e-type=\"container\" data-settings=\"{&quot;_ha_eqh_enable&quot;:false}\">\n\t\t\t\t\t<div class=\"e-con-inner\">\n\t\t\t\t<div class=\"elementor-element elementor-element-c61b58a elementor-widget elementor-widget-heading\" data-id=\"c61b58a\" data-element_type=\"widget\" data-e-type=\"widget\" data-widget_type=\"heading.default\">\n\t\t\t\t<div class=\"elementor-widget-container\">\n\t\t\t\t\t<h3 class=\"elementor-heading-title elementor-size-default\">D\u00e9guster et offrir du vin<\/h3>\t\t\t\t<\/div>\n\t\t\t\t<\/div>\n\t\t\t\t\t<\/div>\n\t\t\t\t<\/div>\n\t\t<div class=\"elementor-element elementor-element-94585fc e-flex e-con-boxed e-con e-parent\" data-id=\"94585fc\" data-element_type=\"container\" data-e-type=\"container\" data-settings=\"{&quot;_ha_eqh_enable&quot;:false}\">\n\t\t\t\t\t<div class=\"e-con-inner\">\n\t\t\t\t<div class=\"elementor-element elementor-element-2683002 elementor-widget elementor-widget-text-editor\" data-id=\"2683002\" data-element_type=\"widget\" data-e-type=\"widget\" data-widget_type=\"text-editor.default\">\n\t\t\t\t<div class=\"elementor-widget-container\">\n\t\t\t\t\t\t\t\t\t<p>\u00c0 propos de vignes : \u201ePour les excellents vins de la r\u00e9gion, il faut tout simplement go\u00fbter, par exemple dans les Rheinhessen-AUSGEZEICHNERT <a href=\"https:\/\/www.rheinhessen.de\/ausgezeichnete-vinotheken\/a-vinothek-weingut-der-stadt-alzey\" target=\"_blank\" rel=\"noopener\">Vinoth\u00e8ques du domaine viticole de la ville d'Alzey<\/a> ou dans le <a href=\"https:\/\/www.rheinhessen.de\/ausgezeichnete-vinotheken\/a-vinothek-weinladen-im-weinhotel-kaisergarten\" target=\"_blank\" rel=\"noopener\">H\u00f4tel du vin Kaisergarten<\/a>, dit Tim Kerig. De nombreuses pi\u00e8ces de mus\u00e9e fossiles ont \u00e9t\u00e9 trouv\u00e9es dans les vignobles. Il aime donc d'autant plus offrir de bons vins issus de ces vignobles \u00e0 ses coll\u00e8gues.<\/p>\t\t\t\t\t\t\t\t<\/div>\n\t\t\t\t<\/div>\n\t\t\t\t\t<\/div>\n\t\t\t\t<\/div>\n\t\t<div class=\"elementor-element elementor-element-028b886 e-flex e-con-boxed e-con e-parent\" data-id=\"028b886\" data-element_type=\"container\" data-e-type=\"container\" data-settings=\"{&quot;_ha_eqh_enable&quot;:false}\">\n\t\t\t\t\t<div class=\"e-con-inner\">\n\t\t\t\t<div class=\"elementor-element elementor-element-5f3076f elementor-widget elementor-widget-image\" data-id=\"5f3076f\" data-element_type=\"widget\" data-e-type=\"widget\" data-widget_type=\"image.default\">\n\t\t\t\t<div class=\"elementor-widget-container\">\n\t\t\t\t\t\t\t\t\t\t\t\t<figure class=\"wp-caption\">\n\t\t\t\t\t\t\t\t\t\t\t<a href=\"https:\/\/rheinhessenblog.de\/wp-content\/uploads\/2026\/04\/Vinothek_Weingut_Stadt_Alzey_Becker_9-scaled.jpg\" data-elementor-open-lightbox=\"yes\" data-elementor-lightbox-title=\"Vinothek Weingut der Stadt Alzey und Weingut Becker\" data-e-action-hash=\"#elementor-action%3Aaction%3Dlightbox%26settings%3DeyJpZCI6MTczODMsInVybCI6Imh0dHBzOlwvXC9yaGVpbmhlc3NlbmJsb2cuZGVcL3dwLWNvbnRlbnRcL3VwbG9hZHNcLzIwMjZcLzA0XC9WaW5vdGhla19XZWluZ3V0X1N0YWR0X0FsemV5X0JlY2tlcl85LXNjYWxlZC5qcGcifQ%3D%3D\">\n\t\t\t\t\t\t\t<img loading=\"lazy\" decoding=\"async\" width=\"768\" height=\"577\" src=\"https:\/\/rheinhessenblog.de\/wp-content\/uploads\/2026\/04\/Vinothek_Weingut_Stadt_Alzey_Becker_9-768x577.jpg\" class=\"attachment-medium_large size-medium_large wp-image-17383\" alt=\"\" srcset=\"https:\/\/rheinhessenblog.de\/wp-content\/uploads\/2026\/04\/Vinothek_Weingut_Stadt_Alzey_Becker_9-768x577.jpg 768w, https:\/\/rheinhessenblog.de\/wp-content\/uploads\/2026\/04\/Vinothek_Weingut_Stadt_Alzey_Becker_9-300x226.jpg 300w, https:\/\/rheinhessenblog.de\/wp-content\/uploads\/2026\/04\/Vinothek_Weingut_Stadt_Alzey_Becker_9-1024x770.jpg 1024w, https:\/\/rheinhessenblog.de\/wp-content\/uploads\/2026\/04\/Vinothek_Weingut_Stadt_Alzey_Becker_9-1536x1155.jpg 1536w, https:\/\/rheinhessenblog.de\/wp-content\/uploads\/2026\/04\/Vinothek_Weingut_Stadt_Alzey_Becker_9-2048x1540.jpg 2048w, https:\/\/rheinhessenblog.de\/wp-content\/uploads\/2026\/04\/Vinothek_Weingut_Stadt_Alzey_Becker_9-16x12.jpg 16w\" sizes=\"(max-width: 768px) 100vw, 768px\" \/>\t\t\t\t\t\t\t\t<\/a>\n\t\t\t\t\t\t\t\t\t\t\t<figcaption class=\"widget-image-caption wp-caption-text\">Vinoth\u00e8que du domaine viticole de la ville d'Alzey<\/figcaption>\n\t\t\t\t\t\t\t\t\t\t<\/figure>\n\t\t\t\t\t\t\t\t\t<\/div>\n\t\t\t\t<\/div>\n\t\t\t\t\t<\/div>\n\t\t\t\t<\/div>\n\t\t<div class=\"elementor-element elementor-element-33209b3 e-flex e-con-boxed e-con e-parent\" data-id=\"33209b3\" data-element_type=\"container\" data-e-type=\"container\" data-settings=\"{&quot;_ha_eqh_enable&quot;:false}\">\n\t\t\t\t\t<div class=\"e-con-inner\">\n\t\t\t\t<div class=\"elementor-element elementor-element-3a371c1 elementor-widget elementor-widget-image\" data-id=\"3a371c1\" data-element_type=\"widget\" data-e-type=\"widget\" data-widget_type=\"image.default\">\n\t\t\t\t<div class=\"elementor-widget-container\">\n\t\t\t\t\t\t\t\t\t\t\t\t<figure class=\"wp-caption\">\n\t\t\t\t\t\t\t\t\t\t\t<a href=\"https:\/\/rheinhessenblog.de\/wp-content\/uploads\/2026\/04\/bb-hotel10-scaled.jpg\" data-elementor-open-lightbox=\"yes\" data-elementor-lightbox-title=\"Weinladne im Weinhotel Kaisergarten\" data-e-action-hash=\"#elementor-action%3Aaction%3Dlightbox%26settings%3DeyJpZCI6MTczODEsInVybCI6Imh0dHBzOlwvXC9yaGVpbmhlc3NlbmJsb2cuZGVcL3dwLWNvbnRlbnRcL3VwbG9hZHNcLzIwMjZcLzA0XC9iYi1ob3RlbDEwLXNjYWxlZC5qcGcifQ%3D%3D\">\n\t\t\t\t\t\t\t<img loading=\"lazy\" decoding=\"async\" width=\"768\" height=\"511\" src=\"https:\/\/rheinhessenblog.de\/wp-content\/uploads\/2026\/04\/bb-hotel10-768x511.jpg\" class=\"attachment-medium_large size-medium_large wp-image-17381\" alt=\"\" srcset=\"https:\/\/rheinhessenblog.de\/wp-content\/uploads\/2026\/04\/bb-hotel10-768x511.jpg 768w, https:\/\/rheinhessenblog.de\/wp-content\/uploads\/2026\/04\/bb-hotel10-300x200.jpg 300w, https:\/\/rheinhessenblog.de\/wp-content\/uploads\/2026\/04\/bb-hotel10-1024x681.jpg 1024w, https:\/\/rheinhessenblog.de\/wp-content\/uploads\/2026\/04\/bb-hotel10-1536x1022.jpg 1536w, https:\/\/rheinhessenblog.de\/wp-content\/uploads\/2026\/04\/bb-hotel10-2048x1363.jpg 2048w, https:\/\/rheinhessenblog.de\/wp-content\/uploads\/2026\/04\/bb-hotel10-18x12.jpg 18w\" sizes=\"(max-width: 768px) 100vw, 768px\" \/>\t\t\t\t\t\t\t\t<\/a>\n\t\t\t\t\t\t\t\t\t\t\t<figcaption class=\"widget-image-caption wp-caption-text\">Boutique de vin \u00e0 l'h\u00f4tel de vin Kaisergarten (c) Ullrich Knapp<\/figcaption>\n\t\t\t\t\t\t\t\t\t\t<\/figure>\n\t\t\t\t\t\t\t\t\t<\/div>\n\t\t\t\t<\/div>\n\t\t\t\t\t<\/div>\n\t\t\t\t<\/div>\n\t\t<div class=\"elementor-element elementor-element-6ca1316 e-flex e-con-boxed e-con e-parent\" data-id=\"6ca1316\" data-element_type=\"container\" data-e-type=\"container\" data-settings=\"{&quot;_ha_eqh_enable&quot;:false}\">\n\t\t\t\t\t<div class=\"e-con-inner\">\n\t\t\t\t<div class=\"elementor-element elementor-element-0ab2a6d elementor-widget elementor-widget-heading\" data-id=\"0ab2a6d\" data-element_type=\"widget\" data-e-type=\"widget\" data-widget_type=\"heading.default\">\n\t\t\t\t<div class=\"elementor-widget-container\">\n\t\t\t\t\t<h3 class=\"elementor-heading-title elementor-size-default\">Da Capo et f\u00eate romaine<\/h3>\t\t\t\t<\/div>\n\t\t\t\t<\/div>\n\t\t\t\t\t<\/div>\n\t\t\t\t<\/div>\n\t\t<div class=\"elementor-element elementor-element-d49bc78 e-flex e-con-boxed e-con e-parent\" data-id=\"d49bc78\" data-element_type=\"container\" data-e-type=\"container\" data-settings=\"{&quot;_ha_eqh_enable&quot;:false}\">\n\t\t\t\t\t<div class=\"e-con-inner\">\n\t\t\t\t<div class=\"elementor-element elementor-element-5afa618 elementor-widget elementor-widget-text-editor\" data-id=\"5afa618\" data-element_type=\"widget\" data-e-type=\"widget\" data-widget_type=\"text-editor.default\">\n\t\t\t\t<div class=\"elementor-widget-container\">\n\t\t\t\t\t\t\t\t\t<p>Dans le calendrier color\u00e9 des manifestations, il y a l'annuelle <a href=\"https:\/\/www.rheinhessen.de\/da-capo\/0\" target=\"_blank\" rel=\"noopener\">Festival en plein air Da Capo<\/a> avec des stars de la sc\u00e8ne pop, jazz et rock. Tim Kerig rapporte : \u201eLors du Da Capo dans la belle cour du ch\u00e2teau, l'ambiance \u00e9tait g\u00e9niale\u201c. Il attend avec impatience le <a href=\"https:\/\/www.rheinhessen.de\/e-roemerfest-2\" target=\"_blank\" rel=\"noopener\">F\u00eate romaine<\/a>, La f\u00eate romaine a lieu tous les deux ans et pr\u00e9sente des aspects de la vie quotidienne romaine. Entre les ann\u00e9es paires avec la f\u00eate romaine, il y a une journ\u00e9e romaine autour du mus\u00e9e. La derni\u00e8re fois, il s'agissait de manger et de boire \u00e0 la romaine. Instructif et d\u00e9licieux.<\/p>\t\t\t\t\t\t\t\t<\/div>\n\t\t\t\t<\/div>\n\t\t\t\t\t<\/div>\n\t\t\t\t<\/div>\n\t\t<div class=\"elementor-element elementor-element-c34f0de e-flex e-con-boxed e-con e-parent\" data-id=\"c34f0de\" data-element_type=\"container\" data-e-type=\"container\" data-settings=\"{&quot;_ha_eqh_enable&quot;:false}\">\n\t\t\t\t\t<div class=\"e-con-inner\">\n\t\t\t\t<div class=\"elementor-element elementor-element-0b80efd elementor-widget elementor-widget-image\" data-id=\"0b80efd\" data-element_type=\"widget\" data-e-type=\"widget\" data-widget_type=\"image.default\">\n\t\t\t\t<div class=\"elementor-widget-container\">\n\t\t\t\t\t\t\t\t\t\t\t\t<figure class=\"wp-caption\">\n\t\t\t\t\t\t\t\t\t\t\t<a href=\"https:\/\/rheinhessenblog.de\/wp-content\/uploads\/2021\/07\/alzey-da-capo-buehne-scaled-1.jpg\" data-elementor-open-lightbox=\"yes\" data-elementor-lightbox-title=\"Festval Da Capo in Alzey, Blick auf die Alzey B\u00fchne\" data-e-action-hash=\"#elementor-action%3Aaction%3Dlightbox%26settings%3DeyJpZCI6NjkwOCwidXJsIjoiaHR0cHM6XC9cL3JoZWluaGVzc2VuYmxvZy5kZVwvd3AtY29udGVudFwvdXBsb2Fkc1wvMjAyMVwvMDdcL2FsemV5LWRhLWNhcG8tYnVlaG5lLXNjYWxlZC0xLmpwZyJ9\">\n\t\t\t\t\t\t\t<img loading=\"lazy\" decoding=\"async\" width=\"800\" height=\"534\" src=\"https:\/\/rheinhessenblog.de\/wp-content\/uploads\/2021\/07\/alzey-da-capo-buehne-scaled-1-1024x683.jpg\" class=\"attachment-large size-large wp-image-6908\" alt=\"Festval Da Capo \u00e0 Alzey, vue sur la sc\u00e8ne d&#039;Alzey\" srcset=\"https:\/\/rheinhessenblog.de\/wp-content\/uploads\/2021\/07\/alzey-da-capo-buehne-scaled-1-1024x683.jpg 1024w, https:\/\/rheinhessenblog.de\/wp-content\/uploads\/2021\/07\/alzey-da-capo-buehne-scaled-1-300x200.jpg 300w, https:\/\/rheinhessenblog.de\/wp-content\/uploads\/2021\/07\/alzey-da-capo-buehne-scaled-1-768x512.jpg 768w, https:\/\/rheinhessenblog.de\/wp-content\/uploads\/2021\/07\/alzey-da-capo-buehne-scaled-1-1536x1024.jpg 1536w, https:\/\/rheinhessenblog.de\/wp-content\/uploads\/2021\/07\/alzey-da-capo-buehne-scaled-1-2048x1366.jpg 2048w\" sizes=\"(max-width: 800px) 100vw, 800px\" \/>\t\t\t\t\t\t\t\t<\/a>\n\t\t\t\t\t\t\t\t\t\t\t<figcaption class=\"widget-image-caption wp-caption-text\">Festval Da Capo \u00e0 Alzey dans la cour du ch\u00e2teau<\/figcaption>\n\t\t\t\t\t\t\t\t\t\t<\/figure>\n\t\t\t\t\t\t\t\t\t<\/div>\n\t\t\t\t<\/div>\n\t\t\t\t\t<\/div>\n\t\t\t\t<\/div>\n\t\t<div class=\"elementor-element elementor-element-bc14bf0 e-flex e-con-boxed e-con e-parent\" data-id=\"bc14bf0\" data-element_type=\"container\" data-e-type=\"container\" data-settings=\"{&quot;_ha_eqh_enable&quot;:false}\">\n\t\t\t\t\t<div class=\"e-con-inner\">\n\t\t\t\t<div class=\"elementor-element elementor-element-fc8f35c elementor-widget elementor-widget-image\" data-id=\"fc8f35c\" data-element_type=\"widget\" data-e-type=\"widget\" data-widget_type=\"image.default\">\n\t\t\t\t<div class=\"elementor-widget-container\">\n\t\t\t\t\t\t\t\t\t\t\t\t<figure class=\"wp-caption\">\n\t\t\t\t\t\t\t\t\t\t\t<a href=\"https:\/\/rheinhessenblog.de\/wp-content\/uploads\/2026\/04\/Scheu-Time-in-Alzey-in-Rheinhessen.jpg\" data-elementor-open-lightbox=\"yes\" data-elementor-lightbox-title=\"Lebensart beim Weinfest &quot;Scheu Time&quot; in Alzey\" data-e-action-hash=\"#elementor-action%3Aaction%3Dlightbox%26settings%3DeyJpZCI6MTczNjEsInVybCI6Imh0dHBzOlwvXC9yaGVpbmhlc3NlbmJsb2cuZGVcL3dwLWNvbnRlbnRcL3VwbG9hZHNcLzIwMjZcLzA0XC9TY2hldS1UaW1lLWluLUFsemV5LWluLVJoZWluaGVzc2VuLmpwZyJ9\">\n\t\t\t\t\t\t\t<img loading=\"lazy\" decoding=\"async\" width=\"800\" height=\"534\" src=\"https:\/\/rheinhessenblog.de\/wp-content\/uploads\/2026\/04\/Scheu-Time-in-Alzey-in-Rheinhessen-1024x683.jpg\" class=\"attachment-large size-large wp-image-17361\" alt=\"Art de vivre \u00e0 la f\u00eate du vin &quot;Scheu Time&quot; \u00e0 Alzey\" srcset=\"https:\/\/rheinhessenblog.de\/wp-content\/uploads\/2026\/04\/Scheu-Time-in-Alzey-in-Rheinhessen-1024x683.jpg 1024w, https:\/\/rheinhessenblog.de\/wp-content\/uploads\/2026\/04\/Scheu-Time-in-Alzey-in-Rheinhessen-300x200.jpg 300w, https:\/\/rheinhessenblog.de\/wp-content\/uploads\/2026\/04\/Scheu-Time-in-Alzey-in-Rheinhessen-768x512.jpg 768w, https:\/\/rheinhessenblog.de\/wp-content\/uploads\/2026\/04\/Scheu-Time-in-Alzey-in-Rheinhessen-1536x1024.jpg 1536w, https:\/\/rheinhessenblog.de\/wp-content\/uploads\/2026\/04\/Scheu-Time-in-Alzey-in-Rheinhessen-18x12.jpg 18w, https:\/\/rheinhessenblog.de\/wp-content\/uploads\/2026\/04\/Scheu-Time-in-Alzey-in-Rheinhessen.jpg 1920w\" sizes=\"(max-width: 800px) 100vw, 800px\" \/>\t\t\t\t\t\t\t\t<\/a>\n\t\t\t\t\t\t\t\t\t\t\t<figcaption class=\"widget-image-caption wp-caption-text\">F\u00eate du vin \"Scheu Time\" \u00e0 Alzey (c) Annegret Hirschmann<\/figcaption>\n\t\t\t\t\t\t\t\t\t\t<\/figure>\n\t\t\t\t\t\t\t\t\t<\/div>\n\t\t\t\t<\/div>\n\t\t\t\t\t<\/div>\n\t\t\t\t<\/div>\n\t\t<div class=\"elementor-element elementor-element-c3dee3d e-flex e-con-boxed e-con e-parent\" data-id=\"c3dee3d\" data-element_type=\"container\" data-e-type=\"container\" data-settings=\"{&quot;_ha_eqh_enable&quot;:false}\">\n\t\t\t\t\t<div class=\"e-con-inner\">\n\t\t\t\t<div class=\"elementor-element elementor-element-ad5b9d6 elementor-widget elementor-widget-heading\" data-id=\"ad5b9d6\" data-element_type=\"widget\" data-e-type=\"widget\" data-widget_type=\"heading.default\">\n\t\t\t\t<div class=\"elementor-widget-container\">\n\t\t\t\t\t<h3 class=\"elementor-heading-title elementor-size-default\">Actif : Voyage dans le temps<\/h3>\t\t\t\t<\/div>\n\t\t\t\t<\/div>\n\t\t\t\t\t<\/div>\n\t\t\t\t<\/div>\n\t\t<div class=\"elementor-element elementor-element-f936e72 e-flex e-con-boxed e-con e-parent\" data-id=\"f936e72\" data-element_type=\"container\" data-e-type=\"container\" data-settings=\"{&quot;_ha_eqh_enable&quot;:false}\">\n\t\t\t\t\t<div class=\"e-con-inner\">\n\t\t\t\t<div class=\"elementor-element elementor-element-893eabe elementor-widget elementor-widget-text-editor\" data-id=\"893eabe\" data-element_type=\"widget\" data-e-type=\"widget\" data-widget_type=\"text-editor.default\">\n\t\t\t\t<div class=\"elementor-widget-container\">\n\t\t\t\t\t\t\t\t\t<p>Pendant son temps libre, Tim Kerig aime se promener dans les vignobles et la Suisse rh\u00e9nane toute proche. Il est particuli\u00e8rement fascin\u00e9 par la baie de Weinheim - \u201eun voyage dans le temps, dans le pass\u00e9 g\u00e9ologique\u201c. Toute la r\u00e9gion a \u00e9t\u00e9 submerg\u00e9e par une mer il y a 30 millions d'ann\u00e9es, c'est pourquoi on y trouve encore aujourd'hui des fossiles. Le site <a href=\"https:\/\/rheinhessenblog.de\/fr\/le-chemin-de-la-cote-a-alzey-weinheim\/\" target=\"_blank\" rel=\"noopener\">Chemin c\u00f4tier de la Hesse rh\u00e9nane<\/a> offre une occasion rare de d\u00e9couvrir des sites naturels d'importance mondiale le long de l'ancienne c\u00f4te.<\/p>\t\t\t\t\t\t\t\t<\/div>\n\t\t\t\t<\/div>\n\t\t\t\t\t<\/div>\n\t\t\t\t<\/div>\n\t\t<div class=\"elementor-element elementor-element-610b1b1 e-flex e-con-boxed e-con e-parent\" data-id=\"610b1b1\" data-element_type=\"container\" data-e-type=\"container\" data-settings=\"{&quot;_ha_eqh_enable&quot;:false}\">\n\t\t\t\t\t<div class=\"e-con-inner\">\n\t\t\t\t<div class=\"elementor-element elementor-element-dbe366d elementor-widget elementor-widget-image\" data-id=\"dbe366d\" data-element_type=\"widget\" data-e-type=\"widget\" data-widget_type=\"image.default\">\n\t\t\t\t<div class=\"elementor-widget-container\">\n\t\t\t\t\t\t\t\t\t\t\t\t<figure class=\"wp-caption\">\n\t\t\t\t\t\t\t\t\t\t\t<a href=\"https:\/\/rheinhessenblog.de\/wp-content\/uploads\/2026\/04\/kuestenweg-trift-muscheln-scaled.jpg\" data-elementor-open-lightbox=\"yes\" data-elementor-lightbox-title=\"kuestenweg-trift-muscheln\" data-e-action-hash=\"#elementor-action%3Aaction%3Dlightbox%26settings%3DeyJpZCI6MTc0MTgsInVybCI6Imh0dHBzOlwvXC9yaGVpbmhlc3NlbmJsb2cuZGVcL3dwLWNvbnRlbnRcL3VwbG9hZHNcLzIwMjZcLzA0XC9rdWVzdGVud2VnLXRyaWZ0LW11c2NoZWxuLXNjYWxlZC5qcGcifQ%3D%3D\">\n\t\t\t\t\t\t\t<img loading=\"lazy\" decoding=\"async\" width=\"800\" height=\"498\" src=\"https:\/\/rheinhessenblog.de\/wp-content\/uploads\/2026\/04\/kuestenweg-trift-muscheln-1024x638.jpg\" class=\"attachment-large size-large wp-image-17418\" alt=\"\" srcset=\"https:\/\/rheinhessenblog.de\/wp-content\/uploads\/2026\/04\/kuestenweg-trift-muscheln-1024x638.jpg 1024w, https:\/\/rheinhessenblog.de\/wp-content\/uploads\/2026\/04\/kuestenweg-trift-muscheln-300x187.jpg 300w, https:\/\/rheinhessenblog.de\/wp-content\/uploads\/2026\/04\/kuestenweg-trift-muscheln-768x478.jpg 768w, https:\/\/rheinhessenblog.de\/wp-content\/uploads\/2026\/04\/kuestenweg-trift-muscheln-1536x956.jpg 1536w, https:\/\/rheinhessenblog.de\/wp-content\/uploads\/2026\/04\/kuestenweg-trift-muscheln-2048x1275.jpg 2048w, https:\/\/rheinhessenblog.de\/wp-content\/uploads\/2026\/04\/kuestenweg-trift-muscheln-18x12.jpg 18w\" sizes=\"(max-width: 800px) 100vw, 800px\" \/>\t\t\t\t\t\t\t\t<\/a>\n\t\t\t\t\t\t\t\t\t\t\t<figcaption class=\"widget-image-caption wp-caption-text\">Le sentier c\u00f4tier \u00e0 la rencontre des coquillages<\/figcaption>\n\t\t\t\t\t\t\t\t\t\t<\/figure>\n\t\t\t\t\t\t\t\t\t<\/div>\n\t\t\t\t<\/div>\n\t\t\t\t\t<\/div>\n\t\t\t\t<\/div>\n\t\t<div class=\"elementor-element elementor-element-a278416 e-flex e-con-boxed e-con e-parent\" data-id=\"a278416\" data-element_type=\"container\" data-e-type=\"container\" data-settings=\"{&quot;_ha_eqh_enable&quot;:false}\">\n\t\t\t\t\t<div class=\"e-con-inner\">\n\t\t\t\t<div class=\"elementor-element elementor-element-3e06165 elementor-widget elementor-widget-heading\" data-id=\"3e06165\" data-element_type=\"widget\" data-e-type=\"widget\" data-widget_type=\"heading.default\">\n\t\t\t\t<div class=\"elementor-widget-container\">\n\t\t\t\t\t<h3 class=\"elementor-heading-title elementor-size-default\">Le mus\u00e9e de la ville d'Alzey : 300 millions d'ann\u00e9es d'histoire(s)<\/h3>\t\t\t\t<\/div>\n\t\t\t\t<\/div>\n\t\t\t\t<div class=\"elementor-element elementor-element-8f559ba elementor-widget elementor-widget-image\" data-id=\"8f559ba\" data-element_type=\"widget\" data-e-type=\"widget\" data-widget_type=\"image.default\">\n\t\t\t\t<div class=\"elementor-widget-container\">\n\t\t\t\t\t\t\t\t\t\t\t\t<figure class=\"wp-caption\">\n\t\t\t\t\t\t\t\t\t\t\t<a href=\"https:\/\/rheinhessenblog.de\/wp-content\/uploads\/2026\/04\/Museum-Alzey-und-Steinhalle_Aussenansicht11-scaled.jpg\" data-elementor-open-lightbox=\"yes\" data-elementor-lightbox-title=\"Der Eingang in das Museum der Stadt Alzey\" data-e-action-hash=\"#elementor-action%3Aaction%3Dlightbox%26settings%3DeyJpZCI6MTczNTYsInVybCI6Imh0dHBzOlwvXC9yaGVpbmhlc3NlbmJsb2cuZGVcL3dwLWNvbnRlbnRcL3VwbG9hZHNcLzIwMjZcLzA0XC9NdXNldW0tQWx6ZXktdW5kLVN0ZWluaGFsbGVfQXVzc2VuYW5zaWNodDExLXNjYWxlZC5qcGcifQ%3D%3D\">\n\t\t\t\t\t\t\t<img loading=\"lazy\" decoding=\"async\" width=\"768\" height=\"1134\" src=\"https:\/\/rheinhessenblog.de\/wp-content\/uploads\/2026\/04\/Museum-Alzey-und-Steinhalle_Aussenansicht11-768x1134.jpg\" class=\"attachment-medium_large size-medium_large wp-image-17356\" alt=\"L&#039;entr\u00e9e du mus\u00e9e de la ville d&#039;Alzey\" srcset=\"https:\/\/rheinhessenblog.de\/wp-content\/uploads\/2026\/04\/Museum-Alzey-und-Steinhalle_Aussenansicht11-768x1134.jpg 768w, https:\/\/rheinhessenblog.de\/wp-content\/uploads\/2026\/04\/Museum-Alzey-und-Steinhalle_Aussenansicht11-203x300.jpg 203w, https:\/\/rheinhessenblog.de\/wp-content\/uploads\/2026\/04\/Museum-Alzey-und-Steinhalle_Aussenansicht11-694x1024.jpg 694w, https:\/\/rheinhessenblog.de\/wp-content\/uploads\/2026\/04\/Museum-Alzey-und-Steinhalle_Aussenansicht11-1040x1536.jpg 1040w, https:\/\/rheinhessenblog.de\/wp-content\/uploads\/2026\/04\/Museum-Alzey-und-Steinhalle_Aussenansicht11-1387x2048.jpg 1387w, https:\/\/rheinhessenblog.de\/wp-content\/uploads\/2026\/04\/Museum-Alzey-und-Steinhalle_Aussenansicht11-8x12.jpg 8w, https:\/\/rheinhessenblog.de\/wp-content\/uploads\/2026\/04\/Museum-Alzey-und-Steinhalle_Aussenansicht11-scaled.jpg 1734w\" sizes=\"(max-width: 768px) 100vw, 768px\" \/>\t\t\t\t\t\t\t\t<\/a>\n\t\t\t\t\t\t\t\t\t\t\t<figcaption class=\"widget-image-caption wp-caption-text\">L'entr\u00e9e du mus\u00e9e de la ville d'Alzey<\/figcaption>\n\t\t\t\t\t\t\t\t\t\t<\/figure>\n\t\t\t\t\t\t\t\t\t<\/div>\n\t\t\t\t<\/div>\n\t\t\t\t\t<\/div>\n\t\t\t\t<\/div>\n\t\t<div class=\"elementor-element elementor-element-5aa1192 e-flex e-con-boxed e-con e-parent\" data-id=\"5aa1192\" data-element_type=\"container\" data-e-type=\"container\" data-settings=\"{&quot;_ha_eqh_enable&quot;:false}\">\n\t\t\t\t\t<div class=\"e-con-inner\">\n\t\t\t\t<div class=\"elementor-element elementor-element-8c8da3e elementor-widget elementor-widget-text-editor\" data-id=\"8c8da3e\" data-element_type=\"widget\" data-e-type=\"widget\" data-widget_type=\"text-editor.default\">\n\t\t\t\t<div class=\"elementor-widget-container\">\n\t\t\t\t\t\t\t\t\t<p>\u201eNous sommes un \u00e9tablissement moderne multidisciplinaire avec des pi\u00e8ces couvrant 300 millions d'ann\u00e9es d'histoire, de nombreuses manifestations, des expositions sp\u00e9ciales et des visites guid\u00e9es. Nous pr\u00e9sentons la g\u00e9ologie-pal\u00e9ontologie r\u00e9gionale, la pr\u00e9histoire et la protohistoire, une section romaine ainsi que l'histoire populaire et r\u00e9gionale\u201c, r\u00e9sume le professeur Dr Tim Kerig. Certaines des d\u00e9couvertes faites en Hesse rh\u00e9nane ont une importance internationale. <br \/><strong>Mod\u00e8le de cuisson \u00e9rotique :<\/strong> Le d\u00e9partement d'histoire populaire et r\u00e9gionale est tr\u00e8s diversifi\u00e9. \u00c0 quoi ressemblait la vie quotidienne des Juifs ? Quelle \u00e9tait l'importance de Volker von Alzey dans la Chanson des Nibelungen ? Ou des mod\u00e8les de boulangerie, c'est-\u00e0-dire des moules \u00e0 p\u00e2tisserie, avec des repr\u00e9sentations discr\u00e8tes et \u00e9rotiques du 18e si\u00e8cle. Les ustensiles, la vaisselle, les v\u00eatements montrent \u00e0 quel point la vie quotidienne \u00e9tait autrefois similaire ou diff\u00e9rente - et toujours en constante \u00e9volution.<br \/><strong>Importation m\u00e9diterran\u00e9enne de luxe : <\/strong>Parmi les pi\u00e8ces celtiques fascinantes, on trouve des armes et des bijoux richement d\u00e9cor\u00e9s. L'imbrication du monde d\u00e9j\u00e0 \u00e0 cette \u00e9poque est illustr\u00e9e par l'amphore \u00e0 vin provenant d'une tombe celte du 1er si\u00e8cle avant J\u00e9sus-Christ. Elle provient du bassin m\u00e9diterran\u00e9en - une \u201eimportation de luxe\u201c.<\/p>\t\t\t\t\t\t\t\t<\/div>\n\t\t\t\t<\/div>\n\t\t\t\t\t<\/div>\n\t\t\t\t<\/div>\n\t\t<div class=\"elementor-element elementor-element-2ea9d6e e-flex e-con-boxed e-con e-parent\" data-id=\"2ea9d6e\" data-element_type=\"container\" data-e-type=\"container\" data-settings=\"{&quot;_ha_eqh_enable&quot;:false}\">\n\t\t\t\t\t<div class=\"e-con-inner\">\n\t\t\t\t<div class=\"elementor-element elementor-element-eae5f40 elementor-widget elementor-widget-image\" data-id=\"eae5f40\" data-element_type=\"widget\" data-e-type=\"widget\" data-widget_type=\"image.default\">\n\t\t\t\t<div class=\"elementor-widget-container\">\n\t\t\t\t\t\t\t\t\t\t\t\t<figure class=\"wp-caption\">\n\t\t\t\t\t\t\t\t\t\t\t<a href=\"https:\/\/rheinhessenblog.de\/wp-content\/uploads\/2026\/04\/Alzey7_Luxusimport-Amphore_Museum-der-Stadt-Alzey-1-scaled-e1775127607685.jpeg\" data-elementor-open-lightbox=\"yes\" data-elementor-lightbox-title=\"Die Amphore aus dem Mitttelmerraum - ein antiker Luxusimport\" data-e-action-hash=\"#elementor-action%3Aaction%3Dlightbox%26settings%3DeyJpZCI6MTczOTMsInVybCI6Imh0dHBzOlwvXC9yaGVpbmhlc3NlbmJsb2cuZGVcL3dwLWNvbnRlbnRcL3VwbG9hZHNcLzIwMjZcLzA0XC9BbHpleTdfTHV4dXNpbXBvcnQtQW1waG9yZV9NdXNldW0tZGVyLVN0YWR0LUFsemV5LTEtc2NhbGVkLWUxNzc1MTI3NjA3Njg1LmpwZWcifQ%3D%3D\">\n\t\t\t\t\t\t\t<img loading=\"lazy\" decoding=\"async\" width=\"768\" height=\"1024\" src=\"https:\/\/rheinhessenblog.de\/wp-content\/uploads\/2026\/04\/Alzey7_Luxusimport-Amphore_Museum-der-Stadt-Alzey-1-scaled-e1775127607685-768x1024.jpeg\" class=\"attachment-large size-large wp-image-17393\" alt=\"Amphore provenant d&#039;une tombe celte du 1er si\u00e8cle avant J\u00e9sus-Christ. Elle provient du bassin m\u00e9diterran\u00e9en - une \u201eimportation de luxe\u201c.\" srcset=\"https:\/\/rheinhessenblog.de\/wp-content\/uploads\/2026\/04\/Alzey7_Luxusimport-Amphore_Museum-der-Stadt-Alzey-1-scaled-e1775127607685-768x1024.jpeg 768w, https:\/\/rheinhessenblog.de\/wp-content\/uploads\/2026\/04\/Alzey7_Luxusimport-Amphore_Museum-der-Stadt-Alzey-1-scaled-e1775127607685-225x300.jpeg 225w, https:\/\/rheinhessenblog.de\/wp-content\/uploads\/2026\/04\/Alzey7_Luxusimport-Amphore_Museum-der-Stadt-Alzey-1-scaled-e1775127607685-1152x1536.jpeg 1152w, https:\/\/rheinhessenblog.de\/wp-content\/uploads\/2026\/04\/Alzey7_Luxusimport-Amphore_Museum-der-Stadt-Alzey-1-scaled-e1775127607685-1536x2048.jpeg 1536w, https:\/\/rheinhessenblog.de\/wp-content\/uploads\/2026\/04\/Alzey7_Luxusimport-Amphore_Museum-der-Stadt-Alzey-1-scaled-e1775127607685-9x12.jpeg 9w, https:\/\/rheinhessenblog.de\/wp-content\/uploads\/2026\/04\/Alzey7_Luxusimport-Amphore_Museum-der-Stadt-Alzey-1-scaled-e1775127607685.jpeg 1920w\" sizes=\"(max-width: 768px) 100vw, 768px\" \/>\t\t\t\t\t\t\t\t<\/a>\n\t\t\t\t\t\t\t\t\t\t\t<figcaption class=\"widget-image-caption wp-caption-text\">L'amphore de l'espace m\u00e9di\u00e9val (c) Mus\u00e9e de la ville d'Alzey<\/figcaption>\n\t\t\t\t\t\t\t\t\t\t<\/figure>\n\t\t\t\t\t\t\t\t\t<\/div>\n\t\t\t\t<\/div>\n\t\t\t\t\t<\/div>\n\t\t\t\t<\/div>\n\t\t<div class=\"elementor-element elementor-element-f705a24 e-flex e-con-boxed e-con e-parent\" data-id=\"f705a24\" data-element_type=\"container\" data-e-type=\"container\" data-settings=\"{&quot;_ha_eqh_enable&quot;:false}\">\n\t\t\t\t\t<div class=\"e-con-inner\">\n\t\t\t\t<div class=\"elementor-element elementor-element-295f957 elementor-widget elementor-widget-text-editor\" data-id=\"295f957\" data-element_type=\"widget\" data-e-type=\"widget\" data-widget_type=\"text-editor.default\">\n\t\t\t\t<div class=\"elementor-widget-container\">\n\t\t\t\t\t\t\t\t\t<p><strong>Des lamantins c\u00e2lins : <\/strong>Ces animaux sympathiques vivaient autrefois en Hesse rh\u00e9nane. Le mus\u00e9e les documente en association : les d\u00e9couvertes, la reconstitution du squelette et, au-dessus, un \u201evrai\u201c lamantin fabriqu\u00e9 par des enfants d'Alzey. \u201eNous rendons le pass\u00e9 vivant\u201c, souligne Tim Kerig.<\/p>\t\t\t\t\t\t\t\t<\/div>\n\t\t\t\t<\/div>\n\t\t\t\t\t<\/div>\n\t\t\t\t<\/div>\n\t\t<div class=\"elementor-element elementor-element-504990b e-flex e-con-boxed e-con e-parent\" data-id=\"504990b\" data-element_type=\"container\" data-e-type=\"container\" data-settings=\"{&quot;_ha_eqh_enable&quot;:false}\">\n\t\t\t\t\t<div class=\"e-con-inner\">\n\t\t\t\t<div class=\"elementor-element elementor-element-eca5314 elementor-widget elementor-widget-image\" data-id=\"eca5314\" data-element_type=\"widget\" data-e-type=\"widget\" data-widget_type=\"image.default\">\n\t\t\t\t<div class=\"elementor-widget-container\">\n\t\t\t\t\t\t\t\t\t\t\t\t<figure class=\"wp-caption\">\n\t\t\t\t\t\t\t\t\t\t\t<a href=\"https:\/\/rheinhessenblog.de\/wp-content\/uploads\/2026\/04\/Rheinhessen-2021-0854-Alzey-scaled.jpg\" data-elementor-open-lightbox=\"yes\" data-elementor-lightbox-title=\"Rheinhessen-2021-0854-Alzey\" data-e-action-hash=\"#elementor-action%3Aaction%3Dlightbox%26settings%3DeyJpZCI6MTczNTgsInVybCI6Imh0dHBzOlwvXC9yaGVpbmhlc3NlbmJsb2cuZGVcL3dwLWNvbnRlbnRcL3VwbG9hZHNcLzIwMjZcLzA0XC9SaGVpbmhlc3Nlbi0yMDIxLTA4NTQtQWx6ZXktc2NhbGVkLmpwZyJ9\">\n\t\t\t\t\t\t\t<img loading=\"lazy\" decoding=\"async\" width=\"800\" height=\"534\" src=\"https:\/\/rheinhessenblog.de\/wp-content\/uploads\/2026\/04\/Rheinhessen-2021-0854-Alzey-1024x683.jpg\" class=\"attachment-large size-large wp-image-17358\" alt=\"La figure embl\u00e9matique du d\u00e9partement : la vache marine fossile Elsa.\" srcset=\"https:\/\/rheinhessenblog.de\/wp-content\/uploads\/2026\/04\/Rheinhessen-2021-0854-Alzey-1024x683.jpg 1024w, https:\/\/rheinhessenblog.de\/wp-content\/uploads\/2026\/04\/Rheinhessen-2021-0854-Alzey-300x200.jpg 300w, https:\/\/rheinhessenblog.de\/wp-content\/uploads\/2026\/04\/Rheinhessen-2021-0854-Alzey-768x512.jpg 768w, https:\/\/rheinhessenblog.de\/wp-content\/uploads\/2026\/04\/Rheinhessen-2021-0854-Alzey-1536x1024.jpg 1536w, https:\/\/rheinhessenblog.de\/wp-content\/uploads\/2026\/04\/Rheinhessen-2021-0854-Alzey-2048x1365.jpg 2048w, https:\/\/rheinhessenblog.de\/wp-content\/uploads\/2026\/04\/Rheinhessen-2021-0854-Alzey-18x12.jpg 18w\" sizes=\"(max-width: 800px) 100vw, 800px\" \/>\t\t\t\t\t\t\t\t<\/a>\n\t\t\t\t\t\t\t\t\t\t\t<figcaption class=\"widget-image-caption wp-caption-text\">La figure embl\u00e9matique du d\u00e9partement : le lamantin fossile Elsa. (c) Dominik Ketz<\/figcaption>\n\t\t\t\t\t\t\t\t\t\t<\/figure>\n\t\t\t\t\t\t\t\t\t<\/div>\n\t\t\t\t<\/div>\n\t\t\t\t\t<\/div>\n\t\t\t\t<\/div>\n\t\t<div class=\"elementor-element elementor-element-3797fe0 e-flex e-con-boxed e-con e-parent\" data-id=\"3797fe0\" data-element_type=\"container\" data-e-type=\"container\" data-settings=\"{&quot;_ha_eqh_enable&quot;:false}\">\n\t\t\t\t\t<div class=\"e-con-inner\">\n\t\t\t\t<div class=\"elementor-element elementor-element-7b719bf elementor-widget elementor-widget-image\" data-id=\"7b719bf\" data-element_type=\"widget\" data-e-type=\"widget\" data-widget_type=\"image.default\">\n\t\t\t\t<div class=\"elementor-widget-container\">\n\t\t\t\t\t\t\t\t\t\t\t\t<figure class=\"wp-caption\">\n\t\t\t\t\t\t\t\t\t\t\t<a href=\"https:\/\/rheinhessenblog.de\/wp-content\/uploads\/2026\/04\/Alzey1_Seekuehe_Museum-der-Stadt-Alzey-1-scaled.jpeg\" data-elementor-open-lightbox=\"yes\" data-elementor-lightbox-title=\"Seek\u00fche im Museum der Stadt Alzey\" data-e-action-hash=\"#elementor-action%3Aaction%3Dlightbox%26settings%3DeyJpZCI6MTczOTQsInVybCI6Imh0dHBzOlwvXC9yaGVpbmhlc3NlbmJsb2cuZGVcL3dwLWNvbnRlbnRcL3VwbG9hZHNcLzIwMjZcLzA0XC9BbHpleTFfU2Vla3VlaGVfTXVzZXVtLWRlci1TdGFkdC1BbHpleS0xLXNjYWxlZC5qcGVnIn0%3D\">\n\t\t\t\t\t\t\t<img loading=\"lazy\" decoding=\"async\" width=\"800\" height=\"600\" src=\"https:\/\/rheinhessenblog.de\/wp-content\/uploads\/2026\/04\/Alzey1_Seekuehe_Museum-der-Stadt-Alzey-1-1024x768.jpeg\" class=\"attachment-large size-large wp-image-17394\" alt=\"Porteur de sympathie de la mer primitive en Hesse rh\u00e9nane : Le lamantin. Le mus\u00e9e pr\u00e9sente les d\u00e9couvertes, la reconstitution du squelette.\" srcset=\"https:\/\/rheinhessenblog.de\/wp-content\/uploads\/2026\/04\/Alzey1_Seekuehe_Museum-der-Stadt-Alzey-1-1024x768.jpeg 1024w, https:\/\/rheinhessenblog.de\/wp-content\/uploads\/2026\/04\/Alzey1_Seekuehe_Museum-der-Stadt-Alzey-1-300x225.jpeg 300w, https:\/\/rheinhessenblog.de\/wp-content\/uploads\/2026\/04\/Alzey1_Seekuehe_Museum-der-Stadt-Alzey-1-768x576.jpeg 768w, https:\/\/rheinhessenblog.de\/wp-content\/uploads\/2026\/04\/Alzey1_Seekuehe_Museum-der-Stadt-Alzey-1-1536x1152.jpeg 1536w, https:\/\/rheinhessenblog.de\/wp-content\/uploads\/2026\/04\/Alzey1_Seekuehe_Museum-der-Stadt-Alzey-1-2048x1536.jpeg 2048w, https:\/\/rheinhessenblog.de\/wp-content\/uploads\/2026\/04\/Alzey1_Seekuehe_Museum-der-Stadt-Alzey-1-16x12.jpeg 16w\" sizes=\"(max-width: 800px) 100vw, 800px\" \/>\t\t\t\t\t\t\t\t<\/a>\n\t\t\t\t\t\t\t\t\t\t\t<figcaption class=\"widget-image-caption wp-caption-text\">Porteur de sympathie de la mer primitive en Hesse rh\u00e9nane : Le lamantin. (c) Mus\u00e9e de la ville d'Alzey<\/figcaption>\n\t\t\t\t\t\t\t\t\t\t<\/figure>\n\t\t\t\t\t\t\t\t\t<\/div>\n\t\t\t\t<\/div>\n\t\t\t\t\t<\/div>\n\t\t\t\t<\/div>\n\t\t<div class=\"elementor-element elementor-element-84b6215 e-flex e-con-boxed e-con e-parent\" data-id=\"84b6215\" data-element_type=\"container\" data-e-type=\"container\" data-settings=\"{&quot;_ha_eqh_enable&quot;:false}\">\n\t\t\t\t\t<div class=\"e-con-inner\">\n\t\t\t\t<div class=\"elementor-element elementor-element-b56c94e elementor-widget elementor-widget-text-editor\" data-id=\"b56c94e\" data-element_type=\"widget\" data-e-type=\"widget\" data-widget_type=\"text-editor.default\">\n\t\t\t\t<div class=\"elementor-widget-container\">\n\t\t\t\t\t\t\t\t\t<p><strong>Un hall en pierre qui attire l'attention :<\/strong> Son architecture sculpturale attire d\u00e9j\u00e0 le regard de l'ext\u00e9rieur. \u00c0 l'int\u00e9rieur, elle abrite une impressionnante collection de l'\u00e9poque romaine, comme des colonnes de Jupiter et des pierres des quatre dieux avec V\u00e9nus, Minerve et Apollon.<\/p>\t\t\t\t\t\t\t\t<\/div>\n\t\t\t\t<\/div>\n\t\t\t\t\t<\/div>\n\t\t\t\t<\/div>\n\t\t<div class=\"elementor-element elementor-element-fce1834 e-flex e-con-boxed e-con e-parent\" data-id=\"fce1834\" data-element_type=\"container\" data-e-type=\"container\" data-settings=\"{&quot;_ha_eqh_enable&quot;:false}\">\n\t\t\t\t\t<div class=\"e-con-inner\">\n\t\t\t\t<div class=\"elementor-element elementor-element-ce24d0b elementor-widget elementor-widget-image\" data-id=\"ce24d0b\" data-element_type=\"widget\" data-e-type=\"widget\" data-widget_type=\"image.default\">\n\t\t\t\t<div class=\"elementor-widget-container\">\n\t\t\t\t\t\t\t\t\t\t\t\t\t\t\t<img loading=\"lazy\" decoding=\"async\" width=\"800\" height=\"616\" src=\"https:\/\/rheinhessenblog.de\/wp-content\/uploads\/2026\/04\/Museum-Alzey-mit-neue-moderner-Steinhalle-1024x789.jpg\" class=\"attachment-large size-large wp-image-17355\" alt=\"Le nouveau hall moderne en pierre du mus\u00e9e de la ville d&#039;Alzey\" srcset=\"https:\/\/rheinhessenblog.de\/wp-content\/uploads\/2026\/04\/Museum-Alzey-mit-neue-moderner-Steinhalle-1024x789.jpg 1024w, https:\/\/rheinhessenblog.de\/wp-content\/uploads\/2026\/04\/Museum-Alzey-mit-neue-moderner-Steinhalle-300x231.jpg 300w, https:\/\/rheinhessenblog.de\/wp-content\/uploads\/2026\/04\/Museum-Alzey-mit-neue-moderner-Steinhalle-768x592.jpg 768w, https:\/\/rheinhessenblog.de\/wp-content\/uploads\/2026\/04\/Museum-Alzey-mit-neue-moderner-Steinhalle-1536x1184.jpg 1536w, https:\/\/rheinhessenblog.de\/wp-content\/uploads\/2026\/04\/Museum-Alzey-mit-neue-moderner-Steinhalle-2048x1578.jpg 2048w, https:\/\/rheinhessenblog.de\/wp-content\/uploads\/2026\/04\/Museum-Alzey-mit-neue-moderner-Steinhalle-16x12.jpg 16w\" sizes=\"(max-width: 800px) 100vw, 800px\" \/>\t\t\t\t\t\t\t\t\t\t\t\t\t\t\t<\/div>\n\t\t\t\t<\/div>\n\t\t\t\t\t<\/div>\n\t\t\t\t<\/div>\n\t\t<div class=\"elementor-element elementor-element-cdfd98c e-flex e-con-boxed e-con e-parent\" data-id=\"cdfd98c\" data-element_type=\"container\" data-e-type=\"container\" data-settings=\"{&quot;_ha_eqh_enable&quot;:false}\">\n\t\t\t\t\t<div class=\"e-con-inner\">\n\t\t\t\t<div class=\"elementor-element elementor-element-733c8b8 gallery-spacing-custom elementor-widget elementor-widget-image-gallery\" data-id=\"733c8b8\" data-element_type=\"widget\" data-e-type=\"widget\" data-widget_type=\"image-gallery.default\">\n\t\t\t\t<div class=\"elementor-widget-container\">\n\t\t\t\t\t\t\t<div class=\"elementor-image-gallery\">\n\t\t\t\n<a data-elementor-open-lightbox=\"yes\" data-elementor-lightbox-slideshow=\"733c8b8\" data-elementor-lightbox-title=\"Ein Blick in die Sammlung r\u00f6mischer Funde in der Steinhalle des Museums der Stadt lzey\" data-e-action-hash=\"#elementor-action%3Aaction%3Dlightbox%26settings%3DeyJpZCI6MTczNjAsInVybCI6Imh0dHBzOlwvXC9yaGVpbmhlc3NlbmJsb2cuZGVcL3dwLWNvbnRlbnRcL3VwbG9hZHNcLzIwMjZcLzA0XC9Sb2VtaXNjaGUtRnVuZGUtaW4tZGVyLW5ldWVuLVN0ZWluaGFsbGUtZGVzLU11c2V1bXMtQWx6ZXktc2NhbGVkLmpwZyIsInNsaWRlc2hvdyI6IjczM2M4YjgifQ%3D%3D\" href='https:\/\/rheinhessenblog.de\/wp-content\/uploads\/2026\/04\/Roemische-Funde-in-der-neuen-Steinhalle-des-Museums-Alzey-scaled.jpg'><img loading=\"lazy\" decoding=\"async\" width=\"768\" height=\"512\" src=\"https:\/\/rheinhessenblog.de\/wp-content\/uploads\/2026\/04\/Roemische-Funde-in-der-neuen-Steinhalle-des-Museums-Alzey-768x512.jpg\" class=\"attachment-medium_large size-medium_large\" alt=\"Un coup d&#039;\u0153il \u00e0 la collection de vestiges romains dans la salle en pierre du mus\u00e9e de la ville d&#039;lzey\" srcset=\"https:\/\/rheinhessenblog.de\/wp-content\/uploads\/2026\/04\/Roemische-Funde-in-der-neuen-Steinhalle-des-Museums-Alzey-768x512.jpg 768w, https:\/\/rheinhessenblog.de\/wp-content\/uploads\/2026\/04\/Roemische-Funde-in-der-neuen-Steinhalle-des-Museums-Alzey-300x200.jpg 300w, https:\/\/rheinhessenblog.de\/wp-content\/uploads\/2026\/04\/Roemische-Funde-in-der-neuen-Steinhalle-des-Museums-Alzey-1024x683.jpg 1024w, https:\/\/rheinhessenblog.de\/wp-content\/uploads\/2026\/04\/Roemische-Funde-in-der-neuen-Steinhalle-des-Museums-Alzey-1536x1024.jpg 1536w, https:\/\/rheinhessenblog.de\/wp-content\/uploads\/2026\/04\/Roemische-Funde-in-der-neuen-Steinhalle-des-Museums-Alzey-2048x1365.jpg 2048w, https:\/\/rheinhessenblog.de\/wp-content\/uploads\/2026\/04\/Roemische-Funde-in-der-neuen-Steinhalle-des-Museums-Alzey-18x12.jpg 18w\" sizes=\"(max-width: 768px) 100vw, 768px\" \/><\/a>\n<a data-elementor-open-lightbox=\"yes\" data-elementor-lightbox-slideshow=\"733c8b8\" data-elementor-lightbox-title=\"R\u00f6mische Funde in der neuen Steinhalle des Museums der Stadt Alzey\" data-e-action-hash=\"#elementor-action%3Aaction%3Dlightbox%26settings%3DeyJpZCI6MTczNTksInVybCI6Imh0dHBzOlwvXC9yaGVpbmhlc3NlbmJsb2cuZGVcL3dwLWNvbnRlbnRcL3VwbG9hZHNcLzIwMjZcLzA0XC9Sb2VtaXNjaGUtRnVuZGUtaW4tZGVyLW5ldWVuLVN0ZWluaGFsbGUtZGVzLU11c2V1bXMtQWx6ZXkxLXNjYWxlZC5qcGciLCJzbGlkZXNob3ciOiI3MzNjOGI4In0%3D\" href='https:\/\/rheinhessenblog.de\/wp-content\/uploads\/2026\/04\/Roemische-Funde-in-der-neuen-Steinhalle-des-Museums-Alzey1-scaled.jpg'><img loading=\"lazy\" decoding=\"async\" width=\"768\" height=\"501\" src=\"https:\/\/rheinhessenblog.de\/wp-content\/uploads\/2026\/04\/Roemische-Funde-in-der-neuen-Steinhalle-des-Museums-Alzey1-768x501.jpg\" class=\"attachment-medium_large size-medium_large\" alt=\"D\u00e9couvertes romaines dans la nouvelle salle en pierre du mus\u00e9e de la ville d&#039;Alzey\" srcset=\"https:\/\/rheinhessenblog.de\/wp-content\/uploads\/2026\/04\/Roemische-Funde-in-der-neuen-Steinhalle-des-Museums-Alzey1-768x501.jpg 768w, https:\/\/rheinhessenblog.de\/wp-content\/uploads\/2026\/04\/Roemische-Funde-in-der-neuen-Steinhalle-des-Museums-Alzey1-300x196.jpg 300w, https:\/\/rheinhessenblog.de\/wp-content\/uploads\/2026\/04\/Roemische-Funde-in-der-neuen-Steinhalle-des-Museums-Alzey1-1024x668.jpg 1024w, https:\/\/rheinhessenblog.de\/wp-content\/uploads\/2026\/04\/Roemische-Funde-in-der-neuen-Steinhalle-des-Museums-Alzey1-1536x1002.jpg 1536w, https:\/\/rheinhessenblog.de\/wp-content\/uploads\/2026\/04\/Roemische-Funde-in-der-neuen-Steinhalle-des-Museums-Alzey1-2048x1336.jpg 2048w, https:\/\/rheinhessenblog.de\/wp-content\/uploads\/2026\/04\/Roemische-Funde-in-der-neuen-Steinhalle-des-Museums-Alzey1-18x12.jpg 18w\" sizes=\"(max-width: 768px) 100vw, 768px\" \/><\/a>\n\t\t<\/div>\n\t\t\t\t\t\t<\/div>\n\t\t\t\t<\/div>\n\t\t\t\t\t<\/div>\n\t\t\t\t<\/div>\n\t\t<div class=\"elementor-element elementor-element-e91bc89 e-grid e-con-boxed e-con e-parent\" data-id=\"e91bc89\" data-element_type=\"container\" data-e-type=\"container\" data-settings=\"{&quot;_ha_eqh_enable&quot;:false}\">\n\t\t\t\t\t<div class=\"e-con-inner\">\n\t\t\t\t<div class=\"elementor-element elementor-element-4bd2ac9 elementor-widget elementor-widget-text-editor\" data-id=\"4bd2ac9\" data-element_type=\"widget\" data-e-type=\"widget\" data-widget_type=\"text-editor.default\">\n\t\t\t\t<div class=\"elementor-widget-container\">\n\t\t\t\t\t\t\t\t\t<p class=\"name\"><strong>informations :<\/strong><\/p><p>Information touristique du pays d'Alzey<br \/>41, rue des Antonites<br \/>55232 Alzey<br \/>T\u00e9l : 06731 495 700<br \/>Courrier \u00e9lectronique : <a class=\"wpst\" href=\"mailto:touristinfo@alzey.de\" data-wa-event=\"click\" data-wa-label=\"touristinfo@alzey.de\" data-wa-category=\"mail\">touristinfo@alzey.de<\/a><br \/><a href=\"https:\/\/www.alzeyer-land.de\" target=\"_blank\" rel=\"noopener\">https:\/\/www.alzeyer-land.de<\/a>\u00a0<\/p>\t\t\t\t\t\t\t\t<\/div>\n\t\t\t\t<\/div>\n\t\t\t\t<div class=\"elementor-element elementor-element-bfe024a elementor-widget elementor-widget-text-editor\" data-id=\"bfe024a\" data-element_type=\"widget\" data-e-type=\"widget\" data-widget_type=\"text-editor.default\">\n\t\t\t\t<div class=\"elementor-widget-container\">\n\t\t\t\t\t\t\t\t\t<p>\u00a0<\/p><p>Mus\u00e9e de la ville d'Alzey<br \/>41, rue des Antonites<br \/><span class=\"zip\">55232<\/span> <span class=\"locality\">Alzey<br \/><\/span>T\u00e9l : 06731 495721<br \/><a class=\"mail\" href=\"mailto:museum@alzey.de\">Courrier \u00e9lectronique : museum@alzey.de<\/a><br \/><a class=\"website\" href=\"http:\/\/www.museum-alzey.de\" target=\"_blank\" rel=\"noopener\">http:\/\/www.museum-alzey.de<\/a><\/p>\t\t\t\t\t\t\t\t<\/div>\n\t\t\t\t<\/div>\n\t\t\t\t\t<\/div>\n\t\t\t\t<\/div>\n\t\t\t\t<\/div>","protected":false},"excerpt":{"rendered":"<p>Alzey en personne : le directeur du mus\u00e9e Tim Kerig montre ses endroits pr\u00e9f\u00e9r\u00e9s entre histoire, charme de la vieille ville, culture et joie de vivre de la Hesse rh\u00e9nane.<\/p>","protected":false},"author":32,"featured_media":17349,"comment_status":"open","ping_status":"closed","sticky":false,"template":"","format":"standard","meta":{"_acf_changed":false,"footnotes":""},"categories":[320],"tags":[393,394],"class_list":["post-17363","post","type-post","status-publish","format-standard","has-post-thumbnail","hentry","category-kultur-entdecken","tag-alzey","tag-museum-alzey"],"acf":{"":null},"yoast_head":"<!-- This site is optimized with the Yoast SEO plugin v27.4 - https:\/\/yoast.com\/product\/yoast-seo-wordpress\/ -->\n<title>Mit dem Museumsdirektor auf Entdeckungstour - Alzey ganz pers\u00f6nlich Alzey ganz persoenlich: mit Museumsdirektor Tour<\/title>\n<meta name=\"description\" content=\"Alzey ganz pers\u00f6nlich: Museumsdirektor Tim Kerig zeigt seine Lieblingspl\u00e4tze zwischen Geschichte, Altstadtflair, Kultur und rheinhessischer Lebensfreude. Alzey ganz pers\u00f6nlich: Museumsdirektor Tim Kerig zeigt seine Lieblingspl\u00e4tze zwischen Geschichte, Altstadtflair, Kultur und rheinhessischer Lebensfreude.\" \/>\n<meta name=\"robots\" content=\"index, follow, max-snippet:-1, max-image-preview:large, max-video-preview:-1\" \/>\n<link rel=\"canonical\" href=\"https:\/\/rheinhessenblog.de\/fr\/alzey-conseils-directeur-de-musee\/\" \/>\n<meta property=\"og:locale\" content=\"fr_FR\" \/>\n<meta property=\"og:type\" content=\"article\" \/>\n<meta property=\"og:title\" content=\"Mit dem Museumsdirektor auf Entdeckungstour - Alzey ganz pers\u00f6nlich Alzey ganz persoenlich: mit Museumsdirektor Tour\" \/>\n<meta property=\"og:description\" content=\"Alzey ganz pers\u00f6nlich: Museumsdirektor Tim Kerig zeigt seine Lieblingspl\u00e4tze zwischen Geschichte, Altstadtflair, Kultur und rheinhessischer Lebensfreude. Alzey ganz pers\u00f6nlich: Museumsdirektor Tim Kerig zeigt seine Lieblingspl\u00e4tze zwischen Geschichte, Altstadtflair, Kultur und rheinhessischer Lebensfreude.\" \/>\n<meta property=\"og:url\" content=\"https:\/\/rheinhessenblog.de\/fr\/alzey-conseils-directeur-de-musee\/\" \/>\n<meta property=\"og:site_name\" content=\"Rheinhessen-Blog\" \/>\n<meta property=\"article:published_time\" content=\"2026-04-02T13:52:32+00:00\" \/>\n<meta property=\"article:modified_time\" content=\"2026-04-07T10:56:15+00:00\" \/>\n<meta property=\"og:image\" content=\"https:\/\/rheinhessenblog.de\/wp-content\/uploads\/2026\/04\/Prof-Dr-Tim-Kerig_3-scaled.jpeg\" \/>\n\t<meta property=\"og:image:width\" content=\"1920\" \/>\n\t<meta property=\"og:image:height\" content=\"2560\" \/>\n\t<meta property=\"og:image:type\" content=\"image\/jpeg\" \/>\n<meta name=\"author\" content=\"Marina Noble\" \/>\n<meta name=\"twitter:card\" content=\"summary_large_image\" \/>\n<meta name=\"twitter:label1\" content=\"\u00c9crit par\" \/>\n\t<meta name=\"twitter:data1\" content=\"Marina Noble\" \/>\n\t<meta name=\"twitter:label2\" content=\"Dur\u00e9e de lecture estim\u00e9e\" \/>\n\t<meta name=\"twitter:data2\" content=\"10 minutes\" \/>\n<script type=\"application\/ld+json\" class=\"yoast-schema-graph\">{\"@context\":\"https:\\\/\\\/schema.org\",\"@graph\":[{\"@type\":\"Article\",\"@id\":\"https:\\\/\\\/rheinhessenblog.de\\\/alzey-tipps-museumsdirektor\\\/#article\",\"isPartOf\":{\"@id\":\"https:\\\/\\\/rheinhessenblog.de\\\/alzey-tipps-museumsdirektor\\\/\"},\"author\":{\"name\":\"Marina Noble\",\"@id\":\"https:\\\/\\\/rheinhessenblog.de\\\/#\\\/schema\\\/person\\\/7b950b7efc99cffd36440d1ce67ccd9c\"},\"headline\":\"Mit dem Museumsdirektor auf Entdeckungstour &#8211; Alzey ganz pers\u00f6nlich\",\"datePublished\":\"2026-04-02T13:52:32+00:00\",\"dateModified\":\"2026-04-07T10:56:15+00:00\",\"mainEntityOfPage\":{\"@id\":\"https:\\\/\\\/rheinhessenblog.de\\\/alzey-tipps-museumsdirektor\\\/\"},\"wordCount\":1073,\"commentCount\":0,\"publisher\":{\"@id\":\"https:\\\/\\\/rheinhessenblog.de\\\/#organization\"},\"image\":{\"@id\":\"https:\\\/\\\/rheinhessenblog.de\\\/alzey-tipps-museumsdirektor\\\/#primaryimage\"},\"thumbnailUrl\":\"https:\\\/\\\/rheinhessenblog.de\\\/wp-content\\\/uploads\\\/2026\\\/04\\\/Prof-Dr-Tim-Kerig_3-scaled.jpeg\",\"keywords\":[\"Alzey\",\"Museum Alzey\"],\"articleSection\":[\"Kultur entdecken\"],\"inLanguage\":\"fr-FR\",\"potentialAction\":[{\"@type\":\"CommentAction\",\"name\":\"Comment\",\"target\":[\"https:\\\/\\\/rheinhessenblog.de\\\/alzey-tipps-museumsdirektor\\\/#respond\"]}]},{\"@type\":\"WebPage\",\"@id\":\"https:\\\/\\\/rheinhessenblog.de\\\/alzey-tipps-museumsdirektor\\\/\",\"url\":\"https:\\\/\\\/rheinhessenblog.de\\\/alzey-tipps-museumsdirektor\\\/\",\"name\":\"Mit dem Museumsdirektor auf Entdeckungstour - Alzey ganz pers\u00f6nlich Alzey ganz persoenlich: mit Museumsdirektor Tour\",\"isPartOf\":{\"@id\":\"https:\\\/\\\/rheinhessenblog.de\\\/#website\"},\"primaryImageOfPage\":{\"@id\":\"https:\\\/\\\/rheinhessenblog.de\\\/alzey-tipps-museumsdirektor\\\/#primaryimage\"},\"image\":{\"@id\":\"https:\\\/\\\/rheinhessenblog.de\\\/alzey-tipps-museumsdirektor\\\/#primaryimage\"},\"thumbnailUrl\":\"https:\\\/\\\/rheinhessenblog.de\\\/wp-content\\\/uploads\\\/2026\\\/04\\\/Prof-Dr-Tim-Kerig_3-scaled.jpeg\",\"datePublished\":\"2026-04-02T13:52:32+00:00\",\"dateModified\":\"2026-04-07T10:56:15+00:00\",\"description\":\"Alzey ganz pers\u00f6nlich: Museumsdirektor Tim Kerig zeigt seine Lieblingspl\u00e4tze zwischen Geschichte, Altstadtflair, Kultur und rheinhessischer Lebensfreude. Alzey ganz pers\u00f6nlich: Museumsdirektor Tim Kerig zeigt seine Lieblingspl\u00e4tze zwischen Geschichte, Altstadtflair, Kultur und rheinhessischer Lebensfreude.\",\"breadcrumb\":{\"@id\":\"https:\\\/\\\/rheinhessenblog.de\\\/alzey-tipps-museumsdirektor\\\/#breadcrumb\"},\"inLanguage\":\"fr-FR\",\"potentialAction\":[{\"@type\":\"ReadAction\",\"target\":[\"https:\\\/\\\/rheinhessenblog.de\\\/alzey-tipps-museumsdirektor\\\/\"]}]},{\"@type\":\"ImageObject\",\"inLanguage\":\"fr-FR\",\"@id\":\"https:\\\/\\\/rheinhessenblog.de\\\/alzey-tipps-museumsdirektor\\\/#primaryimage\",\"url\":\"https:\\\/\\\/rheinhessenblog.de\\\/wp-content\\\/uploads\\\/2026\\\/04\\\/Prof-Dr-Tim-Kerig_3-scaled.jpeg\",\"contentUrl\":\"https:\\\/\\\/rheinhessenblog.de\\\/wp-content\\\/uploads\\\/2026\\\/04\\\/Prof-Dr-Tim-Kerig_3-scaled.jpeg\",\"width\":1920,\"height\":2560,\"caption\":\"Prof. Dr. Tim Kerig - Leiter des Museums der Stadt Alzey (c) Museum der Stadt Alzey\"},{\"@type\":\"BreadcrumbList\",\"@id\":\"https:\\\/\\\/rheinhessenblog.de\\\/alzey-tipps-museumsdirektor\\\/#breadcrumb\",\"itemListElement\":[{\"@type\":\"ListItem\",\"position\":1,\"name\":\"Startseite\",\"item\":\"https:\\\/\\\/rheinhessenblog.de\\\/\"},{\"@type\":\"ListItem\",\"position\":2,\"name\":\"Mit dem Museumsdirektor auf Entdeckungstour &#8211; Alzey ganz pers\u00f6nlich\"}]},{\"@type\":\"WebSite\",\"@id\":\"https:\\\/\\\/rheinhessenblog.de\\\/#website\",\"url\":\"https:\\\/\\\/rheinhessenblog.de\\\/\",\"name\":\"Rheinhessen-Blog\",\"description\":\"\",\"publisher\":{\"@id\":\"https:\\\/\\\/rheinhessenblog.de\\\/#organization\"},\"potentialAction\":[{\"@type\":\"SearchAction\",\"target\":{\"@type\":\"EntryPoint\",\"urlTemplate\":\"https:\\\/\\\/rheinhessenblog.de\\\/?s={search_term_string}\"},\"query-input\":{\"@type\":\"PropertyValueSpecification\",\"valueRequired\":true,\"valueName\":\"search_term_string\"}}],\"inLanguage\":\"fr-FR\"},{\"@type\":\"Organization\",\"@id\":\"https:\\\/\\\/rheinhessenblog.de\\\/#organization\",\"name\":\"Rheinhessen-Blog\",\"url\":\"https:\\\/\\\/rheinhessenblog.de\\\/\",\"logo\":{\"@type\":\"ImageObject\",\"inLanguage\":\"fr-FR\",\"@id\":\"https:\\\/\\\/rheinhessenblog.de\\\/#\\\/schema\\\/logo\\\/image\\\/\",\"url\":\"https:\\\/\\\/rheinhessenblog.de\\\/wp-content\\\/uploads\\\/2023\\\/07\\\/Rheinhessenlogo.svg\",\"contentUrl\":\"https:\\\/\\\/rheinhessenblog.de\\\/wp-content\\\/uploads\\\/2023\\\/07\\\/Rheinhessenlogo.svg\",\"width\":85,\"height\":26,\"caption\":\"Rheinhessen-Blog\"},\"image\":{\"@id\":\"https:\\\/\\\/rheinhessenblog.de\\\/#\\\/schema\\\/logo\\\/image\\\/\"}},{\"@type\":\"Person\",\"@id\":\"https:\\\/\\\/rheinhessenblog.de\\\/#\\\/schema\\\/person\\\/7b950b7efc99cffd36440d1ce67ccd9c\",\"name\":\"Marina Noble\",\"description\":\"Seit \u00fcber 30 Jahren ist Rheinhessen meine Wahlheimat und ich, eine geb\u00fcrtige Fr\u00e4nkin, lebe heute in der Oppenheimer Altstadt. Reisen zu nahen und fernen Zielen geh\u00f6rten Jahrzehnte lang zu meinen Aufgaben als Inhaberin einer der erfolgreichsten touristischen PR-Agenturen Deutschlands. Nun im Ruhestand sind mein Mann und ich leidenschaftlich gern im sch\u00f6nen Rheinhessen unterwegs. Dabei engagieren wir uns z.B. f\u00fcr die Vogelbeobachtung oder als Wegepaten f\u00fcr den RheinTerassenWeg.\",\"url\":\"https:\\\/\\\/rheinhessenblog.de\\\/fr\\\/author\\\/marina\\\/\"}]}<\/script>\n<!-- \/ Yoast SEO plugin. -->","yoast_head_json":{"title":"A la d\u00e9couverte d'Alzey avec le directeur du mus\u00e9e - Alzey en personne Alzey en personne : avec le directeur du mus\u00e9e Tour","description":"Alzey en personne : Tim Kerig, directeur du mus\u00e9e, montre ses endroits pr\u00e9f\u00e9r\u00e9s entre histoire, charme de la vieille ville, culture et joie de vivre rh\u00e9nane. Alzey en personne : le directeur du mus\u00e9e Tim Kerig montre ses endroits pr\u00e9f\u00e9r\u00e9s entre histoire, charme de la vieille ville, culture et joie de vivre rh\u00e9nane.","robots":{"index":"index","follow":"follow","max-snippet":"max-snippet:-1","max-image-preview":"max-image-preview:large","max-video-preview":"max-video-preview:-1"},"canonical":"https:\/\/rheinhessenblog.de\/fr\/alzey-conseils-directeur-de-musee\/","og_locale":"fr_FR","og_type":"article","og_title":"Mit dem Museumsdirektor auf Entdeckungstour - Alzey ganz pers\u00f6nlich Alzey ganz persoenlich: mit Museumsdirektor Tour","og_description":"Alzey ganz pers\u00f6nlich: Museumsdirektor Tim Kerig zeigt seine Lieblingspl\u00e4tze zwischen Geschichte, Altstadtflair, Kultur und rheinhessischer Lebensfreude. Alzey ganz pers\u00f6nlich: Museumsdirektor Tim Kerig zeigt seine Lieblingspl\u00e4tze zwischen Geschichte, Altstadtflair, Kultur und rheinhessischer Lebensfreude.","og_url":"https:\/\/rheinhessenblog.de\/fr\/alzey-conseils-directeur-de-musee\/","og_site_name":"Rheinhessen-Blog","article_published_time":"2026-04-02T13:52:32+00:00","article_modified_time":"2026-04-07T10:56:15+00:00","og_image":[{"width":1920,"height":2560,"url":"https:\/\/rheinhessenblog.de\/wp-content\/uploads\/2026\/04\/Prof-Dr-Tim-Kerig_3-scaled.jpeg","type":"image\/jpeg"}],"author":"Marina Noble","twitter_card":"summary_large_image","twitter_misc":{"\u00c9crit par":"Marina Noble","Dur\u00e9e de lecture estim\u00e9e":"10 minutes"},"schema":{"@context":"https:\/\/schema.org","@graph":[{"@type":"Article","@id":"https:\/\/rheinhessenblog.de\/alzey-tipps-museumsdirektor\/#article","isPartOf":{"@id":"https:\/\/rheinhessenblog.de\/alzey-tipps-museumsdirektor\/"},"author":{"name":"Marina Noble","@id":"https:\/\/rheinhessenblog.de\/#\/schema\/person\/7b950b7efc99cffd36440d1ce67ccd9c"},"headline":"Mit dem Museumsdirektor auf Entdeckungstour &#8211; Alzey ganz pers\u00f6nlich","datePublished":"2026-04-02T13:52:32+00:00","dateModified":"2026-04-07T10:56:15+00:00","mainEntityOfPage":{"@id":"https:\/\/rheinhessenblog.de\/alzey-tipps-museumsdirektor\/"},"wordCount":1073,"commentCount":0,"publisher":{"@id":"https:\/\/rheinhessenblog.de\/#organization"},"image":{"@id":"https:\/\/rheinhessenblog.de\/alzey-tipps-museumsdirektor\/#primaryimage"},"thumbnailUrl":"https:\/\/rheinhessenblog.de\/wp-content\/uploads\/2026\/04\/Prof-Dr-Tim-Kerig_3-scaled.jpeg","keywords":["Alzey","Museum Alzey"],"articleSection":["Kultur entdecken"],"inLanguage":"fr-FR","potentialAction":[{"@type":"CommentAction","name":"Comment","target":["https:\/\/rheinhessenblog.de\/alzey-tipps-museumsdirektor\/#respond"]}]},{"@type":"WebPage","@id":"https:\/\/rheinhessenblog.de\/alzey-tipps-museumsdirektor\/","url":"https:\/\/rheinhessenblog.de\/alzey-tipps-museumsdirektor\/","name":"A la d\u00e9couverte d'Alzey avec le directeur du mus\u00e9e - Alzey en personne Alzey en personne : avec le directeur du mus\u00e9e Tour","isPartOf":{"@id":"https:\/\/rheinhessenblog.de\/#website"},"primaryImageOfPage":{"@id":"https:\/\/rheinhessenblog.de\/alzey-tipps-museumsdirektor\/#primaryimage"},"image":{"@id":"https:\/\/rheinhessenblog.de\/alzey-tipps-museumsdirektor\/#primaryimage"},"thumbnailUrl":"https:\/\/rheinhessenblog.de\/wp-content\/uploads\/2026\/04\/Prof-Dr-Tim-Kerig_3-scaled.jpeg","datePublished":"2026-04-02T13:52:32+00:00","dateModified":"2026-04-07T10:56:15+00:00","description":"Alzey en personne : Tim Kerig, directeur du mus\u00e9e, montre ses endroits pr\u00e9f\u00e9r\u00e9s entre histoire, charme de la vieille ville, culture et joie de vivre rh\u00e9nane. Alzey en personne : le directeur du mus\u00e9e Tim Kerig montre ses endroits pr\u00e9f\u00e9r\u00e9s entre histoire, charme de la vieille ville, culture et joie de vivre rh\u00e9nane.","breadcrumb":{"@id":"https:\/\/rheinhessenblog.de\/alzey-tipps-museumsdirektor\/#breadcrumb"},"inLanguage":"fr-FR","potentialAction":[{"@type":"ReadAction","target":["https:\/\/rheinhessenblog.de\/alzey-tipps-museumsdirektor\/"]}]},{"@type":"ImageObject","inLanguage":"fr-FR","@id":"https:\/\/rheinhessenblog.de\/alzey-tipps-museumsdirektor\/#primaryimage","url":"https:\/\/rheinhessenblog.de\/wp-content\/uploads\/2026\/04\/Prof-Dr-Tim-Kerig_3-scaled.jpeg","contentUrl":"https:\/\/rheinhessenblog.de\/wp-content\/uploads\/2026\/04\/Prof-Dr-Tim-Kerig_3-scaled.jpeg","width":1920,"height":2560,"caption":"Prof. Dr. Tim Kerig - Leiter des Museums der Stadt Alzey (c) Museum der Stadt Alzey"},{"@type":"BreadcrumbList","@id":"https:\/\/rheinhessenblog.de\/alzey-tipps-museumsdirektor\/#breadcrumb","itemListElement":[{"@type":"ListItem","position":1,"name":"Startseite","item":"https:\/\/rheinhessenblog.de\/"},{"@type":"ListItem","position":2,"name":"Mit dem Museumsdirektor auf Entdeckungstour &#8211; Alzey ganz pers\u00f6nlich"}]},{"@type":"WebSite","@id":"https:\/\/rheinhessenblog.de\/#website","url":"https:\/\/rheinhessenblog.de\/","name":"Blog de la Hesse rh\u00e9nane","description":"","publisher":{"@id":"https:\/\/rheinhessenblog.de\/#organization"},"potentialAction":[{"@type":"SearchAction","target":{"@type":"EntryPoint","urlTemplate":"https:\/\/rheinhessenblog.de\/?s={search_term_string}"},"query-input":{"@type":"PropertyValueSpecification","valueRequired":true,"valueName":"search_term_string"}}],"inLanguage":"fr-FR"},{"@type":"Organization","@id":"https:\/\/rheinhessenblog.de\/#organization","name":"Blog de la Hesse rh\u00e9nane","url":"https:\/\/rheinhessenblog.de\/","logo":{"@type":"ImageObject","inLanguage":"fr-FR","@id":"https:\/\/rheinhessenblog.de\/#\/schema\/logo\/image\/","url":"https:\/\/rheinhessenblog.de\/wp-content\/uploads\/2023\/07\/Rheinhessenlogo.svg","contentUrl":"https:\/\/rheinhessenblog.de\/wp-content\/uploads\/2023\/07\/Rheinhessenlogo.svg","width":85,"height":26,"caption":"Rheinhessen-Blog"},"image":{"@id":"https:\/\/rheinhessenblog.de\/#\/schema\/logo\/image\/"}},{"@type":"Person","@id":"https:\/\/rheinhessenblog.de\/#\/schema\/person\/7b950b7efc99cffd36440d1ce67ccd9c","name":"Marina Noble","description":"Depuis plus de 30 ans, la Hesse rh\u00e9nane est mon pays d'adoption et moi, une Franconienne de naissance, je vis aujourd'hui dans la vieille ville d'Oppenheim. Les voyages vers des destinations proches et lointaines ont fait partie de mes t\u00e2ches pendant des d\u00e9cennies en tant que propri\u00e9taire d'une des agences de relations publiques touristiques les plus prosp\u00e8res d'Allemagne. Maintenant \u00e0 la retraite, mon mari et moi aimons passionn\u00e9ment voyager dans la belle r\u00e9gion du Rheinhessen. Nous nous engageons par exemple pour l'observation des oiseaux ou en tant que parrains du RheinTerassenWeg.","url":"https:\/\/rheinhessenblog.de\/fr\/author\/marina\/"}]}},"_links":{"self":[{"href":"https:\/\/rheinhessenblog.de\/fr\/wp-json\/wp\/v2\/posts\/17363","targetHints":{"allow":["GET"]}}],"collection":[{"href":"https:\/\/rheinhessenblog.de\/fr\/wp-json\/wp\/v2\/posts"}],"about":[{"href":"https:\/\/rheinhessenblog.de\/fr\/wp-json\/wp\/v2\/types\/post"}],"author":[{"embeddable":true,"href":"https:\/\/rheinhessenblog.de\/fr\/wp-json\/wp\/v2\/users\/32"}],"replies":[{"embeddable":true,"href":"https:\/\/rheinhessenblog.de\/fr\/wp-json\/wp\/v2\/comments?post=17363"}],"version-history":[{"count":36,"href":"https:\/\/rheinhessenblog.de\/fr\/wp-json\/wp\/v2\/posts\/17363\/revisions"}],"predecessor-version":[{"id":17423,"href":"https:\/\/rheinhessenblog.de\/fr\/wp-json\/wp\/v2\/posts\/17363\/revisions\/17423"}],"wp:featuredmedia":[{"embeddable":true,"href":"https:\/\/rheinhessenblog.de\/fr\/wp-json\/wp\/v2\/media\/17349"}],"wp:attachment":[{"href":"https:\/\/rheinhessenblog.de\/fr\/wp-json\/wp\/v2\/media?parent=17363"}],"wp:term":[{"taxonomy":"category","embeddable":true,"href":"https:\/\/rheinhessenblog.de\/fr\/wp-json\/wp\/v2\/categories?post=17363"},{"taxonomy":"post_tag","embeddable":true,"href":"https:\/\/rheinhessenblog.de\/fr\/wp-json\/wp\/v2\/tags?post=17363"}],"curies":[{"name":"wp","href":"https:\/\/api.w.org\/{rel}","templated":true}]}}