{"id":1827,"date":"2018-06-11T17:25:12","date_gmt":"2018-06-11T15:25:12","guid":{"rendered":"http:\/\/blog.rheinhessen.de\/?p=1827"},"modified":"2023-09-21T09:44:50","modified_gmt":"2023-09-21T07:44:50","slug":"scene-libre-pour-les-jeunes-vignerons-et-le-vin-de-rheinhessen","status":"publish","type":"post","link":"https:\/\/rheinhessenblog.de\/fr\/buehne-frei-fuer-die-jungen-winzer-und-den-rheinhessenwein\/","title":{"rendered":"Sc\u00e8ne libre pour les jeunes viticulteurs et le vin de Rheinhessen"},"content":{"rendered":"<h2 class=\"wp-block-heading\">Le Salon du vin de Mayence<\/h2>\n\n\n\n<p>Les verres de vin tintent, une musique live conviviale et des \u00e9clats de voix emplissent la promenade du Rhin entre la plage de Mayence et la porte du pont de l'ancienne fortification de la ville. Les tables sont rapidement occup\u00e9es et les places sur le large bord du bassin de la Kurf\u00fcrstenbrunnen avec sa grande fontaine sont tout aussi convoit\u00e9es. Chaque premier mardi entre avril et septembre, les jeunes viticulteurs de la Hesse rh\u00e9nane ouvrent leurs meilleurs vins sur cette place \u00e0 partir de 17 heures pour l'After-Work-Party \u201eSalon du vin de Mayence\u201c - un lieu de rencontre pour de nombreux habitants de Mayence, qui attire \u00e9galement les visiteurs de la ville.<\/p>\n\n\n\n<figure class=\"wp-block-image alignnone\"><a href=\"http:\/\/rheinhessenblog.de\/wp-content\/uploads\/2018\/06\/Mainzer-Weinsalon-Foto-Karl-Weller-13-Weinglaeser.jpg\"><img fetchpriority=\"high\" decoding=\"async\" width=\"682\" height=\"1024\" src=\"http:\/\/rheinhessenblog.de\/wp-content\/uploads\/2018\/06\/Mainzer-Weinsalon-Foto-Karl-Weller-13-Weinglaeser-682x1024.jpg\" alt=\"Salon du vin de Mayence. Photo Karl Weller. Verres \u00e0 vin\" class=\"wp-image-1831\" srcset=\"https:\/\/rheinhessenblog.de\/wp-content\/uploads\/2018\/06\/Mainzer-Weinsalon-Foto-Karl-Weller-13-Weinglaeser-682x1024.jpg 682w, https:\/\/rheinhessenblog.de\/wp-content\/uploads\/2018\/06\/Mainzer-Weinsalon-Foto-Karl-Weller-13-Weinglaeser-200x300.jpg 200w, https:\/\/rheinhessenblog.de\/wp-content\/uploads\/2018\/06\/Mainzer-Weinsalon-Foto-Karl-Weller-13-Weinglaeser-768x1152.jpg 768w, https:\/\/rheinhessenblog.de\/wp-content\/uploads\/2018\/06\/Mainzer-Weinsalon-Foto-Karl-Weller-13-Weinglaeser-1024x1536.jpg 1024w, https:\/\/rheinhessenblog.de\/wp-content\/uploads\/2018\/06\/Mainzer-Weinsalon-Foto-Karl-Weller-13-Weinglaeser-1365x2048.jpg 1365w, https:\/\/rheinhessenblog.de\/wp-content\/uploads\/2018\/06\/Mainzer-Weinsalon-Foto-Karl-Weller-13-Weinglaeser-scaled.jpg 1706w\" sizes=\"(max-width: 682px) 100vw, 682px\" \/><\/a><figcaption class=\"wp-element-caption\">Salon du vin de Mayence. Photo : Karl Weller<\/figcaption><\/figure>\n\n\n\n<p>Entre les piliers d'angle de la porte du pont, qui fut pendant 200 ans l'entr\u00e9e officielle de la ville, tr\u00f4ne le cycle des princes \u00e9lecteurs de Mayence. Les sept princes \u00e9lecteurs repr\u00e9sent\u00e9s sont le roi Louis de Bavi\u00e8re, les archev\u00eaques de Mayence, Cologne et Tr\u00e8ves, le roi de Boh\u00e8me, le comte palatin du Rhin, le duc de Saxe et le margrave de Brandebourg. Ce qui est coul\u00e9 ici dans le b\u00e9ton est conserv\u00e9 dans le mus\u00e9e r\u00e9gional de la Gro\u00dfe Bleiche dans sa version originale en \u00e9tain. L\u00e0 aussi, les jeunes viticulteurs organisent chaque troisi\u00e8me mardi de la saison le \u201eSalon du vin\u201c dans la cour int\u00e9rieure.<\/p>\n\n\n\n<figure class=\"wp-block-image alignnone\"><a href=\"http:\/\/rheinhessenblog.de\/wp-content\/uploads\/2018\/06\/Mainzer-Weinsalon-Kurfuerstenzyklus-Karl-Weller-6.jpg\"><img decoding=\"async\" width=\"1024\" height=\"683\" src=\"http:\/\/rheinhessenblog.de\/wp-content\/uploads\/2018\/06\/Mainzer-Weinsalon-Kurfuerstenzyklus-Karl-Weller-6-1024x683.jpg\" alt=\"Salon du vin de Mayence Cycle de l&#039;\u00e9lecteur Karl Weller\" class=\"wp-image-1835\" srcset=\"https:\/\/rheinhessenblog.de\/wp-content\/uploads\/2018\/06\/Mainzer-Weinsalon-Kurfuerstenzyklus-Karl-Weller-6-1024x683.jpg 1024w, https:\/\/rheinhessenblog.de\/wp-content\/uploads\/2018\/06\/Mainzer-Weinsalon-Kurfuerstenzyklus-Karl-Weller-6-300x200.jpg 300w, https:\/\/rheinhessenblog.de\/wp-content\/uploads\/2018\/06\/Mainzer-Weinsalon-Kurfuerstenzyklus-Karl-Weller-6-768x512.jpg 768w, https:\/\/rheinhessenblog.de\/wp-content\/uploads\/2018\/06\/Mainzer-Weinsalon-Kurfuerstenzyklus-Karl-Weller-6-1536x1024.jpg 1536w, https:\/\/rheinhessenblog.de\/wp-content\/uploads\/2018\/06\/Mainzer-Weinsalon-Kurfuerstenzyklus-Karl-Weller-6-2048x1365.jpg 2048w\" sizes=\"(max-width: 1024px) 100vw, 1024px\" \/><\/a><figcaption class=\"wp-element-caption\">Cycle de l'\u00e9lecteur. Photo : Karl Weller<\/figcaption><\/figure>\n\n\n\n<p>Les princes \u00e9lecteurs savaient d\u00e9j\u00e0 appr\u00e9cier le noble breuvage autant que nous le faisons aujourd'hui, car la tradition du vin est aussi ancienne que l'histoire de la ville. Aujourd'hui, Mayence et la Hesse rh\u00e9nane - la capitale du Land de Rh\u00e9nanie-Palatinat et la plus grande r\u00e9gion viticole d'Allemagne - sont membres du <a href=\"https:\/\/www.rheinhessen.de\/netzwerk\" target=\"_blank\" rel=\"noopener noreferrer\">R\u00e9seau mondial des grandes capitales du vin<\/a> et donc la repr\u00e9sentation allemande exclusive du r\u00e9seau international.<\/p>\n\n\n\n<figure class=\"wp-block-image alignnone\"><a href=\"http:\/\/rheinhessenblog.de\/wp-content\/uploads\/2018\/06\/Mainzer-Weinsalon-Fotos-Karl-Weller-6-After-Work.jpg\"><img decoding=\"async\" width=\"1024\" height=\"683\" src=\"http:\/\/rheinhessenblog.de\/wp-content\/uploads\/2018\/06\/Mainzer-Weinsalon-Fotos-Karl-Weller-6-After-Work-1024x683.jpg\" alt=\"Salon du vin de Mayence. After work (apr\u00e8s le travail). Photo : Karl Weller\" class=\"wp-image-1832\" srcset=\"https:\/\/rheinhessenblog.de\/wp-content\/uploads\/2018\/06\/Mainzer-Weinsalon-Fotos-Karl-Weller-6-After-Work-1024x683.jpg 1024w, https:\/\/rheinhessenblog.de\/wp-content\/uploads\/2018\/06\/Mainzer-Weinsalon-Fotos-Karl-Weller-6-After-Work-300x200.jpg 300w, https:\/\/rheinhessenblog.de\/wp-content\/uploads\/2018\/06\/Mainzer-Weinsalon-Fotos-Karl-Weller-6-After-Work-768x512.jpg 768w, https:\/\/rheinhessenblog.de\/wp-content\/uploads\/2018\/06\/Mainzer-Weinsalon-Fotos-Karl-Weller-6-After-Work-1536x1024.jpg 1536w, https:\/\/rheinhessenblog.de\/wp-content\/uploads\/2018\/06\/Mainzer-Weinsalon-Fotos-Karl-Weller-6-After-Work-2048x1365.jpg 2048w\" sizes=\"(max-width: 1024px) 100vw, 1024px\" \/><\/a><figcaption class=\"wp-element-caption\">Photo : Karl Weller<\/figcaption><\/figure>\n\n\n\n<h3 class=\"wp-block-heading\">De jeunes viticulteurs perp\u00e9tuent la tradition<\/h3>\n\n\n\n<p>Les jeunes viticulteurs de la Hesse rh\u00e9nane perp\u00e9tuent la tradition entretenue depuis des g\u00e9n\u00e9rations dans les domaines viticoles et l'associent \u00e0 leurs id\u00e9es fra\u00eeches autour du vin. Le site <a href=\"https:\/\/www.rheinhessen.de\/action\/search?form=search&amp;query=Mainzer+Weinsalon\" target=\"_blank\" rel=\"noopener noreferrer\">Salon du vin de Mayence<\/a> r\u00e9unit de jeunes viticulteurs de 20 domaines viticoles de la Hesse rh\u00e9nane. Ils entreprennent beaucoup ensemble, \u00e9changent leurs id\u00e9es autour du vin et se perfectionnent. Tout au long de l'ann\u00e9e, ils se pr\u00e9sentent ensemble \u00e0 de nombreuses manifestations et sont fiers des nombreux visiteurs des <a href=\"https:\/\/www.rheinhessen.de\/e-mainzer-weinsalon-2\" target=\"_blank\" rel=\"noopener noreferrer\">Soir\u00e9es after-work<\/a>, avec lesquels ils ont pu <a href=\"https:\/\/www.rheinhessen.de\/wein\" target=\"_blank\" rel=\"noopener noreferrer\">Vin de la Hesse rh\u00e9nane<\/a> donner la sc\u00e8ne qu'il m\u00e9rite.<\/p>\n\n\n\n<figure class=\"wp-block-image alignnone\"><a href=\"http:\/\/rheinhessenblog.de\/wp-content\/uploads\/2018\/06\/Mainzer-Weinsalon-Fotos-Karl-Weller-12-Philipp-R\u00e4der.jpg\"><img decoding=\"async\" src=\"http:\/\/rheinhessenblog.de\/wp-content\/uploads\/2018\/06\/Mainzer-Weinsalon-Fotos-Karl-Weller-12-Philipp-R\u00e4der-683x1024.jpg\" alt=\"Salon du vin de Mayence. Philipp R\u00e4der (en allemand). Photo : Karl Weller\" class=\"wp-image-1834\"\/><\/a><figcaption class=\"wp-element-caption\">Philipp R\u00e4der (Roues). Photo : Karl Weller<\/figcaption><\/figure>\n\n\n\n<p>L'un d'entre eux est Philipp R\u00e4der, technicien viticole, junior du domaine Bernhard R\u00e4der \u00e0 Flomborn et membre du comit\u00e9 directeur du \u201eMainzer Weinsalon\u201c. \u201ePr\u00e9server la tradition et s'ouvrir \u00e0 la nouveaut\u00e9, telle est la devise de notre domaine viticole, o\u00f9 trois g\u00e9n\u00e9rations travaillent main dans la main et sont ouvertes \u00e0 de nouvelles id\u00e9es autour du vin\u201c, explique-t-il. L'une de ces id\u00e9es est l'exploitation \u00e9cologique des vignobles, qui a conduit \u00e0 ce que tous les vins portent aujourd'hui le label bio. Philipp R\u00e4der est responsable de la conception des gammes de vins du domaine et essaie de nouvelles choses en plus du d\u00e9veloppement des c\u00e9pages classiques comme le M\u00fcller-Thurgau, le Riesling et le Pinot noir. Il s'agit notamment d'un sauvignon blanc vert frais et de chardonnay et silvaner vieillis en f\u00fbts de bois.<\/p>\n\n\n\n<figure class=\"wp-block-image alignnone\"><a href=\"http:\/\/rheinhessenblog.de\/wp-content\/uploads\/2018\/06\/Mainzer-Weinsalon-Foto-Karl-Weller-1-Feiern-am-Brunnen.jpg\"><img loading=\"lazy\" decoding=\"async\" width=\"1024\" height=\"683\" src=\"http:\/\/rheinhessenblog.de\/wp-content\/uploads\/2018\/06\/Mainzer-Weinsalon-Foto-Karl-Weller-1-Feiern-am-Brunnen-1024x683.jpg\" alt=\"Salon du vin de Mayence. Photo : Karl Weller. Faire la f\u00eate pr\u00e8s de la fontaine\" class=\"wp-image-1829\" srcset=\"https:\/\/rheinhessenblog.de\/wp-content\/uploads\/2018\/06\/Mainzer-Weinsalon-Foto-Karl-Weller-1-Feiern-am-Brunnen-1024x683.jpg 1024w, https:\/\/rheinhessenblog.de\/wp-content\/uploads\/2018\/06\/Mainzer-Weinsalon-Foto-Karl-Weller-1-Feiern-am-Brunnen-300x200.jpg 300w, https:\/\/rheinhessenblog.de\/wp-content\/uploads\/2018\/06\/Mainzer-Weinsalon-Foto-Karl-Weller-1-Feiern-am-Brunnen-768x512.jpg 768w, https:\/\/rheinhessenblog.de\/wp-content\/uploads\/2018\/06\/Mainzer-Weinsalon-Foto-Karl-Weller-1-Feiern-am-Brunnen-1536x1024.jpg 1536w, https:\/\/rheinhessenblog.de\/wp-content\/uploads\/2018\/06\/Mainzer-Weinsalon-Foto-Karl-Weller-1-Feiern-am-Brunnen-2048x1365.jpg 2048w\" sizes=\"(max-width: 1024px) 100vw, 1024px\" \/><\/a><figcaption class=\"wp-element-caption\">Salon du vin de Mayence. Photo : Karl Weller<\/figcaption><\/figure>\n\n\n\n<p>En Hesse rh\u00e9nane, le th\u00e8me du vin n'est plus depuis longtemps un domaine r\u00e9serv\u00e9 aux hommes. La jeune Katharina Faust de Siefersheim, qui a fait sensation en tant que princesse du vin de Hesse rh\u00e9nane en 2010 en chevauchant un \u00e9l\u00e9phant sur le vignoble \u201eGoldenes Horn\u201c, en est un exemple. Son affinit\u00e9 avec les pachydermes est peut-\u00eatre li\u00e9e \u00e0 sa capacit\u00e9 \u00e0 s'imposer, avec laquelle elle a \u201efait le tour du monde\u201c.\u201e<a href=\"https:\/\/www.rheinhessen.de\/action\/search\/0?form=search&amp;query=Vino+Generation\" target=\"_blank\" rel=\"noopener noreferrer\">G\u00e9n\u00e9ration Vino<\/a>\u201ca \u00e9t\u00e9 fond\u00e9e. Cette association de jeunes viticulteurs organise huit jeudis par an pendant les mois d'\u00e9t\u00e9 le d\u00e9j\u00e0 l\u00e9gendaire rendez-vous \u201eVins d'\u00e9t\u00e9\".\u201e<a href=\"https:\/\/www.rheinhessen.de\/action\/search\/0?form=search&amp;query=Feieroomend&amp;ac=on&amp;token=0.x3gnzyzactk-ew1qbp&amp;tab=events\" target=\"_blank\" rel=\"noopener noreferrer\">C\u00e9l\u00e9bration de la fin<\/a>\u201cdans les huit communes locales de la communaut\u00e9 de communes de W\u00f6llstein avec des vins s\u00e9lectionn\u00e9s et des d\u00e9lices de la Hesse rh\u00e9nane. La f\u00eate du vin \u201eFeieroomed\u201c porte le label de qualit\u00e9 \u201e.\u201e<a href=\"https:\/\/www.rheinhessen.de\/ausgezeichnete-weinfeste\" target=\"_blank\" rel=\"noopener noreferrer\">La Hesse rh\u00e9nane r\u00e9compens\u00e9e<\/a>\u201c.<\/p>\n\n\n\n<figure class=\"wp-block-image alignnone\"><a href=\"http:\/\/rheinhessenblog.de\/wp-content\/uploads\/2018\/06\/Mainzer-Weinsalon-Fotos-Karl-Weller-11-Alina-Hammer.jpg\"><img loading=\"lazy\" decoding=\"async\" width=\"683\" height=\"1024\" src=\"http:\/\/rheinhessenblog.de\/wp-content\/uploads\/2018\/06\/Mainzer-Weinsalon-Fotos-Karl-Weller-11-Alina-Hammer-683x1024.jpg\" alt=\"Salon du vin de Mayence. Alina Hammer. Photo : Karl Weller\" class=\"wp-image-1833\" srcset=\"https:\/\/rheinhessenblog.de\/wp-content\/uploads\/2018\/06\/Mainzer-Weinsalon-Fotos-Karl-Weller-11-Alina-Hammer-683x1024.jpg 683w, https:\/\/rheinhessenblog.de\/wp-content\/uploads\/2018\/06\/Mainzer-Weinsalon-Fotos-Karl-Weller-11-Alina-Hammer-200x300.jpg 200w, https:\/\/rheinhessenblog.de\/wp-content\/uploads\/2018\/06\/Mainzer-Weinsalon-Fotos-Karl-Weller-11-Alina-Hammer-768x1152.jpg 768w, https:\/\/rheinhessenblog.de\/wp-content\/uploads\/2018\/06\/Mainzer-Weinsalon-Fotos-Karl-Weller-11-Alina-Hammer-1024x1536.jpg 1024w, https:\/\/rheinhessenblog.de\/wp-content\/uploads\/2018\/06\/Mainzer-Weinsalon-Fotos-Karl-Weller-11-Alina-Hammer-1365x2048.jpg 1365w, https:\/\/rheinhessenblog.de\/wp-content\/uploads\/2018\/06\/Mainzer-Weinsalon-Fotos-Karl-Weller-11-Alina-Hammer-scaled.jpg 1707w\" sizes=\"(max-width: 683px) 100vw, 683px\" \/><\/a><figcaption class=\"wp-element-caption\">Alina Engel, la jeune femme. Photo : Karl Weller<\/figcaption><\/figure>\n\n\n\n<p>Alina Engel du domaine viticole Meyerhof \u00e0 Flonheim et deuxi\u00e8me pr\u00e9sidente au Salon du vin de Mayence, explique le succ\u00e8s de l'\u00e9v\u00e9nement : \u201eLors d'une after-work party, au moins sept domaines viticoles sont pr\u00e9sents. Ainsi, nous nous partageons le travail. De plus, nous prenons plaisir \u00e0 discuter avec nos clients, \u00e0 r\u00e9pondre \u00e0 leurs questions et \u00e0 entendre leurs r\u00e9actions. C'est une bonne occasion de transmettre notre enthousiasme pour le vin et la Hesse rh\u00e9nane\u201c.\u201c<\/p>\n\n\n\n<p>Il n'est pas \u00e9vident pour tous ceux qui grandissent dans un domaine viticole de suivre les traces de leurs parents. Les parents d'Alina l'ont emmen\u00e9e dans les vignes d\u00e8s son enfance, mais lorsqu'il s'est agi de choisir un m\u00e9tier, elle ne voyait pas son avenir \u00e0 Flonheim. Elle a \u00e9tudi\u00e9 l'\u00e9conomie internationale du vin, a regard\u00e9 autour d'elle en Nouvelle-Z\u00e9lande et a finalement chang\u00e9 d'avis. Elle a \u00e9tudi\u00e9 la viticulture \u00e0 Geisenheim et est rest\u00e9e au Meyerhof. L'amour des vignobles de la Hesse rh\u00e9nane est sans doute dans son sang.<\/p>\n\n\n\n<figure class=\"wp-block-image alignnone\"><a href=\"http:\/\/rheinhessenblog.de\/wp-content\/uploads\/2018\/06\/Mainzer-Weinsalon-Foto-Karl-Weller-10-Brunnen.jpg\"><img loading=\"lazy\" decoding=\"async\" width=\"1024\" height=\"683\" src=\"http:\/\/rheinhessenblog.de\/wp-content\/uploads\/2018\/06\/Mainzer-Weinsalon-Foto-Karl-Weller-10-Brunnen-1024x683.jpg\" alt=\"Salon du vin de Mayence. La fontaine. Photo : Karl Weller\" class=\"wp-image-1830\" srcset=\"https:\/\/rheinhessenblog.de\/wp-content\/uploads\/2018\/06\/Mainzer-Weinsalon-Foto-Karl-Weller-10-Brunnen-1024x683.jpg 1024w, https:\/\/rheinhessenblog.de\/wp-content\/uploads\/2018\/06\/Mainzer-Weinsalon-Foto-Karl-Weller-10-Brunnen-300x200.jpg 300w, https:\/\/rheinhessenblog.de\/wp-content\/uploads\/2018\/06\/Mainzer-Weinsalon-Foto-Karl-Weller-10-Brunnen-768x512.jpg 768w, https:\/\/rheinhessenblog.de\/wp-content\/uploads\/2018\/06\/Mainzer-Weinsalon-Foto-Karl-Weller-10-Brunnen-1536x1024.jpg 1536w, https:\/\/rheinhessenblog.de\/wp-content\/uploads\/2018\/06\/Mainzer-Weinsalon-Foto-Karl-Weller-10-Brunnen-2048x1365.jpg 2048w\" sizes=\"(max-width: 1024px) 100vw, 1024px\" \/><\/a><figcaption class=\"wp-element-caption\">Salon du vin de Mayence. La fontaine. Photo : Karl Weller<\/figcaption><\/figure>","protected":false},"excerpt":{"rendered":"<p>Der Mainzer Weinsalon Die Weingl\u00e4ser klingen, gesellige Live-Musik und Stimmengewirr erf\u00fcllen die Rheinpromenade zwischen Mainzstrand und dem Br\u00fcckentor der einstigen Stadtbefestigung. Die Tische sind schnell besetzt und die Pl\u00e4tze auf dem breiten Beckenrand des Kurf\u00fcrstenbrunnens mit gro\u00dfer Font\u00e4ne sind ebenso begehrt. An jedem ersten Dienstag zwischen April und September \u00f6ffnen auf diesem Platz ab 17 [&hellip;]<\/p>\n","protected":false},"author":13,"featured_media":1832,"comment_status":"closed","ping_status":"closed","sticky":false,"template":"","format":"standard","meta":{"_acf_changed":false,"footnotes":""},"categories":[320,318],"tags":[327,324],"class_list":["post-1827","post","type-post","status-publish","format-standard","has-post-thumbnail","hentry","category-kultur-entdecken","category-wein-kulinarik","tag-festivals-events","tag-weingenuss"],"acf":{"":null},"yoast_head":"<!-- This site is optimized with the Yoast SEO plugin v27.4 - https:\/\/yoast.com\/product\/yoast-seo-wordpress\/ -->\n<title>B\u00fchne frei f\u00fcr die jungen Winzer und den Rheinhessenwein - Rheinhessen-Blog<\/title>\n<meta name=\"description\" content=\"Der Mainzer Weinsalon Die Weingl\u00e4ser klingen, gesellige Live-Musik und Stimmengewirr erf\u00fcllen die Rheinpromenade zwischen Mainzstrand und dem Br\u00fcckentor\" \/>\n<meta name=\"robots\" content=\"index, follow, max-snippet:-1, max-image-preview:large, max-video-preview:-1\" \/>\n<link rel=\"canonical\" href=\"https:\/\/rheinhessenblog.de\/fr\/scene-libre-pour-les-jeunes-vignerons-et-le-vin-de-rheinhessen\/\" \/>\n<meta property=\"og:locale\" content=\"fr_FR\" \/>\n<meta property=\"og:type\" content=\"article\" \/>\n<meta property=\"og:title\" content=\"B\u00fchne frei f\u00fcr die jungen Winzer und den Rheinhessenwein - Rheinhessen-Blog\" \/>\n<meta property=\"og:description\" content=\"Der Mainzer Weinsalon Die Weingl\u00e4ser klingen, gesellige Live-Musik und Stimmengewirr erf\u00fcllen die Rheinpromenade zwischen Mainzstrand und dem Br\u00fcckentor\" \/>\n<meta property=\"og:url\" content=\"https:\/\/rheinhessenblog.de\/fr\/scene-libre-pour-les-jeunes-vignerons-et-le-vin-de-rheinhessen\/\" \/>\n<meta property=\"og:site_name\" content=\"Rheinhessen-Blog\" \/>\n<meta property=\"article:published_time\" content=\"2018-06-11T15:25:12+00:00\" \/>\n<meta property=\"article:modified_time\" content=\"2023-09-21T07:44:50+00:00\" \/>\n<meta property=\"og:image\" content=\"https:\/\/rheinhessenblog.de\/wp-content\/uploads\/2018\/06\/Mainzer-Weinsalon-Fotos-Karl-Weller-6-After-Work-scaled.jpg\" \/>\n\t<meta property=\"og:image:width\" content=\"2560\" \/>\n\t<meta property=\"og:image:height\" content=\"1707\" \/>\n\t<meta property=\"og:image:type\" content=\"image\/jpeg\" \/>\n<meta name=\"author\" content=\"Heidrun Braun\" \/>\n<meta name=\"twitter:card\" content=\"summary_large_image\" \/>\n<meta name=\"twitter:label1\" content=\"\u00c9crit par\" \/>\n\t<meta name=\"twitter:data1\" content=\"Heidrun Braun\" \/>\n\t<meta name=\"twitter:label2\" content=\"Dur\u00e9e de lecture estim\u00e9e\" \/>\n\t<meta name=\"twitter:data2\" content=\"6 minutes\" \/>\n<script type=\"application\/ld+json\" class=\"yoast-schema-graph\">{\"@context\":\"https:\\\/\\\/schema.org\",\"@graph\":[{\"@type\":\"Article\",\"@id\":\"https:\\\/\\\/rheinhessenblog.de\\\/buehne-frei-fuer-die-jungen-winzer-und-den-rheinhessenwein\\\/#article\",\"isPartOf\":{\"@id\":\"https:\\\/\\\/rheinhessenblog.de\\\/buehne-frei-fuer-die-jungen-winzer-und-den-rheinhessenwein\\\/\"},\"author\":{\"name\":\"Heidrun Braun\",\"@id\":\"https:\\\/\\\/rheinhessenblog.de\\\/#\\\/schema\\\/person\\\/31426c9fa145d9f76f761ca3f62cdf61\"},\"headline\":\"B\u00fchne frei f\u00fcr die jungen Winzer und den Rheinhessenwein\",\"datePublished\":\"2018-06-11T15:25:12+00:00\",\"dateModified\":\"2023-09-21T07:44:50+00:00\",\"mainEntityOfPage\":{\"@id\":\"https:\\\/\\\/rheinhessenblog.de\\\/buehne-frei-fuer-die-jungen-winzer-und-den-rheinhessenwein\\\/\"},\"wordCount\":763,\"publisher\":{\"@id\":\"https:\\\/\\\/rheinhessenblog.de\\\/#organization\"},\"image\":{\"@id\":\"https:\\\/\\\/rheinhessenblog.de\\\/buehne-frei-fuer-die-jungen-winzer-und-den-rheinhessenwein\\\/#primaryimage\"},\"thumbnailUrl\":\"https:\\\/\\\/rheinhessenblog.de\\\/wp-content\\\/uploads\\\/2018\\\/06\\\/Mainzer-Weinsalon-Fotos-Karl-Weller-6-After-Work-scaled.jpg\",\"keywords\":[\"Festivals \\\/ Events\",\"Weingenuss\"],\"articleSection\":[\"Kultur entdecken\",\"Wein &amp; Kulinarik\"],\"inLanguage\":\"fr-FR\"},{\"@type\":\"WebPage\",\"@id\":\"https:\\\/\\\/rheinhessenblog.de\\\/buehne-frei-fuer-die-jungen-winzer-und-den-rheinhessenwein\\\/\",\"url\":\"https:\\\/\\\/rheinhessenblog.de\\\/buehne-frei-fuer-die-jungen-winzer-und-den-rheinhessenwein\\\/\",\"name\":\"B\u00fchne frei f\u00fcr die jungen Winzer und den Rheinhessenwein - Rheinhessen-Blog\",\"isPartOf\":{\"@id\":\"https:\\\/\\\/rheinhessenblog.de\\\/#website\"},\"primaryImageOfPage\":{\"@id\":\"https:\\\/\\\/rheinhessenblog.de\\\/buehne-frei-fuer-die-jungen-winzer-und-den-rheinhessenwein\\\/#primaryimage\"},\"image\":{\"@id\":\"https:\\\/\\\/rheinhessenblog.de\\\/buehne-frei-fuer-die-jungen-winzer-und-den-rheinhessenwein\\\/#primaryimage\"},\"thumbnailUrl\":\"https:\\\/\\\/rheinhessenblog.de\\\/wp-content\\\/uploads\\\/2018\\\/06\\\/Mainzer-Weinsalon-Fotos-Karl-Weller-6-After-Work-scaled.jpg\",\"datePublished\":\"2018-06-11T15:25:12+00:00\",\"dateModified\":\"2023-09-21T07:44:50+00:00\",\"description\":\"Der Mainzer Weinsalon Die Weingl\u00e4ser klingen, gesellige Live-Musik und Stimmengewirr erf\u00fcllen die Rheinpromenade zwischen Mainzstrand und dem Br\u00fcckentor\",\"breadcrumb\":{\"@id\":\"https:\\\/\\\/rheinhessenblog.de\\\/buehne-frei-fuer-die-jungen-winzer-und-den-rheinhessenwein\\\/#breadcrumb\"},\"inLanguage\":\"fr-FR\",\"potentialAction\":[{\"@type\":\"ReadAction\",\"target\":[\"https:\\\/\\\/rheinhessenblog.de\\\/buehne-frei-fuer-die-jungen-winzer-und-den-rheinhessenwein\\\/\"]}]},{\"@type\":\"ImageObject\",\"inLanguage\":\"fr-FR\",\"@id\":\"https:\\\/\\\/rheinhessenblog.de\\\/buehne-frei-fuer-die-jungen-winzer-und-den-rheinhessenwein\\\/#primaryimage\",\"url\":\"https:\\\/\\\/rheinhessenblog.de\\\/wp-content\\\/uploads\\\/2018\\\/06\\\/Mainzer-Weinsalon-Fotos-Karl-Weller-6-After-Work-scaled.jpg\",\"contentUrl\":\"https:\\\/\\\/rheinhessenblog.de\\\/wp-content\\\/uploads\\\/2018\\\/06\\\/Mainzer-Weinsalon-Fotos-Karl-Weller-6-After-Work-scaled.jpg\",\"width\":2560,\"height\":1707,\"caption\":\"Foto: Karl Weller\"},{\"@type\":\"BreadcrumbList\",\"@id\":\"https:\\\/\\\/rheinhessenblog.de\\\/buehne-frei-fuer-die-jungen-winzer-und-den-rheinhessenwein\\\/#breadcrumb\",\"itemListElement\":[{\"@type\":\"ListItem\",\"position\":1,\"name\":\"Startseite\",\"item\":\"https:\\\/\\\/rheinhessenblog.de\\\/\"},{\"@type\":\"ListItem\",\"position\":2,\"name\":\"B\u00fchne frei f\u00fcr die jungen Winzer und den Rheinhessenwein\"}]},{\"@type\":\"WebSite\",\"@id\":\"https:\\\/\\\/rheinhessenblog.de\\\/#website\",\"url\":\"https:\\\/\\\/rheinhessenblog.de\\\/\",\"name\":\"Rheinhessen-Blog\",\"description\":\"\",\"publisher\":{\"@id\":\"https:\\\/\\\/rheinhessenblog.de\\\/#organization\"},\"potentialAction\":[{\"@type\":\"SearchAction\",\"target\":{\"@type\":\"EntryPoint\",\"urlTemplate\":\"https:\\\/\\\/rheinhessenblog.de\\\/?s={search_term_string}\"},\"query-input\":{\"@type\":\"PropertyValueSpecification\",\"valueRequired\":true,\"valueName\":\"search_term_string\"}}],\"inLanguage\":\"fr-FR\"},{\"@type\":\"Organization\",\"@id\":\"https:\\\/\\\/rheinhessenblog.de\\\/#organization\",\"name\":\"Rheinhessen-Blog\",\"url\":\"https:\\\/\\\/rheinhessenblog.de\\\/\",\"logo\":{\"@type\":\"ImageObject\",\"inLanguage\":\"fr-FR\",\"@id\":\"https:\\\/\\\/rheinhessenblog.de\\\/#\\\/schema\\\/logo\\\/image\\\/\",\"url\":\"https:\\\/\\\/rheinhessenblog.de\\\/wp-content\\\/uploads\\\/2023\\\/07\\\/Rheinhessenlogo.svg\",\"contentUrl\":\"https:\\\/\\\/rheinhessenblog.de\\\/wp-content\\\/uploads\\\/2023\\\/07\\\/Rheinhessenlogo.svg\",\"width\":85,\"height\":26,\"caption\":\"Rheinhessen-Blog\"},\"image\":{\"@id\":\"https:\\\/\\\/rheinhessenblog.de\\\/#\\\/schema\\\/logo\\\/image\\\/\"}},{\"@type\":\"Person\",\"@id\":\"https:\\\/\\\/rheinhessenblog.de\\\/#\\\/schema\\\/person\\\/31426c9fa145d9f76f761ca3f62cdf61\",\"name\":\"Heidrun Braun\",\"description\":\"Ich bin als Reisejournalistin am liebsten zu Fu\u00df per Rad und Schiff in Deutschland unterwegs und schreibe Reportagen f\u00fcr Tageszeitungen und Magazine.\",\"url\":\"https:\\\/\\\/rheinhessenblog.de\\\/fr\\\/author\\\/braun\\\/\"}]}<\/script>\n<!-- \/ Yoast SEO plugin. -->","yoast_head_json":{"title":"Sc\u00e8ne libre pour les jeunes viticulteurs et le vin de la Hesse rh\u00e9nane - Rheinhessen-Blog","description":"Le salon du vin de Mayence Les verres de vin r\u00e9sonnent, la musique live conviviale et les \u00e9clats de voix emplissent la promenade du Rhin entre la plage de Mayence et la porte du pont","robots":{"index":"index","follow":"follow","max-snippet":"max-snippet:-1","max-image-preview":"max-image-preview:large","max-video-preview":"max-video-preview:-1"},"canonical":"https:\/\/rheinhessenblog.de\/fr\/scene-libre-pour-les-jeunes-vignerons-et-le-vin-de-rheinhessen\/","og_locale":"fr_FR","og_type":"article","og_title":"B\u00fchne frei f\u00fcr die jungen Winzer und den Rheinhessenwein - Rheinhessen-Blog","og_description":"Der Mainzer Weinsalon Die Weingl\u00e4ser klingen, gesellige Live-Musik und Stimmengewirr erf\u00fcllen die Rheinpromenade zwischen Mainzstrand und dem Br\u00fcckentor","og_url":"https:\/\/rheinhessenblog.de\/fr\/scene-libre-pour-les-jeunes-vignerons-et-le-vin-de-rheinhessen\/","og_site_name":"Rheinhessen-Blog","article_published_time":"2018-06-11T15:25:12+00:00","article_modified_time":"2023-09-21T07:44:50+00:00","og_image":[{"width":2560,"height":1707,"url":"https:\/\/rheinhessenblog.de\/wp-content\/uploads\/2018\/06\/Mainzer-Weinsalon-Fotos-Karl-Weller-6-After-Work-scaled.jpg","type":"image\/jpeg"}],"author":"Heidrun Braun","twitter_card":"summary_large_image","twitter_misc":{"\u00c9crit par":"Heidrun Braun","Dur\u00e9e de lecture estim\u00e9e":"6 minutes"},"schema":{"@context":"https:\/\/schema.org","@graph":[{"@type":"Article","@id":"https:\/\/rheinhessenblog.de\/buehne-frei-fuer-die-jungen-winzer-und-den-rheinhessenwein\/#article","isPartOf":{"@id":"https:\/\/rheinhessenblog.de\/buehne-frei-fuer-die-jungen-winzer-und-den-rheinhessenwein\/"},"author":{"name":"Heidrun Braun","@id":"https:\/\/rheinhessenblog.de\/#\/schema\/person\/31426c9fa145d9f76f761ca3f62cdf61"},"headline":"B\u00fchne frei f\u00fcr die jungen Winzer und den Rheinhessenwein","datePublished":"2018-06-11T15:25:12+00:00","dateModified":"2023-09-21T07:44:50+00:00","mainEntityOfPage":{"@id":"https:\/\/rheinhessenblog.de\/buehne-frei-fuer-die-jungen-winzer-und-den-rheinhessenwein\/"},"wordCount":763,"publisher":{"@id":"https:\/\/rheinhessenblog.de\/#organization"},"image":{"@id":"https:\/\/rheinhessenblog.de\/buehne-frei-fuer-die-jungen-winzer-und-den-rheinhessenwein\/#primaryimage"},"thumbnailUrl":"https:\/\/rheinhessenblog.de\/wp-content\/uploads\/2018\/06\/Mainzer-Weinsalon-Fotos-Karl-Weller-6-After-Work-scaled.jpg","keywords":["Festivals \/ Events","Weingenuss"],"articleSection":["Kultur entdecken","Wein &amp; Kulinarik"],"inLanguage":"fr-FR"},{"@type":"WebPage","@id":"https:\/\/rheinhessenblog.de\/buehne-frei-fuer-die-jungen-winzer-und-den-rheinhessenwein\/","url":"https:\/\/rheinhessenblog.de\/buehne-frei-fuer-die-jungen-winzer-und-den-rheinhessenwein\/","name":"Sc\u00e8ne libre pour les jeunes viticulteurs et le vin de la Hesse rh\u00e9nane - Rheinhessen-Blog","isPartOf":{"@id":"https:\/\/rheinhessenblog.de\/#website"},"primaryImageOfPage":{"@id":"https:\/\/rheinhessenblog.de\/buehne-frei-fuer-die-jungen-winzer-und-den-rheinhessenwein\/#primaryimage"},"image":{"@id":"https:\/\/rheinhessenblog.de\/buehne-frei-fuer-die-jungen-winzer-und-den-rheinhessenwein\/#primaryimage"},"thumbnailUrl":"https:\/\/rheinhessenblog.de\/wp-content\/uploads\/2018\/06\/Mainzer-Weinsalon-Fotos-Karl-Weller-6-After-Work-scaled.jpg","datePublished":"2018-06-11T15:25:12+00:00","dateModified":"2023-09-21T07:44:50+00:00","description":"Le salon du vin de Mayence Les verres de vin r\u00e9sonnent, la musique live conviviale et les \u00e9clats de voix emplissent la promenade du Rhin entre la plage de Mayence et la porte du pont","breadcrumb":{"@id":"https:\/\/rheinhessenblog.de\/buehne-frei-fuer-die-jungen-winzer-und-den-rheinhessenwein\/#breadcrumb"},"inLanguage":"fr-FR","potentialAction":[{"@type":"ReadAction","target":["https:\/\/rheinhessenblog.de\/buehne-frei-fuer-die-jungen-winzer-und-den-rheinhessenwein\/"]}]},{"@type":"ImageObject","inLanguage":"fr-FR","@id":"https:\/\/rheinhessenblog.de\/buehne-frei-fuer-die-jungen-winzer-und-den-rheinhessenwein\/#primaryimage","url":"https:\/\/rheinhessenblog.de\/wp-content\/uploads\/2018\/06\/Mainzer-Weinsalon-Fotos-Karl-Weller-6-After-Work-scaled.jpg","contentUrl":"https:\/\/rheinhessenblog.de\/wp-content\/uploads\/2018\/06\/Mainzer-Weinsalon-Fotos-Karl-Weller-6-After-Work-scaled.jpg","width":2560,"height":1707,"caption":"Foto: Karl Weller"},{"@type":"BreadcrumbList","@id":"https:\/\/rheinhessenblog.de\/buehne-frei-fuer-die-jungen-winzer-und-den-rheinhessenwein\/#breadcrumb","itemListElement":[{"@type":"ListItem","position":1,"name":"Startseite","item":"https:\/\/rheinhessenblog.de\/"},{"@type":"ListItem","position":2,"name":"B\u00fchne frei f\u00fcr die jungen Winzer und den Rheinhessenwein"}]},{"@type":"WebSite","@id":"https:\/\/rheinhessenblog.de\/#website","url":"https:\/\/rheinhessenblog.de\/","name":"Blog de la Hesse rh\u00e9nane","description":"","publisher":{"@id":"https:\/\/rheinhessenblog.de\/#organization"},"potentialAction":[{"@type":"SearchAction","target":{"@type":"EntryPoint","urlTemplate":"https:\/\/rheinhessenblog.de\/?s={search_term_string}"},"query-input":{"@type":"PropertyValueSpecification","valueRequired":true,"valueName":"search_term_string"}}],"inLanguage":"fr-FR"},{"@type":"Organization","@id":"https:\/\/rheinhessenblog.de\/#organization","name":"Blog de la Hesse rh\u00e9nane","url":"https:\/\/rheinhessenblog.de\/","logo":{"@type":"ImageObject","inLanguage":"fr-FR","@id":"https:\/\/rheinhessenblog.de\/#\/schema\/logo\/image\/","url":"https:\/\/rheinhessenblog.de\/wp-content\/uploads\/2023\/07\/Rheinhessenlogo.svg","contentUrl":"https:\/\/rheinhessenblog.de\/wp-content\/uploads\/2023\/07\/Rheinhessenlogo.svg","width":85,"height":26,"caption":"Rheinhessen-Blog"},"image":{"@id":"https:\/\/rheinhessenblog.de\/#\/schema\/logo\/image\/"}},{"@type":"Person","@id":"https:\/\/rheinhessenblog.de\/#\/schema\/person\/31426c9fa145d9f76f761ca3f62cdf61","name":"Heidrun Braun","description":"Journaliste de voyage, j'aime parcourir l'Allemagne \u00e0 pied, \u00e0 v\u00e9lo et en bateau, et \u00e9crire des reportages pour des quotidiens et des magazines.","url":"https:\/\/rheinhessenblog.de\/fr\/author\/braun\/"}]}},"_links":{"self":[{"href":"https:\/\/rheinhessenblog.de\/fr\/wp-json\/wp\/v2\/posts\/1827","targetHints":{"allow":["GET"]}}],"collection":[{"href":"https:\/\/rheinhessenblog.de\/fr\/wp-json\/wp\/v2\/posts"}],"about":[{"href":"https:\/\/rheinhessenblog.de\/fr\/wp-json\/wp\/v2\/types\/post"}],"author":[{"embeddable":true,"href":"https:\/\/rheinhessenblog.de\/fr\/wp-json\/wp\/v2\/users\/13"}],"replies":[{"embeddable":true,"href":"https:\/\/rheinhessenblog.de\/fr\/wp-json\/wp\/v2\/comments?post=1827"}],"version-history":[{"count":2,"href":"https:\/\/rheinhessenblog.de\/fr\/wp-json\/wp\/v2\/posts\/1827\/revisions"}],"predecessor-version":[{"id":12582,"href":"https:\/\/rheinhessenblog.de\/fr\/wp-json\/wp\/v2\/posts\/1827\/revisions\/12582"}],"wp:featuredmedia":[{"embeddable":true,"href":"https:\/\/rheinhessenblog.de\/fr\/wp-json\/wp\/v2\/media\/1832"}],"wp:attachment":[{"href":"https:\/\/rheinhessenblog.de\/fr\/wp-json\/wp\/v2\/media?parent=1827"}],"wp:term":[{"taxonomy":"category","embeddable":true,"href":"https:\/\/rheinhessenblog.de\/fr\/wp-json\/wp\/v2\/categories?post=1827"},{"taxonomy":"post_tag","embeddable":true,"href":"https:\/\/rheinhessenblog.de\/fr\/wp-json\/wp\/v2\/tags?post=1827"}],"curies":[{"name":"wp","href":"https:\/\/api.w.org\/{rel}","templated":true}]}}