{"id":2299,"date":"2018-12-21T08:30:44","date_gmt":"2018-12-21T07:30:44","guid":{"rendered":"http:\/\/blog.rheinhessen.de\/?p=2299"},"modified":"2023-09-21T10:52:52","modified_gmt":"2023-09-21T08:52:52","slug":"worms-et-la-diversite-des-evenements-en-plein-air","status":"publish","type":"post","link":"https:\/\/rheinhessenblog.de\/fr\/worms-und-die-vielfalt-von-open-air-events\/","title":{"rendered":"Worms et la diversit\u00e9 des \u00e9v\u00e9nements en plein air"},"content":{"rendered":"<h2 class=\"wp-block-heading\">Un d\u00e9cor imposant<\/h2>\n\n\n\n<p>Le d\u00e9cor est d\u00e9j\u00e0 imposant <a href=\"https:\/\/www.nibelungenfestspiele.de\/nibelungenfestspiele\/\" target=\"_blank\" rel=\"noopener\">Festival des Nibelungen<\/a> - elles ont lieu \u00e0 proximit\u00e9 imm\u00e9diate de la cath\u00e9drale de Worms. Cette ville de 85 000 habitants situ\u00e9e dans la r\u00e9gion de la Hesse rh\u00e9nane sait mettre en avant ses th\u00e8mes et c\u00e9l\u00e9brer ses f\u00eates. Dix-sept jours en juillet et ao\u00fbt ont de nouveau \u00e9t\u00e9 plac\u00e9s sous le signe de Siegfried, Etzel, Gunther et Hagen, Kriemhild, Brunhild &amp; Co., pour la quatri\u00e8me fois sous la direction de Nico Hofmann. Cette ann\u00e9e encore, il a os\u00e9 une premi\u00e8re, car ce n'est pas la l\u00e9gende connue qui \u00e9tait au programme, mais plut\u00f4t sa (possible) suite :&nbsp;<a href=\"https:\/\/www.ardmediathek.de\/tv\/Landesart\/Die-Nibelungen-Festspiele-2018\/SWR-Rheinland-Pfalz\/Video?bcastId=1026398&amp;documentId=54376352\" target=\"_blank\" rel=\"noopener\">Les h\u00e9ritiers de Siegfried<\/a>. La pi\u00e8ce, qui d\u00e9bute au lendemain du cruel massacre \u00e0 la cour d'Etzel, roi des Huns, a \u00e9t\u00e9 \u00e9crite par le duo d'auteurs Feridun Zaimoglu et G\u00fcnter Senkel, et mise en sc\u00e8ne par Roger Vontobel. J\u00fcrgen Prochnow, \u00e2g\u00e9 de 77 ans, s'est produit pour la premi\u00e8re fois sur une sc\u00e8ne en plein air et a \u00e9t\u00e9 convaincant dans le r\u00f4le d'Etzel, lourdement marqu\u00e9. La pi\u00e8ce, qui dure trois bonnes heures, offre de nombreuses possibilit\u00e9s d'aborder les th\u00e8mes du pouvoir et de l'impuissance, de la cupidit\u00e9 et de la vengeance. Etzel veut venger la mort de son plus jeune et dernier fils, Brunhild (interpr\u00e9t\u00e9e par Ursula Strauss) est gravement marqu\u00e9e par la trahison de Siegfried et le viol de Gunther. Et tout le monde veut le tr\u00e9sor des Nibelungen englouti dans le Rhin : les Burgondes, les N\u00e9erlandais, les Huns \u00e9galement... Tout cela est tr\u00e8s sanglant et tout \u00e0 fait sordide. Mais convaincant. Tout comme la musique du petit ensemble d'instruments \u00e0 cordes regroup\u00e9 autour du chanteur de gorge mongol et violoniste \u00e0 t\u00eate de cheval Enkhjargal Dandarvaanchig. Son chant \u00e0 plusieurs octaves a d'abord d\u00e9concert\u00e9, mais il s'est parfaitement adapt\u00e9 \u00e0 l'action sc\u00e9nique.<\/p>\n\n\n\n<figure class=\"wp-block-image alignnone\"><a href=\"http:\/\/rheinhessenblog.de\/wp-content\/uploads\/2018\/10\/Die-Bhne-der-Nibelungenfestspiele-am-Wormser-Dom.-\u00ae-casowi.jpg\"><img fetchpriority=\"high\" decoding=\"async\" width=\"200\" height=\"300\" src=\"http:\/\/rheinhessenblog.de\/wp-content\/uploads\/2018\/10\/Die-Bhne-der-Nibelungenfestspiele-am-Wormser-Dom.-\u00ae-casowi-200x300.jpg\" alt=\"\" class=\"wp-image-2260\" srcset=\"https:\/\/rheinhessenblog.de\/wp-content\/uploads\/2018\/10\/Die-Bhne-der-Nibelungenfestspiele-am-Wormser-Dom.-\u00ae-casowi-200x300.jpg 200w, https:\/\/rheinhessenblog.de\/wp-content\/uploads\/2018\/10\/Die-Bhne-der-Nibelungenfestspiele-am-Wormser-Dom.-\u00ae-casowi-682x1024.jpg 682w, https:\/\/rheinhessenblog.de\/wp-content\/uploads\/2018\/10\/Die-Bhne-der-Nibelungenfestspiele-am-Wormser-Dom.-\u00ae-casowi-768x1152.jpg 768w, https:\/\/rheinhessenblog.de\/wp-content\/uploads\/2018\/10\/Die-Bhne-der-Nibelungenfestspiele-am-Wormser-Dom.-\u00ae-casowi.jpg 853w\" sizes=\"(max-width: 200px) 100vw, 200px\" \/><\/a><figcaption class=\"wp-element-caption\">La sc\u00e8ne du festival des Nibelungen \u00e0 la cath\u00e9drale de Worms. (\u00a9 casowi)<\/figcaption><\/figure>\n\n\n\n<figure class=\"wp-block-image alignnone\"><a href=\"http:\/\/rheinhessenblog.de\/wp-content\/uploads\/2018\/10\/Ein-Domportal-das-auch-mal-zum-Bhneneingang-wird-\u00d4\u00c7\u00aa-\u00ae-casowi.jpg\"><img decoding=\"async\" src=\"http:\/\/rheinhessenblog.de\/wp-content\/uploads\/2018\/10\/Ein-Domportal-das-auch-mal-zum-Bhneneingang-wird-\u00d4\u00c7\u00aa-\u00ae-casowi-200x300.jpg\" alt=\"\" class=\"wp-image-2263\"\/><\/a><figcaption class=\"wp-element-caption\">Un portail de cath\u00e9drale qui se transforme parfois en entr\u00e9e de sc\u00e8ne...(\u00a9 casowi)<\/figcaption><\/figure>\n\n\n\n<figure class=\"wp-block-image alignnone\"><a href=\"http:\/\/rheinhessenblog.de\/wp-content\/uploads\/2018\/10\/Der-Blut-Brunnen-im-Heylhof-Park.-\u00ae-casowi.jpg\"><img decoding=\"async\" width=\"300\" height=\"143\" src=\"http:\/\/rheinhessenblog.de\/wp-content\/uploads\/2018\/10\/Der-Blut-Brunnen-im-Heylhof-Park.-\u00ae-casowi-300x143.jpg\" alt=\"\" class=\"wp-image-2264\" srcset=\"https:\/\/rheinhessenblog.de\/wp-content\/uploads\/2018\/10\/Der-Blut-Brunnen-im-Heylhof-Park.-\u00ae-casowi-300x143.jpg 300w, https:\/\/rheinhessenblog.de\/wp-content\/uploads\/2018\/10\/Der-Blut-Brunnen-im-Heylhof-Park.-\u00ae-casowi-1024x488.jpg 1024w, https:\/\/rheinhessenblog.de\/wp-content\/uploads\/2018\/10\/Der-Blut-Brunnen-im-Heylhof-Park.-\u00ae-casowi-768x366.jpg 768w, https:\/\/rheinhessenblog.de\/wp-content\/uploads\/2018\/10\/Der-Blut-Brunnen-im-Heylhof-Park.-\u00ae-casowi.jpg 1280w\" sizes=\"(max-width: 300px) 100vw, 300px\" \/><\/a><figcaption class=\"wp-element-caption\">Aussi sanglante que certaines parties de la pi\u00e8ce de th\u00e9\u00e2tre : la fontaine du parc Heylshof. (\u00a9 casowi)<\/figcaption><\/figure>\n\n\n\n<figure class=\"wp-block-image alignnone\"><a href=\"http:\/\/rheinhessenblog.de\/wp-content\/uploads\/2018\/10\/So-l\u00f1sst-sich-der-Festspielabend-bestens-starten-\u00ae-casowi-.jpg\"><img decoding=\"async\" src=\"http:\/\/rheinhessenblog.de\/wp-content\/uploads\/2018\/10\/So-l\u00f1sst-sich-der-Festspielabend-bestens-starten-\u00ae-casowi--300x170.jpg\" alt=\"\" class=\"wp-image-2265\"\/><\/a><figcaption class=\"wp-element-caption\">C'est le meilleur moyen de commencer la soir\u00e9e du festival ! (\u00a9 casowi)<\/figcaption><\/figure>\n\n\n\n<figure class=\"wp-block-image alignnone\"><a href=\"http:\/\/rheinhessenblog.de\/wp-content\/uploads\/2018\/10\/Alternativ-g\u00f1be-es-auch-ein-vegetarisches-Men-...-\u00ae-casowi-.jpg\"><img decoding=\"async\" src=\"http:\/\/rheinhessenblog.de\/wp-content\/uploads\/2018\/10\/Alternativ-g\u00f1be-es-auch-ein-vegetarisches-Men-...-\u00ae-casowi--300x176.jpg\" alt=\"\" class=\"wp-image-2266\"\/><\/a><figcaption class=\"wp-element-caption\">Alternativement, il y aurait aussi un menu v\u00e9g\u00e9tarien ... (\u00a9 casowi)<\/figcaption><\/figure>\n\n\n\n<figure class=\"wp-block-image alignnone\"><a href=\"http:\/\/rheinhessenblog.de\/wp-content\/uploads\/2018\/10\/Schokoladenglck-vor-dem-Bhnenstck-\u00ae-casowi-.jpg\"><img decoding=\"async\" width=\"300\" height=\"151\" src=\"http:\/\/rheinhessenblog.de\/wp-content\/uploads\/2018\/10\/Schokoladenglck-vor-dem-Bhnenstck-\u00ae-casowi--300x151.jpg\" alt=\"\" class=\"wp-image-2267\" srcset=\"https:\/\/rheinhessenblog.de\/wp-content\/uploads\/2018\/10\/Schokoladenglck-vor-dem-Bhnenstck-\u00ae-casowi--300x151.jpg 300w, https:\/\/rheinhessenblog.de\/wp-content\/uploads\/2018\/10\/Schokoladenglck-vor-dem-Bhnenstck-\u00ae-casowi--1024x515.jpg 1024w, https:\/\/rheinhessenblog.de\/wp-content\/uploads\/2018\/10\/Schokoladenglck-vor-dem-Bhnenstck-\u00ae-casowi--768x386.jpg 768w, https:\/\/rheinhessenblog.de\/wp-content\/uploads\/2018\/10\/Schokoladenglck-vor-dem-Bhnenstck-\u00ae-casowi-.jpg 1280w\" sizes=\"(max-width: 300px) 100vw, 300px\" \/><\/a><figcaption class=\"wp-element-caption\">Le bonheur au chocolat avant la pi\u00e8ce de th\u00e9\u00e2tre (\u00a9 casowi)<\/figcaption><\/figure>\n\n\n\n<p>Worms sait se mettre en sc\u00e8ne : Avant la repr\u00e9sentation, il est d\u00e9licieux de se rendre au&nbsp;<a href=\"https:\/\/www.youtube.com\/watch?v=wDxPOkSC4Rc\" target=\"_blank\" rel=\"noopener\">Parc Heylshof<\/a>&nbsp;de la gastronomie. Accompagn\u00e9 d'un agr\u00e9able trio de piano-jazz, il est agr\u00e9able de s'\u00e9vader du quotidien et de se retrouver dans l'aura de la cath\u00e9drale de Worms et de son pass\u00e9. Construite par les Hohenstaufen, elle a \u00e9t\u00e9 consacr\u00e9e en 1181. Et comme les \u00e9difices religieux suivent aussi la mode, le c\u00f4t\u00e9 sud et trois chapelles ont \u00e9t\u00e9 modifi\u00e9s et ajout\u00e9s pendant la p\u00e9riode gothique. Lorsque l'on s'approche de la ville en voiture, la cath\u00e9drale tr\u00f4ne de loin dans le paysage et fait presque l'effet d'une couronne avec ses quatre tours. C'est la plus petite et sans doute la plus raffin\u00e9e des trois cath\u00e9drales imp\u00e9riales romanes du Rhin (Spire et Mayence).<\/p>\n\n\n\n<figure class=\"wp-block-image alignnone\"><a href=\"http:\/\/rheinhessenblog.de\/wp-content\/uploads\/2018\/10\/Der-jngste-Teil-des-Wormser-Doms-ist-das-Westportal.-\u00ae-casowi.jpg\"><img loading=\"lazy\" decoding=\"async\" width=\"300\" height=\"214\" src=\"http:\/\/rheinhessenblog.de\/wp-content\/uploads\/2018\/10\/Der-jngste-Teil-des-Wormser-Doms-ist-das-Westportal.-\u00ae-casowi-300x214.jpg\" alt=\"\" class=\"wp-image-2268\" srcset=\"https:\/\/rheinhessenblog.de\/wp-content\/uploads\/2018\/10\/Der-jngste-Teil-des-Wormser-Doms-ist-das-Westportal.-\u00ae-casowi-300x214.jpg 300w, https:\/\/rheinhessenblog.de\/wp-content\/uploads\/2018\/10\/Der-jngste-Teil-des-Wormser-Doms-ist-das-Westportal.-\u00ae-casowi-1024x732.jpg 1024w, https:\/\/rheinhessenblog.de\/wp-content\/uploads\/2018\/10\/Der-jngste-Teil-des-Wormser-Doms-ist-das-Westportal.-\u00ae-casowi-768x549.jpg 768w, https:\/\/rheinhessenblog.de\/wp-content\/uploads\/2018\/10\/Der-jngste-Teil-des-Wormser-Doms-ist-das-Westportal.-\u00ae-casowi.jpg 1280w\" sizes=\"(max-width: 300px) 100vw, 300px\" \/><\/a><figcaption class=\"wp-element-caption\">La partie la plus r\u00e9cente de la cath\u00e9drale de Worms est le portail ouest. (\u00a9 casowi)<\/figcaption><\/figure>\n\n\n\n<figure class=\"wp-block-image alignnone\"><a href=\"http:\/\/rheinhessenblog.de\/wp-content\/uploads\/2018\/10\/Blick-zum-hinteren-Teil-des-Kirchenschiffs.-\u00ae-casowi-.jpg\"><img loading=\"lazy\" decoding=\"async\" width=\"300\" height=\"161\" src=\"http:\/\/rheinhessenblog.de\/wp-content\/uploads\/2018\/10\/Blick-zum-hinteren-Teil-des-Kirchenschiffs.-\u00ae-casowi--300x161.jpg\" alt=\"\" class=\"wp-image-2269\" srcset=\"https:\/\/rheinhessenblog.de\/wp-content\/uploads\/2018\/10\/Blick-zum-hinteren-Teil-des-Kirchenschiffs.-\u00ae-casowi--300x161.jpg 300w, https:\/\/rheinhessenblog.de\/wp-content\/uploads\/2018\/10\/Blick-zum-hinteren-Teil-des-Kirchenschiffs.-\u00ae-casowi--1024x550.jpg 1024w, https:\/\/rheinhessenblog.de\/wp-content\/uploads\/2018\/10\/Blick-zum-hinteren-Teil-des-Kirchenschiffs.-\u00ae-casowi--768x412.jpg 768w, https:\/\/rheinhessenblog.de\/wp-content\/uploads\/2018\/10\/Blick-zum-hinteren-Teil-des-Kirchenschiffs.-\u00ae-casowi-.jpg 1280w\" sizes=\"(max-width: 300px) 100vw, 300px\" \/><\/a><figcaption class=\"wp-element-caption\">Vue sur le fond de la nef. (\u00a9 casowi)<\/figcaption><\/figure>\n\n\n\n<figure class=\"wp-block-image alignnone\"><a href=\"http:\/\/rheinhessenblog.de\/wp-content\/uploads\/2018\/10\/Holzmodell-des-Wormser-Doms-und-seiner-frheren-Umgebung-\u00ae-casowi-.jpg\"><img loading=\"lazy\" decoding=\"async\" width=\"300\" height=\"172\" src=\"http:\/\/rheinhessenblog.de\/wp-content\/uploads\/2018\/10\/Holzmodell-des-Wormser-Doms-und-seiner-frheren-Umgebung-\u00ae-casowi--300x172.jpg\" alt=\"\" class=\"wp-image-2270\" srcset=\"https:\/\/rheinhessenblog.de\/wp-content\/uploads\/2018\/10\/Holzmodell-des-Wormser-Doms-und-seiner-frheren-Umgebung-\u00ae-casowi--300x172.jpg 300w, https:\/\/rheinhessenblog.de\/wp-content\/uploads\/2018\/10\/Holzmodell-des-Wormser-Doms-und-seiner-frheren-Umgebung-\u00ae-casowi--1024x588.jpg 1024w, https:\/\/rheinhessenblog.de\/wp-content\/uploads\/2018\/10\/Holzmodell-des-Wormser-Doms-und-seiner-frheren-Umgebung-\u00ae-casowi--768x441.jpg 768w, https:\/\/rheinhessenblog.de\/wp-content\/uploads\/2018\/10\/Holzmodell-des-Wormser-Doms-und-seiner-frheren-Umgebung-\u00ae-casowi-.jpg 1280w\" sizes=\"(max-width: 300px) 100vw, 300px\" \/><\/a><figcaption class=\"wp-element-caption\">Mod\u00e8le en bois de la cath\u00e9drale de Worms et de son ancien environnement (\u00a9 casowi)<\/figcaption><\/figure>\n\n\n\n<figure class=\"wp-block-image alignnone\"><a href=\"http:\/\/rheinhessenblog.de\/wp-content\/uploads\/2018\/10\/Ein-romanischer-L\u00c2we-im-Dom.-\u00ae-casowi.jpg\"><img decoding=\"async\" src=\"http:\/\/rheinhessenblog.de\/wp-content\/uploads\/2018\/10\/Ein-romanischer-L\u00c2we-im-Dom.-\u00ae-casowi-300x150.jpg\" alt=\"\" class=\"wp-image-2271\"\/><\/a><figcaption class=\"wp-element-caption\">Un lion roman dans la cath\u00e9drale. (\u00a9 casowi)<\/figcaption><\/figure>\n\n\n\n<p>Les protagonistes de la Chanson des Nibelungen (\u00e9crite vers 1200 apr\u00e8s J.-C.) vous accompagnent \u00e0 travers la ville : sous forme de sculptures de dragons, de fontaine de la roue du destin sur la place du march\u00e9 sup\u00e9rieur, de monument \u00e0 Hagen sur le Rhin ou dans le mus\u00e9e multim\u00e9dia des Nibelungen.<\/p>\n\n\n\n<figure class=\"wp-block-image alignnone\"><a href=\"http:\/\/rheinhessenblog.de\/wp-content\/uploads\/2018\/10\/Das-Schicksalsrad-der-Nibelungen-an-diesem-Brunnen-bewegt-sich.-\u00ae-casowi.jpg\"><img loading=\"lazy\" decoding=\"async\" width=\"242\" height=\"300\" src=\"http:\/\/rheinhessenblog.de\/wp-content\/uploads\/2018\/10\/Das-Schicksalsrad-der-Nibelungen-an-diesem-Brunnen-bewegt-sich.-\u00ae-casowi-242x300.jpg\" alt=\"\" class=\"wp-image-2272\" srcset=\"https:\/\/rheinhessenblog.de\/wp-content\/uploads\/2018\/10\/Das-Schicksalsrad-der-Nibelungen-an-diesem-Brunnen-bewegt-sich.-\u00ae-casowi-242x300.jpg 242w, https:\/\/rheinhessenblog.de\/wp-content\/uploads\/2018\/10\/Das-Schicksalsrad-der-Nibelungen-an-diesem-Brunnen-bewegt-sich.-\u00ae-casowi-826x1024.jpg 826w, https:\/\/rheinhessenblog.de\/wp-content\/uploads\/2018\/10\/Das-Schicksalsrad-der-Nibelungen-an-diesem-Brunnen-bewegt-sich.-\u00ae-casowi-768x953.jpg 768w, https:\/\/rheinhessenblog.de\/wp-content\/uploads\/2018\/10\/Das-Schicksalsrad-der-Nibelungen-an-diesem-Brunnen-bewegt-sich.-\u00ae-casowi.jpg 1032w\" sizes=\"(max-width: 242px) 100vw, 242px\" \/><\/a><figcaption class=\"wp-element-caption\">La roue du destin des Nibelungen sur cette fontaine est en mouvement. (\u00a9 casowi)<\/figcaption><\/figure>\n\n\n\n<figure class=\"wp-block-image alignnone\"><a href=\"http:\/\/rheinhessenblog.de\/wp-content\/uploads\/2018\/10\/Immer-wieder-in-der-Stadt-zu-entdecken-ist-der-Drache-aus-dem-Nibelungenlied.-\u00ae-casowi.jpg\"><img loading=\"lazy\" decoding=\"async\" width=\"300\" height=\"245\" src=\"http:\/\/rheinhessenblog.de\/wp-content\/uploads\/2018\/10\/Immer-wieder-in-der-Stadt-zu-entdecken-ist-der-Drache-aus-dem-Nibelungenlied.-\u00ae-casowi-300x245.jpg\" alt=\"\" class=\"wp-image-2273\" srcset=\"https:\/\/rheinhessenblog.de\/wp-content\/uploads\/2018\/10\/Immer-wieder-in-der-Stadt-zu-entdecken-ist-der-Drache-aus-dem-Nibelungenlied.-\u00ae-casowi-300x245.jpg 300w, https:\/\/rheinhessenblog.de\/wp-content\/uploads\/2018\/10\/Immer-wieder-in-der-Stadt-zu-entdecken-ist-der-Drache-aus-dem-Nibelungenlied.-\u00ae-casowi-1024x838.jpg 1024w, https:\/\/rheinhessenblog.de\/wp-content\/uploads\/2018\/10\/Immer-wieder-in-der-Stadt-zu-entdecken-ist-der-Drache-aus-dem-Nibelungenlied.-\u00ae-casowi-768x628.jpg 768w, https:\/\/rheinhessenblog.de\/wp-content\/uploads\/2018\/10\/Immer-wieder-in-der-Stadt-zu-entdecken-ist-der-Drache-aus-dem-Nibelungenlied.-\u00ae-casowi.jpg 1280w\" sizes=\"(max-width: 300px) 100vw, 300px\" \/><\/a><figcaption class=\"wp-element-caption\">Le dragon de la Chanson des Nibelungen est toujours \u00e0 d\u00e9couvrir dans la ville. (\u00a9 casowi)<\/figcaption><\/figure>\n\n\n\n<figure class=\"wp-block-image alignnone\"><a href=\"http:\/\/rheinhessenblog.de\/wp-content\/uploads\/2018\/10\/Das-Nibelungenmuseum-liegt-unmittelbar-an-der-Stadtmauer.-\u00ae-casowi.jpg\"><img loading=\"lazy\" decoding=\"async\" width=\"300\" height=\"210\" src=\"http:\/\/rheinhessenblog.de\/wp-content\/uploads\/2018\/10\/Das-Nibelungenmuseum-liegt-unmittelbar-an-der-Stadtmauer.-\u00ae-casowi-300x210.jpg\" alt=\"\" class=\"wp-image-2274\" srcset=\"https:\/\/rheinhessenblog.de\/wp-content\/uploads\/2018\/10\/Das-Nibelungenmuseum-liegt-unmittelbar-an-der-Stadtmauer.-\u00ae-casowi-300x210.jpg 300w, https:\/\/rheinhessenblog.de\/wp-content\/uploads\/2018\/10\/Das-Nibelungenmuseum-liegt-unmittelbar-an-der-Stadtmauer.-\u00ae-casowi-1024x718.jpg 1024w, https:\/\/rheinhessenblog.de\/wp-content\/uploads\/2018\/10\/Das-Nibelungenmuseum-liegt-unmittelbar-an-der-Stadtmauer.-\u00ae-casowi-768x539.jpg 768w, https:\/\/rheinhessenblog.de\/wp-content\/uploads\/2018\/10\/Das-Nibelungenmuseum-liegt-unmittelbar-an-der-Stadtmauer.-\u00ae-casowi.jpg 1280w\" sizes=\"(max-width: 300px) 100vw, 300px\" \/><\/a><figcaption class=\"wp-element-caption\">Le mus\u00e9e des Nibelungen est situ\u00e9 \u00e0 proximit\u00e9 imm\u00e9diate des remparts de la ville. (\u00a9 casowi)<\/figcaption><\/figure>\n\n\n\n<h3 class=\"wp-block-heading\">L'histoire de Worms<\/h3>\n\n\n\n<p>Worms est l'une des plus anciennes villes d'Europe. Il y a 7 000 ans, les Celtes ont colonis\u00e9 la r\u00e9gion, puis les Wankions et enfin les Romains pendant environ 5 si\u00e8cles. Vers 600 apr\u00e8s J.-C., la Chanson des Nibelungen fait r\u00e9f\u00e9rence, 600 ans plus tard, \u00e0 des personnages historiques et \u00e0 des \u00e9v\u00e9nements de cette \u00e9poque. Brunichildis fit construire une premi\u00e8re basilique chr\u00e9tienne sur la plus haute colline de la ville, sur laquelle se trouvaient jusqu'alors des temples et des b\u00e2timents administratifs. Elle fut d\u00e9molie en l'an 1000, suivie par la premi\u00e8re cath\u00e9drale, construite en seulement 13 ans sous l'\u00e9v\u00eaque Burchard Ier, mais qui fut d\u00e9truite par son successeur Burchard II au 12e si\u00e8cle.<br>a \u00e9galement \u00e9t\u00e9 d\u00e9molie et reconstruite. En 1181, l'actuel&nbsp;<a href=\"http:\/\/3d-top-event.info\/wormser-dom\/#pano=580\" target=\"_blank\" rel=\"noopener\">D\u00f4me<\/a>&nbsp;et fait partie depuis lors des trois c\u00e9l\u00e8bres \u00e9difices religieux romans de Spire, Mayence et justement Worms. Lors de la guerre de succession du Palatinat en 1689, la ville fut enti\u00e8rement d\u00e9truite. Le prince \u00e9lecteur du Palatinat mourut sans enfants, sa s\u0153ur<br>\u00e9tait Lieselotte du Palatinat et belle-s\u0153ur du roi de France Louis XIV. Celui-ci pensait alors pouvoir revendiquer le Palatinat pour lui-m\u00eame, ce \u00e0 quoi s'opposaient bien s\u00fbr les princes allemands. Louis IX tenta de faire sauter la cath\u00e9drale - toutes les vitres furent bris\u00e9es, tous les tableaux et les meubles br\u00fbl\u00e8rent, mais la cath\u00e9drale elle-m\u00eame resta debout. Cent ans plus tard, Napol\u00e9on d\u00e9truisit \u00e0 nouveau la ville reconstruite \u00e0 l'\u00e9poque baroque. Le mus\u00e9e de la ville de Worms, situ\u00e9 dans l'Andreasstift, propose une exposition compl\u00e8te sur le d\u00e9veloppement de la ville, du n\u00e9olithique au Moyen-\u00c2ge en passant par les Romains.<\/p>\n\n\n\n<figure class=\"wp-block-image alignnone\"><a href=\"http:\/\/rheinhessenblog.de\/wp-content\/uploads\/2018\/10\/Ein-r\u00c2mischer-Grenzstein.-\u00ae-casowi.jpg\"><img decoding=\"async\" src=\"http:\/\/rheinhessenblog.de\/wp-content\/uploads\/2018\/10\/Ein-r\u00c2mischer-Grenzstein.-\u00ae-casowi-300x200.jpg\" alt=\"\" class=\"wp-image-2275\"\/><\/a><figcaption class=\"wp-element-caption\">Une borne romaine. (\u00a9 casowi)<\/figcaption><\/figure>\n\n\n\n<figure class=\"wp-block-image alignnone\"><a href=\"http:\/\/rheinhessenblog.de\/wp-content\/uploads\/2018\/10\/R\u00c2mische-Gesichtskrge-\u00ae-casowi.jpg\"><img decoding=\"async\" src=\"http:\/\/rheinhessenblog.de\/wp-content\/uploads\/2018\/10\/R\u00c2mische-Gesichtskrge-\u00ae-casowi-300x179.jpg\" alt=\"\" class=\"wp-image-2276\"\/><\/a><figcaption class=\"wp-element-caption\">Cruches faciales romaines (\u00a9 casowi)<\/figcaption><\/figure>\n\n\n\n<figure class=\"wp-block-image alignnone\"><a href=\"http:\/\/rheinhessenblog.de\/wp-content\/uploads\/2018\/10\/Glas-aus-der-R\u00c2merzeit-\u00d4\u00c7\u00f4-beeindruckend-wie-viel-noch-bestens-erhalten-ist.-\u00ae-casowi.jpg\"><img decoding=\"async\" src=\"http:\/\/rheinhessenblog.de\/wp-content\/uploads\/2018\/10\/Glas-aus-der-R\u00c2merzeit-\u00d4\u00c7\u00f4-beeindruckend-wie-viel-noch-bestens-erhalten-ist.-\u00ae-casowi-300x142.jpg\" alt=\"\" class=\"wp-image-2277\"\/><\/a><figcaption class=\"wp-element-caption\">Verre de l'\u00e9poque romaine - impressionnant de voir combien de choses sont encore parfaitement conserv\u00e9es. (\u00a9 casowi)<\/figcaption><\/figure>\n\n\n\n<figure class=\"wp-block-image alignnone\"><a href=\"http:\/\/rheinhessenblog.de\/wp-content\/uploads\/2018\/10\/Schmuck-als-frhmittelalterliche-Grabbeigabe-der-_Sch\u00c2nen-Seeheimerin_-\u00ae-casowi.jpg\"><img decoding=\"async\" src=\"http:\/\/rheinhessenblog.de\/wp-content\/uploads\/2018\/10\/Schmuck-als-frhmittelalterliche-Grabbeigabe-der-_Sch\u00c2nen-Seeheimerin_-\u00ae-casowi-300x117.jpg\" alt=\"\" class=\"wp-image-2278\"\/><\/a><figcaption class=\"wp-element-caption\">Bijoux comme offrande fun\u00e9raire du haut Moyen \u00c2ge de la \u201eBelle de Seeheim\u201c (\u00a9 casowi)<\/figcaption><\/figure>\n\n\n\n<p>Gr\u00e2ce \u00e0 l'industrie du cuir (qui a invent\u00e9 le cuir verni), tr\u00e8s r\u00e9put\u00e9e, qui s'est install\u00e9e \u00e0 Worms et \u00e0 ses revenus, Worms s'est rapidement r\u00e9tablie et a continu\u00e9 \u00e0 prosp\u00e9rer. En f\u00e9vrier et mars 1945, la ville a \u00e9t\u00e9 d\u00e9truite \u00e0 90%, son centre se compose aujourd'hui principalement de constructions des ann\u00e9es 1950 et 1960.<\/p>\n\n\n\n<figure class=\"wp-block-image alignnone\"><a href=\"http:\/\/rheinhessenblog.de\/wp-content\/uploads\/2018\/10\/In-der-Fu\u0192g\u00f1ngerzone-von-Worms.-\u00ae-casowi.jpg\"><img decoding=\"async\" src=\"http:\/\/rheinhessenblog.de\/wp-content\/uploads\/2018\/10\/In-der-Fu\u0192g\u00f1ngerzone-von-Worms.-\u00ae-casowi-300x200.jpg\" alt=\"\" class=\"wp-image-2279\"\/><\/a><figcaption class=\"wp-element-caption\">La partie la plus ancienne de la zone pi\u00e9tonne de Worms. (\u00a9 casowi)<\/figcaption><\/figure>\n\n\n\n<figure class=\"wp-block-image alignnone\"><a href=\"http:\/\/rheinhessenblog.de\/wp-content\/uploads\/2018\/10\/Immer-wieder-lohnt-der-Blick-nach-oben-...-\u00ae-casowi.jpg\"><img decoding=\"async\" src=\"http:\/\/rheinhessenblog.de\/wp-content\/uploads\/2018\/10\/Immer-wieder-lohnt-der-Blick-nach-oben-...-\u00ae-casowi-300x182.jpg\" alt=\"\" class=\"wp-image-2280\"\/><\/a><figcaption class=\"wp-element-caption\">Il vaut toujours la peine de regarder vers le haut ... (\u00a9 casowi)<\/figcaption><\/figure>\n\n\n\n<figure class=\"wp-block-image alignnone\"><a href=\"http:\/\/rheinhessenblog.de\/wp-content\/uploads\/2018\/10\/Ganz-in-Grn-...-\u00ae-casowi.jpg\"><img decoding=\"async\" src=\"http:\/\/rheinhessenblog.de\/wp-content\/uploads\/2018\/10\/Ganz-in-Grn-...-\u00ae-casowi-292x300.jpg\" alt=\"\" class=\"wp-image-2281\"\/><\/a><figcaption class=\"wp-element-caption\">Tout en vert ... (\u00a9 casowi)<\/figcaption><\/figure>\n\n\n\n<figure class=\"wp-block-image alignnone\"><a href=\"http:\/\/rheinhessenblog.de\/wp-content\/uploads\/2018\/10\/Die-Judengasse-fhrt-zur-Synagoge.-\u00ae-casowi.jpg\"><img loading=\"lazy\" decoding=\"async\" width=\"300\" height=\"221\" src=\"http:\/\/rheinhessenblog.de\/wp-content\/uploads\/2018\/10\/Die-Judengasse-fhrt-zur-Synagoge.-\u00ae-casowi-300x221.jpg\" alt=\"\" class=\"wp-image-2282\" srcset=\"https:\/\/rheinhessenblog.de\/wp-content\/uploads\/2018\/10\/Die-Judengasse-fhrt-zur-Synagoge.-\u00ae-casowi-300x221.jpg 300w, https:\/\/rheinhessenblog.de\/wp-content\/uploads\/2018\/10\/Die-Judengasse-fhrt-zur-Synagoge.-\u00ae-casowi-1024x754.jpg 1024w, https:\/\/rheinhessenblog.de\/wp-content\/uploads\/2018\/10\/Die-Judengasse-fhrt-zur-Synagoge.-\u00ae-casowi-768x566.jpg 768w, https:\/\/rheinhessenblog.de\/wp-content\/uploads\/2018\/10\/Die-Judengasse-fhrt-zur-Synagoge.-\u00ae-casowi.jpg 1280w\" sizes=\"(max-width: 300px) 100vw, 300px\" \/><\/a><figcaption class=\"wp-element-caption\">La Judengasse m\u00e8ne \u00e0 la synagogue. (\u00a9 casowi)<\/figcaption><\/figure>\n\n\n\n<figure class=\"wp-block-image alignnone\"><a href=\"http:\/\/rheinhessenblog.de\/wp-content\/uploads\/2018\/10\/Am-Eingang-zur-Synagoge.-\u00ae-casowi.jpg\"><img loading=\"lazy\" decoding=\"async\" width=\"300\" height=\"200\" src=\"http:\/\/rheinhessenblog.de\/wp-content\/uploads\/2018\/10\/Am-Eingang-zur-Synagoge.-\u00ae-casowi-300x200.jpg\" alt=\"\" class=\"wp-image-2283\" srcset=\"https:\/\/rheinhessenblog.de\/wp-content\/uploads\/2018\/10\/Am-Eingang-zur-Synagoge.-\u00ae-casowi-300x200.jpg 300w, https:\/\/rheinhessenblog.de\/wp-content\/uploads\/2018\/10\/Am-Eingang-zur-Synagoge.-\u00ae-casowi-1024x682.jpg 1024w, https:\/\/rheinhessenblog.de\/wp-content\/uploads\/2018\/10\/Am-Eingang-zur-Synagoge.-\u00ae-casowi-768x512.jpg 768w, https:\/\/rheinhessenblog.de\/wp-content\/uploads\/2018\/10\/Am-Eingang-zur-Synagoge.-\u00ae-casowi.jpg 1280w\" sizes=\"(max-width: 300px) 100vw, 300px\" \/><\/a><figcaption class=\"wp-element-caption\">A l'entr\u00e9e de la synagogue. (\u00a9 casowi)<\/figcaption><\/figure>\n\n\n\n<h3 class=\"wp-block-heading\">Le quartier juif<\/h3>\n\n\n\n<p>Le temps semble s'\u00eatre arr\u00eat\u00e9 uniquement dans l'ancien quartier juif : On y trouve encore des ruelles \u00e9troites et des maisons \u00e0 l'aspect ancien. Worms est riche d'une culture juive mill\u00e9naire. Dans le site&nbsp;<a href=\"https:\/\/www.worms.de\/juedisches-museum\/\" target=\"_blank\" rel=\"noopener\">Maison de Rachi<\/a>, Le mus\u00e9e juif actuel, situ\u00e9 juste \u00e0 c\u00f4t\u00e9 de la synagogue reconstruite dans l'ancien style, pr\u00e9sente de nombreux objets datant de plusieurs si\u00e8cles, des panneaux d'affichage et du mat\u00e9riel vid\u00e9o ainsi que des expositions sp\u00e9ciales.<\/p>\n\n\n\n<figure class=\"wp-block-image alignnone\"><a href=\"http:\/\/rheinhessenblog.de\/wp-content\/uploads\/2018\/10\/Einer-der-Zinnteller-im-Jdischen-Museum.-\u00ae-casowi.jpg\"><img loading=\"lazy\" decoding=\"async\" width=\"300\" height=\"253\" src=\"http:\/\/rheinhessenblog.de\/wp-content\/uploads\/2018\/10\/Einer-der-Zinnteller-im-Jdischen-Museum.-\u00ae-casowi-300x253.jpg\" alt=\"\" class=\"wp-image-2284\" srcset=\"https:\/\/rheinhessenblog.de\/wp-content\/uploads\/2018\/10\/Einer-der-Zinnteller-im-Jdischen-Museum.-\u00ae-casowi-300x253.jpg 300w, https:\/\/rheinhessenblog.de\/wp-content\/uploads\/2018\/10\/Einer-der-Zinnteller-im-Jdischen-Museum.-\u00ae-casowi-1024x864.jpg 1024w, https:\/\/rheinhessenblog.de\/wp-content\/uploads\/2018\/10\/Einer-der-Zinnteller-im-Jdischen-Museum.-\u00ae-casowi-768x648.jpg 768w, https:\/\/rheinhessenblog.de\/wp-content\/uploads\/2018\/10\/Einer-der-Zinnteller-im-Jdischen-Museum.-\u00ae-casowi.jpg 1280w\" sizes=\"(max-width: 300px) 100vw, 300px\" \/><\/a><figcaption class=\"wp-element-caption\">Une des assiettes en \u00e9tain du Mus\u00e9e juif. (\u00a9 casowi)<\/figcaption><\/figure>\n\n\n\n<figure class=\"wp-block-image alignnone\"><a href=\"http:\/\/rheinhessenblog.de\/wp-content\/uploads\/2018\/10\/Brandspuren-aus-der-Reichspogromnacht-\u00ae-casowi.jpg\"><img loading=\"lazy\" decoding=\"async\" width=\"300\" height=\"184\" src=\"http:\/\/rheinhessenblog.de\/wp-content\/uploads\/2018\/10\/Brandspuren-aus-der-Reichspogromnacht-\u00ae-casowi-300x184.jpg\" alt=\"\" class=\"wp-image-2285\" srcset=\"https:\/\/rheinhessenblog.de\/wp-content\/uploads\/2018\/10\/Brandspuren-aus-der-Reichspogromnacht-\u00ae-casowi-300x184.jpg 300w, https:\/\/rheinhessenblog.de\/wp-content\/uploads\/2018\/10\/Brandspuren-aus-der-Reichspogromnacht-\u00ae-casowi-1024x628.jpg 1024w, https:\/\/rheinhessenblog.de\/wp-content\/uploads\/2018\/10\/Brandspuren-aus-der-Reichspogromnacht-\u00ae-casowi-768x471.jpg 768w, https:\/\/rheinhessenblog.de\/wp-content\/uploads\/2018\/10\/Brandspuren-aus-der-Reichspogromnacht-\u00ae-casowi.jpg 1280w\" sizes=\"(max-width: 300px) 100vw, 300px\" \/><\/a><figcaption class=\"wp-element-caption\">Traces d'incendie de la Nuit de Cristal (\u00a9 casowi)<\/figcaption><\/figure>\n\n\n\n<figure class=\"wp-block-image alignnone\"><a href=\"http:\/\/rheinhessenblog.de\/wp-content\/uploads\/2018\/10\/Das-Raschi-Tor-unweit-der-Synagoge.-\u00ae-casowi.jpg\"><img loading=\"lazy\" decoding=\"async\" width=\"300\" height=\"200\" src=\"http:\/\/rheinhessenblog.de\/wp-content\/uploads\/2018\/10\/Das-Raschi-Tor-unweit-der-Synagoge.-\u00ae-casowi-300x200.jpg\" alt=\"\" class=\"wp-image-2286\" srcset=\"https:\/\/rheinhessenblog.de\/wp-content\/uploads\/2018\/10\/Das-Raschi-Tor-unweit-der-Synagoge.-\u00ae-casowi-300x200.jpg 300w, https:\/\/rheinhessenblog.de\/wp-content\/uploads\/2018\/10\/Das-Raschi-Tor-unweit-der-Synagoge.-\u00ae-casowi-1024x682.jpg 1024w, https:\/\/rheinhessenblog.de\/wp-content\/uploads\/2018\/10\/Das-Raschi-Tor-unweit-der-Synagoge.-\u00ae-casowi-768x512.jpg 768w, https:\/\/rheinhessenblog.de\/wp-content\/uploads\/2018\/10\/Das-Raschi-Tor-unweit-der-Synagoge.-\u00ae-casowi.jpg 1280w\" sizes=\"(max-width: 300px) 100vw, 300px\" \/><\/a><figcaption class=\"wp-element-caption\">La porte de Rachi, non loin de la synagogue. (\u00a9 casowi)<\/figcaption><\/figure>\n\n\n\n<p>Le site <a href=\"https:\/\/www.worms.de\/de\/tourismus\/sehenswertes\/listen\/synagoge-und-mikwe.php\" target=\"_blank\" rel=\"noopener\">Synagogue<\/a> (consacr\u00e9e d\u00e8s 1034 dans sa construction initiale) a probablement eu - comme les autres \u00e9glises romanes de la ville - le m\u00eame ma\u00eetre d'\u0153uvre que la cath\u00e9drale. Au Moyen \u00c2ge, Worms formait, avec Spire et Mayence, une r\u00e9gion d'Europe occidentale r\u00e9put\u00e9e pour ses universit\u00e9s talmudiques et ses conf\u00e9rences rabbiniques.<br>centre juif tr\u00e8s appr\u00e9ci\u00e9, surnomm\u00e9 \u201eJ\u00e9rusalem sur le Rhin\u201c. La synagogue fut enti\u00e8rement incendi\u00e9e lors de la nuit de pogrom du Reich, puis reconstruite en 1960 selon les anciens plans. L'\u00e9rudit Rachi (1040 - 1105), encore v\u00e9n\u00e9r\u00e9 aujourd'hui, a v\u00e9cu et travaill\u00e9 ici - aujourd'hui, sa maison abrite le mus\u00e9e du juda\u00efsme.&nbsp;<a href=\"https:\/\/www.worms.de\/de\/tourismus\/museen\/juedisches_museum\/\" target=\"_blank\" rel=\"noopener\">juif&nbsp;<\/a><br>La porte de Rachi se trouve \u00e0 proximit\u00e9 et chaque ann\u00e9e, environ 85.000 juifs du monde entier se rendent sur sa tombe dans le plus ancien cimeti\u00e8re juif d'Europe, \u201eSaint-Sable\u201c. La plus ancienne pierre tombale date de 1076, mais depuis les ann\u00e9es 1930, le vaste terrain n'est plus utilis\u00e9.<br>plus utilis\u00e9, car il y avait un nouveau cimeti\u00e8re. Ce qui est tr\u00e8s inhabituel, c'est que le cimeti\u00e8re est orient\u00e9 vers le sud - tous les autres cimeti\u00e8res juifs sont \u201eg\u00e9ostationnaires\u201c, les raisons sont jusqu'\u00e0 pr\u00e9sent inconnues, m\u00eame si plusieurs th\u00e9ories existent \u00e0 ce sujet. Il n'y a pas d'offrandes florales ou de tumulus, mais plut\u00f4t des pierres pos\u00e9es sur des<br>la pierre. Cela remonte \u00e0 une ancienne coutume : dans les r\u00e9gions chaudes, on mettait beaucoup de pierres sur la tombe pour \u00e9viter que les animaux ne d\u00e9terrent le corps. En 1933, 1.600 juifs vivaient \u00e0 Worms, en 1939, Worms fut d\u00e9clar\u00e9e libre de tout juif. Pas une seule famille \u00e9migr\u00e9e n'est revenue. Cependant, chaque ann\u00e9e, environ 86.000 juifs du monde entier visitent le cimeti\u00e8re et la tombe de Rachi. Worms, Spire et Mayence en tant que soi-disant \"villes juives\".&nbsp;<a href=\"https:\/\/www.worms.de\/de\/tourismus\/sehenswertes\/juedisches_worms\/welterbeantrag-schum-staedte\/\" target=\"_blank\" rel=\"noopener\">Villes SchUM<\/a>&nbsp;ont r\u00e9cemment demand\u00e9 leur inscription au patrimoine mondial de l'UNESCO.<\/p>\n\n\n\n<figure class=\"wp-block-image alignnone\"><a href=\"http:\/\/rheinhessenblog.de\/wp-content\/uploads\/2018\/10\/Der-jdische-Friedhof.-\u00ae-casowi.jpg\"><img loading=\"lazy\" decoding=\"async\" width=\"300\" height=\"184\" src=\"http:\/\/rheinhessenblog.de\/wp-content\/uploads\/2018\/10\/Der-jdische-Friedhof.-\u00ae-casowi-300x184.jpg\" alt=\"\" class=\"wp-image-2287\" srcset=\"https:\/\/rheinhessenblog.de\/wp-content\/uploads\/2018\/10\/Der-jdische-Friedhof.-\u00ae-casowi-300x184.jpg 300w, https:\/\/rheinhessenblog.de\/wp-content\/uploads\/2018\/10\/Der-jdische-Friedhof.-\u00ae-casowi-1024x629.jpg 1024w, https:\/\/rheinhessenblog.de\/wp-content\/uploads\/2018\/10\/Der-jdische-Friedhof.-\u00ae-casowi-768x472.jpg 768w, https:\/\/rheinhessenblog.de\/wp-content\/uploads\/2018\/10\/Der-jdische-Friedhof.-\u00ae-casowi.jpg 1280w\" sizes=\"(max-width: 300px) 100vw, 300px\" \/><\/a><figcaption class=\"wp-element-caption\">Le cimeti\u00e8re juif. (\u00a9 casowi)<\/figcaption><\/figure>\n\n\n\n<figure class=\"wp-block-image alignnone\"><a href=\"http:\/\/rheinhessenblog.de\/wp-content\/uploads\/2018\/10\/An-manchen-Grabsteinen-sind-noch-Inschriften-zu-erkennen.-\u00ae-casowi.jpg\"><img loading=\"lazy\" decoding=\"async\" width=\"300\" height=\"300\" src=\"http:\/\/rheinhessenblog.de\/wp-content\/uploads\/2018\/10\/An-manchen-Grabsteinen-sind-noch-Inschriften-zu-erkennen.-\u00ae-casowi-300x300.jpg\" alt=\"\" class=\"wp-image-2288\" srcset=\"https:\/\/rheinhessenblog.de\/wp-content\/uploads\/2018\/10\/An-manchen-Grabsteinen-sind-noch-Inschriften-zu-erkennen.-\u00ae-casowi-300x300.jpg 300w, https:\/\/rheinhessenblog.de\/wp-content\/uploads\/2018\/10\/An-manchen-Grabsteinen-sind-noch-Inschriften-zu-erkennen.-\u00ae-casowi-1024x1019.jpg 1024w, https:\/\/rheinhessenblog.de\/wp-content\/uploads\/2018\/10\/An-manchen-Grabsteinen-sind-noch-Inschriften-zu-erkennen.-\u00ae-casowi-150x150.jpg 150w, https:\/\/rheinhessenblog.de\/wp-content\/uploads\/2018\/10\/An-manchen-Grabsteinen-sind-noch-Inschriften-zu-erkennen.-\u00ae-casowi.jpg 1280w\" sizes=\"(max-width: 300px) 100vw, 300px\" \/><\/a><figcaption class=\"wp-element-caption\">Des inscriptions sont encore visibles sur certaines pierres tombales. (\u00a9 casowi)<\/figcaption><\/figure>\n\n\n\n<h3 class=\"wp-block-heading\">Martin Luther \u00e0 Worms<\/h3>\n\n\n\n<p>Les dix jours de Martin Luther \u00e0 Worms sont comm\u00e9mor\u00e9s par un monument int\u00e9gr\u00e9 dans un petit parc. En avril 1521, il fut entendu \u00e0 la Di\u00e8te imp\u00e9riale de Worms, alors que le pape L\u00e9on X l'avait d\u00e9j\u00e0 banni de l'\u00c9glise. Luther obtint certes un sauf-conduit de Charles Quint, mais refusa n\u00e9anmoins de retirer ses \u00e9crits \u00e0 la cour \u00e9piscopale en invoquant sa conscience. Le lendemain, le roi pronon\u00e7a la sentence imp\u00e9riale et Luther s'enfuit au ch\u00e2teau de la Wartburg pr\u00e8s d'Eisenach. En 2021, Worms f\u00eatera les \u201e500 ans de la Di\u00e8te de Worms\u201c et rappellera, par de nombreuses manifestations, que le refus de se r\u00e9tracter est un \u00e9panouissement de la libert\u00e9 de conscience.<\/p>\n\n\n\n<p>Peu apr\u00e8s le festival des Nibelungen, Worms continue de faire la f\u00eate en \u00e9t\u00e9 : le&nbsp;<a href=\"https:\/\/www.jazzandjoy.de\/jazz-and-joy\/index.php\" target=\"_blank\" rel=\"noopener\">Festival de musique Jazz &amp; Joy<\/a>&nbsp;propose depuis 28 ans de la musique de diff\u00e9rents styles avec des artistes du monde entier. Pendant trois jours, plus de 20.000 visiteurs ont assist\u00e9 aux repr\u00e9sentations de 38 artistes sur cinq sc\u00e8nes en plein air, de l'apr\u00e8s-midi jusque tard dans la nuit. Outre des femmes de pouvoir comme Sarah Connor, Candy Dulfer ou Stefanie Heinzmann, des combos ou des groupes comme le Volker Engelberth Quintett, le Tom Ibarra Group, le Hi-Fly Orchestra ou encore de jeunes rappeurs allemands avec violoncelle, Indianagefl\u00fcster, sont \u00e9galement de la partie.<\/p>\n\n\n\n<figure class=\"wp-block-image alignnone\"><a href=\"http:\/\/rheinhessenblog.de\/wp-content\/uploads\/2018\/10\/Jazz-Joy-spielt-sich-auf-fnf-Bhnen-rund-um-den-Dom-herum-ab.-\u00ae-casowi.jpg\"><img loading=\"lazy\" decoding=\"async\" width=\"300\" height=\"229\" src=\"http:\/\/rheinhessenblog.de\/wp-content\/uploads\/2018\/10\/Jazz-Joy-spielt-sich-auf-fnf-Bhnen-rund-um-den-Dom-herum-ab.-\u00ae-casowi-300x229.jpg\" alt=\"\" class=\"wp-image-2289\" srcset=\"https:\/\/rheinhessenblog.de\/wp-content\/uploads\/2018\/10\/Jazz-Joy-spielt-sich-auf-fnf-Bhnen-rund-um-den-Dom-herum-ab.-\u00ae-casowi-300x229.jpg 300w, https:\/\/rheinhessenblog.de\/wp-content\/uploads\/2018\/10\/Jazz-Joy-spielt-sich-auf-fnf-Bhnen-rund-um-den-Dom-herum-ab.-\u00ae-casowi-1024x781.jpg 1024w, https:\/\/rheinhessenblog.de\/wp-content\/uploads\/2018\/10\/Jazz-Joy-spielt-sich-auf-fnf-Bhnen-rund-um-den-Dom-herum-ab.-\u00ae-casowi-768x586.jpg 768w, https:\/\/rheinhessenblog.de\/wp-content\/uploads\/2018\/10\/Jazz-Joy-spielt-sich-auf-fnf-Bhnen-rund-um-den-Dom-herum-ab.-\u00ae-casowi.jpg 1280w\" sizes=\"(max-width: 300px) 100vw, 300px\" \/><\/a><figcaption class=\"wp-element-caption\">Jazz &amp; Joy se d\u00e9roule sur cinq sc\u00e8nes autour de la cath\u00e9drale. (\u00a9 casowi)<\/figcaption><\/figure>\n\n\n\n<figure class=\"wp-block-image alignnone\"><a href=\"http:\/\/rheinhessenblog.de\/wp-content\/uploads\/2018\/10\/Sarah-Connor-erinnerte-an-die-tags-zuvor-verstorbene-Aretha-Franklin.-\u00ae-casowi.jpg\"><img loading=\"lazy\" decoding=\"async\" width=\"300\" height=\"182\" src=\"http:\/\/rheinhessenblog.de\/wp-content\/uploads\/2018\/10\/Sarah-Connor-erinnerte-an-die-tags-zuvor-verstorbene-Aretha-Franklin.-\u00ae-casowi-300x182.jpg\" alt=\"\" class=\"wp-image-2290\" srcset=\"https:\/\/rheinhessenblog.de\/wp-content\/uploads\/2018\/10\/Sarah-Connor-erinnerte-an-die-tags-zuvor-verstorbene-Aretha-Franklin.-\u00ae-casowi-300x182.jpg 300w, https:\/\/rheinhessenblog.de\/wp-content\/uploads\/2018\/10\/Sarah-Connor-erinnerte-an-die-tags-zuvor-verstorbene-Aretha-Franklin.-\u00ae-casowi-1024x622.jpg 1024w, https:\/\/rheinhessenblog.de\/wp-content\/uploads\/2018\/10\/Sarah-Connor-erinnerte-an-die-tags-zuvor-verstorbene-Aretha-Franklin.-\u00ae-casowi-768x466.jpg 768w, https:\/\/rheinhessenblog.de\/wp-content\/uploads\/2018\/10\/Sarah-Connor-erinnerte-an-die-tags-zuvor-verstorbene-Aretha-Franklin.-\u00ae-casowi.jpg 1280w\" sizes=\"(max-width: 300px) 100vw, 300px\" \/><\/a><figcaption class=\"wp-element-caption\">Sarah Connor a rendu hommage \u00e0 Aretha Franklin, d\u00e9c\u00e9d\u00e9e la veille. (\u00a9 casowi)<\/figcaption><\/figure>\n\n\n\n<figure class=\"wp-block-image alignnone\"><a href=\"http:\/\/rheinhessenblog.de\/wp-content\/uploads\/2018\/10\/Die-Niederl\u00f1nderin-Candy-Dulfer-er\u00c2ffnete-Jazz-Joy-mit-funkigem-Sax-Sound.-\u00ae-casowi.jpg\"><img decoding=\"async\" src=\"http:\/\/rheinhessenblog.de\/wp-content\/uploads\/2018\/10\/Die-Niederl\u00f1nderin-Candy-Dulfer-er\u00c2ffnete-Jazz-Joy-mit-funkigem-Sax-Sound.-\u00ae-casowi-300x225.jpg\" alt=\"\" class=\"wp-image-2291\"\/><\/a><figcaption class=\"wp-element-caption\">La N\u00e9erlandaise Candy Dulfer a ouvert Jazz &amp; Joy avec un son de saxophone funky. (\u00a9 casowi)<\/figcaption><\/figure>\n\n\n\n<figure class=\"wp-block-image alignnone\"><a href=\"http:\/\/rheinhessenblog.de\/wp-content\/uploads\/2018\/10\/Stefanie-Heinzmann-begeisterte-das-Publikum-von-Jazz-Joy.-\u00ae-casowi.jpg\"><img loading=\"lazy\" decoding=\"async\" width=\"300\" height=\"147\" src=\"http:\/\/rheinhessenblog.de\/wp-content\/uploads\/2018\/10\/Stefanie-Heinzmann-begeisterte-das-Publikum-von-Jazz-Joy.-\u00ae-casowi-300x147.jpg\" alt=\"\" class=\"wp-image-2292\" srcset=\"https:\/\/rheinhessenblog.de\/wp-content\/uploads\/2018\/10\/Stefanie-Heinzmann-begeisterte-das-Publikum-von-Jazz-Joy.-\u00ae-casowi-300x147.jpg 300w, https:\/\/rheinhessenblog.de\/wp-content\/uploads\/2018\/10\/Stefanie-Heinzmann-begeisterte-das-Publikum-von-Jazz-Joy.-\u00ae-casowi-1024x502.jpg 1024w, https:\/\/rheinhessenblog.de\/wp-content\/uploads\/2018\/10\/Stefanie-Heinzmann-begeisterte-das-Publikum-von-Jazz-Joy.-\u00ae-casowi-768x377.jpg 768w, https:\/\/rheinhessenblog.de\/wp-content\/uploads\/2018\/10\/Stefanie-Heinzmann-begeisterte-das-Publikum-von-Jazz-Joy.-\u00ae-casowi.jpg 1280w\" sizes=\"(max-width: 300px) 100vw, 300px\" \/><\/a><figcaption class=\"wp-element-caption\">Stefanie Heinzmann a enthousiasm\u00e9 le public de Jazz &amp; Joy. (\u00a9 casowi)<\/figcaption><\/figure>\n\n\n\n<p>Loin d'\u00eatre religieux, le public profite des vibrations du festival \u00e0 360\u00b0 (notamment gr\u00e2ce aux nombreuses et bonnes offres culinaires). Willy Sahel a pr\u00e9sent\u00e9 des chansons du Tchad et Son del Nene a apport\u00e9 un \u00e9lan cubain \u00e0 la Buena Vista Social Club dans les hanches de la population de Worms.<\/p>\n\n\n\n<figure class=\"wp-block-image alignnone\"><a href=\"http:\/\/rheinhessenblog.de\/wp-content\/uploads\/2018\/10\/Das-Volker-Engelberth-Quintett-am-Weckerlingplatz.-\u00ae-casowi.jpg\"><img loading=\"lazy\" decoding=\"async\" width=\"300\" height=\"153\" src=\"http:\/\/rheinhessenblog.de\/wp-content\/uploads\/2018\/10\/Das-Volker-Engelberth-Quintett-am-Weckerlingplatz.-\u00ae-casowi-300x153.jpg\" alt=\"\" class=\"wp-image-2293\" srcset=\"https:\/\/rheinhessenblog.de\/wp-content\/uploads\/2018\/10\/Das-Volker-Engelberth-Quintett-am-Weckerlingplatz.-\u00ae-casowi-300x153.jpg 300w, https:\/\/rheinhessenblog.de\/wp-content\/uploads\/2018\/10\/Das-Volker-Engelberth-Quintett-am-Weckerlingplatz.-\u00ae-casowi-1024x521.jpg 1024w, https:\/\/rheinhessenblog.de\/wp-content\/uploads\/2018\/10\/Das-Volker-Engelberth-Quintett-am-Weckerlingplatz.-\u00ae-casowi-768x391.jpg 768w, https:\/\/rheinhessenblog.de\/wp-content\/uploads\/2018\/10\/Das-Volker-Engelberth-Quintett-am-Weckerlingplatz.-\u00ae-casowi.jpg 1280w\" sizes=\"(max-width: 300px) 100vw, 300px\" \/><\/a><figcaption class=\"wp-element-caption\">Le quintette de Volker Engelberth \u00e0 la Weckerlingplatz. (\u00a9 casowi)<\/figcaption><\/figure>\n\n\n\n<figure class=\"wp-block-image alignnone\"><a href=\"http:\/\/rheinhessenblog.de\/wp-content\/uploads\/2018\/10\/Das-The-Hi-Fly-Orchestra-aus-Mnchen.-\u00ae-casowi.jpg\"><img loading=\"lazy\" decoding=\"async\" width=\"300\" height=\"135\" src=\"http:\/\/rheinhessenblog.de\/wp-content\/uploads\/2018\/10\/Das-The-Hi-Fly-Orchestra-aus-Mnchen.-\u00ae-casowi-300x135.jpg\" alt=\"\" class=\"wp-image-2294\" srcset=\"https:\/\/rheinhessenblog.de\/wp-content\/uploads\/2018\/10\/Das-The-Hi-Fly-Orchestra-aus-Mnchen.-\u00ae-casowi-300x135.jpg 300w, https:\/\/rheinhessenblog.de\/wp-content\/uploads\/2018\/10\/Das-The-Hi-Fly-Orchestra-aus-Mnchen.-\u00ae-casowi-1024x461.jpg 1024w, https:\/\/rheinhessenblog.de\/wp-content\/uploads\/2018\/10\/Das-The-Hi-Fly-Orchestra-aus-Mnchen.-\u00ae-casowi-768x346.jpg 768w, https:\/\/rheinhessenblog.de\/wp-content\/uploads\/2018\/10\/Das-The-Hi-Fly-Orchestra-aus-Mnchen.-\u00ae-casowi.jpg 1280w\" sizes=\"(max-width: 300px) 100vw, 300px\" \/><\/a><figcaption class=\"wp-element-caption\">En provenance de Munich : The Hi-Fly-Orchestra (\u00a9 casowi)<\/figcaption><\/figure>\n\n\n\n<figure class=\"wp-block-image alignnone\"><a href=\"http:\/\/rheinhessenblog.de\/wp-content\/uploads\/2018\/10\/Son-del-Nene-brachten-kubanische-Rhythmen-an-den-Dom.-\u00ae-casowi.jpg\"><img loading=\"lazy\" decoding=\"async\" width=\"300\" height=\"200\" src=\"http:\/\/rheinhessenblog.de\/wp-content\/uploads\/2018\/10\/Son-del-Nene-brachten-kubanische-Rhythmen-an-den-Dom.-\u00ae-casowi-300x200.jpg\" alt=\"\" class=\"wp-image-2295\" srcset=\"https:\/\/rheinhessenblog.de\/wp-content\/uploads\/2018\/10\/Son-del-Nene-brachten-kubanische-Rhythmen-an-den-Dom.-\u00ae-casowi-300x200.jpg 300w, https:\/\/rheinhessenblog.de\/wp-content\/uploads\/2018\/10\/Son-del-Nene-brachten-kubanische-Rhythmen-an-den-Dom.-\u00ae-casowi-1024x682.jpg 1024w, https:\/\/rheinhessenblog.de\/wp-content\/uploads\/2018\/10\/Son-del-Nene-brachten-kubanische-Rhythmen-an-den-Dom.-\u00ae-casowi-768x512.jpg 768w, https:\/\/rheinhessenblog.de\/wp-content\/uploads\/2018\/10\/Son-del-Nene-brachten-kubanische-Rhythmen-an-den-Dom.-\u00ae-casowi.jpg 1280w\" sizes=\"(max-width: 300px) 100vw, 300px\" \/><\/a><figcaption class=\"wp-element-caption\">Son del Nene a apport\u00e9 des rythmes cubains \u00e0 la cath\u00e9drale. (\u00a9 casowi)<\/figcaption><\/figure>\n\n\n\n<figure class=\"wp-block-image alignnone\"><a href=\"http:\/\/rheinhessenblog.de\/wp-content\/uploads\/2018\/10\/Nachmittagsjazz-im-Sommer-frisch-serviert-von-der-Tom-Ibarra-Group.-\u00ae-casowi.jpg\"><img loading=\"lazy\" decoding=\"async\" width=\"300\" height=\"143\" src=\"http:\/\/rheinhessenblog.de\/wp-content\/uploads\/2018\/10\/Nachmittagsjazz-im-Sommer-frisch-serviert-von-der-Tom-Ibarra-Group.-\u00ae-casowi-300x143.jpg\" alt=\"\" class=\"wp-image-2296\" srcset=\"https:\/\/rheinhessenblog.de\/wp-content\/uploads\/2018\/10\/Nachmittagsjazz-im-Sommer-frisch-serviert-von-der-Tom-Ibarra-Group.-\u00ae-casowi-300x143.jpg 300w, https:\/\/rheinhessenblog.de\/wp-content\/uploads\/2018\/10\/Nachmittagsjazz-im-Sommer-frisch-serviert-von-der-Tom-Ibarra-Group.-\u00ae-casowi-1024x488.jpg 1024w, https:\/\/rheinhessenblog.de\/wp-content\/uploads\/2018\/10\/Nachmittagsjazz-im-Sommer-frisch-serviert-von-der-Tom-Ibarra-Group.-\u00ae-casowi-768x366.jpg 768w, https:\/\/rheinhessenblog.de\/wp-content\/uploads\/2018\/10\/Nachmittagsjazz-im-Sommer-frisch-serviert-von-der-Tom-Ibarra-Group.-\u00ae-casowi.jpg 1280w\" sizes=\"(max-width: 300px) 100vw, 300px\" \/><\/a><figcaption class=\"wp-element-caption\">Apr\u00e8s-midi jazz en \u00e9t\u00e9, fra\u00eechement servi par le Tom Ibarra Group. (\u00a9 casowi)<\/figcaption><\/figure>\n\n\n\n<figure class=\"wp-block-image alignnone\"><a href=\"http:\/\/rheinhessenblog.de\/wp-content\/uploads\/2018\/10\/Deutschrap-von-und-mit-Indianageflster.-\u00ae-casowi.jpg\"><img loading=\"lazy\" decoding=\"async\" width=\"300\" height=\"136\" src=\"http:\/\/rheinhessenblog.de\/wp-content\/uploads\/2018\/10\/Deutschrap-von-und-mit-Indianageflster.-\u00ae-casowi-300x136.jpg\" alt=\"\" class=\"wp-image-2297\" srcset=\"https:\/\/rheinhessenblog.de\/wp-content\/uploads\/2018\/10\/Deutschrap-von-und-mit-Indianageflster.-\u00ae-casowi-300x136.jpg 300w, https:\/\/rheinhessenblog.de\/wp-content\/uploads\/2018\/10\/Deutschrap-von-und-mit-Indianageflster.-\u00ae-casowi-1024x464.jpg 1024w, https:\/\/rheinhessenblog.de\/wp-content\/uploads\/2018\/10\/Deutschrap-von-und-mit-Indianageflster.-\u00ae-casowi-768x348.jpg 768w, https:\/\/rheinhessenblog.de\/wp-content\/uploads\/2018\/10\/Deutschrap-von-und-mit-Indianageflster.-\u00ae-casowi.jpg 1280w\" sizes=\"(max-width: 300px) 100vw, 300px\" \/><\/a><figcaption class=\"wp-element-caption\">Du rap allemand de et avec Indianagefl\u00fcster. (\u00a9 casowi)<\/figcaption><\/figure>\n\n\n\n<figure class=\"wp-block-image alignnone\"><a href=\"http:\/\/rheinhessenblog.de\/wp-content\/uploads\/2018\/10\/Der-Dom-steht-immer-wieder-im-Mittelpunkt-des-Geschehens.-\u00ae-casowi.jpg\"><img loading=\"lazy\" decoding=\"async\" width=\"191\" height=\"300\" src=\"http:\/\/rheinhessenblog.de\/wp-content\/uploads\/2018\/10\/Der-Dom-steht-immer-wieder-im-Mittelpunkt-des-Geschehens.-\u00ae-casowi-191x300.jpg\" alt=\"\" class=\"wp-image-2298\" srcset=\"https:\/\/rheinhessenblog.de\/wp-content\/uploads\/2018\/10\/Der-Dom-steht-immer-wieder-im-Mittelpunkt-des-Geschehens.-\u00ae-casowi-191x300.jpg 191w, https:\/\/rheinhessenblog.de\/wp-content\/uploads\/2018\/10\/Der-Dom-steht-immer-wieder-im-Mittelpunkt-des-Geschehens.-\u00ae-casowi-653x1024.jpg 653w, https:\/\/rheinhessenblog.de\/wp-content\/uploads\/2018\/10\/Der-Dom-steht-immer-wieder-im-Mittelpunkt-des-Geschehens.-\u00ae-casowi-768x1205.jpg 768w, https:\/\/rheinhessenblog.de\/wp-content\/uploads\/2018\/10\/Der-Dom-steht-immer-wieder-im-Mittelpunkt-des-Geschehens.-\u00ae-casowi.jpg 816w\" sizes=\"(max-width: 191px) 100vw, 191px\" \/><\/a><figcaption class=\"wp-element-caption\">Toujours au c\u0153ur de l'action : la cath\u00e9drale. (\u00a9 casowi)<\/figcaption><\/figure>\n\n\n\n<p>Avec leur pass festival (au choix pour un ou les trois jours), les visiteurs ont la possibilit\u00e9 de profiter de ce qui a fait ses preuves et qui est appr\u00e9ci\u00e9, tout en faisant de nouvelles d\u00e9couvertes musicales. Un programme pour enfants, des forums de discussion et des messes de jazz accompagneront le festival. Worms aime faire la f\u00eate, et la date de l'ann\u00e9e prochaine est d\u00e9j\u00e0 fix\u00e9e : en 2019, Jazz &amp; Joy aura lieu du 16 au 18 ao\u00fbt. Il suivra donc le Nibelungenfestspiele.<\/p>\n\n\n\n<p>Je remercie la <a href=\"https:\/\/www.gastlandschaften.de\/\" target=\"_blank\" rel=\"noopener\">Rh\u00e9nanie-Palatinat Tourisme GmbH&nbsp;<\/a>chaleureusement pour leur coop\u00e9ration. Aucune influence n'a \u00e9t\u00e9 exerc\u00e9e sur le contenu de l'article. #RLPermettre de vivre #GenussDuell<\/p>","protected":false},"excerpt":{"rendered":"<p>Imposante Kulisse Imposant ist bereits die Kulisse der Nibelungenfestspiele \u2013 sie finden unmittelbar am Dom zu Worms statt. Die 85.000 Einwohner-Stadt in Rheinhessen wei\u00df ihre Themen zu setzen und Feste zu feiern. Siebzehn Tage im Juli und August standen erneut im Zeichen von Siegfried, Etzel, Gunther und Hagen, Kriemhild, Brunhild &amp; Co., zum vierten Mal [&hellip;]<\/p>\n","protected":false},"author":17,"featured_media":2294,"comment_status":"open","ping_status":"open","sticky":false,"template":"","format":"standard","meta":{"_acf_changed":false,"footnotes":""},"categories":[320,318],"tags":[326,327,325],"class_list":["post-2299","post","type-post","status-publish","format-standard","has-post-thumbnail","hentry","category-kultur-entdecken","category-wein-kulinarik","tag-dom-kirche","tag-festivals-events","tag-nibelungen"],"acf":{"":null},"yoast_head":"<!-- This site is optimized with the Yoast SEO plugin v27.4 - https:\/\/yoast.com\/product\/yoast-seo-wordpress\/ -->\n<title>Worms und die Vielfalt von Open-Air-Events - Rheinhessen-Blog<\/title>\n<meta name=\"description\" content=\"Imposante Kulisse Imposant ist bereits die Kulisse der Nibelungenfestspiele \u2013 sie finden unmittelbar am Dom zu Worms statt. Die 85.000 Einwohner-Stadt in\" \/>\n<meta name=\"robots\" content=\"index, follow, max-snippet:-1, max-image-preview:large, max-video-preview:-1\" \/>\n<link rel=\"canonical\" href=\"https:\/\/rheinhessenblog.de\/fr\/worms-et-la-diversite-des-evenements-en-plein-air\/\" \/>\n<meta property=\"og:locale\" content=\"fr_FR\" \/>\n<meta property=\"og:type\" content=\"article\" \/>\n<meta property=\"og:title\" content=\"Worms und die Vielfalt von Open-Air-Events - Rheinhessen-Blog\" \/>\n<meta property=\"og:description\" content=\"Imposante Kulisse Imposant ist bereits die Kulisse der Nibelungenfestspiele \u2013 sie finden unmittelbar am Dom zu Worms statt. Die 85.000 Einwohner-Stadt in\" \/>\n<meta property=\"og:url\" content=\"https:\/\/rheinhessenblog.de\/fr\/worms-et-la-diversite-des-evenements-en-plein-air\/\" \/>\n<meta property=\"og:site_name\" content=\"Rheinhessen-Blog\" \/>\n<meta property=\"article:published_time\" content=\"2018-12-21T07:30:44+00:00\" \/>\n<meta property=\"article:modified_time\" content=\"2023-09-21T08:52:52+00:00\" \/>\n<meta property=\"og:image\" content=\"https:\/\/rheinhessenblog.de\/wp-content\/uploads\/2018\/10\/Das-The-Hi-Fly-Orchestra-aus-Mnchen.-\u00ae-casowi.jpg\" \/>\n\t<meta property=\"og:image:width\" content=\"1280\" \/>\n\t<meta property=\"og:image:height\" content=\"576\" \/>\n\t<meta property=\"og:image:type\" content=\"image\/jpeg\" \/>\n<meta name=\"author\" content=\"Catharina Wilhelm\" \/>\n<meta name=\"twitter:card\" content=\"summary_large_image\" \/>\n<meta name=\"twitter:label1\" content=\"\u00c9crit par\" \/>\n\t<meta name=\"twitter:data1\" content=\"Catharina Wilhelm\" \/>\n\t<meta name=\"twitter:label2\" content=\"Dur\u00e9e de lecture estim\u00e9e\" \/>\n\t<meta name=\"twitter:data2\" content=\"17 minutes\" \/>\n<script type=\"application\/ld+json\" class=\"yoast-schema-graph\">{\"@context\":\"https:\\\/\\\/schema.org\",\"@graph\":[{\"@type\":\"Article\",\"@id\":\"https:\\\/\\\/rheinhessenblog.de\\\/worms-und-die-vielfalt-von-open-air-events\\\/#article\",\"isPartOf\":{\"@id\":\"https:\\\/\\\/rheinhessenblog.de\\\/worms-und-die-vielfalt-von-open-air-events\\\/\"},\"author\":{\"name\":\"Catharina Wilhelm\",\"@id\":\"https:\\\/\\\/rheinhessenblog.de\\\/#\\\/schema\\\/person\\\/614b644ae275103e7b0f99540f7192d1\"},\"headline\":\"Worms und die Vielfalt von Open-Air-Events\",\"datePublished\":\"2018-12-21T07:30:44+00:00\",\"dateModified\":\"2023-09-21T08:52:52+00:00\",\"mainEntityOfPage\":{\"@id\":\"https:\\\/\\\/rheinhessenblog.de\\\/worms-und-die-vielfalt-von-open-air-events\\\/\"},\"wordCount\":1698,\"commentCount\":0,\"publisher\":{\"@id\":\"https:\\\/\\\/rheinhessenblog.de\\\/#organization\"},\"image\":{\"@id\":\"https:\\\/\\\/rheinhessenblog.de\\\/worms-und-die-vielfalt-von-open-air-events\\\/#primaryimage\"},\"thumbnailUrl\":\"https:\\\/\\\/rheinhessenblog.de\\\/wp-content\\\/uploads\\\/2018\\\/10\\\/Das-The-Hi-Fly-Orchestra-aus-Mnchen.-\u00ae-casowi.jpg\",\"keywords\":[\"Dom \\\/ Kirche\",\"Festivals \\\/ Events\",\"Nibelungen\"],\"articleSection\":[\"Kultur entdecken\",\"Wein &amp; Kulinarik\"],\"inLanguage\":\"fr-FR\",\"potentialAction\":[{\"@type\":\"CommentAction\",\"name\":\"Comment\",\"target\":[\"https:\\\/\\\/rheinhessenblog.de\\\/worms-und-die-vielfalt-von-open-air-events\\\/#respond\"]}]},{\"@type\":\"WebPage\",\"@id\":\"https:\\\/\\\/rheinhessenblog.de\\\/worms-und-die-vielfalt-von-open-air-events\\\/\",\"url\":\"https:\\\/\\\/rheinhessenblog.de\\\/worms-und-die-vielfalt-von-open-air-events\\\/\",\"name\":\"Worms und die Vielfalt von Open-Air-Events - Rheinhessen-Blog\",\"isPartOf\":{\"@id\":\"https:\\\/\\\/rheinhessenblog.de\\\/#website\"},\"primaryImageOfPage\":{\"@id\":\"https:\\\/\\\/rheinhessenblog.de\\\/worms-und-die-vielfalt-von-open-air-events\\\/#primaryimage\"},\"image\":{\"@id\":\"https:\\\/\\\/rheinhessenblog.de\\\/worms-und-die-vielfalt-von-open-air-events\\\/#primaryimage\"},\"thumbnailUrl\":\"https:\\\/\\\/rheinhessenblog.de\\\/wp-content\\\/uploads\\\/2018\\\/10\\\/Das-The-Hi-Fly-Orchestra-aus-Mnchen.-\u00ae-casowi.jpg\",\"datePublished\":\"2018-12-21T07:30:44+00:00\",\"dateModified\":\"2023-09-21T08:52:52+00:00\",\"description\":\"Imposante Kulisse Imposant ist bereits die Kulisse der Nibelungenfestspiele \u2013 sie finden unmittelbar am Dom zu Worms statt. Die 85.000 Einwohner-Stadt in\",\"breadcrumb\":{\"@id\":\"https:\\\/\\\/rheinhessenblog.de\\\/worms-und-die-vielfalt-von-open-air-events\\\/#breadcrumb\"},\"inLanguage\":\"fr-FR\",\"potentialAction\":[{\"@type\":\"ReadAction\",\"target\":[\"https:\\\/\\\/rheinhessenblog.de\\\/worms-und-die-vielfalt-von-open-air-events\\\/\"]}]},{\"@type\":\"ImageObject\",\"inLanguage\":\"fr-FR\",\"@id\":\"https:\\\/\\\/rheinhessenblog.de\\\/worms-und-die-vielfalt-von-open-air-events\\\/#primaryimage\",\"url\":\"https:\\\/\\\/rheinhessenblog.de\\\/wp-content\\\/uploads\\\/2018\\\/10\\\/Das-The-Hi-Fly-Orchestra-aus-Mnchen.-\u00ae-casowi.jpg\",\"contentUrl\":\"https:\\\/\\\/rheinhessenblog.de\\\/wp-content\\\/uploads\\\/2018\\\/10\\\/Das-The-Hi-Fly-Orchestra-aus-Mnchen.-\u00ae-casowi.jpg\",\"width\":1280,\"height\":576,\"caption\":\"Aus M\u00fcnchen: The Hi-Fly-Orchestra (\u00a9 casowi)\"},{\"@type\":\"BreadcrumbList\",\"@id\":\"https:\\\/\\\/rheinhessenblog.de\\\/worms-und-die-vielfalt-von-open-air-events\\\/#breadcrumb\",\"itemListElement\":[{\"@type\":\"ListItem\",\"position\":1,\"name\":\"Startseite\",\"item\":\"https:\\\/\\\/rheinhessenblog.de\\\/\"},{\"@type\":\"ListItem\",\"position\":2,\"name\":\"Worms und die Vielfalt von Open-Air-Events\"}]},{\"@type\":\"WebSite\",\"@id\":\"https:\\\/\\\/rheinhessenblog.de\\\/#website\",\"url\":\"https:\\\/\\\/rheinhessenblog.de\\\/\",\"name\":\"Rheinhessen-Blog\",\"description\":\"\",\"publisher\":{\"@id\":\"https:\\\/\\\/rheinhessenblog.de\\\/#organization\"},\"potentialAction\":[{\"@type\":\"SearchAction\",\"target\":{\"@type\":\"EntryPoint\",\"urlTemplate\":\"https:\\\/\\\/rheinhessenblog.de\\\/?s={search_term_string}\"},\"query-input\":{\"@type\":\"PropertyValueSpecification\",\"valueRequired\":true,\"valueName\":\"search_term_string\"}}],\"inLanguage\":\"fr-FR\"},{\"@type\":\"Organization\",\"@id\":\"https:\\\/\\\/rheinhessenblog.de\\\/#organization\",\"name\":\"Rheinhessen-Blog\",\"url\":\"https:\\\/\\\/rheinhessenblog.de\\\/\",\"logo\":{\"@type\":\"ImageObject\",\"inLanguage\":\"fr-FR\",\"@id\":\"https:\\\/\\\/rheinhessenblog.de\\\/#\\\/schema\\\/logo\\\/image\\\/\",\"url\":\"https:\\\/\\\/rheinhessenblog.de\\\/wp-content\\\/uploads\\\/2023\\\/07\\\/Rheinhessenlogo.svg\",\"contentUrl\":\"https:\\\/\\\/rheinhessenblog.de\\\/wp-content\\\/uploads\\\/2023\\\/07\\\/Rheinhessenlogo.svg\",\"width\":85,\"height\":26,\"caption\":\"Rheinhessen-Blog\"},\"image\":{\"@id\":\"https:\\\/\\\/rheinhessenblog.de\\\/#\\\/schema\\\/logo\\\/image\\\/\"}},{\"@type\":\"Person\",\"@id\":\"https:\\\/\\\/rheinhessenblog.de\\\/#\\\/schema\\\/person\\\/614b644ae275103e7b0f99540f7192d1\",\"name\":\"Catharina Wilhelm\",\"description\":\"Ich blogge seit 2009 auf casowi reisekulturgenuss \u00fcber meine Reisen und sch\u00e4tze dabei Seitenblicke, gef\u00fcllt mit Genuss durch Food und Wein und gew\u00fcrzt mit einer Prise Kultur mit Kunst und Musik.\",\"url\":\"https:\\\/\\\/rheinhessenblog.de\\\/fr\\\/author\\\/wilhelm\\\/\"}]}<\/script>\n<!-- \/ Yoast SEO plugin. -->","yoast_head_json":{"title":"Worms et la diversit\u00e9 des \u00e9v\u00e9nements en plein air - Rheinhessen-Blog","description":"Un d\u00e9cor imposant Le d\u00e9cor du festival des Nibelungen est d\u00e9j\u00e0 imposant - il a lieu directement \u00e0 c\u00f4t\u00e9 de la cath\u00e9drale de Worms. La ville de 85.000 habitants en","robots":{"index":"index","follow":"follow","max-snippet":"max-snippet:-1","max-image-preview":"max-image-preview:large","max-video-preview":"max-video-preview:-1"},"canonical":"https:\/\/rheinhessenblog.de\/fr\/worms-et-la-diversite-des-evenements-en-plein-air\/","og_locale":"fr_FR","og_type":"article","og_title":"Worms und die Vielfalt von Open-Air-Events - Rheinhessen-Blog","og_description":"Imposante Kulisse Imposant ist bereits die Kulisse der Nibelungenfestspiele \u2013 sie finden unmittelbar am Dom zu Worms statt. Die 85.000 Einwohner-Stadt in","og_url":"https:\/\/rheinhessenblog.de\/fr\/worms-et-la-diversite-des-evenements-en-plein-air\/","og_site_name":"Rheinhessen-Blog","article_published_time":"2018-12-21T07:30:44+00:00","article_modified_time":"2023-09-21T08:52:52+00:00","og_image":[{"width":1280,"height":576,"url":"https:\/\/rheinhessenblog.de\/wp-content\/uploads\/2018\/10\/Das-The-Hi-Fly-Orchestra-aus-Mnchen.-\u00ae-casowi.jpg","type":"image\/jpeg"}],"author":"Catharina Wilhelm","twitter_card":"summary_large_image","twitter_misc":{"\u00c9crit par":"Catharina Wilhelm","Dur\u00e9e de lecture estim\u00e9e":"17 minutes"},"schema":{"@context":"https:\/\/schema.org","@graph":[{"@type":"Article","@id":"https:\/\/rheinhessenblog.de\/worms-und-die-vielfalt-von-open-air-events\/#article","isPartOf":{"@id":"https:\/\/rheinhessenblog.de\/worms-und-die-vielfalt-von-open-air-events\/"},"author":{"name":"Catharina Wilhelm","@id":"https:\/\/rheinhessenblog.de\/#\/schema\/person\/614b644ae275103e7b0f99540f7192d1"},"headline":"Worms und die Vielfalt von Open-Air-Events","datePublished":"2018-12-21T07:30:44+00:00","dateModified":"2023-09-21T08:52:52+00:00","mainEntityOfPage":{"@id":"https:\/\/rheinhessenblog.de\/worms-und-die-vielfalt-von-open-air-events\/"},"wordCount":1698,"commentCount":0,"publisher":{"@id":"https:\/\/rheinhessenblog.de\/#organization"},"image":{"@id":"https:\/\/rheinhessenblog.de\/worms-und-die-vielfalt-von-open-air-events\/#primaryimage"},"thumbnailUrl":"https:\/\/rheinhessenblog.de\/wp-content\/uploads\/2018\/10\/Das-The-Hi-Fly-Orchestra-aus-Mnchen.-\u00ae-casowi.jpg","keywords":["Dom \/ Kirche","Festivals \/ Events","Nibelungen"],"articleSection":["Kultur entdecken","Wein &amp; Kulinarik"],"inLanguage":"fr-FR","potentialAction":[{"@type":"CommentAction","name":"Comment","target":["https:\/\/rheinhessenblog.de\/worms-und-die-vielfalt-von-open-air-events\/#respond"]}]},{"@type":"WebPage","@id":"https:\/\/rheinhessenblog.de\/worms-und-die-vielfalt-von-open-air-events\/","url":"https:\/\/rheinhessenblog.de\/worms-und-die-vielfalt-von-open-air-events\/","name":"Worms et la diversit\u00e9 des \u00e9v\u00e9nements en plein air - Rheinhessen-Blog","isPartOf":{"@id":"https:\/\/rheinhessenblog.de\/#website"},"primaryImageOfPage":{"@id":"https:\/\/rheinhessenblog.de\/worms-und-die-vielfalt-von-open-air-events\/#primaryimage"},"image":{"@id":"https:\/\/rheinhessenblog.de\/worms-und-die-vielfalt-von-open-air-events\/#primaryimage"},"thumbnailUrl":"https:\/\/rheinhessenblog.de\/wp-content\/uploads\/2018\/10\/Das-The-Hi-Fly-Orchestra-aus-Mnchen.-\u00ae-casowi.jpg","datePublished":"2018-12-21T07:30:44+00:00","dateModified":"2023-09-21T08:52:52+00:00","description":"Un d\u00e9cor imposant Le d\u00e9cor du festival des Nibelungen est d\u00e9j\u00e0 imposant - il a lieu directement \u00e0 c\u00f4t\u00e9 de la cath\u00e9drale de Worms. La ville de 85.000 habitants en","breadcrumb":{"@id":"https:\/\/rheinhessenblog.de\/worms-und-die-vielfalt-von-open-air-events\/#breadcrumb"},"inLanguage":"fr-FR","potentialAction":[{"@type":"ReadAction","target":["https:\/\/rheinhessenblog.de\/worms-und-die-vielfalt-von-open-air-events\/"]}]},{"@type":"ImageObject","inLanguage":"fr-FR","@id":"https:\/\/rheinhessenblog.de\/worms-und-die-vielfalt-von-open-air-events\/#primaryimage","url":"https:\/\/rheinhessenblog.de\/wp-content\/uploads\/2018\/10\/Das-The-Hi-Fly-Orchestra-aus-Mnchen.-\u00ae-casowi.jpg","contentUrl":"https:\/\/rheinhessenblog.de\/wp-content\/uploads\/2018\/10\/Das-The-Hi-Fly-Orchestra-aus-Mnchen.-\u00ae-casowi.jpg","width":1280,"height":576,"caption":"Aus M\u00fcnchen: The Hi-Fly-Orchestra (\u00a9 casowi)"},{"@type":"BreadcrumbList","@id":"https:\/\/rheinhessenblog.de\/worms-und-die-vielfalt-von-open-air-events\/#breadcrumb","itemListElement":[{"@type":"ListItem","position":1,"name":"Startseite","item":"https:\/\/rheinhessenblog.de\/"},{"@type":"ListItem","position":2,"name":"Worms und die Vielfalt von Open-Air-Events"}]},{"@type":"WebSite","@id":"https:\/\/rheinhessenblog.de\/#website","url":"https:\/\/rheinhessenblog.de\/","name":"Blog de la Hesse rh\u00e9nane","description":"","publisher":{"@id":"https:\/\/rheinhessenblog.de\/#organization"},"potentialAction":[{"@type":"SearchAction","target":{"@type":"EntryPoint","urlTemplate":"https:\/\/rheinhessenblog.de\/?s={search_term_string}"},"query-input":{"@type":"PropertyValueSpecification","valueRequired":true,"valueName":"search_term_string"}}],"inLanguage":"fr-FR"},{"@type":"Organization","@id":"https:\/\/rheinhessenblog.de\/#organization","name":"Blog de la Hesse rh\u00e9nane","url":"https:\/\/rheinhessenblog.de\/","logo":{"@type":"ImageObject","inLanguage":"fr-FR","@id":"https:\/\/rheinhessenblog.de\/#\/schema\/logo\/image\/","url":"https:\/\/rheinhessenblog.de\/wp-content\/uploads\/2023\/07\/Rheinhessenlogo.svg","contentUrl":"https:\/\/rheinhessenblog.de\/wp-content\/uploads\/2023\/07\/Rheinhessenlogo.svg","width":85,"height":26,"caption":"Rheinhessen-Blog"},"image":{"@id":"https:\/\/rheinhessenblog.de\/#\/schema\/logo\/image\/"}},{"@type":"Person","@id":"https:\/\/rheinhessenblog.de\/#\/schema\/person\/614b644ae275103e7b0f99540f7192d1","name":"Catharina Wilhelm","description":"Depuis 2009, je blogue sur casowi reisekulturgenuss au sujet de mes voyages et j'appr\u00e9cie les regards crois\u00e9s, remplis de plaisirs alimentaires et viticoles et assaisonn\u00e9s d'une pinc\u00e9e de culture avec l'art et la musique.","url":"https:\/\/rheinhessenblog.de\/fr\/author\/wilhelm\/"}]}},"_links":{"self":[{"href":"https:\/\/rheinhessenblog.de\/fr\/wp-json\/wp\/v2\/posts\/2299","targetHints":{"allow":["GET"]}}],"collection":[{"href":"https:\/\/rheinhessenblog.de\/fr\/wp-json\/wp\/v2\/posts"}],"about":[{"href":"https:\/\/rheinhessenblog.de\/fr\/wp-json\/wp\/v2\/types\/post"}],"author":[{"embeddable":true,"href":"https:\/\/rheinhessenblog.de\/fr\/wp-json\/wp\/v2\/users\/17"}],"replies":[{"embeddable":true,"href":"https:\/\/rheinhessenblog.de\/fr\/wp-json\/wp\/v2\/comments?post=2299"}],"version-history":[{"count":4,"href":"https:\/\/rheinhessenblog.de\/fr\/wp-json\/wp\/v2\/posts\/2299\/revisions"}],"predecessor-version":[{"id":12600,"href":"https:\/\/rheinhessenblog.de\/fr\/wp-json\/wp\/v2\/posts\/2299\/revisions\/12600"}],"wp:featuredmedia":[{"embeddable":true,"href":"https:\/\/rheinhessenblog.de\/fr\/wp-json\/wp\/v2\/media\/2294"}],"wp:attachment":[{"href":"https:\/\/rheinhessenblog.de\/fr\/wp-json\/wp\/v2\/media?parent=2299"}],"wp:term":[{"taxonomy":"category","embeddable":true,"href":"https:\/\/rheinhessenblog.de\/fr\/wp-json\/wp\/v2\/categories?post=2299"},{"taxonomy":"post_tag","embeddable":true,"href":"https:\/\/rheinhessenblog.de\/fr\/wp-json\/wp\/v2\/tags?post=2299"}],"curies":[{"name":"wp","href":"https:\/\/api.w.org\/{rel}","templated":true}]}}