{"id":3395,"date":"2019-06-12T20:53:23","date_gmt":"2019-06-12T18:53:23","guid":{"rendered":"http:\/\/blog.rheinhessen.de\/?p=3395"},"modified":"2026-04-13T15:12:45","modified_gmt":"2026-04-13T13:12:45","slug":"soiree-de-fete-de-la-generation-vino","status":"publish","type":"post","link":"https:\/\/rheinhessenblog.de\/fr\/feieroomend-der-vino-generation\/","title":{"rendered":"F\u00eate de fin d'ann\u00e9e \u00e0 Eckelsheim : en visite chez Vino Generation"},"content":{"rendered":"<h3 class=\"wp-block-heading\">Un lieu avec un effet \"wow<\/h3>\n\n\n\n<p>D\u00e8s mon arriv\u00e9e \u00e0 Eckelsheim, j'ai \u00e9t\u00e9 enthousiasm\u00e9e par le lieu. Au-dessus de la route, sur une colline, tr\u00f4naient les ruines de la <a href=\"https:\/\/www.rheinhessen.de\/sehenswuerdigkeiten-rheinhessen\/a-beller-kirche\" target=\"_blank\" rel=\"noreferrer noopener\" aria-label=\"Beller Kirche (s&#039;ouvre dans un nouvel onglet)\">\u00c9glise de Beller<\/a>. L'\u00e9glise de style gothique tardif a probablement \u00e9t\u00e9 construite en 1519 - c'est du moins ce qu'indique la date d'inscription sur le portail ouest. <\/p>\n\n\n\n<figure class=\"wp-block-image\"><img fetchpriority=\"high\" decoding=\"async\" width=\"1024\" height=\"769\" src=\"http:\/\/rheinhessenblog.de\/wp-content\/uploads\/2019\/06\/Feieroomend_Beller_Kirche_Foto_Isabelle_Willersinn-1024x769.jpg\" alt=\"L&#039;\u00e9glise de Bell au coucher du soleil et une ambiance de f\u00eate conviviale tout autour\" class=\"wp-image-3396\" srcset=\"https:\/\/rheinhessenblog.de\/wp-content\/uploads\/2019\/06\/Feieroomend_Beller_Kirche_Foto_Isabelle_Willersinn-1024x769.jpg 1024w, https:\/\/rheinhessenblog.de\/wp-content\/uploads\/2019\/06\/Feieroomend_Beller_Kirche_Foto_Isabelle_Willersinn-300x225.jpg 300w, https:\/\/rheinhessenblog.de\/wp-content\/uploads\/2019\/06\/Feieroomend_Beller_Kirche_Foto_Isabelle_Willersinn-768x577.jpg 768w, https:\/\/rheinhessenblog.de\/wp-content\/uploads\/2019\/06\/Feieroomend_Beller_Kirche_Foto_Isabelle_Willersinn-1536x1154.jpg 1536w, https:\/\/rheinhessenblog.de\/wp-content\/uploads\/2019\/06\/Feieroomend_Beller_Kirche_Foto_Isabelle_Willersinn-2048x1538.jpg 2048w\" sizes=\"(max-width: 1024px) 100vw, 1024px\" \/><figcaption class=\"wp-element-caption\">F\u00eate de fin d'ann\u00e9e \u00e0 l'\u00e9glise de Beller \u00e0 Eckelsheim (c) Isabelle Willersinn<\/figcaption><\/figure>\n\n\n\n<p>C'\u00e9tait un jour f\u00e9ri\u00e9, pour la Vino Generation cela signifie que\nau lieu de la musique de fond classique, il fallait exceptionnellement de la musique live. Ainsi\nLe chant de la musique live r\u00e9sonnait d\u00e9j\u00e0 dans mes oreilles lorsque j'ai mont\u00e9 les escaliers de la colline.\nen haut de la colline. Cela m'a donn\u00e9 encore plus envie de profiter d'un temps royal.\nde passer une agr\u00e9able soir\u00e9e de f\u00eate. Et je dois dire que mon\nJe n'ai pas \u00e9t\u00e9 d\u00e9\u00e7u. <\/p>\n\n\n\n<p>Vino Generation est une association de 28 jeunes viticulteurs de la <a href=\"https:\/\/www.woellstein.de\/vg_woellstein\/\" target=\"_blank\" rel=\"noreferrer noopener\" aria-label=\"Verbandsgemeinde W\u00f6llstein (s&#039;ouvre dans un nouvel onglet)\">Communaut\u00e9 de communes de W\u00f6llstein<\/a>. De fin mai \u00e0 mi-juillet, ils invitent tous les jeudis depuis environ cinq ans \u00e0 une soir\u00e9e festive. Celle-ci a lieu chaque semaine dans une autre localit\u00e9 de la communaut\u00e9 de communes. Les jeunes viticulteurs choisissent toujours un endroit qui marque l'image du village. \u00c0 Eckelsheim, il s'agit de l'\u00e9glise de Beller, \u00e0 Wendelsheim du ch\u00e2teau, \u00e0 Gumbsheim de la mairie, etc. <\/p>\n\n\n\n<h3 class=\"wp-block-heading\"> \u201eJeune, croquante et vivante\u201c<\/h3>\n\n\n\n<figure class=\"wp-block-image\"><img decoding=\"async\" width=\"1024\" height=\"768\" src=\"http:\/\/rheinhessenblog.de\/wp-content\/uploads\/2019\/06\/Ferieoomend_VinoGeneration_Foto_Isabelle_Willersinn-1024x768.jpg\" alt=\"Le drapeau de Vino Generation, avec en arri\u00e8re-plan l&#039;\u00e9glise de Beller \u00e0 Eckelsheim\" class=\"wp-image-3397\" srcset=\"https:\/\/rheinhessenblog.de\/wp-content\/uploads\/2019\/06\/Ferieoomend_VinoGeneration_Foto_Isabelle_Willersinn-1024x768.jpg 1024w, https:\/\/rheinhessenblog.de\/wp-content\/uploads\/2019\/06\/Ferieoomend_VinoGeneration_Foto_Isabelle_Willersinn-300x225.jpg 300w, https:\/\/rheinhessenblog.de\/wp-content\/uploads\/2019\/06\/Ferieoomend_VinoGeneration_Foto_Isabelle_Willersinn-768x576.jpg 768w, https:\/\/rheinhessenblog.de\/wp-content\/uploads\/2019\/06\/Ferieoomend_VinoGeneration_Foto_Isabelle_Willersinn-1536x1152.jpg 1536w, https:\/\/rheinhessenblog.de\/wp-content\/uploads\/2019\/06\/Ferieoomend_VinoGeneration_Foto_Isabelle_Willersinn-2048x1536.jpg 2048w\" sizes=\"(max-width: 1024px) 100vw, 1024px\" \/><figcaption class=\"wp-element-caption\">L'\u00e9glise de Bell au soleil couchant (c) Isabelle Willersinn<\/figcaption><\/figure>\n\n\n\n<p>Cinq domaines viticoles - principalement ceux de la r\u00e9gion - proposent leurs vins \u00e0 la d\u00e9gustation lors d'une soir\u00e9e festive. J'ai donc trouv\u00e9 au comptoir une carte de vins de la Hesse rh\u00e9nane bien vari\u00e9e. Il y en a pour tout le monde, me suis-je dit. Ce soir-l\u00e0, j'ai eu droit \u00e0 un vin sec. <a rel=\"noreferrer noopener\" aria-label=\"Riesling (s&#039;ouvre dans un nouvel onglet)\" href=\"https:\/\/www.rheinhessen.de\/riesling\" target=\"_blank\">Riesling<\/a> \u00eatre. Le verre \u00e0 la main, je me suis alors m\u00eal\u00e9 \u00e0 la foule. L'ambiance \u00e9tait bonne, tout le monde \u00e9tait d\u00e9tendu et de bonne humeur. Je me r\u00e9jouissais de voir tous ces visages familiers. J'ai d'abord rencontr\u00e9 le jury de la f\u00eate du vin, car le Feieroomend fait partie des \u201e<a rel=\"noreferrer noopener\" aria-label=\"Rheinhessen AUSGEZEICHNET (s&#039;ouvre dans un nouvel onglet)\" href=\"https:\/\/www.rheinhessen.de\/ausgezeichnete-weinfeste\" target=\"_blank\">Hesse rh\u00e9nane EXCELLENTE<\/a>\u201c-f\u00eates du vin. Des f\u00eates du vin particuli\u00e8rement belles et styl\u00e9es sont ainsi r\u00e9compens\u00e9es et un jury fait bien s\u00fbr partie d'une distinction. Patricia Palums, membre du jury, d\u00e9crit la Feieroomend comme \u201ejeune, croquante et vivante\u201c. \u201eC'est fou comme la Feieroomend s'est d\u00e9velopp\u00e9e\u201c, m'a expliqu\u00e9 plus tard la <a href=\"https:\/\/www.rheinhessen.de\/rheinhessische-weinmajestaeten\" target=\"_blank\" rel=\"noreferrer noopener\" aria-label=\"Princesse du vin de la Hesse rh\u00e9nane (s&#039;ouvre dans un nouvel onglet)\">Princesse du vin de la Hesse rh\u00e9nane<\/a> Rebecca Lamb, qui m'explique que depuis le d\u00e9but, elle se rend r\u00e9guli\u00e8rement \u00e0 la Feieroomende. Au d\u00e9but, il y avait entre 100 et 200 visiteurs, m'apprendra plus tard Alexander Vollmer, un membre de Vino Generation, mais aujourd'hui, ils sont bien plus nombreux. <\/p>\n\n\n\n<h3 class=\"wp-block-heading\">Savourer la Hesse rh\u00e9nane<\/h3>\n\n\n\n<figure class=\"wp-block-gallery has-nested-images columns-default is-cropped wp-block-gallery-1 is-layout-flex wp-block-gallery-is-layout-flex\">\n<figure class=\"wp-block-image\"><img decoding=\"async\" width=\"1024\" height=\"727\" data-id=\"3398\" src=\"https:\/\/rh.laolaweb.com\/wp-content\/uploads\/2019\/06\/Feieroomend_HotDog_Spezial_Foto_Isabelle_Willersinn-1024x727.jpg\" alt=\"Un hot-dog compos\u00e9 d&#039;une barre de pretzel, de salade de chou, d&#039;oignons verts et d&#039;oignons frits\" class=\"wp-image-3398\" srcset=\"https:\/\/rheinhessenblog.de\/wp-content\/uploads\/2019\/06\/Feieroomend_HotDog_Spezial_Foto_Isabelle_Willersinn-1024x727.jpg 1024w, https:\/\/rheinhessenblog.de\/wp-content\/uploads\/2019\/06\/Feieroomend_HotDog_Spezial_Foto_Isabelle_Willersinn-300x213.jpg 300w, https:\/\/rheinhessenblog.de\/wp-content\/uploads\/2019\/06\/Feieroomend_HotDog_Spezial_Foto_Isabelle_Willersinn-768x545.jpg 768w, https:\/\/rheinhessenblog.de\/wp-content\/uploads\/2019\/06\/Feieroomend_HotDog_Spezial_Foto_Isabelle_Willersinn-1536x1091.jpg 1536w, https:\/\/rheinhessenblog.de\/wp-content\/uploads\/2019\/06\/Feieroomend_HotDog_Spezial_Foto_Isabelle_Willersinn-2048x1455.jpg 2048w\" sizes=\"(max-width: 1024px) 100vw, 1024px\" \/><figcaption class=\"wp-element-caption\">Hot Dog sp\u00e9cial - \u00e0 la mode de la Hesse rh\u00e9nane - (c) Isabelle Willersinn<\/figcaption><\/figure>\n\n\n\n<figure class=\"wp-block-image\"><img loading=\"lazy\" decoding=\"async\" width=\"852\" height=\"1024\" data-id=\"3399\" src=\"https:\/\/rh.laolaweb.com\/wp-content\/uploads\/2019\/06\/Feieroomend_Wurstsalat_Foto_Isabelle_Willersinn-852x1024.jpg\" alt=\"Salade de fromage \u00e0 la main de W\u00fcstchen\" class=\"wp-image-3399\" srcset=\"https:\/\/rheinhessenblog.de\/wp-content\/uploads\/2019\/06\/Feieroomend_Wurstsalat_Foto_Isabelle_Willersinn-852x1024.jpg 852w, https:\/\/rheinhessenblog.de\/wp-content\/uploads\/2019\/06\/Feieroomend_Wurstsalat_Foto_Isabelle_Willersinn-249x300.jpg 249w, https:\/\/rheinhessenblog.de\/wp-content\/uploads\/2019\/06\/Feieroomend_Wurstsalat_Foto_Isabelle_Willersinn-768x924.jpg 768w, https:\/\/rheinhessenblog.de\/wp-content\/uploads\/2019\/06\/Feieroomend_Wurstsalat_Foto_Isabelle_Willersinn-1277x1536.jpg 1277w, https:\/\/rheinhessenblog.de\/wp-content\/uploads\/2019\/06\/Feieroomend_Wurstsalat_Foto_Isabelle_Willersinn-1703x2048.jpg 1703w, https:\/\/rheinhessenblog.de\/wp-content\/uploads\/2019\/06\/Feieroomend_Wurstsalat_Foto_Isabelle_Willersinn.jpg 2000w\" sizes=\"(max-width: 852px) 100vw, 852px\" \/><figcaption class=\"wp-element-caption\">Une salade de fromage \u00e0 la main de W\u00fcstchen, se marie aussi tr\u00e8s bien avec le vin (c) Isabelle Willersinn<\/figcaption><\/figure>\n<\/figure>\n\n\n\n<p>Un bon verre de vin et de nombreuses conversations agr\u00e9ables s'accompagnent bien s\u00fbr d'un petit quelque chose \u00e0 manger. Je me suis donc dirig\u00e9e vers le stand de nourriture. Ceux qui pr\u00e9f\u00e9raient les plats classiques pouvaient simplement y manger une saucisse grill\u00e9e ou une saucisse au curry avec un petit pain ou - typique de la Hesse rh\u00e9nane - s'offrir un <a aria-label=\"Spundek\u00e4se (s&#039;ouvre dans un nouvel onglet)\" href=\"https:\/\/www.rheinhessen.de\/spundekaes\" target=\"_blank\" rel=\"noreferrer noopener\">Fromage en b\u00fbche<\/a> commander. Ce soir-l\u00e0, j'\u00e9tais un peu plus exp\u00e9rimental et j'ai command\u00e9 un \u201ehotdog sp\u00e9cial\u201c ou, comme je le dirais, interpr\u00e9t\u00e9 \u00e0 la mani\u00e8re de la Hesse rh\u00e9nane, dans une barre de fromage et de lorgnons avec de la salade de chou, des oignons frits et des oignons verts. C'est diff\u00e9rent et vraiment d\u00e9licieux ! Le traiteur est d'ailleurs \u00e9galement \u00e9tabli dans la communaut\u00e9 de communes. Pour le repas, il y avait suffisamment de places assises. J'ai profit\u00e9 de ce moment pour regarder tranquillement les ruines de l'\u00e9glise de l'int\u00e9rieur et laisser la soir\u00e9e s'achever. Mais bien s\u00fbr pas sans avoir d\u00e9j\u00e0 not\u00e9 les dates pour les <a href=\"https:\/\/www.rheinhessen.de\/ausgezeichnete-weinfeste\/0\" target=\"_blank\" rel=\"noreferrer noopener\">fin de f\u00eate suivante<\/a> car chaque jeudi jusqu'en juillet, il y a encore beaucoup \u00e0 faire ici !<\/p>\n\n\n\n<p><\/p>","protected":false},"excerpt":{"rendered":"<p>De mai \u00e0 juillet, la Vino Generation, une association de jeunes vignerons de la communaut\u00e9 de communes de W\u00f6llstein, invite \u00e0 une soir\u00e9e festive. Les jours f\u00e9ri\u00e9s, il y a m\u00eame de la musique live, cette fois-ci \u00e0 Eckelsheim...<\/p>","protected":false},"author":20,"featured_media":3396,"comment_status":"open","ping_status":"open","sticky":false,"template":"","format":"standard","meta":{"_acf_changed":false,"footnotes":""},"categories":[320,318],"tags":[326,327],"class_list":["post-3395","post","type-post","status-publish","format-standard","has-post-thumbnail","hentry","category-kultur-entdecken","category-wein-kulinarik","tag-dom-kirche","tag-festivals-events"],"acf":{"":null},"yoast_head":"<!-- This site is optimized with the Yoast SEO plugin v27.4 - https:\/\/yoast.com\/product\/yoast-seo-wordpress\/ -->\n<title>Feieroomend in Eckelsheim: Zu Gast bei der Vino Generation - Rheinhessen-Blog<\/title>\n<meta name=\"description\" content=\"Von Mai bis Juli l\u00e4dt die Vino Generation, eine Jungwinzervereinigung der Verbandsgemeinde W\u00f6llstein zum Feieroomend ein. An Feiertagen sogar mit Livemusik, dieses Mal in Eckelsheim\u2026\" \/>\n<meta name=\"robots\" content=\"index, follow, max-snippet:-1, max-image-preview:large, max-video-preview:-1\" \/>\n<link rel=\"canonical\" href=\"https:\/\/rheinhessenblog.de\/fr\/soiree-de-fete-de-la-generation-vino\/\" \/>\n<meta property=\"og:locale\" content=\"fr_FR\" \/>\n<meta property=\"og:type\" content=\"article\" \/>\n<meta property=\"og:title\" content=\"Feieroomend in Eckelsheim: Zu Gast bei der Vino Generation - Rheinhessen-Blog\" \/>\n<meta property=\"og:description\" content=\"Von Mai bis Juli l\u00e4dt die Vino Generation, eine Jungwinzervereinigung der Verbandsgemeinde W\u00f6llstein zum Feieroomend ein. An Feiertagen sogar mit Livemusik, dieses Mal in Eckelsheim\u2026\" \/>\n<meta property=\"og:url\" content=\"https:\/\/rheinhessenblog.de\/fr\/soiree-de-fete-de-la-generation-vino\/\" \/>\n<meta property=\"og:site_name\" content=\"Rheinhessen-Blog\" \/>\n<meta property=\"article:published_time\" content=\"2019-06-12T18:53:23+00:00\" \/>\n<meta property=\"article:modified_time\" content=\"2026-04-13T13:12:45+00:00\" \/>\n<meta property=\"og:image\" content=\"https:\/\/rheinhessenblog.de\/wp-content\/uploads\/2019\/06\/Feieroomend_Beller_Kirche_Foto_Isabelle_Willersinn-scaled.jpg\" \/>\n\t<meta property=\"og:image:width\" content=\"2560\" \/>\n\t<meta property=\"og:image:height\" content=\"1923\" \/>\n\t<meta property=\"og:image:type\" content=\"image\/jpeg\" \/>\n<meta name=\"author\" content=\"Isabelle Willersinn\" \/>\n<meta name=\"twitter:card\" content=\"summary_large_image\" \/>\n<meta name=\"twitter:label1\" content=\"\u00c9crit par\" \/>\n\t<meta name=\"twitter:data1\" content=\"Isabelle Willersinn\" \/>\n\t<meta name=\"twitter:label2\" content=\"Dur\u00e9e de lecture estim\u00e9e\" \/>\n\t<meta name=\"twitter:data2\" content=\"5 minutes\" \/>\n<script type=\"application\/ld+json\" class=\"yoast-schema-graph\">{\"@context\":\"https:\\\/\\\/schema.org\",\"@graph\":[{\"@type\":\"Article\",\"@id\":\"https:\\\/\\\/rheinhessenblog.de\\\/feieroomend-der-vino-generation\\\/#article\",\"isPartOf\":{\"@id\":\"https:\\\/\\\/rheinhessenblog.de\\\/feieroomend-der-vino-generation\\\/\"},\"author\":{\"name\":\"Isabelle Willersinn\",\"@id\":\"https:\\\/\\\/rheinhessenblog.de\\\/#\\\/schema\\\/person\\\/19be6d600023f31df5091d09bc4697fd\"},\"headline\":\"Feieroomend in Eckelsheim: Zu Gast bei der Vino Generation\",\"datePublished\":\"2019-06-12T18:53:23+00:00\",\"dateModified\":\"2026-04-13T13:12:45+00:00\",\"mainEntityOfPage\":{\"@id\":\"https:\\\/\\\/rheinhessenblog.de\\\/feieroomend-der-vino-generation\\\/\"},\"wordCount\":597,\"commentCount\":2,\"publisher\":{\"@id\":\"https:\\\/\\\/rheinhessenblog.de\\\/#organization\"},\"image\":{\"@id\":\"https:\\\/\\\/rheinhessenblog.de\\\/feieroomend-der-vino-generation\\\/#primaryimage\"},\"thumbnailUrl\":\"https:\\\/\\\/rheinhessenblog.de\\\/wp-content\\\/uploads\\\/2019\\\/06\\\/Feieroomend_Beller_Kirche_Foto_Isabelle_Willersinn-scaled.jpg\",\"keywords\":[\"Dom \\\/ Kirche\",\"Festivals \\\/ Events\"],\"articleSection\":[\"Kultur entdecken\",\"Wein &amp; Kulinarik\"],\"inLanguage\":\"fr-FR\",\"potentialAction\":[{\"@type\":\"CommentAction\",\"name\":\"Comment\",\"target\":[\"https:\\\/\\\/rheinhessenblog.de\\\/feieroomend-der-vino-generation\\\/#respond\"]}]},{\"@type\":\"WebPage\",\"@id\":\"https:\\\/\\\/rheinhessenblog.de\\\/feieroomend-der-vino-generation\\\/\",\"url\":\"https:\\\/\\\/rheinhessenblog.de\\\/feieroomend-der-vino-generation\\\/\",\"name\":\"Feieroomend in Eckelsheim: Zu Gast bei der Vino Generation - Rheinhessen-Blog\",\"isPartOf\":{\"@id\":\"https:\\\/\\\/rheinhessenblog.de\\\/#website\"},\"primaryImageOfPage\":{\"@id\":\"https:\\\/\\\/rheinhessenblog.de\\\/feieroomend-der-vino-generation\\\/#primaryimage\"},\"image\":{\"@id\":\"https:\\\/\\\/rheinhessenblog.de\\\/feieroomend-der-vino-generation\\\/#primaryimage\"},\"thumbnailUrl\":\"https:\\\/\\\/rheinhessenblog.de\\\/wp-content\\\/uploads\\\/2019\\\/06\\\/Feieroomend_Beller_Kirche_Foto_Isabelle_Willersinn-scaled.jpg\",\"datePublished\":\"2019-06-12T18:53:23+00:00\",\"dateModified\":\"2026-04-13T13:12:45+00:00\",\"description\":\"Von Mai bis Juli l\u00e4dt die Vino Generation, eine Jungwinzervereinigung der Verbandsgemeinde W\u00f6llstein zum Feieroomend ein. An Feiertagen sogar mit Livemusik, dieses Mal in Eckelsheim\u2026\",\"breadcrumb\":{\"@id\":\"https:\\\/\\\/rheinhessenblog.de\\\/feieroomend-der-vino-generation\\\/#breadcrumb\"},\"inLanguage\":\"fr-FR\",\"potentialAction\":[{\"@type\":\"ReadAction\",\"target\":[\"https:\\\/\\\/rheinhessenblog.de\\\/feieroomend-der-vino-generation\\\/\"]}]},{\"@type\":\"ImageObject\",\"inLanguage\":\"fr-FR\",\"@id\":\"https:\\\/\\\/rheinhessenblog.de\\\/feieroomend-der-vino-generation\\\/#primaryimage\",\"url\":\"https:\\\/\\\/rheinhessenblog.de\\\/wp-content\\\/uploads\\\/2019\\\/06\\\/Feieroomend_Beller_Kirche_Foto_Isabelle_Willersinn-scaled.jpg\",\"contentUrl\":\"https:\\\/\\\/rheinhessenblog.de\\\/wp-content\\\/uploads\\\/2019\\\/06\\\/Feieroomend_Beller_Kirche_Foto_Isabelle_Willersinn-scaled.jpg\",\"width\":2560,\"height\":1923,\"caption\":\"Feieroomend an der Beller Kirche in Eckelsheim (c) Isabelle Willersinn\"},{\"@type\":\"BreadcrumbList\",\"@id\":\"https:\\\/\\\/rheinhessenblog.de\\\/feieroomend-der-vino-generation\\\/#breadcrumb\",\"itemListElement\":[{\"@type\":\"ListItem\",\"position\":1,\"name\":\"Startseite\",\"item\":\"https:\\\/\\\/rheinhessenblog.de\\\/\"},{\"@type\":\"ListItem\",\"position\":2,\"name\":\"Feieroomend in Eckelsheim: Zu Gast bei der Vino Generation\"}]},{\"@type\":\"WebSite\",\"@id\":\"https:\\\/\\\/rheinhessenblog.de\\\/#website\",\"url\":\"https:\\\/\\\/rheinhessenblog.de\\\/\",\"name\":\"Rheinhessen-Blog\",\"description\":\"\",\"publisher\":{\"@id\":\"https:\\\/\\\/rheinhessenblog.de\\\/#organization\"},\"potentialAction\":[{\"@type\":\"SearchAction\",\"target\":{\"@type\":\"EntryPoint\",\"urlTemplate\":\"https:\\\/\\\/rheinhessenblog.de\\\/?s={search_term_string}\"},\"query-input\":{\"@type\":\"PropertyValueSpecification\",\"valueRequired\":true,\"valueName\":\"search_term_string\"}}],\"inLanguage\":\"fr-FR\"},{\"@type\":\"Organization\",\"@id\":\"https:\\\/\\\/rheinhessenblog.de\\\/#organization\",\"name\":\"Rheinhessen-Blog\",\"url\":\"https:\\\/\\\/rheinhessenblog.de\\\/\",\"logo\":{\"@type\":\"ImageObject\",\"inLanguage\":\"fr-FR\",\"@id\":\"https:\\\/\\\/rheinhessenblog.de\\\/#\\\/schema\\\/logo\\\/image\\\/\",\"url\":\"https:\\\/\\\/rheinhessenblog.de\\\/wp-content\\\/uploads\\\/2023\\\/07\\\/Rheinhessenlogo.svg\",\"contentUrl\":\"https:\\\/\\\/rheinhessenblog.de\\\/wp-content\\\/uploads\\\/2023\\\/07\\\/Rheinhessenlogo.svg\",\"width\":85,\"height\":26,\"caption\":\"Rheinhessen-Blog\"},\"image\":{\"@id\":\"https:\\\/\\\/rheinhessenblog.de\\\/#\\\/schema\\\/logo\\\/image\\\/\"}},{\"@type\":\"Person\",\"@id\":\"https:\\\/\\\/rheinhessenblog.de\\\/#\\\/schema\\\/person\\\/19be6d600023f31df5091d09bc4697fd\",\"name\":\"Isabelle Willersinn\",\"description\":\"Aufgewachsen bin ich in einem Familienweingut mitten in Rheinhessen. Der Wein wurde dabei zu meiner Berufung. In meinem Studium Weinbau\\\/Oenologie und Weinwirtschaft sowie w\u00e4hrend meinem Jahr als Rheinhessische Weink\u00f6nigin habe ich mich immer mehr in unsere Region verliebt. Heute bin ich Redakteurin f\u00fcr Das Deutsche Weinmagazin, einer Fachzeitschrift f\u00fcr Winzer.\",\"url\":\"https:\\\/\\\/rheinhessenblog.de\\\/fr\\\/author\\\/willersinn\\\/\"}]}<\/script>\n<!-- \/ Yoast SEO plugin. -->","yoast_head_json":{"title":"La fin de la f\u00eate \u00e0 Eckelsheim : invit\u00e9 chez Vino Generation - Rheinhessen-Blog","description":"De mai \u00e0 juillet, la Vino Generation, une association de jeunes vignerons de la communaut\u00e9 de communes de W\u00f6llstein, invite \u00e0 une soir\u00e9e festive. Les jours f\u00e9ri\u00e9s, il y a m\u00eame de la musique live, cette fois-ci \u00e0 Eckelsheim...","robots":{"index":"index","follow":"follow","max-snippet":"max-snippet:-1","max-image-preview":"max-image-preview:large","max-video-preview":"max-video-preview:-1"},"canonical":"https:\/\/rheinhessenblog.de\/fr\/soiree-de-fete-de-la-generation-vino\/","og_locale":"fr_FR","og_type":"article","og_title":"Feieroomend in Eckelsheim: Zu Gast bei der Vino Generation - Rheinhessen-Blog","og_description":"Von Mai bis Juli l\u00e4dt die Vino Generation, eine Jungwinzervereinigung der Verbandsgemeinde W\u00f6llstein zum Feieroomend ein. An Feiertagen sogar mit Livemusik, dieses Mal in Eckelsheim\u2026","og_url":"https:\/\/rheinhessenblog.de\/fr\/soiree-de-fete-de-la-generation-vino\/","og_site_name":"Rheinhessen-Blog","article_published_time":"2019-06-12T18:53:23+00:00","article_modified_time":"2026-04-13T13:12:45+00:00","og_image":[{"width":2560,"height":1923,"url":"https:\/\/rheinhessenblog.de\/wp-content\/uploads\/2019\/06\/Feieroomend_Beller_Kirche_Foto_Isabelle_Willersinn-scaled.jpg","type":"image\/jpeg"}],"author":"Isabelle Willersinn","twitter_card":"summary_large_image","twitter_misc":{"\u00c9crit par":"Isabelle Willersinn","Dur\u00e9e de lecture estim\u00e9e":"5 minutes"},"schema":{"@context":"https:\/\/schema.org","@graph":[{"@type":"Article","@id":"https:\/\/rheinhessenblog.de\/feieroomend-der-vino-generation\/#article","isPartOf":{"@id":"https:\/\/rheinhessenblog.de\/feieroomend-der-vino-generation\/"},"author":{"name":"Isabelle Willersinn","@id":"https:\/\/rheinhessenblog.de\/#\/schema\/person\/19be6d600023f31df5091d09bc4697fd"},"headline":"Feieroomend in Eckelsheim: Zu Gast bei der Vino Generation","datePublished":"2019-06-12T18:53:23+00:00","dateModified":"2026-04-13T13:12:45+00:00","mainEntityOfPage":{"@id":"https:\/\/rheinhessenblog.de\/feieroomend-der-vino-generation\/"},"wordCount":597,"commentCount":2,"publisher":{"@id":"https:\/\/rheinhessenblog.de\/#organization"},"image":{"@id":"https:\/\/rheinhessenblog.de\/feieroomend-der-vino-generation\/#primaryimage"},"thumbnailUrl":"https:\/\/rheinhessenblog.de\/wp-content\/uploads\/2019\/06\/Feieroomend_Beller_Kirche_Foto_Isabelle_Willersinn-scaled.jpg","keywords":["Dom \/ Kirche","Festivals \/ Events"],"articleSection":["Kultur entdecken","Wein &amp; Kulinarik"],"inLanguage":"fr-FR","potentialAction":[{"@type":"CommentAction","name":"Comment","target":["https:\/\/rheinhessenblog.de\/feieroomend-der-vino-generation\/#respond"]}]},{"@type":"WebPage","@id":"https:\/\/rheinhessenblog.de\/feieroomend-der-vino-generation\/","url":"https:\/\/rheinhessenblog.de\/feieroomend-der-vino-generation\/","name":"La fin de la f\u00eate \u00e0 Eckelsheim : invit\u00e9 chez Vino Generation - Rheinhessen-Blog","isPartOf":{"@id":"https:\/\/rheinhessenblog.de\/#website"},"primaryImageOfPage":{"@id":"https:\/\/rheinhessenblog.de\/feieroomend-der-vino-generation\/#primaryimage"},"image":{"@id":"https:\/\/rheinhessenblog.de\/feieroomend-der-vino-generation\/#primaryimage"},"thumbnailUrl":"https:\/\/rheinhessenblog.de\/wp-content\/uploads\/2019\/06\/Feieroomend_Beller_Kirche_Foto_Isabelle_Willersinn-scaled.jpg","datePublished":"2019-06-12T18:53:23+00:00","dateModified":"2026-04-13T13:12:45+00:00","description":"De mai \u00e0 juillet, la Vino Generation, une association de jeunes vignerons de la communaut\u00e9 de communes de W\u00f6llstein, invite \u00e0 une soir\u00e9e festive. Les jours f\u00e9ri\u00e9s, il y a m\u00eame de la musique live, cette fois-ci \u00e0 Eckelsheim...","breadcrumb":{"@id":"https:\/\/rheinhessenblog.de\/feieroomend-der-vino-generation\/#breadcrumb"},"inLanguage":"fr-FR","potentialAction":[{"@type":"ReadAction","target":["https:\/\/rheinhessenblog.de\/feieroomend-der-vino-generation\/"]}]},{"@type":"ImageObject","inLanguage":"fr-FR","@id":"https:\/\/rheinhessenblog.de\/feieroomend-der-vino-generation\/#primaryimage","url":"https:\/\/rheinhessenblog.de\/wp-content\/uploads\/2019\/06\/Feieroomend_Beller_Kirche_Foto_Isabelle_Willersinn-scaled.jpg","contentUrl":"https:\/\/rheinhessenblog.de\/wp-content\/uploads\/2019\/06\/Feieroomend_Beller_Kirche_Foto_Isabelle_Willersinn-scaled.jpg","width":2560,"height":1923,"caption":"Feieroomend an der Beller Kirche in Eckelsheim (c) Isabelle Willersinn"},{"@type":"BreadcrumbList","@id":"https:\/\/rheinhessenblog.de\/feieroomend-der-vino-generation\/#breadcrumb","itemListElement":[{"@type":"ListItem","position":1,"name":"Startseite","item":"https:\/\/rheinhessenblog.de\/"},{"@type":"ListItem","position":2,"name":"Feieroomend in Eckelsheim: Zu Gast bei der Vino Generation"}]},{"@type":"WebSite","@id":"https:\/\/rheinhessenblog.de\/#website","url":"https:\/\/rheinhessenblog.de\/","name":"Blog de la Hesse rh\u00e9nane","description":"","publisher":{"@id":"https:\/\/rheinhessenblog.de\/#organization"},"potentialAction":[{"@type":"SearchAction","target":{"@type":"EntryPoint","urlTemplate":"https:\/\/rheinhessenblog.de\/?s={search_term_string}"},"query-input":{"@type":"PropertyValueSpecification","valueRequired":true,"valueName":"search_term_string"}}],"inLanguage":"fr-FR"},{"@type":"Organization","@id":"https:\/\/rheinhessenblog.de\/#organization","name":"Blog de la Hesse rh\u00e9nane","url":"https:\/\/rheinhessenblog.de\/","logo":{"@type":"ImageObject","inLanguage":"fr-FR","@id":"https:\/\/rheinhessenblog.de\/#\/schema\/logo\/image\/","url":"https:\/\/rheinhessenblog.de\/wp-content\/uploads\/2023\/07\/Rheinhessenlogo.svg","contentUrl":"https:\/\/rheinhessenblog.de\/wp-content\/uploads\/2023\/07\/Rheinhessenlogo.svg","width":85,"height":26,"caption":"Rheinhessen-Blog"},"image":{"@id":"https:\/\/rheinhessenblog.de\/#\/schema\/logo\/image\/"}},{"@type":"Person","@id":"https:\/\/rheinhessenblog.de\/#\/schema\/person\/19be6d600023f31df5091d09bc4697fd","name":"Isabelle Willersinn","description":"J'ai grandi dans un domaine viticole familial au c\u0153ur de la Hesse rh\u00e9nane. Le vin est devenu ma vocation. Pendant mes \u00e9tudes de viticulture\/\u0153nologie et d'\u00e9conomie viticole, ainsi que pendant mon ann\u00e9e en tant que reine des vins de la Hesse rh\u00e9nane, je suis tomb\u00e9e de plus en plus amoureuse de notre r\u00e9gion. Aujourd'hui, je suis r\u00e9dactrice pour Das Deutsche Weinmagazin, une revue sp\u00e9cialis\u00e9e pour les viticulteurs.","url":"https:\/\/rheinhessenblog.de\/fr\/author\/willersinn\/"}]}},"_links":{"self":[{"href":"https:\/\/rheinhessenblog.de\/fr\/wp-json\/wp\/v2\/posts\/3395","targetHints":{"allow":["GET"]}}],"collection":[{"href":"https:\/\/rheinhessenblog.de\/fr\/wp-json\/wp\/v2\/posts"}],"about":[{"href":"https:\/\/rheinhessenblog.de\/fr\/wp-json\/wp\/v2\/types\/post"}],"author":[{"embeddable":true,"href":"https:\/\/rheinhessenblog.de\/fr\/wp-json\/wp\/v2\/users\/20"}],"replies":[{"embeddable":true,"href":"https:\/\/rheinhessenblog.de\/fr\/wp-json\/wp\/v2\/comments?post=3395"}],"version-history":[{"count":3,"href":"https:\/\/rheinhessenblog.de\/fr\/wp-json\/wp\/v2\/posts\/3395\/revisions"}],"predecessor-version":[{"id":17497,"href":"https:\/\/rheinhessenblog.de\/fr\/wp-json\/wp\/v2\/posts\/3395\/revisions\/17497"}],"wp:featuredmedia":[{"embeddable":true,"href":"https:\/\/rheinhessenblog.de\/fr\/wp-json\/wp\/v2\/media\/3396"}],"wp:attachment":[{"href":"https:\/\/rheinhessenblog.de\/fr\/wp-json\/wp\/v2\/media?parent=3395"}],"wp:term":[{"taxonomy":"category","embeddable":true,"href":"https:\/\/rheinhessenblog.de\/fr\/wp-json\/wp\/v2\/categories?post=3395"},{"taxonomy":"post_tag","embeddable":true,"href":"https:\/\/rheinhessenblog.de\/fr\/wp-json\/wp\/v2\/tags?post=3395"}],"curies":[{"name":"wp","href":"https:\/\/api.w.org\/{rel}","templated":true}]}}