{"id":3606,"date":"2019-08-13T10:54:08","date_gmt":"2019-08-13T08:54:08","guid":{"rendered":"http:\/\/blog.rheinhessen.de\/?p=3606"},"modified":"2023-09-21T16:56:29","modified_gmt":"2023-09-21T14:56:29","slug":"cinq-lieux-preferes-de-mainz-pour-une-journee-dete","status":"publish","type":"post","link":"https:\/\/rheinhessenblog.de\/fr\/mainz-fuenf-lieblingsplaetze-fuer-einen-sommertag\/","title":{"rendered":"Mayence - cinq endroits pr\u00e9f\u00e9r\u00e9s pour une journ\u00e9e d'\u00e9t\u00e9"},"content":{"rendered":"<p>Une ville au bord du fleuve exerce toujours un charme particulier. C'est le cas de Mayence sur le Rhin. Avec mon stagiaire Elias (17 ans), j'ai fait l'\u00e9preuve du feu un jour de juillet : Mayence est-elle une destination estivale ? En nous promenant dans la vieille ville et sur les rives du Rhin, nous avons trouv\u00e9 cinq endroits qui sont absolument adapt\u00e9s \u00e0 l'\u00e9t\u00e9.<\/p>\n\n\n\n<figure class=\"wp-block-image\"><img fetchpriority=\"high\" decoding=\"async\" width=\"1024\" height=\"768\" src=\"https:\/\/rheinhessenblog.de\/wp-content\/uploads\/2019\/07\/P1010064-1024x768.jpg\" alt=\"\" class=\"wp-image-3608\" srcset=\"https:\/\/rheinhessenblog.de\/wp-content\/uploads\/2019\/07\/P1010064-1024x768.jpg 1024w, https:\/\/rheinhessenblog.de\/wp-content\/uploads\/2019\/07\/P1010064-300x225.jpg 300w, https:\/\/rheinhessenblog.de\/wp-content\/uploads\/2019\/07\/P1010064-768x576.jpg 768w, https:\/\/rheinhessenblog.de\/wp-content\/uploads\/2019\/07\/P1010064-1536x1152.jpg 1536w, https:\/\/rheinhessenblog.de\/wp-content\/uploads\/2019\/07\/P1010064-2048x1536.jpg 2048w\" sizes=\"(max-width: 1024px) 100vw, 1024px\" \/><figcaption class=\"wp-element-caption\">Vue du pont Theodor Heuss sur la vieille ville et la plage de Mayence<\/figcaption><\/figure>\n\n\n\n<p>La plupart des visiteurs s'approchent de la capitale du Land de Rh\u00e9nanie-Palatinat par le pont Theodor-Heuss, qui offre une vue grandiose sur le Rhin jusqu'aux tours de la vieille ville. Le sable jaune de la plage de Mayence attire, mais il est encore t\u00f4t et il ne fait pas si chaud. Juste ce qu'il faut pour fl\u00e2ner dans la vieille ville.<\/p>\n\n\n\n<h2 class=\"wp-block-heading\"><strong>Endroit pr\u00e9f\u00e9r\u00e9 1 : march\u00e9 hebdomadaire<\/strong><\/h2>\n\n\n\n<figure class=\"wp-block-image\"><img decoding=\"async\" width=\"1024\" height=\"683\" src=\"https:\/\/rheinhessenblog.de\/wp-content\/uploads\/2019\/07\/IMG_7412-1024x683.jpg\" alt=\"\" class=\"wp-image-3609\" srcset=\"https:\/\/rheinhessenblog.de\/wp-content\/uploads\/2019\/07\/IMG_7412-1024x683.jpg 1024w, https:\/\/rheinhessenblog.de\/wp-content\/uploads\/2019\/07\/IMG_7412-300x200.jpg 300w, https:\/\/rheinhessenblog.de\/wp-content\/uploads\/2019\/07\/IMG_7412-768x512.jpg 768w, https:\/\/rheinhessenblog.de\/wp-content\/uploads\/2019\/07\/IMG_7412-1536x1024.jpg 1536w, https:\/\/rheinhessenblog.de\/wp-content\/uploads\/2019\/07\/IMG_7412-2048x1366.jpg 2048w\" sizes=\"(max-width: 1024px) 100vw, 1024px\" \/><figcaption class=\"wp-element-caption\">March\u00e9 hebdomadaire sur la Liebfrauenplatz<\/figcaption><\/figure>\n\n\n\n<p>Les platanes de la Liebfrauenfrauenplatz offrent une ombre agr\u00e9able aux commer\u00e7ants du march\u00e9 hebdomadaire. Les mardis, vendredis et samedis, on trouve sur la <a rel=\"noreferrer noopener\" aria-label=\"March\u00e9 hebdomadaire de Mayence (s&#039;ouvre dans un nouvel onglet)\" href=\"https:\/\/www.mainz-tourismus.com\/entdecken-erleben\/geschichte-entdecken\/bauwerke-plaetze\/3-mal-woechentlich-der-mainzer-wochenmarkt\/\" target=\"_blank\">March\u00e9 hebdomadaire de Mayence<\/a> des produits r\u00e9gionaux frais de ros\u00e9e et de premi\u00e8re main : du pain cuit au four en pierre du Hunsr\u00fcck et du vin de la Hesse rh\u00e9nane. En fl\u00e2nant sur la Liebfrauenplatz jusqu'\u00e0 la Marktplatz et la H\u00f6fchen, chaque coin de rue d\u00e9gage une odeur diff\u00e9rente, tant\u00f4t aromatique de fruits, tant\u00f4t s\u00e9duisante d'espresso au niveau du bus ancien avec le torr\u00e9facteur de caf\u00e9, ou encore d'innombrables vari\u00e9t\u00e9s de fleurs sur les nombreux stands de plantes. Jusqu'\u00e0 120 stands proposent leurs marchandises sur les places de la cath\u00e9drale, entour\u00e9s de la longue histoire de la ville. \u00c0 proximit\u00e9, le mus\u00e9e de l'histoire de la ville <a href=\"http:\/\/www.gutenberg-museum.de\/\" target=\"_blank\" rel=\"noreferrer noopener\" aria-label=\"Mus\u00e9e Gutenberg (s&#039;ouvre dans un nouvel onglet)\">Mus\u00e9e Gutenberg<\/a> l'histoire de l'invention de l'imprimerie et, tel un rocher, la cath\u00e9drale tr\u00f4ne au milieu de l'agitation.<\/p>\n\n\n\n<figure class=\"wp-block-image\"><img decoding=\"async\" width=\"1024\" height=\"683\" src=\"https:\/\/rheinhessenblog.de\/wp-content\/uploads\/2019\/07\/IMG_7361-1024x683.jpg\" alt=\"\" class=\"wp-image-3641\" srcset=\"https:\/\/rheinhessenblog.de\/wp-content\/uploads\/2019\/07\/IMG_7361-1024x683.jpg 1024w, https:\/\/rheinhessenblog.de\/wp-content\/uploads\/2019\/07\/IMG_7361-300x200.jpg 300w, https:\/\/rheinhessenblog.de\/wp-content\/uploads\/2019\/07\/IMG_7361-768x512.jpg 768w, https:\/\/rheinhessenblog.de\/wp-content\/uploads\/2019\/07\/IMG_7361-1536x1024.jpg 1536w, https:\/\/rheinhessenblog.de\/wp-content\/uploads\/2019\/07\/IMG_7361-2048x1365.jpg 2048w\" sizes=\"(max-width: 1024px) 100vw, 1024px\" \/><figcaption class=\"wp-element-caption\">Le march\u00e9 hebdomadaire de Mayence sous le regard vigilant de saint Boniface<\/figcaption><\/figure>\n\n\n\n<h3 class=\"wp-block-heading\"><strong>Endroit pr\u00e9f\u00e9r\u00e9 2 : la cath\u00e9drale<\/strong><\/h3>\n\n\n\n<figure class=\"wp-block-image\"><img loading=\"lazy\" decoding=\"async\" width=\"683\" height=\"1024\" src=\"https:\/\/rheinhessenblog.de\/wp-content\/uploads\/2019\/07\/Dom-683x1024.jpg\" alt=\"\" class=\"wp-image-3653\" srcset=\"https:\/\/rheinhessenblog.de\/wp-content\/uploads\/2019\/07\/Dom-683x1024.jpg 683w, https:\/\/rheinhessenblog.de\/wp-content\/uploads\/2019\/07\/Dom-200x300.jpg 200w, https:\/\/rheinhessenblog.de\/wp-content\/uploads\/2019\/07\/Dom-768x1152.jpg 768w, https:\/\/rheinhessenblog.de\/wp-content\/uploads\/2019\/07\/Dom-1024x1536.jpg 1024w, https:\/\/rheinhessenblog.de\/wp-content\/uploads\/2019\/07\/Dom-1365x2048.jpg 1365w, https:\/\/rheinhessenblog.de\/wp-content\/uploads\/2019\/07\/Dom-scaled.jpg 1706w\" sizes=\"(max-width: 683px) 100vw, 683px\" \/><figcaption class=\"wp-element-caption\">La cath\u00e9drale de Mayence est l'embl\u00e8me de la capitale r\u00e9gionale<\/figcaption><\/figure>\n\n\n\n<p> Il n'y a que quelques pas \u00e0 faire pour passer du brouhaha du march\u00e9 au silence divin de la cath\u00e9drale, agr\u00e9ablement fra\u00eeche. Construite sur le mod\u00e8le de Saint-Pierre de Rome, la cath\u00e9drale a marqu\u00e9 l'histoire de la ville. <a rel=\"noreferrer noopener\" aria-label=\"la cath\u00e9drale de Mayence (s&#039;ouvre dans un nouvel onglet)\" href=\"https:\/\/www.rheinhessen.de\/mainzer-dom-2\/0\" target=\"_blank\">la cath\u00e9drale de Mayence<\/a> de tout temps le visage et l'histoire de la ville rh\u00e9nane. La cath\u00e9drale a br\u00fbl\u00e9 sept fois, six rois y ont \u00e9t\u00e9 couronn\u00e9s et 45 \u00e9v\u00eaques y ont \u00e9t\u00e9 enterr\u00e9s. La \u201emontagne de la cath\u00e9drale\u201c en gr\u00e8s rouge, qui s'est d\u00e9velopp\u00e9e au fil des si\u00e8cles, est l'embl\u00e8me de la ville. Le point d'attraction particulier est le  <a href=\"https:\/\/www.youtube.com\/watch?v=Y59s7PSc7uI\" target=\"_blank\" rel=\"noreferrer noopener\" aria-label=\"Autel de la Vierge dans la chapelle Ketteler avec la \u201ebelle Mayence\u201c (s&#039;ouvre dans un nouvel onglet)\">Autel de la Vierge dans la chapelle de la Cha\u00eene avec la \u201ebelle Mayence\u201c.\u201c<\/a>. <\/p>\n\n\n\n<figure class=\"wp-block-image\"><img loading=\"lazy\" decoding=\"async\" width=\"1024\" height=\"768\" src=\"https:\/\/rheinhessenblog.de\/wp-content\/uploads\/2019\/07\/P1010023-Kopie-1024x768.jpg\" alt=\"\" class=\"wp-image-3615\" srcset=\"https:\/\/rheinhessenblog.de\/wp-content\/uploads\/2019\/07\/P1010023-Kopie-1024x768.jpg 1024w, https:\/\/rheinhessenblog.de\/wp-content\/uploads\/2019\/07\/P1010023-Kopie-300x225.jpg 300w, https:\/\/rheinhessenblog.de\/wp-content\/uploads\/2019\/07\/P1010023-Kopie-768x576.jpg 768w, https:\/\/rheinhessenblog.de\/wp-content\/uploads\/2019\/07\/P1010023-Kopie-1536x1152.jpg 1536w, https:\/\/rheinhessenblog.de\/wp-content\/uploads\/2019\/07\/P1010023-Kopie-2048x1537.jpg 2048w\" sizes=\"(max-width: 1024px) 100vw, 1024px\" \/><figcaption class=\"wp-element-caption\">Autel de la Vierge avec la belle Mayence<\/figcaption><\/figure>\n\n\n\n<p>La cath\u00e9drale de Mayence est c\u00e9l\u00e8bre pour sa grande collection de tombes datant du 13e au 19e si\u00e8cle, que l'on peut voir partout dans l'\u00e9glise.  En g\u00e9n\u00e9ral, seuls les archev\u00eaques, les membres du chapitre de la cath\u00e9drale ou les la\u00efcs de haut rang ont eu droit \u00e0 cet honneur. La simple plaque fun\u00e9raire que nous d\u00e9couvrons dans le clo\u00eetre est d'autant plus \u00e9tonnante. Elle rappelle le m\u00e9nestrel Henri de Meissen, qui a eu l'honneur d'\u00eatre enterr\u00e9 dans le clo\u00eetre il y a 700 ans, m\u00eame s'il ne faisait pas partie du clerg\u00e9. Une exception absolue pour ce Mayen\u00e7ais entr\u00e9 dans l'histoire du minnesang sous le nom de \u201eFrauenlob\u201c, qui ne savait manifestement pas seulement chanter, mais avait \u00e9galement une influence politique. <\/p>\n\n\n\n<figure class=\"wp-block-image\"><img loading=\"lazy\" decoding=\"async\" width=\"683\" height=\"1024\" src=\"https:\/\/rheinhessenblog.de\/wp-content\/uploads\/2019\/07\/IMG_7402-2-e1564084453411-683x1024.jpg\" alt=\"\" class=\"wp-image-3618\" srcset=\"https:\/\/rheinhessenblog.de\/wp-content\/uploads\/2019\/07\/IMG_7402-2-e1564084453411-683x1024.jpg 683w, https:\/\/rheinhessenblog.de\/wp-content\/uploads\/2019\/07\/IMG_7402-2-e1564084453411-200x300.jpg 200w, https:\/\/rheinhessenblog.de\/wp-content\/uploads\/2019\/07\/IMG_7402-2-e1564084453411-768x1152.jpg 768w, https:\/\/rheinhessenblog.de\/wp-content\/uploads\/2019\/07\/IMG_7402-2-e1564084453411-1024x1536.jpg 1024w, https:\/\/rheinhessenblog.de\/wp-content\/uploads\/2019\/07\/IMG_7402-2-e1564084453411-1365x2048.jpg 1365w, https:\/\/rheinhessenblog.de\/wp-content\/uploads\/2019\/07\/IMG_7402-2-e1564084453411-scaled.jpg 1707w\" sizes=\"(max-width: 683px) 100vw, 683px\" \/><figcaption class=\"wp-element-caption\">Plaque fun\u00e9raire du m\u00e9nestrel Frauenlob dans le clo\u00eetre<\/figcaption><\/figure>\n\n\n\n<h3 class=\"wp-block-heading\"><strong>Endroit pr\u00e9f\u00e9r\u00e9 3 : Mainzstrand <\/strong><\/h3>\n\n\n\n<figure class=\"wp-block-image\"><img loading=\"lazy\" decoding=\"async\" width=\"1024\" height=\"683\" src=\"http:\/\/rheinhessenblog.de\/wp-content\/uploads\/2019\/07\/IMG_7437-2-1024x683.jpg\" alt=\"\" class=\"wp-image-3636\" srcset=\"https:\/\/rheinhessenblog.de\/wp-content\/uploads\/2019\/07\/IMG_7437-2-1024x683.jpg 1024w, https:\/\/rheinhessenblog.de\/wp-content\/uploads\/2019\/07\/IMG_7437-2-300x200.jpg 300w, https:\/\/rheinhessenblog.de\/wp-content\/uploads\/2019\/07\/IMG_7437-2-768x512.jpg 768w, https:\/\/rheinhessenblog.de\/wp-content\/uploads\/2019\/07\/IMG_7437-2-1536x1024.jpg 1536w, https:\/\/rheinhessenblog.de\/wp-content\/uploads\/2019\/07\/IMG_7437-2-2048x1365.jpg 2048w\" sizes=\"(max-width: 1024px) 100vw, 1024px\" \/><figcaption class=\"wp-element-caption\">L'entr\u00e9e de la plage de Mayence sur la rive Konrad Adenauer<\/figcaption><\/figure>\n\n\n\n<p>Juste \u00e0 c\u00f4t\u00e9 du pont, sur la rive Konrad Adenauer, s'\u00e9tend le <a href=\"https:\/\/www.rheinhessen.de\/essen-und-trinken\/a-mainzstrand-sommer-sonne-sand\" target=\"_blank\" rel=\"noreferrer noopener\" aria-label=\" (s&#039;ouvre dans un nouvel onglet)\">Plage de Mayence<\/a>, La plage de sable jaune, avec ses nombreuses chaises longues, donne une impression de vacances. L'entr\u00e9e est gratuite et les amateurs de soleil peuvent s'\u00e9tendre sur le sable chaud, se balancer dans des hamacs ou jouer au beach-volley. La baignade dans le Rhin est bien s\u00fbr interdite en raison du trafic fluvial intense, mais ceux qui ne peuvent pas s'en passer peuvent atteindre la rive par de nombreuses marches et y tremper au moins un instant leurs pieds. Plusieurs bars de plage pr\u00e9parent des cocktails color\u00e9s et, jusqu'\u00e0 fin septembre, il y a de la musique live certains apr\u00e8s-midi et soirs.<\/p>\n\n\n\n<figure class=\"wp-block-image\"><img loading=\"lazy\" decoding=\"async\" width=\"1024\" height=\"683\" src=\"http:\/\/rheinhessenblog.de\/wp-content\/uploads\/2019\/07\/IMG_7460-1024x683.jpg\" alt=\"\" class=\"wp-image-3623\" srcset=\"https:\/\/rheinhessenblog.de\/wp-content\/uploads\/2019\/07\/IMG_7460-1024x683.jpg 1024w, https:\/\/rheinhessenblog.de\/wp-content\/uploads\/2019\/07\/IMG_7460-300x200.jpg 300w, https:\/\/rheinhessenblog.de\/wp-content\/uploads\/2019\/07\/IMG_7460-768x512.jpg 768w, https:\/\/rheinhessenblog.de\/wp-content\/uploads\/2019\/07\/IMG_7460-1536x1024.jpg 1536w, https:\/\/rheinhessenblog.de\/wp-content\/uploads\/2019\/07\/IMG_7460-2048x1365.jpg 2048w\" sizes=\"(max-width: 1024px) 100vw, 1024px\" \/><figcaption class=\"wp-element-caption\">Se balancer dans un hamac est l'une des activit\u00e9s pr\u00e9f\u00e9r\u00e9es sur la plage de Mayence<\/figcaption><\/figure>\n\n\n\n<p>Lorsque le soleil brille, la promenade du Rhin entre le pont Theodor Heuss et le port d'hiver est un lieu de promenade tr\u00e8s anim\u00e9. L'universit\u00e9 de Mayence maintient la ville jeune avec ses \u00e9tudiants qui, en \u00e9t\u00e9, aiment bien d\u00e9placer leurs \u201e\u00e9tudes\u201c sur les rives du p\u00e8re Rhin. Ils s'assoient et s'allongent sur la pelouse et certains regardent vraiment un livre ou leur note de cours. <\/p>\n\n\n\n<figure class=\"wp-block-image\"><img loading=\"lazy\" decoding=\"async\" width=\"1024\" height=\"683\" src=\"http:\/\/rheinhessenblog.de\/wp-content\/uploads\/2019\/07\/IMG_7486-1024x683.jpg\" alt=\"\" class=\"wp-image-3642\" srcset=\"https:\/\/rheinhessenblog.de\/wp-content\/uploads\/2019\/07\/IMG_7486-1024x683.jpg 1024w, https:\/\/rheinhessenblog.de\/wp-content\/uploads\/2019\/07\/IMG_7486-300x200.jpg 300w, https:\/\/rheinhessenblog.de\/wp-content\/uploads\/2019\/07\/IMG_7486-768x512.jpg 768w, https:\/\/rheinhessenblog.de\/wp-content\/uploads\/2019\/07\/IMG_7486-1536x1024.jpg 1536w, https:\/\/rheinhessenblog.de\/wp-content\/uploads\/2019\/07\/IMG_7486-2048x1366.jpg 2048w\" sizes=\"(max-width: 1024px) 100vw, 1024px\" \/><figcaption class=\"wp-element-caption\">La \u201eMole\u201c est le point de rencontre des cyclistes et des joggeurs<\/figcaption><\/figure>\n\n\n\n<h3 class=\"wp-block-heading\"><strong>Coup de c\u0153ur 4 : Port d'hiver <\/strong><\/h3>\n\n\n\n<p> La \u201eMole\u201c, situ\u00e9e entre la promenade du Rhin \u00e0 la terrasse Malakoff et le port d'hiver, est un arr\u00eat et un lieu de rencontre tr\u00e8s appr\u00e9ci\u00e9 des cyclistes, des joggeurs et des scatters pour une pause avec une boisson fra\u00eeche et une vue sur le Rhin. <\/p>\n\n\n\n<figure class=\"wp-block-image\"><img loading=\"lazy\" decoding=\"async\" width=\"1024\" height=\"683\" src=\"http:\/\/rheinhessenblog.de\/wp-content\/uploads\/2019\/07\/IMG_7483-1024x683.jpg\" alt=\"\" class=\"wp-image-3644\" srcset=\"https:\/\/rheinhessenblog.de\/wp-content\/uploads\/2019\/07\/IMG_7483-1024x683.jpg 1024w, https:\/\/rheinhessenblog.de\/wp-content\/uploads\/2019\/07\/IMG_7483-300x200.jpg 300w, https:\/\/rheinhessenblog.de\/wp-content\/uploads\/2019\/07\/IMG_7483-768x512.jpg 768w, https:\/\/rheinhessenblog.de\/wp-content\/uploads\/2019\/07\/IMG_7483-1536x1024.jpg 1536w, https:\/\/rheinhessenblog.de\/wp-content\/uploads\/2019\/07\/IMG_7483-2048x1365.jpg 2048w\" sizes=\"(max-width: 1024px) 100vw, 1024px\" \/><figcaption class=\"wp-element-caption\">Le port d'hiver de Mayence<\/figcaption><\/figure>\n\n\n\n<p>Le port d'hiver est ouvert vers le nord afin d'\u00e9viter que des blocs de glace ne soient pouss\u00e9s dans le port en hiver. Mayence \u00e9tait autrefois un grand centre de transbordement pour le bois, qui \u00e9tait achemin\u00e9 par flottage d'ici jusqu'en Hollande.  <\/p>\n\n\n\n<figure class=\"wp-block-image size-large\"><img loading=\"lazy\" decoding=\"async\" width=\"1024\" height=\"683\" src=\"https:\/\/rheinhessenblog.de\/wp-content\/uploads\/2023\/03\/RHT-2019-Rheinradweg-205-Winterhafen-Mainz-1024x683.jpg\" alt=\"\" class=\"wp-image-10166\" srcset=\"https:\/\/rheinhessenblog.de\/wp-content\/uploads\/2023\/03\/RHT-2019-Rheinradweg-205-Winterhafen-Mainz-1024x683.jpg 1024w, https:\/\/rheinhessenblog.de\/wp-content\/uploads\/2023\/03\/RHT-2019-Rheinradweg-205-Winterhafen-Mainz-300x200.jpg 300w, https:\/\/rheinhessenblog.de\/wp-content\/uploads\/2023\/03\/RHT-2019-Rheinradweg-205-Winterhafen-Mainz-768x512.jpg 768w, https:\/\/rheinhessenblog.de\/wp-content\/uploads\/2023\/03\/RHT-2019-Rheinradweg-205-Winterhafen-Mainz-1536x1024.jpg 1536w, https:\/\/rheinhessenblog.de\/wp-content\/uploads\/2023\/03\/RHT-2019-Rheinradweg-205-Winterhafen-Mainz-2048x1366.jpg 2048w\" sizes=\"(max-width: 1024px) 100vw, 1024px\" \/><\/figure>\n\n\n\n<figure class=\"wp-block-image size-large\"><img loading=\"lazy\" decoding=\"async\" width=\"1024\" height=\"683\" src=\"https:\/\/rheinhessenblog.de\/wp-content\/uploads\/2023\/03\/RHT-2019-Rheinradweg-192-Winterhafen-Mainz-1024x683.jpg\" alt=\"\" class=\"wp-image-10167\" srcset=\"https:\/\/rheinhessenblog.de\/wp-content\/uploads\/2023\/03\/RHT-2019-Rheinradweg-192-Winterhafen-Mainz-1024x683.jpg 1024w, https:\/\/rheinhessenblog.de\/wp-content\/uploads\/2023\/03\/RHT-2019-Rheinradweg-192-Winterhafen-Mainz-300x200.jpg 300w, https:\/\/rheinhessenblog.de\/wp-content\/uploads\/2023\/03\/RHT-2019-Rheinradweg-192-Winterhafen-Mainz-768x512.jpg 768w, https:\/\/rheinhessenblog.de\/wp-content\/uploads\/2023\/03\/RHT-2019-Rheinradweg-192-Winterhafen-Mainz-1536x1024.jpg 1536w, https:\/\/rheinhessenblog.de\/wp-content\/uploads\/2023\/03\/RHT-2019-Rheinradweg-192-Winterhafen-Mainz-2048x1366.jpg 2048w\" sizes=\"(max-width: 1024px) 100vw, 1024px\" \/><\/figure>\n\n\n\n<p>En laissant le port de Winer derri\u00e8re soi, la promenade du Rhin m\u00e8ne au beau parc municipal, une destination pour les chercheurs d'ombre les jours de soleil. <\/p>\n\n\n\n<h3 class=\"wp-block-heading\"><strong>Coup de c\u0153ur 5 : Glace de N'eis<\/strong><\/h3>\n\n\n\n<figure class=\"wp-block-image\"><img loading=\"lazy\" decoding=\"async\" width=\"1024\" height=\"683\" src=\"https:\/\/rheinhessenblog.de\/wp-content\/uploads\/2019\/07\/IMG_7495-1024x683.jpg\" alt=\"\" class=\"wp-image-3646\" srcset=\"https:\/\/rheinhessenblog.de\/wp-content\/uploads\/2019\/07\/IMG_7495-1024x683.jpg 1024w, https:\/\/rheinhessenblog.de\/wp-content\/uploads\/2019\/07\/IMG_7495-300x200.jpg 300w, https:\/\/rheinhessenblog.de\/wp-content\/uploads\/2019\/07\/IMG_7495-768x512.jpg 768w, https:\/\/rheinhessenblog.de\/wp-content\/uploads\/2019\/07\/IMG_7495-1536x1024.jpg 1536w, https:\/\/rheinhessenblog.de\/wp-content\/uploads\/2019\/07\/IMG_7495-2048x1365.jpg 2048w\" sizes=\"(max-width: 1024px) 100vw, 1024px\" \/><figcaption class=\"wp-element-caption\">La meilleure glace se trouve au N'eis am Rhein sur la terrasse de Malakoff<\/figcaption><\/figure>\n\n\n\n<p>Sur les rives du Victor Hugo, il arrive qu'une file d'attente se forme devant l'\u00e9tablissement. <a rel=\"noreferrer noopener\" aria-label=\"\u201eN&#039;eis am Rhein\u201c (s&#039;ouvre dans un nouvel onglet)\" href=\"https:\/\/www.n-eis.de\/\" target=\"_blank\">\u201eN'eis am Rhein\u201c<\/a>, une filiale du glacier du m\u00eame nom dans la Neustadt. Tout a commenc\u00e9 il y a six ans dans un petit magasin d'angle de la Gartenfeldstra\u00dfe. Deux jeunes femmes du marketing ont r\u00e9alis\u00e9 leur r\u00eave d'ouvrir leur propre magasin. Aujourd'hui, c'est d\u00e9j\u00e0 une manufacture de glaces qui renonce aux colorants, aux ar\u00f4mes et aux conservateurs lors de la fabrication et qui produit ses glaces avec des produits aussi r\u00e9gionaux que possible. Pour cela, \u201eN'eis\u201c n'est pas seulement appr\u00e9ci\u00e9e \u00e0 Mayence, mais a \u00e9galement \u00e9t\u00e9 r\u00e9compens\u00e9e par des prix. <a rel=\"noreferrer noopener\" aria-label=\"\u00e9lue meilleure glace de la r\u00e9gion Rhin-Main (s&#039;ouvre dans un nouvel onglet)\" href=\"https:\/\/www.falstaff.de\/nd\/das-sind-deutschlands-beliebteste-eisdielen-2019\/\" target=\"_blank\">\u00e9lu glacier le plus populaire de la r\u00e9gion Rhin-Main<\/a>. Outre les parfums de glace classiques comme la framboise, la vanille et la cannelle, l'offre comprend \u00e9galement des cr\u00e9ations aussi \u00e9tranges que d\u00e9licieuses, comme la poire-persil ou la pomme-c\u00e9leri. Parmi un assortiment de plus de 100 vari\u00e9t\u00e9s, il y a chaque jour un choix diff\u00e9rent.<\/p>\n\n\n\n<figure class=\"wp-block-image\"><img loading=\"lazy\" decoding=\"async\" width=\"1024\" height=\"683\" src=\"https:\/\/rheinhessenblog.de\/wp-content\/uploads\/2019\/08\/IMG_7427-2-1024x683.jpg\" alt=\"\" class=\"wp-image-3838\" srcset=\"https:\/\/rheinhessenblog.de\/wp-content\/uploads\/2019\/08\/IMG_7427-2-1024x683.jpg 1024w, https:\/\/rheinhessenblog.de\/wp-content\/uploads\/2019\/08\/IMG_7427-2-300x200.jpg 300w, https:\/\/rheinhessenblog.de\/wp-content\/uploads\/2019\/08\/IMG_7427-2-768x512.jpg 768w, https:\/\/rheinhessenblog.de\/wp-content\/uploads\/2019\/08\/IMG_7427-2-1536x1024.jpg 1536w, https:\/\/rheinhessenblog.de\/wp-content\/uploads\/2019\/08\/IMG_7427-2-2048x1365.jpg 2048w\" sizes=\"(max-width: 1024px) 100vw, 1024px\" \/><figcaption class=\"wp-element-caption\">Vue sur le pont Theodor Heuss depuis la promenade du Rhin<\/figcaption><\/figure>\n\n\n\n<p>Pour terminer cette journ\u00e9e d'\u00e9t\u00e9, une promenade sur la promenade du Rhin nous ram\u00e8ne au pont Theodor-Heuss, point de d\u00e9part de notre tour de Mayence. Elle est d'ailleurs un secret d'initi\u00e9s, surtout pour les amoureux : nulle part ailleurs \u00e0 Mayence, on ne peut observer un plus beau coucher de soleil.<\/p>\n\n\n\n<p><br><\/p>","protected":false},"excerpt":{"rendered":"<p>Eine Stadt am Fluss \u00fcbt immer einen besonderen Reiz aus. So auch Mainz am Rhein. Mit meinem Praktikanten Elias (17) machte ich an einem Julitag die Feuerprobe: Ist Mainz ein Sommerziel? Wir fanden bei einem Rundgang durch die Altstadt und am Rheinufer f\u00fcnf Pl\u00e4tze, die absolut sommertauglich sind. Die meisten Besucher n\u00e4hern sich der Landeshauptstadt [&hellip;]<\/p>\n","protected":false},"author":13,"featured_media":3641,"comment_status":"open","ping_status":"open","sticky":false,"template":"","format":"standard","meta":{"_acf_changed":false,"footnotes":""},"categories":[320,318],"tags":[326],"class_list":["post-3606","post","type-post","status-publish","format-standard","has-post-thumbnail","hentry","category-kultur-entdecken","category-wein-kulinarik","tag-dom-kirche"],"acf":{"":null},"yoast_head":"<!-- This site is optimized with the Yoast SEO plugin v27.4 - https:\/\/yoast.com\/product\/yoast-seo-wordpress\/ -->\n<title>Mainz - f\u00fcnf Lieblingspl\u00e4tze f\u00fcr einen Sommertag - Rheinhessen-Blog<\/title>\n<meta name=\"description\" content=\"Eine Stadt am Fluss \u00fcbt immer einen besonderen Reiz aus. So auch Mainz am Rhein. Mit meinem Praktikanten Elias (17) machte ich an einem Julitag die\" \/>\n<meta name=\"robots\" content=\"index, follow, max-snippet:-1, max-image-preview:large, max-video-preview:-1\" \/>\n<link rel=\"canonical\" href=\"https:\/\/rheinhessenblog.de\/fr\/cinq-lieux-preferes-de-mainz-pour-une-journee-dete\/\" \/>\n<meta property=\"og:locale\" content=\"fr_FR\" \/>\n<meta property=\"og:type\" content=\"article\" \/>\n<meta property=\"og:title\" content=\"Mainz - f\u00fcnf Lieblingspl\u00e4tze f\u00fcr einen Sommertag - Rheinhessen-Blog\" \/>\n<meta property=\"og:description\" content=\"Eine Stadt am Fluss \u00fcbt immer einen besonderen Reiz aus. So auch Mainz am Rhein. Mit meinem Praktikanten Elias (17) machte ich an einem Julitag die\" \/>\n<meta property=\"og:url\" content=\"https:\/\/rheinhessenblog.de\/fr\/cinq-lieux-preferes-de-mainz-pour-une-journee-dete\/\" \/>\n<meta property=\"og:site_name\" content=\"Rheinhessen-Blog\" \/>\n<meta property=\"article:published_time\" content=\"2019-08-13T08:54:08+00:00\" \/>\n<meta property=\"article:modified_time\" content=\"2023-09-21T14:56:29+00:00\" \/>\n<meta property=\"og:image\" content=\"https:\/\/rheinhessenblog.de\/wp-content\/uploads\/2019\/07\/IMG_7361-scaled.jpg\" \/>\n\t<meta property=\"og:image:width\" content=\"2560\" \/>\n\t<meta property=\"og:image:height\" content=\"1707\" \/>\n\t<meta property=\"og:image:type\" content=\"image\/jpeg\" \/>\n<meta name=\"author\" content=\"Heidrun Braun\" \/>\n<meta name=\"twitter:card\" content=\"summary_large_image\" \/>\n<meta name=\"twitter:label1\" content=\"\u00c9crit par\" \/>\n\t<meta name=\"twitter:data1\" content=\"Heidrun Braun\" \/>\n\t<meta name=\"twitter:label2\" content=\"Dur\u00e9e de lecture estim\u00e9e\" \/>\n\t<meta name=\"twitter:data2\" content=\"8 minutes\" \/>\n<script type=\"application\/ld+json\" class=\"yoast-schema-graph\">{\"@context\":\"https:\\\/\\\/schema.org\",\"@graph\":[{\"@type\":\"Article\",\"@id\":\"https:\\\/\\\/rheinhessenblog.de\\\/mainz-fuenf-lieblingsplaetze-fuer-einen-sommertag\\\/#article\",\"isPartOf\":{\"@id\":\"https:\\\/\\\/rheinhessenblog.de\\\/mainz-fuenf-lieblingsplaetze-fuer-einen-sommertag\\\/\"},\"author\":{\"name\":\"Heidrun Braun\",\"@id\":\"https:\\\/\\\/rheinhessenblog.de\\\/#\\\/schema\\\/person\\\/31426c9fa145d9f76f761ca3f62cdf61\"},\"headline\":\"Mainz &#8211; f\u00fcnf Lieblingspl\u00e4tze f\u00fcr einen Sommertag\",\"datePublished\":\"2019-08-13T08:54:08+00:00\",\"dateModified\":\"2023-09-21T14:56:29+00:00\",\"mainEntityOfPage\":{\"@id\":\"https:\\\/\\\/rheinhessenblog.de\\\/mainz-fuenf-lieblingsplaetze-fuer-einen-sommertag\\\/\"},\"wordCount\":994,\"commentCount\":0,\"publisher\":{\"@id\":\"https:\\\/\\\/rheinhessenblog.de\\\/#organization\"},\"image\":{\"@id\":\"https:\\\/\\\/rheinhessenblog.de\\\/mainz-fuenf-lieblingsplaetze-fuer-einen-sommertag\\\/#primaryimage\"},\"thumbnailUrl\":\"https:\\\/\\\/rheinhessenblog.de\\\/wp-content\\\/uploads\\\/2019\\\/07\\\/IMG_7361-scaled.jpg\",\"keywords\":[\"Dom \\\/ Kirche\"],\"articleSection\":[\"Kultur entdecken\",\"Wein &amp; Kulinarik\"],\"inLanguage\":\"fr-FR\",\"potentialAction\":[{\"@type\":\"CommentAction\",\"name\":\"Comment\",\"target\":[\"https:\\\/\\\/rheinhessenblog.de\\\/mainz-fuenf-lieblingsplaetze-fuer-einen-sommertag\\\/#respond\"]}]},{\"@type\":\"WebPage\",\"@id\":\"https:\\\/\\\/rheinhessenblog.de\\\/mainz-fuenf-lieblingsplaetze-fuer-einen-sommertag\\\/\",\"url\":\"https:\\\/\\\/rheinhessenblog.de\\\/mainz-fuenf-lieblingsplaetze-fuer-einen-sommertag\\\/\",\"name\":\"Mainz - f\u00fcnf Lieblingspl\u00e4tze f\u00fcr einen Sommertag - Rheinhessen-Blog\",\"isPartOf\":{\"@id\":\"https:\\\/\\\/rheinhessenblog.de\\\/#website\"},\"primaryImageOfPage\":{\"@id\":\"https:\\\/\\\/rheinhessenblog.de\\\/mainz-fuenf-lieblingsplaetze-fuer-einen-sommertag\\\/#primaryimage\"},\"image\":{\"@id\":\"https:\\\/\\\/rheinhessenblog.de\\\/mainz-fuenf-lieblingsplaetze-fuer-einen-sommertag\\\/#primaryimage\"},\"thumbnailUrl\":\"https:\\\/\\\/rheinhessenblog.de\\\/wp-content\\\/uploads\\\/2019\\\/07\\\/IMG_7361-scaled.jpg\",\"datePublished\":\"2019-08-13T08:54:08+00:00\",\"dateModified\":\"2023-09-21T14:56:29+00:00\",\"description\":\"Eine Stadt am Fluss \u00fcbt immer einen besonderen Reiz aus. So auch Mainz am Rhein. Mit meinem Praktikanten Elias (17) machte ich an einem Julitag die\",\"breadcrumb\":{\"@id\":\"https:\\\/\\\/rheinhessenblog.de\\\/mainz-fuenf-lieblingsplaetze-fuer-einen-sommertag\\\/#breadcrumb\"},\"inLanguage\":\"fr-FR\",\"potentialAction\":[{\"@type\":\"ReadAction\",\"target\":[\"https:\\\/\\\/rheinhessenblog.de\\\/mainz-fuenf-lieblingsplaetze-fuer-einen-sommertag\\\/\"]}]},{\"@type\":\"ImageObject\",\"inLanguage\":\"fr-FR\",\"@id\":\"https:\\\/\\\/rheinhessenblog.de\\\/mainz-fuenf-lieblingsplaetze-fuer-einen-sommertag\\\/#primaryimage\",\"url\":\"https:\\\/\\\/rheinhessenblog.de\\\/wp-content\\\/uploads\\\/2019\\\/07\\\/IMG_7361-scaled.jpg\",\"contentUrl\":\"https:\\\/\\\/rheinhessenblog.de\\\/wp-content\\\/uploads\\\/2019\\\/07\\\/IMG_7361-scaled.jpg\",\"width\":2560,\"height\":1707},{\"@type\":\"BreadcrumbList\",\"@id\":\"https:\\\/\\\/rheinhessenblog.de\\\/mainz-fuenf-lieblingsplaetze-fuer-einen-sommertag\\\/#breadcrumb\",\"itemListElement\":[{\"@type\":\"ListItem\",\"position\":1,\"name\":\"Startseite\",\"item\":\"https:\\\/\\\/rheinhessenblog.de\\\/\"},{\"@type\":\"ListItem\",\"position\":2,\"name\":\"Mainz &#8211; f\u00fcnf Lieblingspl\u00e4tze f\u00fcr einen Sommertag\"}]},{\"@type\":\"WebSite\",\"@id\":\"https:\\\/\\\/rheinhessenblog.de\\\/#website\",\"url\":\"https:\\\/\\\/rheinhessenblog.de\\\/\",\"name\":\"Rheinhessen-Blog\",\"description\":\"\",\"publisher\":{\"@id\":\"https:\\\/\\\/rheinhessenblog.de\\\/#organization\"},\"potentialAction\":[{\"@type\":\"SearchAction\",\"target\":{\"@type\":\"EntryPoint\",\"urlTemplate\":\"https:\\\/\\\/rheinhessenblog.de\\\/?s={search_term_string}\"},\"query-input\":{\"@type\":\"PropertyValueSpecification\",\"valueRequired\":true,\"valueName\":\"search_term_string\"}}],\"inLanguage\":\"fr-FR\"},{\"@type\":\"Organization\",\"@id\":\"https:\\\/\\\/rheinhessenblog.de\\\/#organization\",\"name\":\"Rheinhessen-Blog\",\"url\":\"https:\\\/\\\/rheinhessenblog.de\\\/\",\"logo\":{\"@type\":\"ImageObject\",\"inLanguage\":\"fr-FR\",\"@id\":\"https:\\\/\\\/rheinhessenblog.de\\\/#\\\/schema\\\/logo\\\/image\\\/\",\"url\":\"https:\\\/\\\/rheinhessenblog.de\\\/wp-content\\\/uploads\\\/2023\\\/07\\\/Rheinhessenlogo.svg\",\"contentUrl\":\"https:\\\/\\\/rheinhessenblog.de\\\/wp-content\\\/uploads\\\/2023\\\/07\\\/Rheinhessenlogo.svg\",\"width\":85,\"height\":26,\"caption\":\"Rheinhessen-Blog\"},\"image\":{\"@id\":\"https:\\\/\\\/rheinhessenblog.de\\\/#\\\/schema\\\/logo\\\/image\\\/\"}},{\"@type\":\"Person\",\"@id\":\"https:\\\/\\\/rheinhessenblog.de\\\/#\\\/schema\\\/person\\\/31426c9fa145d9f76f761ca3f62cdf61\",\"name\":\"Heidrun Braun\",\"description\":\"Ich bin als Reisejournalistin am liebsten zu Fu\u00df per Rad und Schiff in Deutschland unterwegs und schreibe Reportagen f\u00fcr Tageszeitungen und Magazine.\",\"url\":\"https:\\\/\\\/rheinhessenblog.de\\\/fr\\\/author\\\/braun\\\/\"}]}<\/script>\n<!-- \/ Yoast SEO plugin. -->","yoast_head_json":{"title":"Mayence - cinq endroits pr\u00e9f\u00e9r\u00e9s pour une journ\u00e9e d'\u00e9t\u00e9 - Rheinhessen-Blog","description":"Une ville au bord du fleuve exerce toujours un charme particulier. C'est le cas de Mayence sur le Rhin. Avec mon stagiaire Elias (17 ans), j'ai fait la visite de la ville un jour de juillet.","robots":{"index":"index","follow":"follow","max-snippet":"max-snippet:-1","max-image-preview":"max-image-preview:large","max-video-preview":"max-video-preview:-1"},"canonical":"https:\/\/rheinhessenblog.de\/fr\/cinq-lieux-preferes-de-mainz-pour-une-journee-dete\/","og_locale":"fr_FR","og_type":"article","og_title":"Mainz - f\u00fcnf Lieblingspl\u00e4tze f\u00fcr einen Sommertag - Rheinhessen-Blog","og_description":"Eine Stadt am Fluss \u00fcbt immer einen besonderen Reiz aus. So auch Mainz am Rhein. Mit meinem Praktikanten Elias (17) machte ich an einem Julitag die","og_url":"https:\/\/rheinhessenblog.de\/fr\/cinq-lieux-preferes-de-mainz-pour-une-journee-dete\/","og_site_name":"Rheinhessen-Blog","article_published_time":"2019-08-13T08:54:08+00:00","article_modified_time":"2023-09-21T14:56:29+00:00","og_image":[{"width":2560,"height":1707,"url":"https:\/\/rheinhessenblog.de\/wp-content\/uploads\/2019\/07\/IMG_7361-scaled.jpg","type":"image\/jpeg"}],"author":"Heidrun Braun","twitter_card":"summary_large_image","twitter_misc":{"\u00c9crit par":"Heidrun Braun","Dur\u00e9e de lecture estim\u00e9e":"8 minutes"},"schema":{"@context":"https:\/\/schema.org","@graph":[{"@type":"Article","@id":"https:\/\/rheinhessenblog.de\/mainz-fuenf-lieblingsplaetze-fuer-einen-sommertag\/#article","isPartOf":{"@id":"https:\/\/rheinhessenblog.de\/mainz-fuenf-lieblingsplaetze-fuer-einen-sommertag\/"},"author":{"name":"Heidrun Braun","@id":"https:\/\/rheinhessenblog.de\/#\/schema\/person\/31426c9fa145d9f76f761ca3f62cdf61"},"headline":"Mainz &#8211; f\u00fcnf Lieblingspl\u00e4tze f\u00fcr einen Sommertag","datePublished":"2019-08-13T08:54:08+00:00","dateModified":"2023-09-21T14:56:29+00:00","mainEntityOfPage":{"@id":"https:\/\/rheinhessenblog.de\/mainz-fuenf-lieblingsplaetze-fuer-einen-sommertag\/"},"wordCount":994,"commentCount":0,"publisher":{"@id":"https:\/\/rheinhessenblog.de\/#organization"},"image":{"@id":"https:\/\/rheinhessenblog.de\/mainz-fuenf-lieblingsplaetze-fuer-einen-sommertag\/#primaryimage"},"thumbnailUrl":"https:\/\/rheinhessenblog.de\/wp-content\/uploads\/2019\/07\/IMG_7361-scaled.jpg","keywords":["Dom \/ Kirche"],"articleSection":["Kultur entdecken","Wein &amp; Kulinarik"],"inLanguage":"fr-FR","potentialAction":[{"@type":"CommentAction","name":"Comment","target":["https:\/\/rheinhessenblog.de\/mainz-fuenf-lieblingsplaetze-fuer-einen-sommertag\/#respond"]}]},{"@type":"WebPage","@id":"https:\/\/rheinhessenblog.de\/mainz-fuenf-lieblingsplaetze-fuer-einen-sommertag\/","url":"https:\/\/rheinhessenblog.de\/mainz-fuenf-lieblingsplaetze-fuer-einen-sommertag\/","name":"Mayence - cinq endroits pr\u00e9f\u00e9r\u00e9s pour une journ\u00e9e d'\u00e9t\u00e9 - Rheinhessen-Blog","isPartOf":{"@id":"https:\/\/rheinhessenblog.de\/#website"},"primaryImageOfPage":{"@id":"https:\/\/rheinhessenblog.de\/mainz-fuenf-lieblingsplaetze-fuer-einen-sommertag\/#primaryimage"},"image":{"@id":"https:\/\/rheinhessenblog.de\/mainz-fuenf-lieblingsplaetze-fuer-einen-sommertag\/#primaryimage"},"thumbnailUrl":"https:\/\/rheinhessenblog.de\/wp-content\/uploads\/2019\/07\/IMG_7361-scaled.jpg","datePublished":"2019-08-13T08:54:08+00:00","dateModified":"2023-09-21T14:56:29+00:00","description":"Une ville au bord du fleuve exerce toujours un charme particulier. C'est le cas de Mayence sur le Rhin. Avec mon stagiaire Elias (17 ans), j'ai fait la visite de la ville un jour de juillet.","breadcrumb":{"@id":"https:\/\/rheinhessenblog.de\/mainz-fuenf-lieblingsplaetze-fuer-einen-sommertag\/#breadcrumb"},"inLanguage":"fr-FR","potentialAction":[{"@type":"ReadAction","target":["https:\/\/rheinhessenblog.de\/mainz-fuenf-lieblingsplaetze-fuer-einen-sommertag\/"]}]},{"@type":"ImageObject","inLanguage":"fr-FR","@id":"https:\/\/rheinhessenblog.de\/mainz-fuenf-lieblingsplaetze-fuer-einen-sommertag\/#primaryimage","url":"https:\/\/rheinhessenblog.de\/wp-content\/uploads\/2019\/07\/IMG_7361-scaled.jpg","contentUrl":"https:\/\/rheinhessenblog.de\/wp-content\/uploads\/2019\/07\/IMG_7361-scaled.jpg","width":2560,"height":1707},{"@type":"BreadcrumbList","@id":"https:\/\/rheinhessenblog.de\/mainz-fuenf-lieblingsplaetze-fuer-einen-sommertag\/#breadcrumb","itemListElement":[{"@type":"ListItem","position":1,"name":"Startseite","item":"https:\/\/rheinhessenblog.de\/"},{"@type":"ListItem","position":2,"name":"Mainz &#8211; f\u00fcnf Lieblingspl\u00e4tze f\u00fcr einen Sommertag"}]},{"@type":"WebSite","@id":"https:\/\/rheinhessenblog.de\/#website","url":"https:\/\/rheinhessenblog.de\/","name":"Blog de la Hesse rh\u00e9nane","description":"","publisher":{"@id":"https:\/\/rheinhessenblog.de\/#organization"},"potentialAction":[{"@type":"SearchAction","target":{"@type":"EntryPoint","urlTemplate":"https:\/\/rheinhessenblog.de\/?s={search_term_string}"},"query-input":{"@type":"PropertyValueSpecification","valueRequired":true,"valueName":"search_term_string"}}],"inLanguage":"fr-FR"},{"@type":"Organization","@id":"https:\/\/rheinhessenblog.de\/#organization","name":"Blog de la Hesse rh\u00e9nane","url":"https:\/\/rheinhessenblog.de\/","logo":{"@type":"ImageObject","inLanguage":"fr-FR","@id":"https:\/\/rheinhessenblog.de\/#\/schema\/logo\/image\/","url":"https:\/\/rheinhessenblog.de\/wp-content\/uploads\/2023\/07\/Rheinhessenlogo.svg","contentUrl":"https:\/\/rheinhessenblog.de\/wp-content\/uploads\/2023\/07\/Rheinhessenlogo.svg","width":85,"height":26,"caption":"Rheinhessen-Blog"},"image":{"@id":"https:\/\/rheinhessenblog.de\/#\/schema\/logo\/image\/"}},{"@type":"Person","@id":"https:\/\/rheinhessenblog.de\/#\/schema\/person\/31426c9fa145d9f76f761ca3f62cdf61","name":"Heidrun Braun","description":"Journaliste de voyage, j'aime parcourir l'Allemagne \u00e0 pied, \u00e0 v\u00e9lo et en bateau, et \u00e9crire des reportages pour des quotidiens et des magazines.","url":"https:\/\/rheinhessenblog.de\/fr\/author\/braun\/"}]}},"_links":{"self":[{"href":"https:\/\/rheinhessenblog.de\/fr\/wp-json\/wp\/v2\/posts\/3606","targetHints":{"allow":["GET"]}}],"collection":[{"href":"https:\/\/rheinhessenblog.de\/fr\/wp-json\/wp\/v2\/posts"}],"about":[{"href":"https:\/\/rheinhessenblog.de\/fr\/wp-json\/wp\/v2\/types\/post"}],"author":[{"embeddable":true,"href":"https:\/\/rheinhessenblog.de\/fr\/wp-json\/wp\/v2\/users\/13"}],"replies":[{"embeddable":true,"href":"https:\/\/rheinhessenblog.de\/fr\/wp-json\/wp\/v2\/comments?post=3606"}],"version-history":[{"count":3,"href":"https:\/\/rheinhessenblog.de\/fr\/wp-json\/wp\/v2\/posts\/3606\/revisions"}],"predecessor-version":[{"id":12624,"href":"https:\/\/rheinhessenblog.de\/fr\/wp-json\/wp\/v2\/posts\/3606\/revisions\/12624"}],"wp:featuredmedia":[{"embeddable":true,"href":"https:\/\/rheinhessenblog.de\/fr\/wp-json\/wp\/v2\/media\/3641"}],"wp:attachment":[{"href":"https:\/\/rheinhessenblog.de\/fr\/wp-json\/wp\/v2\/media?parent=3606"}],"wp:term":[{"taxonomy":"category","embeddable":true,"href":"https:\/\/rheinhessenblog.de\/fr\/wp-json\/wp\/v2\/categories?post=3606"},{"taxonomy":"post_tag","embeddable":true,"href":"https:\/\/rheinhessenblog.de\/fr\/wp-json\/wp\/v2\/tags?post=3606"}],"curies":[{"name":"wp","href":"https:\/\/api.w.org\/{rel}","templated":true}]}}