{"id":4977,"date":"2020-08-07T13:35:28","date_gmt":"2020-08-07T11:35:28","guid":{"rendered":"http:\/\/blog.rheinhessen.de\/?p=4977"},"modified":"2023-10-30T13:00:45","modified_gmt":"2023-10-30T12:00:45","slug":"sur-la-selle-de-velo-a-travers-les-vignobles-et-les-forets-alluviales-la-piste-cyclable-rhenane-de-la-hesse","status":"publish","type":"post","link":"https:\/\/rheinhessenblog.de\/fr\/auf-dem-fahrradsattel-durch-weinberge-und-auwaelder-der-rheinhessische-rheinradweg\/","title":{"rendered":"Sur la selle du v\u00e9lo \u00e0 travers les vignobles et les for\u00eats alluviales - la piste cyclable du Rhin en Hesse rh\u00e9nane"},"content":{"rendered":"<p>Mon <a href=\"https:\/\/www.rheinhessen.de\/rheinradweg-rheinhessen\" target=\"_blank\" rel=\"noreferrer noopener\" aria-label=\"Tour sur la piste cyclable du Rhin (s&#039;ouvre dans un nouvel onglet)\">Tour sur la piste cyclable du Rhin<\/a> commence dans <a rel=\"noreferrer noopener\" aria-label=\" (s&#039;ouvre dans un nouvel onglet)\" href=\"https:\/\/www.bingen.de\/tourismus\" target=\"_blank\">Bingen<\/a>. L\u00e0 o\u00f9 j'ai l'habitude de profiter du cadre enchanteur du monument du Niederwald et des ruines du ch\u00e2teau d'Ehrenfeld du c\u00f4t\u00e9 du Rheingau avec un verre de vin, j'enfourche aujourd'hui mon v\u00e9lo. Mon tour commence avec de la cr\u00e8me solaire, suffisamment d'eau et quelques bretzels dans mes bagages. La destination est Mayence. <\/p>\n\n\n\n<figure class=\"wp-block-image size-large\"><img fetchpriority=\"high\" decoding=\"async\" width=\"1024\" height=\"683\" src=\"https:\/\/rheinhessenblog.de\/wp-content\/uploads\/2020\/06\/DSC_2055-scaled-1-1024x683.jpg\" alt=\"\" class=\"wp-image-4979\" srcset=\"https:\/\/rheinhessenblog.de\/wp-content\/uploads\/2020\/06\/DSC_2055-scaled-1-1024x683.jpg 1024w, https:\/\/rheinhessenblog.de\/wp-content\/uploads\/2020\/06\/DSC_2055-scaled-1-300x200.jpg 300w, https:\/\/rheinhessenblog.de\/wp-content\/uploads\/2020\/06\/DSC_2055-scaled-1-768x512.jpg 768w, https:\/\/rheinhessenblog.de\/wp-content\/uploads\/2020\/06\/DSC_2055-scaled-1-1536x1024.jpg 1536w, https:\/\/rheinhessenblog.de\/wp-content\/uploads\/2020\/06\/DSC_2055-scaled-1-2048x1366.jpg 2048w\" sizes=\"(max-width: 1024px) 100vw, 1024px\" \/><figcaption class=\"wp-element-caption\">Paradis de la nature : Nid de cigogne dans les prairies alluviales<\/figcaption><\/figure>\n\n\n\n<h2 class=\"wp-block-heading\">La fascination du \u201eRhin des \u00eeles\u201c<\/h2>\n\n\n\n<p>De Bingen \u00e0 Mayence - je fais presque tous les jours ce trajet en voiture en 25 minutes par l'A60. En tant qu'ancienne habitante de Mayence, la r\u00e9gion m'est en fait famili\u00e8re et pourtant je m'\u00e9tonne de cette petite idylle qui m'attend peu apr\u00e8s la sortie de la ville. <a href=\"https:\/\/rheinhessenblog.de\/fr\/rive-culturelle-de-bingen-rhin-promenade\/\" target=\"_blank\" rel=\"noreferrer noopener\" aria-label=\"Kulturufer-Promenade de Bingen (s&#039;ouvre dans un nouvel onglet)\">Promenade des rives de la culture de Bingen <\/a>attendus. Des peupliers de plusieurs m\u00e8tres de haut bordent les prairies alluviales le long de la rive du Rhin et forment, avec les \u00eeles de R\u00fcdesheimer Aue et Mariannenaue, les r\u00e9serves naturelles du <a href=\"https:\/\/de.wikipedia.org\/wiki\/Inselrhein\" target=\"_blank\" rel=\"noreferrer noopener\" aria-label=\"\u201eRhin des \u00eeles\u201c (s&#039;ouvre dans un nouvel onglet)\">\u201eRhin des \u00eeles\u201c<\/a>.  Je ralentis un peu, j'\u00e9coute le chant des oiseaux et j'ai un peu honte d'avoir laiss\u00e9 passer l'une des zones les plus riches en esp\u00e8ces d'Europe, juste devant ma porte.<\/p>\n\n\n\n<figure class=\"wp-block-image size-large\"><img decoding=\"async\" width=\"1024\" height=\"683\" src=\"https:\/\/rheinhessenblog.de\/wp-content\/uploads\/2020\/06\/DSC_2084.jpg-bearb-scaled-1-1024x683.jpg\" alt=\"\" class=\"wp-image-4980\" srcset=\"https:\/\/rheinhessenblog.de\/wp-content\/uploads\/2020\/06\/DSC_2084.jpg-bearb-scaled-1-1024x683.jpg 1024w, https:\/\/rheinhessenblog.de\/wp-content\/uploads\/2020\/06\/DSC_2084.jpg-bearb-scaled-1-300x200.jpg 300w, https:\/\/rheinhessenblog.de\/wp-content\/uploads\/2020\/06\/DSC_2084.jpg-bearb-scaled-1-768x512.jpg 768w, https:\/\/rheinhessenblog.de\/wp-content\/uploads\/2020\/06\/DSC_2084.jpg-bearb-scaled-1-1536x1024.jpg 1536w, https:\/\/rheinhessenblog.de\/wp-content\/uploads\/2020\/06\/DSC_2084.jpg-bearb-scaled-1-2048x1366.jpg 2048w\" sizes=\"(max-width: 1024px) 100vw, 1024px\" \/><figcaption class=\"wp-element-caption\">Il y a de l'activit\u00e9 sur le Rhin<\/figcaption><\/figure>\n\n\n\n<p>Je fais une pause dans une petite baie de sable juste avant Ingelheim. Des stand-up paddlers, un kite-surfeur et une multitude de bateaux de sport s'\u00e9battent sur le Rhin. La mauvaise image que le deuxi\u00e8me plus grand fleuve d'Allemagne a eue pendant des d\u00e9cennies en raison de la faible qualit\u00e9 de ses eaux appartient depuis longtemps au pass\u00e9. Pour ma part, je plonge mes pieds dans l'eau fra\u00eeche et laisse encore une fois mon regard errer sur ce magnifique paysage alluvial avant de continuer \u00e0 p\u00e9daler.<\/p>\n\n\n\n<h3 class=\"wp-block-heading\">Le temps d'un peu d'histoire<\/h3>\n\n\n\n<p><a rel=\"noreferrer noopener\" aria-label=\"Ingelheim (s&#039;ouvre dans un nouvel onglet)\" href=\"https:\/\/www.rheinhessen.de\/ingelheim-am-rhein\" target=\"_blank\">Ingelheim<\/a>, La ville de Bingen, situ\u00e9e \u00e0 mi-chemin de l'\u00e9tape, m\u00e9rite un s\u00e9jour prolong\u00e9, tout comme Bingen. Culture et histoire, personnalit\u00e9s c\u00e9l\u00e8bres et amour du vin, les deux villes voisines ont bien plus en commun que les rives du Rhin. Tout comme la c\u00e9l\u00e8bre nonne Hildegard von Bingen a marqu\u00e9 l'histoire de la ville, l'empereur Charlemagne l'a fait \u00e0 Ingelheim. Son site <a rel=\"noreferrer noopener\" aria-label=\"Palais imp\u00e9rial (s&#039;ouvre dans un nouvel onglet)\" href=\"https:\/\/www.ingelheim-erleben.de\/karl-der-grosse-und-ingelheim\" target=\"_blank\">Palais imp\u00e9rial<\/a>, Le ch\u00e2teau de Nieder-Ingelheim, dont les vestiges restaur\u00e9s sont aujourd'hui int\u00e9gr\u00e9s de mani\u00e8re pittoresque dans le quartier de Nieder-Ingelheim, est un \u201emust see\u201c de la ville du vin rouge. Mais une visite de l'\u00e9glise du ch\u00e2teau, qui se dresse majestueusement au-dessus des vignobles, vaut \u00e9galement le d\u00e9tour. Si vous souhaitez d\u00e9couvrir les curiosit\u00e9s d'Ingelheim, vous devez pr\u00e9voir un s\u00e9jour un peu plus long, car les rives du Rhin sont \u00e0 environ cinq kilom\u00e8tres du centre-ville. C'est un d\u00e9tour \u00e0 recommander, mais il faut y consacrer quelques heures. C'est pourquoi je d\u00e9cide de suivre directement la piste cyclable du Rhin. <\/p>\n\n\n\n<figure class=\"wp-block-image size-large\"><img decoding=\"async\" width=\"1024\" height=\"683\" src=\"https:\/\/rheinhessenblog.de\/wp-content\/uploads\/2020\/06\/DSC_2052-scaled-1-1024x683.jpg\" alt=\"\" class=\"wp-image-4983\" srcset=\"https:\/\/rheinhessenblog.de\/wp-content\/uploads\/2020\/06\/DSC_2052-scaled-1-1024x683.jpg 1024w, https:\/\/rheinhessenblog.de\/wp-content\/uploads\/2020\/06\/DSC_2052-scaled-1-300x200.jpg 300w, https:\/\/rheinhessenblog.de\/wp-content\/uploads\/2020\/06\/DSC_2052-scaled-1-768x512.jpg 768w, https:\/\/rheinhessenblog.de\/wp-content\/uploads\/2020\/06\/DSC_2052-scaled-1-1536x1024.jpg 1536w, https:\/\/rheinhessenblog.de\/wp-content\/uploads\/2020\/06\/DSC_2052-scaled-1-2048x1366.jpg 2048w\" sizes=\"(max-width: 1024px) 100vw, 1024px\" \/><figcaption class=\"wp-element-caption\">La promenade du Rhin \u00e0 Ingelheim - d'ici, un d\u00e9tour par la ville s'impose<\/figcaption><\/figure>\n\n\n\n<h3 class=\"wp-block-heading\">\u201eMeenz\u201c - la vie en ville<\/h3>\n\n\n\n<p>Je laisse la jet\u00e9e d'Ingelheim derri\u00e8re moi et suis la piste cyclable du Rhin en direction de <a href=\"https:\/\/www.mainz-tourismus.com\/\" target=\"_blank\" rel=\"noreferrer noopener\" aria-label=\"Mainz (s&#039;ouvre dans un nouvel onglet)\">Mayence<\/a>. Je passe devant Heidenfahrt et son authentique Biergarten et me dirige vers la capitale du Land de Rh\u00e9nanie-Palatinat en empruntant des chemins bien am\u00e9nag\u00e9s. Quelques kilom\u00e8tres avant Mayence, l'atmosph\u00e8re change d\u00e9j\u00e0. De l'idylle tranquille, on passe \u00e0 la vie tr\u00e9pidante de la ville. \u00c0 \u201eMeenz\u201c, on aime la vie. Que ce soit avec un \u201eSchoppe\u201c devant un petit bar \u00e0 vin ou en se d\u00e9tendant sur une couverture de pique-nique dans le port d'hiver, on s'y sent bien. <\/p>\n\n\n\n<p>Sur la rive Hugo Victor, je descends de mon v\u00e9lo et me r\u00e9jouis d'avoir atteint mon objectif d'\u00e9tape de la piste cyclable du Rhin. Je connais et j'aime Mayence, c'est pourquoi je pousse maintenant mon v\u00e9lo sur la Marktplatz, j'appr\u00e9cie la vue sur le magnifique <a href=\"https:\/\/www.rheinhessen.de\/mainzer-dom-2\" target=\"_blank\" rel=\"noreferrer noopener\" aria-label=\"Cath\u00e9drale (s&#039;ouvre dans un nouvel onglet)\">D\u00f4me<\/a>, Je me r\u00e9jouis de terminer la journ\u00e9e dans la vieille ville de Mayence. Demain, une nouvelle journ\u00e9e de v\u00e9lo m'attend !<\/p>\n\n\n\n<figure class=\"wp-block-image size-large\"><img loading=\"lazy\" decoding=\"async\" width=\"1024\" height=\"683\" src=\"https:\/\/rheinhessenblog.de\/wp-content\/uploads\/2020\/06\/DSC_4349-scaled-1-1024x683.jpg\" alt=\"\" class=\"wp-image-4985\" srcset=\"https:\/\/rheinhessenblog.de\/wp-content\/uploads\/2020\/06\/DSC_4349-scaled-1-1024x683.jpg 1024w, https:\/\/rheinhessenblog.de\/wp-content\/uploads\/2020\/06\/DSC_4349-scaled-1-300x200.jpg 300w, https:\/\/rheinhessenblog.de\/wp-content\/uploads\/2020\/06\/DSC_4349-scaled-1-768x512.jpg 768w, https:\/\/rheinhessenblog.de\/wp-content\/uploads\/2020\/06\/DSC_4349-scaled-1-1536x1024.jpg 1536w, https:\/\/rheinhessenblog.de\/wp-content\/uploads\/2020\/06\/DSC_4349-scaled-1-2048x1366.jpg 2048w\" sizes=\"(max-width: 1024px) 100vw, 1024px\" \/><figcaption class=\"wp-element-caption\">Sur les rives du Rhin \u00e0 Mayence, on se laisse aller \u00e0 la d\u00e9tente avant de partir faire du tourisme.<\/figcaption><\/figure>\n\n\n\n<h3 class=\"wp-block-heading\">Mainz - Worms : la deuxi\u00e8me \u00e9tape commence<\/h3>\n\n\n\n<p>Bien repos\u00e9, je remonte en selle le lendemain matin. Le deuxi\u00e8me jour de la piste cyclable du Rhin en Hesse me m\u00e8ne aujourd'hui jusqu'\u00e0 la ville des Nibelungen <a href=\"https:\/\/www.worms-erleben.de\/erleben\/index.php\" target=\"_blank\" rel=\"noreferrer noopener\" aria-label=\"Worms (s&#039;ouvre dans un nouvel onglet)\">Worms<\/a>. Avec environ 60 kilom\u00e8tres, la deuxi\u00e8me \u00e9tape est nettement plus longue, mais la vue sur les villages viticoles historiques, les vignobles c\u00e9l\u00e8bres, les anciens sentiers de la Lein et les rives tranquilles du Rhin - comme le promet mon guide cycliste - me font p\u00e9daler avec enthousiasme.&nbsp;&nbsp; <\/p>\n\n\n\n<figure class=\"wp-block-image size-large\"><img loading=\"lazy\" decoding=\"async\" width=\"683\" height=\"1024\" src=\"https:\/\/rheinhessenblog.de\/wp-content\/uploads\/2020\/06\/DSC_1635-1-scaled-1-683x1024.jpg\" alt=\"\" class=\"wp-image-4993\" srcset=\"https:\/\/rheinhessenblog.de\/wp-content\/uploads\/2020\/06\/DSC_1635-1-scaled-1-683x1024.jpg 683w, https:\/\/rheinhessenblog.de\/wp-content\/uploads\/2020\/06\/DSC_1635-1-scaled-1-200x300.jpg 200w, https:\/\/rheinhessenblog.de\/wp-content\/uploads\/2020\/06\/DSC_1635-1-scaled-1-768x1152.jpg 768w, https:\/\/rheinhessenblog.de\/wp-content\/uploads\/2020\/06\/DSC_1635-1-scaled-1-1024x1536.jpg 1024w, https:\/\/rheinhessenblog.de\/wp-content\/uploads\/2020\/06\/DSC_1635-1-scaled-1-1366x2048.jpg 1366w, https:\/\/rheinhessenblog.de\/wp-content\/uploads\/2020\/06\/DSC_1635-1-scaled-1.jpg 1707w\" sizes=\"(max-width: 683px) 100vw, 683px\" \/><figcaption class=\"wp-element-caption\">Nierstein, un lieu o\u00f9 il fait bon vivre<\/figcaption><\/figure>\n\n\n\n<p>Nackenheim et <a href=\"https:\/\/www.rheinhessen.de\/nierstein\" target=\"_blank\" rel=\"noreferrer noopener\" aria-label=\"Nierstein (s&#039;ouvre dans un nouvel onglet)\">Nierstein<\/a> sont les premiers endroits qui m'accueillent sur mon parcours avec leurs promenades sur le Rhin. Les petites ruelles pittoresques de la vieille ville, les charmantes maisons \u00e0 colombages et les fermes viticoles am\u00e9nag\u00e9es avec amour donnent \u00e0 ces deux villages viticoles un charme tout particulier. Le vin joue un r\u00f4le important dans toute la Hesse rh\u00e9nane et les vignobles sont omnipr\u00e9sents, mais sur la piste cyclable du Rhin, je ne les traverse pour la premi\u00e8re fois directement que peu apr\u00e8s Mayence. <\/p>\n\n\n\n<h3 class=\"wp-block-heading\">Un lieu pour tomber amoureux<\/h3>\n\n\n\n<p>Le vignoble qui s'\u00e9tend \u00e0 ma droite est l'un des plus importants au monde : le <a href=\"https:\/\/roter-hang.de\/\" target=\"_blank\" rel=\"noreferrer noopener\" aria-label=\"Le Rote Hang \u00e0 Nierstein. (s&#039;ouvre dans un nouvel onglet)\">Rote Hang \u00e0 Nierstein.<\/a> Le sol rouge, les vignobles verts, la vue sur le Rhin jusqu'\u00e0 l'Odenwald - c'est un endroit dont on tombe amoureux. S'il ne me restait pas encore une grande partie de mon parcours \u00e0 faire, je ferais d\u00e9j\u00e0 une pause, je fl\u00e2nerais sur la place du march\u00e9 de Nierstein avec ses maisons baroques de la noblesse et je savourerais le moment en buvant une tasse de caf\u00e9.... Mais j'ai encore beaucoup de choses \u00e0 faire !<\/p>\n\n\n\n<figure class=\"wp-block-image size-large\"><img loading=\"lazy\" decoding=\"async\" width=\"1024\" height=\"683\" src=\"https:\/\/rheinhessenblog.de\/wp-content\/uploads\/2020\/06\/DSC_4411-scaled-1-1024x683.jpg\" alt=\"\" class=\"wp-image-4986\" srcset=\"https:\/\/rheinhessenblog.de\/wp-content\/uploads\/2020\/06\/DSC_4411-scaled-1-1024x683.jpg 1024w, https:\/\/rheinhessenblog.de\/wp-content\/uploads\/2020\/06\/DSC_4411-scaled-1-300x200.jpg 300w, https:\/\/rheinhessenblog.de\/wp-content\/uploads\/2020\/06\/DSC_4411-scaled-1-768x512.jpg 768w, https:\/\/rheinhessenblog.de\/wp-content\/uploads\/2020\/06\/DSC_4411-scaled-1-1536x1024.jpg 1536w, https:\/\/rheinhessenblog.de\/wp-content\/uploads\/2020\/06\/DSC_4411-scaled-1-2048x1366.jpg 2048w\" sizes=\"(max-width: 1024px) 100vw, 1024px\" \/><figcaption class=\"wp-element-caption\">Le Rote Hang - l'un des vignobles les plus c\u00e9l\u00e8bres du monde<\/figcaption><\/figure>\n\n\n\n<p>La piste cyclable du Rhin derri\u00e8re <a href=\"https:\/\/www.rheinhessen.de\/oppenheim\" target=\"_blank\" rel=\"noreferrer noopener\" aria-label=\"Oppenheim (s&#039;ouvre dans un nouvel onglet)\">Oppenheim<\/a> avec son imposante <a href=\"https:\/\/www.rheinhessen.de\/katharinenkirche\/0\" target=\"_blank\" rel=\"noreferrer noopener\" aria-label=\"Katharinenkirche (s&#039;ouvre dans un nouvel onglet)\">\u00c9glise Sainte-Catherine<\/a> continue \u00e0 longer le Rhin - tant\u00f4t pr\u00e8s de ses rives couvertes de v\u00e9g\u00e9tation avec de petites baies de sable, tant\u00f4t un peu plus loin sur des chemins de digue bien praticables. Les vignobles ont entre-temps fait place \u00e0 de grands champs de c\u00e9r\u00e9ales et de ma\u00efs. Une fois de plus, un tout nouvel attrait paysager se r\u00e9v\u00e8le \u00e0 moi au cours de cette randonn\u00e9e cycliste vari\u00e9e.&nbsp; <\/p>\n\n\n\n<figure class=\"wp-block-image size-large\"><img loading=\"lazy\" decoding=\"async\" width=\"1024\" height=\"498\" src=\"https:\/\/rheinhessenblog.de\/wp-content\/uploads\/2020\/06\/20190701_174507-scaled-1-1024x498.jpg\" alt=\"\" class=\"wp-image-4981\" srcset=\"https:\/\/rheinhessenblog.de\/wp-content\/uploads\/2020\/06\/20190701_174507-scaled-1-1024x498.jpg 1024w, https:\/\/rheinhessenblog.de\/wp-content\/uploads\/2020\/06\/20190701_174507-scaled-1-300x146.jpg 300w, https:\/\/rheinhessenblog.de\/wp-content\/uploads\/2020\/06\/20190701_174507-scaled-1-768x373.jpg 768w, https:\/\/rheinhessenblog.de\/wp-content\/uploads\/2020\/06\/20190701_174507-scaled-1-1536x746.jpg 1536w, https:\/\/rheinhessenblog.de\/wp-content\/uploads\/2020\/06\/20190701_174507-scaled-1-2048x995.jpg 2048w\" sizes=\"(max-width: 1024px) 100vw, 1024px\" \/><figcaption class=\"wp-element-caption\">Toujours le long de la digue : champs de c\u00e9r\u00e9ales entre Oppenheim et Eich<\/figcaption><\/figure>\n\n\n\n<h3 class=\"wp-block-heading\">De la rivi\u00e8re au lac <\/h3>\n\n\n\n<p>Un prochain point culminant m'attend chez <a href=\"https:\/\/www.rheinhessen.de\/am-rhein-bei-eich\" target=\"_blank\" rel=\"noreferrer noopener\" aria-label=\"Eich (s&#039;ouvre dans un nouvel onglet)\">Ch\u00eane<\/a>. Le paysage lacustre autour du lac Altrheinsee est consid\u00e9r\u00e9 comme l'une des plus grandes roseli\u00e8res d'un seul tenant du sud-ouest de l'Allemagne et abrite de nombreuses esp\u00e8ces rares d'oiseaux et d'amphibiens. Cela vaut vraiment la peine de s'y attarder et de jeter un coup d'\u0153il aux jumelles. Je d\u00e9cide de passer ma pause \u00e0 la plage du lac Altrheinsee, car un plongeon dans l'eau est maintenant le rafra\u00eechissement parfait. <\/p>\n\n\n\n<figure class=\"wp-block-image size-large\"><img loading=\"lazy\" decoding=\"async\" width=\"1024\" height=\"683\" src=\"https:\/\/rheinhessenblog.de\/wp-content\/uploads\/2020\/06\/DSC_4420-scaled-1-1024x683.jpg\" alt=\"\" class=\"wp-image-4987\" srcset=\"https:\/\/rheinhessenblog.de\/wp-content\/uploads\/2020\/06\/DSC_4420-scaled-1-1024x683.jpg 1024w, https:\/\/rheinhessenblog.de\/wp-content\/uploads\/2020\/06\/DSC_4420-scaled-1-300x200.jpg 300w, https:\/\/rheinhessenblog.de\/wp-content\/uploads\/2020\/06\/DSC_4420-scaled-1-768x512.jpg 768w, https:\/\/rheinhessenblog.de\/wp-content\/uploads\/2020\/06\/DSC_4420-scaled-1-1536x1024.jpg 1536w, https:\/\/rheinhessenblog.de\/wp-content\/uploads\/2020\/06\/DSC_4420-scaled-1-2048x1366.jpg 2048w\" sizes=\"(max-width: 1024px) 100vw, 1024px\" \/><figcaption class=\"wp-element-caption\">L'endroit id\u00e9al pour se rafra\u00eechir - le lac Altrheinsee avec son bar de plage<\/figcaption><\/figure>\n\n\n\n<p>J'ai fait le plein d'\u00e9nergie pour les derniers kilom\u00e8tres. En passant par Hamm, Ibersheim et Rheind\u00fcrkheim, j'atteins finalement la promenade du Rhin de Worms avec le monument de Hagen et le pont des Nibelungen sur un parcours d\u00e9tendu. Contrairement \u00e0 Mayence, je connais <a href=\"https:\/\/www.worms-erleben.de\/erleben\/\" target=\"_blank\" rel=\"noreferrer noopener\" aria-label=\"Worms (s&#039;ouvre dans un nouvel onglet)\">Worms <\/a>et je suis donc curieux de savoir ce qui m'attend \u00e0 destination. Mais je remets \u00e0 demain la visite de la cath\u00e9drale imp\u00e9riale, la promenade dans la vieille ville, la visite du cimeti\u00e8re juif et du mus\u00e9e des Nibelungen, car apr\u00e8s deux jours de v\u00e9lo, je me r\u00e9jouis de passer une soir\u00e9e d\u00e9tendue avec un verre de vin de la Hesse rh\u00e9nane. Mon conseil personnel : <a href=\"https:\/\/kolbs-biergarten-worms.de\/\" target=\"_blank\" rel=\"noreferrer noopener\" aria-label=\"Kolb&#039;s Biergarten (s&#039;ouvre dans un nouvel onglet)\">Le jardin \u00e0 bi\u00e8re de Kolb<\/a> directement sur les rives du Rhin. Ma randonn\u00e9e \u00e0 v\u00e9lo ne pouvait pas mieux se terminer !<\/p>\n\n\n\n<h3 class=\"wp-block-heading\">Conseils de service<\/h3>\n\n\n\n<p>Lorsque l'on se d\u00e9place \u00e0 v\u00e9lo, on a souvent besoin d'une pompe \u00e0 air ou d'outils lorsqu'une vis est desserr\u00e9e. Les batteries des v\u00e9los \u00e9lectriques ont \u00e9galement besoin d'\u00eatre recharg\u00e9es de temps en temps. C'est pourquoi il existe des stations-service pour v\u00e9los en Hesse rh\u00e9nane ! Mais certains h\u00f4tes se sont \u00e9galement d\u00e9clar\u00e9s stations de recharge et acceptent les batteries pour les recharger. Vous trouverez toutes les informations sur les services v\u00e9lo <a href=\"https:\/\/www.rheinhessen.de\/rad-service\" target=\"_blank\" rel=\"noreferrer noopener\" aria-label=\" (s&#039;ouvre dans un nouvel onglet)\">ici<\/a>.<\/p>\n\n\n\n<figure class=\"wp-block-image size-large\"><img loading=\"lazy\" decoding=\"async\" width=\"1024\" height=\"683\" src=\"https:\/\/rheinhessenblog.de\/wp-content\/uploads\/2020\/07\/RHT-2019-Rheinradweg-008-Touristinformation-Bingen-1024x683.jpg\" alt=\"\" class=\"wp-image-5153\" srcset=\"https:\/\/rheinhessenblog.de\/wp-content\/uploads\/2020\/07\/RHT-2019-Rheinradweg-008-Touristinformation-Bingen-1024x683.jpg 1024w, https:\/\/rheinhessenblog.de\/wp-content\/uploads\/2020\/07\/RHT-2019-Rheinradweg-008-Touristinformation-Bingen-300x200.jpg 300w, https:\/\/rheinhessenblog.de\/wp-content\/uploads\/2020\/07\/RHT-2019-Rheinradweg-008-Touristinformation-Bingen-768x512.jpg 768w, https:\/\/rheinhessenblog.de\/wp-content\/uploads\/2020\/07\/RHT-2019-Rheinradweg-008-Touristinformation-Bingen-1536x1024.jpg 1536w, https:\/\/rheinhessenblog.de\/wp-content\/uploads\/2020\/07\/RHT-2019-Rheinradweg-008-Touristinformation-Bingen-2048x1366.jpg 2048w\" sizes=\"(max-width: 1024px) 100vw, 1024px\" \/><figcaption class=\"wp-element-caption\">Station de service pour v\u00e9los \u00e0 l'office de tourisme de Bingen.<\/figcaption><\/figure>","protected":false},"excerpt":{"rendered":"<p>Je suis au coin du Rhin et de la Nahe \u00e0 Bingen. Le ciel est bleu, seule une douce brise souffle. Ce sont les meilleures conditions pour ce qui m'attend les deux prochains jours : la piste cyclable du Rhin \u00e0 travers la Hesse rh\u00e9nane. 90,6 kilom\u00e8tres, r\u00e9partis en deux \u00e9tapes journali\u00e8res faciles de Bingen \u00e0 Worms et, gr\u00e2ce au terrain toujours plat, un plaisir m\u00eame pour les cyclistes moins exp\u00e9riment\u00e9s - c'est ce qui est \u00e9crit dans le prospectus. Je suis impatient ... En selle, pr\u00eat, partez !<\/p>","protected":false},"author":19,"featured_media":4983,"comment_status":"open","ping_status":"closed","sticky":false,"template":"","format":"standard","meta":{"_acf_changed":false,"footnotes":""},"categories":[316,318],"tags":[328],"class_list":["post-4977","post","type-post","status-publish","format-standard","has-post-thumbnail","hentry","category-wandern","category-wein-kulinarik","tag-sportliches"],"acf":{"":null},"yoast_head":"<!-- This site is optimized with the Yoast SEO plugin v27.4 - https:\/\/yoast.com\/product\/yoast-seo-wordpress\/ -->\n<title>Auf dem Fahrradsattel durch Weinberge und Auw\u00e4lder - der rheinhessische Rheinradweg - Rheinhessen-Blog<\/title>\n<meta name=\"description\" content=\"Ich stehe am Rhein-Nahe-Eck in Bingen. Der Himmel ist blau, nur ein sanftes L\u00fcftchen weht. Es sind beste Bedingungen f\u00fcr das, was die n\u00e4chsten zwei Tage vor mir liegt: der Rheinradweg durch Rheinhessen. 90,6 Kilometer, aufgeteilt auf zwei lockere Tagesetappen von Bingen bis Worms und dank des stets flachen Terrains auch f\u00fcr weniger ge\u00fcbte Radler ein Vergn\u00fcgen \u2013 so steht es im Prospekt geschrieben. Ich bin gespannt \u2026 Auf den Sattel, fertig, los!\" \/>\n<meta name=\"robots\" content=\"index, follow, max-snippet:-1, max-image-preview:large, max-video-preview:-1\" \/>\n<link rel=\"canonical\" href=\"https:\/\/rheinhessenblog.de\/fr\/sur-la-selle-de-velo-a-travers-les-vignobles-et-les-forets-alluviales-la-piste-cyclable-rhenane-de-la-hesse\/\" \/>\n<meta property=\"og:locale\" content=\"fr_FR\" \/>\n<meta property=\"og:type\" content=\"article\" \/>\n<meta property=\"og:title\" content=\"Auf dem Fahrradsattel durch Weinberge und Auw\u00e4lder - der rheinhessische Rheinradweg - Rheinhessen-Blog\" \/>\n<meta property=\"og:description\" content=\"Ich stehe am Rhein-Nahe-Eck in Bingen. Der Himmel ist blau, nur ein sanftes L\u00fcftchen weht. Es sind beste Bedingungen f\u00fcr das, was die n\u00e4chsten zwei Tage vor mir liegt: der Rheinradweg durch Rheinhessen. 90,6 Kilometer, aufgeteilt auf zwei lockere Tagesetappen von Bingen bis Worms und dank des stets flachen Terrains auch f\u00fcr weniger ge\u00fcbte Radler ein Vergn\u00fcgen \u2013 so steht es im Prospekt geschrieben. Ich bin gespannt \u2026 Auf den Sattel, fertig, los!\" \/>\n<meta property=\"og:url\" content=\"https:\/\/rheinhessenblog.de\/fr\/sur-la-selle-de-velo-a-travers-les-vignobles-et-les-forets-alluviales-la-piste-cyclable-rhenane-de-la-hesse\/\" \/>\n<meta property=\"og:site_name\" content=\"Rheinhessen-Blog\" \/>\n<meta property=\"article:published_time\" content=\"2020-08-07T11:35:28+00:00\" \/>\n<meta property=\"article:modified_time\" content=\"2023-10-30T12:00:45+00:00\" \/>\n<meta property=\"og:image\" content=\"https:\/\/rheinhessenblog.de\/wp-content\/uploads\/2020\/06\/DSC_2052-scaled-1.jpg\" \/>\n\t<meta property=\"og:image:width\" content=\"2560\" \/>\n\t<meta property=\"og:image:height\" content=\"1707\" \/>\n\t<meta property=\"og:image:type\" content=\"image\/jpeg\" \/>\n<meta name=\"author\" content=\"Tanja Espenschied\" \/>\n<meta name=\"twitter:card\" content=\"summary_large_image\" \/>\n<meta name=\"twitter:label1\" content=\"\u00c9crit par\" \/>\n\t<meta name=\"twitter:data1\" content=\"Tanja Espenschied\" \/>\n\t<meta name=\"twitter:label2\" content=\"Dur\u00e9e de lecture estim\u00e9e\" \/>\n\t<meta name=\"twitter:data2\" content=\"8 minutes\" \/>\n<script type=\"application\/ld+json\" class=\"yoast-schema-graph\">{\"@context\":\"https:\\\/\\\/schema.org\",\"@graph\":[{\"@type\":\"Article\",\"@id\":\"https:\\\/\\\/rheinhessenblog.de\\\/auf-dem-fahrradsattel-durch-weinberge-und-auwaelder-der-rheinhessische-rheinradweg\\\/#article\",\"isPartOf\":{\"@id\":\"https:\\\/\\\/rheinhessenblog.de\\\/auf-dem-fahrradsattel-durch-weinberge-und-auwaelder-der-rheinhessische-rheinradweg\\\/\"},\"author\":{\"name\":\"Tanja Espenschied\",\"@id\":\"https:\\\/\\\/rheinhessenblog.de\\\/#\\\/schema\\\/person\\\/105ca6be0dd7329ee6748fca3ae8e936\"},\"headline\":\"Auf dem Fahrradsattel durch Weinberge und Auw\u00e4lder &#8211; der rheinhessische Rheinradweg\",\"datePublished\":\"2020-08-07T11:35:28+00:00\",\"dateModified\":\"2023-10-30T12:00:45+00:00\",\"mainEntityOfPage\":{\"@id\":\"https:\\\/\\\/rheinhessenblog.de\\\/auf-dem-fahrradsattel-durch-weinberge-und-auwaelder-der-rheinhessische-rheinradweg\\\/\"},\"wordCount\":1162,\"commentCount\":1,\"publisher\":{\"@id\":\"https:\\\/\\\/rheinhessenblog.de\\\/#organization\"},\"image\":{\"@id\":\"https:\\\/\\\/rheinhessenblog.de\\\/auf-dem-fahrradsattel-durch-weinberge-und-auwaelder-der-rheinhessische-rheinradweg\\\/#primaryimage\"},\"thumbnailUrl\":\"https:\\\/\\\/rheinhessenblog.de\\\/wp-content\\\/uploads\\\/2020\\\/06\\\/DSC_2052-scaled-1.jpg\",\"keywords\":[\"Sportliches\"],\"articleSection\":[\"Wandern\",\"Wein &amp; Kulinarik\"],\"inLanguage\":\"fr-FR\",\"potentialAction\":[{\"@type\":\"CommentAction\",\"name\":\"Comment\",\"target\":[\"https:\\\/\\\/rheinhessenblog.de\\\/auf-dem-fahrradsattel-durch-weinberge-und-auwaelder-der-rheinhessische-rheinradweg\\\/#respond\"]}]},{\"@type\":\"WebPage\",\"@id\":\"https:\\\/\\\/rheinhessenblog.de\\\/auf-dem-fahrradsattel-durch-weinberge-und-auwaelder-der-rheinhessische-rheinradweg\\\/\",\"url\":\"https:\\\/\\\/rheinhessenblog.de\\\/auf-dem-fahrradsattel-durch-weinberge-und-auwaelder-der-rheinhessische-rheinradweg\\\/\",\"name\":\"Auf dem Fahrradsattel durch Weinberge und Auw\u00e4lder - der rheinhessische Rheinradweg - Rheinhessen-Blog\",\"isPartOf\":{\"@id\":\"https:\\\/\\\/rheinhessenblog.de\\\/#website\"},\"primaryImageOfPage\":{\"@id\":\"https:\\\/\\\/rheinhessenblog.de\\\/auf-dem-fahrradsattel-durch-weinberge-und-auwaelder-der-rheinhessische-rheinradweg\\\/#primaryimage\"},\"image\":{\"@id\":\"https:\\\/\\\/rheinhessenblog.de\\\/auf-dem-fahrradsattel-durch-weinberge-und-auwaelder-der-rheinhessische-rheinradweg\\\/#primaryimage\"},\"thumbnailUrl\":\"https:\\\/\\\/rheinhessenblog.de\\\/wp-content\\\/uploads\\\/2020\\\/06\\\/DSC_2052-scaled-1.jpg\",\"datePublished\":\"2020-08-07T11:35:28+00:00\",\"dateModified\":\"2023-10-30T12:00:45+00:00\",\"description\":\"Ich stehe am Rhein-Nahe-Eck in Bingen. Der Himmel ist blau, nur ein sanftes L\u00fcftchen weht. Es sind beste Bedingungen f\u00fcr das, was die n\u00e4chsten zwei Tage vor mir liegt: der Rheinradweg durch Rheinhessen. 90,6 Kilometer, aufgeteilt auf zwei lockere Tagesetappen von Bingen bis Worms und dank des stets flachen Terrains auch f\u00fcr weniger ge\u00fcbte Radler ein Vergn\u00fcgen \u2013 so steht es im Prospekt geschrieben. Ich bin gespannt \u2026 Auf den Sattel, fertig, los!\",\"breadcrumb\":{\"@id\":\"https:\\\/\\\/rheinhessenblog.de\\\/auf-dem-fahrradsattel-durch-weinberge-und-auwaelder-der-rheinhessische-rheinradweg\\\/#breadcrumb\"},\"inLanguage\":\"fr-FR\",\"potentialAction\":[{\"@type\":\"ReadAction\",\"target\":[\"https:\\\/\\\/rheinhessenblog.de\\\/auf-dem-fahrradsattel-durch-weinberge-und-auwaelder-der-rheinhessische-rheinradweg\\\/\"]}]},{\"@type\":\"ImageObject\",\"inLanguage\":\"fr-FR\",\"@id\":\"https:\\\/\\\/rheinhessenblog.de\\\/auf-dem-fahrradsattel-durch-weinberge-und-auwaelder-der-rheinhessische-rheinradweg\\\/#primaryimage\",\"url\":\"https:\\\/\\\/rheinhessenblog.de\\\/wp-content\\\/uploads\\\/2020\\\/06\\\/DSC_2052-scaled-1.jpg\",\"contentUrl\":\"https:\\\/\\\/rheinhessenblog.de\\\/wp-content\\\/uploads\\\/2020\\\/06\\\/DSC_2052-scaled-1.jpg\",\"width\":2560,\"height\":1707},{\"@type\":\"BreadcrumbList\",\"@id\":\"https:\\\/\\\/rheinhessenblog.de\\\/auf-dem-fahrradsattel-durch-weinberge-und-auwaelder-der-rheinhessische-rheinradweg\\\/#breadcrumb\",\"itemListElement\":[{\"@type\":\"ListItem\",\"position\":1,\"name\":\"Startseite\",\"item\":\"https:\\\/\\\/rheinhessenblog.de\\\/\"},{\"@type\":\"ListItem\",\"position\":2,\"name\":\"Auf dem Fahrradsattel durch Weinberge und Auw\u00e4lder &#8211; der rheinhessische Rheinradweg\"}]},{\"@type\":\"WebSite\",\"@id\":\"https:\\\/\\\/rheinhessenblog.de\\\/#website\",\"url\":\"https:\\\/\\\/rheinhessenblog.de\\\/\",\"name\":\"Rheinhessen-Blog\",\"description\":\"\",\"publisher\":{\"@id\":\"https:\\\/\\\/rheinhessenblog.de\\\/#organization\"},\"potentialAction\":[{\"@type\":\"SearchAction\",\"target\":{\"@type\":\"EntryPoint\",\"urlTemplate\":\"https:\\\/\\\/rheinhessenblog.de\\\/?s={search_term_string}\"},\"query-input\":{\"@type\":\"PropertyValueSpecification\",\"valueRequired\":true,\"valueName\":\"search_term_string\"}}],\"inLanguage\":\"fr-FR\"},{\"@type\":\"Organization\",\"@id\":\"https:\\\/\\\/rheinhessenblog.de\\\/#organization\",\"name\":\"Rheinhessen-Blog\",\"url\":\"https:\\\/\\\/rheinhessenblog.de\\\/\",\"logo\":{\"@type\":\"ImageObject\",\"inLanguage\":\"fr-FR\",\"@id\":\"https:\\\/\\\/rheinhessenblog.de\\\/#\\\/schema\\\/logo\\\/image\\\/\",\"url\":\"https:\\\/\\\/rheinhessenblog.de\\\/wp-content\\\/uploads\\\/2023\\\/07\\\/Rheinhessenlogo.svg\",\"contentUrl\":\"https:\\\/\\\/rheinhessenblog.de\\\/wp-content\\\/uploads\\\/2023\\\/07\\\/Rheinhessenlogo.svg\",\"width\":85,\"height\":26,\"caption\":\"Rheinhessen-Blog\"},\"image\":{\"@id\":\"https:\\\/\\\/rheinhessenblog.de\\\/#\\\/schema\\\/logo\\\/image\\\/\"}},{\"@type\":\"Person\",\"@id\":\"https:\\\/\\\/rheinhessenblog.de\\\/#\\\/schema\\\/person\\\/105ca6be0dd7329ee6748fca3ae8e936\",\"name\":\"Tanja Espenschied\",\"description\":\"Reisen ist meine Leidenschaft, Rheinhessen mein Zuhause. Viele Jahre bin ich mit Rucksack und Kamera durch die Welt gereist, immer auf der Suche nach den sch\u00f6nsten Flecken der Erde. Was ich dabei ganz \u00fcbersehen habe: Die sch\u00f6nsten Flecken liegen oft nicht auf der anderen Seite des Globus, sondern direkt vor der Haust\u00fcr. Ich ziehe also wieder los, dieses Mal auf der Suche nach den Perlen Rheinhessens.\",\"url\":\"https:\\\/\\\/rheinhessenblog.de\\\/fr\\\/author\\\/espenschied\\\/\"}]}<\/script>\n<!-- \/ Yoast SEO plugin. -->","yoast_head_json":{"title":"Sur la selle du v\u00e9lo \u00e0 travers les vignobles et les for\u00eats alluviales - la piste cyclable du Rhin en Hesse rh\u00e9nane - Rheinhessen-Blog","description":"Je suis au coin du Rhin et de la Nahe \u00e0 Bingen. Le ciel est bleu, seule une douce brise souffle. Ce sont les meilleures conditions pour ce qui m'attend les deux prochains jours : la piste cyclable du Rhin \u00e0 travers la Hesse rh\u00e9nane. 90,6 kilom\u00e8tres, r\u00e9partis en deux \u00e9tapes journali\u00e8res faciles de Bingen \u00e0 Worms et, gr\u00e2ce au terrain toujours plat, un plaisir m\u00eame pour les cyclistes moins exp\u00e9riment\u00e9s - c'est ce qui est \u00e9crit dans le prospectus. Je suis impatient ... En selle, pr\u00eat, partez !","robots":{"index":"index","follow":"follow","max-snippet":"max-snippet:-1","max-image-preview":"max-image-preview:large","max-video-preview":"max-video-preview:-1"},"canonical":"https:\/\/rheinhessenblog.de\/fr\/sur-la-selle-de-velo-a-travers-les-vignobles-et-les-forets-alluviales-la-piste-cyclable-rhenane-de-la-hesse\/","og_locale":"fr_FR","og_type":"article","og_title":"Auf dem Fahrradsattel durch Weinberge und Auw\u00e4lder - der rheinhessische Rheinradweg - Rheinhessen-Blog","og_description":"Ich stehe am Rhein-Nahe-Eck in Bingen. Der Himmel ist blau, nur ein sanftes L\u00fcftchen weht. Es sind beste Bedingungen f\u00fcr das, was die n\u00e4chsten zwei Tage vor mir liegt: der Rheinradweg durch Rheinhessen. 90,6 Kilometer, aufgeteilt auf zwei lockere Tagesetappen von Bingen bis Worms und dank des stets flachen Terrains auch f\u00fcr weniger ge\u00fcbte Radler ein Vergn\u00fcgen \u2013 so steht es im Prospekt geschrieben. Ich bin gespannt \u2026 Auf den Sattel, fertig, los!","og_url":"https:\/\/rheinhessenblog.de\/fr\/sur-la-selle-de-velo-a-travers-les-vignobles-et-les-forets-alluviales-la-piste-cyclable-rhenane-de-la-hesse\/","og_site_name":"Rheinhessen-Blog","article_published_time":"2020-08-07T11:35:28+00:00","article_modified_time":"2023-10-30T12:00:45+00:00","og_image":[{"width":2560,"height":1707,"url":"https:\/\/rheinhessenblog.de\/wp-content\/uploads\/2020\/06\/DSC_2052-scaled-1.jpg","type":"image\/jpeg"}],"author":"Tanja Espenschied","twitter_card":"summary_large_image","twitter_misc":{"\u00c9crit par":"Tanja Espenschied","Dur\u00e9e de lecture estim\u00e9e":"8 minutes"},"schema":{"@context":"https:\/\/schema.org","@graph":[{"@type":"Article","@id":"https:\/\/rheinhessenblog.de\/auf-dem-fahrradsattel-durch-weinberge-und-auwaelder-der-rheinhessische-rheinradweg\/#article","isPartOf":{"@id":"https:\/\/rheinhessenblog.de\/auf-dem-fahrradsattel-durch-weinberge-und-auwaelder-der-rheinhessische-rheinradweg\/"},"author":{"name":"Tanja Espenschied","@id":"https:\/\/rheinhessenblog.de\/#\/schema\/person\/105ca6be0dd7329ee6748fca3ae8e936"},"headline":"Auf dem Fahrradsattel durch Weinberge und Auw\u00e4lder &#8211; der rheinhessische Rheinradweg","datePublished":"2020-08-07T11:35:28+00:00","dateModified":"2023-10-30T12:00:45+00:00","mainEntityOfPage":{"@id":"https:\/\/rheinhessenblog.de\/auf-dem-fahrradsattel-durch-weinberge-und-auwaelder-der-rheinhessische-rheinradweg\/"},"wordCount":1162,"commentCount":1,"publisher":{"@id":"https:\/\/rheinhessenblog.de\/#organization"},"image":{"@id":"https:\/\/rheinhessenblog.de\/auf-dem-fahrradsattel-durch-weinberge-und-auwaelder-der-rheinhessische-rheinradweg\/#primaryimage"},"thumbnailUrl":"https:\/\/rheinhessenblog.de\/wp-content\/uploads\/2020\/06\/DSC_2052-scaled-1.jpg","keywords":["Sportliches"],"articleSection":["Wandern","Wein &amp; Kulinarik"],"inLanguage":"fr-FR","potentialAction":[{"@type":"CommentAction","name":"Comment","target":["https:\/\/rheinhessenblog.de\/auf-dem-fahrradsattel-durch-weinberge-und-auwaelder-der-rheinhessische-rheinradweg\/#respond"]}]},{"@type":"WebPage","@id":"https:\/\/rheinhessenblog.de\/auf-dem-fahrradsattel-durch-weinberge-und-auwaelder-der-rheinhessische-rheinradweg\/","url":"https:\/\/rheinhessenblog.de\/auf-dem-fahrradsattel-durch-weinberge-und-auwaelder-der-rheinhessische-rheinradweg\/","name":"Sur la selle du v\u00e9lo \u00e0 travers les vignobles et les for\u00eats alluviales - la piste cyclable du Rhin en Hesse rh\u00e9nane - Rheinhessen-Blog","isPartOf":{"@id":"https:\/\/rheinhessenblog.de\/#website"},"primaryImageOfPage":{"@id":"https:\/\/rheinhessenblog.de\/auf-dem-fahrradsattel-durch-weinberge-und-auwaelder-der-rheinhessische-rheinradweg\/#primaryimage"},"image":{"@id":"https:\/\/rheinhessenblog.de\/auf-dem-fahrradsattel-durch-weinberge-und-auwaelder-der-rheinhessische-rheinradweg\/#primaryimage"},"thumbnailUrl":"https:\/\/rheinhessenblog.de\/wp-content\/uploads\/2020\/06\/DSC_2052-scaled-1.jpg","datePublished":"2020-08-07T11:35:28+00:00","dateModified":"2023-10-30T12:00:45+00:00","description":"Je suis au coin du Rhin et de la Nahe \u00e0 Bingen. Le ciel est bleu, seule une douce brise souffle. Ce sont les meilleures conditions pour ce qui m'attend les deux prochains jours : la piste cyclable du Rhin \u00e0 travers la Hesse rh\u00e9nane. 90,6 kilom\u00e8tres, r\u00e9partis en deux \u00e9tapes journali\u00e8res faciles de Bingen \u00e0 Worms et, gr\u00e2ce au terrain toujours plat, un plaisir m\u00eame pour les cyclistes moins exp\u00e9riment\u00e9s - c'est ce qui est \u00e9crit dans le prospectus. Je suis impatient ... En selle, pr\u00eat, partez !","breadcrumb":{"@id":"https:\/\/rheinhessenblog.de\/auf-dem-fahrradsattel-durch-weinberge-und-auwaelder-der-rheinhessische-rheinradweg\/#breadcrumb"},"inLanguage":"fr-FR","potentialAction":[{"@type":"ReadAction","target":["https:\/\/rheinhessenblog.de\/auf-dem-fahrradsattel-durch-weinberge-und-auwaelder-der-rheinhessische-rheinradweg\/"]}]},{"@type":"ImageObject","inLanguage":"fr-FR","@id":"https:\/\/rheinhessenblog.de\/auf-dem-fahrradsattel-durch-weinberge-und-auwaelder-der-rheinhessische-rheinradweg\/#primaryimage","url":"https:\/\/rheinhessenblog.de\/wp-content\/uploads\/2020\/06\/DSC_2052-scaled-1.jpg","contentUrl":"https:\/\/rheinhessenblog.de\/wp-content\/uploads\/2020\/06\/DSC_2052-scaled-1.jpg","width":2560,"height":1707},{"@type":"BreadcrumbList","@id":"https:\/\/rheinhessenblog.de\/auf-dem-fahrradsattel-durch-weinberge-und-auwaelder-der-rheinhessische-rheinradweg\/#breadcrumb","itemListElement":[{"@type":"ListItem","position":1,"name":"Startseite","item":"https:\/\/rheinhessenblog.de\/"},{"@type":"ListItem","position":2,"name":"Auf dem Fahrradsattel durch Weinberge und Auw\u00e4lder &#8211; der rheinhessische Rheinradweg"}]},{"@type":"WebSite","@id":"https:\/\/rheinhessenblog.de\/#website","url":"https:\/\/rheinhessenblog.de\/","name":"Blog de la Hesse rh\u00e9nane","description":"","publisher":{"@id":"https:\/\/rheinhessenblog.de\/#organization"},"potentialAction":[{"@type":"SearchAction","target":{"@type":"EntryPoint","urlTemplate":"https:\/\/rheinhessenblog.de\/?s={search_term_string}"},"query-input":{"@type":"PropertyValueSpecification","valueRequired":true,"valueName":"search_term_string"}}],"inLanguage":"fr-FR"},{"@type":"Organization","@id":"https:\/\/rheinhessenblog.de\/#organization","name":"Blog de la Hesse rh\u00e9nane","url":"https:\/\/rheinhessenblog.de\/","logo":{"@type":"ImageObject","inLanguage":"fr-FR","@id":"https:\/\/rheinhessenblog.de\/#\/schema\/logo\/image\/","url":"https:\/\/rheinhessenblog.de\/wp-content\/uploads\/2023\/07\/Rheinhessenlogo.svg","contentUrl":"https:\/\/rheinhessenblog.de\/wp-content\/uploads\/2023\/07\/Rheinhessenlogo.svg","width":85,"height":26,"caption":"Rheinhessen-Blog"},"image":{"@id":"https:\/\/rheinhessenblog.de\/#\/schema\/logo\/image\/"}},{"@type":"Person","@id":"https:\/\/rheinhessenblog.de\/#\/schema\/person\/105ca6be0dd7329ee6748fca3ae8e936","name":"Tanja Espenschied","description":"Les voyages sont ma passion, la Hesse rh\u00e9nane ma maison. Pendant de nombreuses ann\u00e9es, j'ai parcouru le monde avec mon sac \u00e0 dos et mon appareil photo, toujours \u00e0 la recherche des plus beaux endroits de la plan\u00e8te. Ce que j'ai compl\u00e8tement oubli\u00e9 : Souvent, les plus beaux endroits ne se trouvent pas \u00e0 l'autre bout du monde, mais directement devant ma porte. Je repars donc, cette fois \u00e0 la recherche des perles de la Hesse rh\u00e9nane.","url":"https:\/\/rheinhessenblog.de\/fr\/author\/espenschied\/"}]}},"_links":{"self":[{"href":"https:\/\/rheinhessenblog.de\/fr\/wp-json\/wp\/v2\/posts\/4977","targetHints":{"allow":["GET"]}}],"collection":[{"href":"https:\/\/rheinhessenblog.de\/fr\/wp-json\/wp\/v2\/posts"}],"about":[{"href":"https:\/\/rheinhessenblog.de\/fr\/wp-json\/wp\/v2\/types\/post"}],"author":[{"embeddable":true,"href":"https:\/\/rheinhessenblog.de\/fr\/wp-json\/wp\/v2\/users\/19"}],"replies":[{"embeddable":true,"href":"https:\/\/rheinhessenblog.de\/fr\/wp-json\/wp\/v2\/comments?post=4977"}],"version-history":[{"count":4,"href":"https:\/\/rheinhessenblog.de\/fr\/wp-json\/wp\/v2\/posts\/4977\/revisions"}],"predecessor-version":[{"id":13531,"href":"https:\/\/rheinhessenblog.de\/fr\/wp-json\/wp\/v2\/posts\/4977\/revisions\/13531"}],"wp:featuredmedia":[{"embeddable":true,"href":"https:\/\/rheinhessenblog.de\/fr\/wp-json\/wp\/v2\/media\/4983"}],"wp:attachment":[{"href":"https:\/\/rheinhessenblog.de\/fr\/wp-json\/wp\/v2\/media?parent=4977"}],"wp:term":[{"taxonomy":"category","embeddable":true,"href":"https:\/\/rheinhessenblog.de\/fr\/wp-json\/wp\/v2\/categories?post=4977"},{"taxonomy":"post_tag","embeddable":true,"href":"https:\/\/rheinhessenblog.de\/fr\/wp-json\/wp\/v2\/tags?post=4977"}],"curies":[{"name":"wp","href":"https:\/\/api.w.org\/{rel}","templated":true}]}}