{"id":5257,"date":"2021-07-24T10:00:00","date_gmt":"2021-07-24T08:00:00","guid":{"rendered":"http:\/\/blog.rheinhessen.de\/?p=5257"},"modified":"2023-10-30T11:02:52","modified_gmt":"2023-10-30T10:02:52","slug":"derriere-les-coulisses-le-romantique-festival-da-capo-a-alzey","status":"publish","type":"post","link":"https:\/\/rheinhessenblog.de\/fr\/hinter-den-kulissen-das-romantische-da-capo-festival-in-alzey\/","title":{"rendered":"Dans les coulisses du festival : Le romantique festival Da Capo \u00e0 Alzey"},"content":{"rendered":"<figure class=\"wp-block-image size-large\"><img fetchpriority=\"high\" decoding=\"async\" width=\"1024\" height=\"683\" src=\"https:\/\/rheinhessenblog.de\/wp-content\/uploads\/2020\/08\/alzey-da-capo-titelbild-scaled-1-1024x683.jpg\" alt=\"\" class=\"wp-image-5258\" srcset=\"https:\/\/rheinhessenblog.de\/wp-content\/uploads\/2020\/08\/alzey-da-capo-titelbild-scaled-1-1024x683.jpg 1024w, https:\/\/rheinhessenblog.de\/wp-content\/uploads\/2020\/08\/alzey-da-capo-titelbild-scaled-1-300x200.jpg 300w, https:\/\/rheinhessenblog.de\/wp-content\/uploads\/2020\/08\/alzey-da-capo-titelbild-scaled-1-768x512.jpg 768w, https:\/\/rheinhessenblog.de\/wp-content\/uploads\/2020\/08\/alzey-da-capo-titelbild-scaled-1-1536x1024.jpg 1536w, https:\/\/rheinhessenblog.de\/wp-content\/uploads\/2020\/08\/alzey-da-capo-titelbild-scaled-1-2048x1366.jpg 2048w\" sizes=\"(max-width: 1024px) 100vw, 1024px\" \/><\/figure>\n\n\n\n<p><\/p>\n\n\n\n<p>C'est pr\u00e9cis\u00e9ment l\u00e0 que j'ai rencontr\u00e9 Anke Rebholz et Oliver Weber. L'ancienne responsable de projet de longue date et le technicien \u00e9v\u00e9nementiel exp\u00e9riment\u00e9 m'ont parl\u00e9 de l'ambiance romantique de la cour du ch\u00e2teau et des nombreuses particularit\u00e9s du festival de la Hesse rh\u00e9nane.<\/p>\n\n\n\n<h2 class=\"wp-block-heading\"><strong>Culture et joie de vivre au ch\u00e2teau<\/strong><\/h2>\n\n\n\n<p>Le chemin vers le ch\u00e2teau d'Alzey me m\u00e8ne \u00e0 la ruelle du ch\u00e2teau en passant par le Rossmarkt tr\u00e8s anim\u00e9 et par une ancienne porte de la ville. Je contemple le magnifique b\u00e2timent qui, \u00e0 son tour, a connu une histoire mouvement\u00e9e de r\u00e9sidence, de guerre, de destruction et de reconstruction. Je p\u00e9n\u00e8tre dans les murs par une porte \u00e9troite et me retrouve quelques pas plus tard sur l'espace vert accueillant de la cour int\u00e9rieure. C'est ici que j'ai rendez-vous avec Anke Rebholz et Oliver Weber. Elle a dirig\u00e9 pendant de nombreuses ann\u00e9es le d\u00e9partement des services aux citoyens de la municipalit\u00e9 d'Alzey, lui est technicien en \u00e9v\u00e9nementiel. Tous deux sont li\u00e9s par la passion d'un projet commun : le <a rel=\"noreferrer noopener\" aria-label=\"Da Capo Festival (s&#039;ouvre dans un nouvel onglet)\" href=\"https:\/\/www.dacapo-alzey.de\" target=\"_blank\">Festival Da Capo<\/a>.<\/p>\n\n\n\n<figure class=\"wp-block-image size-large\"><img decoding=\"async\" width=\"1024\" height=\"683\" src=\"https:\/\/rheinhessenblog.de\/wp-content\/uploads\/2019\/10\/bier-brauer-fuehrung-alzey-rossmarkt-1024x683.jpg\" alt=\"\" class=\"wp-image-4216\" srcset=\"https:\/\/rheinhessenblog.de\/wp-content\/uploads\/2019\/10\/bier-brauer-fuehrung-alzey-rossmarkt-1024x683.jpg 1024w, https:\/\/rheinhessenblog.de\/wp-content\/uploads\/2019\/10\/bier-brauer-fuehrung-alzey-rossmarkt-300x200.jpg 300w, https:\/\/rheinhessenblog.de\/wp-content\/uploads\/2019\/10\/bier-brauer-fuehrung-alzey-rossmarkt-768x512.jpg 768w, https:\/\/rheinhessenblog.de\/wp-content\/uploads\/2019\/10\/bier-brauer-fuehrung-alzey-rossmarkt-1536x1024.jpg 1536w, https:\/\/rheinhessenblog.de\/wp-content\/uploads\/2019\/10\/bier-brauer-fuehrung-alzey-rossmarkt-2048x1365.jpg 2048w\" sizes=\"(max-width: 1024px) 100vw, 1024px\" \/><\/figure>\n\n\n\n<p><\/p>\n\n\n\n<p>Chaque \u00e9t\u00e9, depuis plus de 20 ans, le ch\u00e2teau ouvre ses portes aux artistes et aux visiteurs. Et pendant presque aussi longtemps, les deux hommes ont fait partie int\u00e9grante de l'\u00e9quipe charg\u00e9e de l'organisation des manifestations. \u201eNous faisons partie de la vieille \u00e9cole\u201c, sourit Oliver Weber. \u201eEt on s'est vraiment amus\u00e9 d\u00e8s le premier jour\u201c, ajoute Anke Rebholz. Da Capo est une pure joie de vivre et \u201ele point fort culturel absolu du calendrier des manifestations de la ville d'Alzey\u201c. En plein air, le public profite d'un programme culturel vari\u00e9 de quatre jours ainsi que d'un d\u00e9licieux service de restauration accompagn\u00e9 de vin de la Hesse rh\u00e9nane. \u201eCe package complet de merveilles est particuli\u00e8rement g\u00e9nial\u201c, s'enthousiasme l'ancienne responsable du projet.<\/p>\n\n\n\n<figure class=\"wp-block-image size-large\"><img decoding=\"async\" width=\"1024\" height=\"683\" src=\"https:\/\/rheinhessenblog.de\/wp-content\/uploads\/2021\/07\/alzey-da-capo-anke-rebholz-oliver-weber-scaled-1-1024x683.jpg\" alt=\"\" class=\"wp-image-6907\" srcset=\"https:\/\/rheinhessenblog.de\/wp-content\/uploads\/2021\/07\/alzey-da-capo-anke-rebholz-oliver-weber-scaled-1-1024x683.jpg 1024w, https:\/\/rheinhessenblog.de\/wp-content\/uploads\/2021\/07\/alzey-da-capo-anke-rebholz-oliver-weber-scaled-1-300x200.jpg 300w, https:\/\/rheinhessenblog.de\/wp-content\/uploads\/2021\/07\/alzey-da-capo-anke-rebholz-oliver-weber-scaled-1-768x512.jpg 768w, https:\/\/rheinhessenblog.de\/wp-content\/uploads\/2021\/07\/alzey-da-capo-anke-rebholz-oliver-weber-scaled-1-1536x1024.jpg 1536w, https:\/\/rheinhessenblog.de\/wp-content\/uploads\/2021\/07\/alzey-da-capo-anke-rebholz-oliver-weber-scaled-1-2048x1366.jpg 2048w\" sizes=\"(max-width: 1024px) 100vw, 1024px\" \/><\/figure>\n\n\n\n<h3 class=\"wp-block-heading\"><strong>Grandes stars et grands sentiments<\/strong><\/h3>\n\n\n\n<p>Depuis de nombreuses ann\u00e9es, le festival Da Capo suit le m\u00eame sch\u00e9ma afin de proposer des spectacles attrayants au plus grand nombre. <a rel=\"noreferrer noopener\" aria-label=\"Points du programme (s&#039;ouvre dans un nouvel onglet)\" href=\"https:\/\/www.dacapo-alzey.de\/de\/programm\/\" target=\"_blank\">Points du programme<\/a> \u00e0 proposer. Le jeudi commence par de la com\u00e9die, le vendredi et le samedi par du rock ou de la pop et le dimanche par de la musique classique traditionnelle. \u201eIl s'est av\u00e9r\u00e9 que cet \u00e9ventail de musique est tr\u00e8s appr\u00e9ci\u00e9\u201c, explique Anke Rebholz. Les citoyens de la ville donnent r\u00e9guli\u00e8rement des impulsions, tout comme les demandes incr\u00e9dules lorsque des stars mondiales s'annoncent. \u201eNous veillons \u00e0 ce que nos invit\u00e9s soient satisfaits du programme et nous nous r\u00e9jouissons quand l'un ou l'autre \u00e9l\u00e9ment nous pla\u00eet particuli\u00e8rement\u201c.\u201c<\/p>\n\n\n\n<figure class=\"wp-block-image size-large\"><img loading=\"lazy\" decoding=\"async\" width=\"1024\" height=\"683\" src=\"https:\/\/rheinhessenblog.de\/wp-content\/uploads\/2021\/07\/alzey-da-capo-buehne-scaled-1-1024x683.jpg\" alt=\"\" class=\"wp-image-6908\" srcset=\"https:\/\/rheinhessenblog.de\/wp-content\/uploads\/2021\/07\/alzey-da-capo-buehne-scaled-1-1024x683.jpg 1024w, https:\/\/rheinhessenblog.de\/wp-content\/uploads\/2021\/07\/alzey-da-capo-buehne-scaled-1-300x200.jpg 300w, https:\/\/rheinhessenblog.de\/wp-content\/uploads\/2021\/07\/alzey-da-capo-buehne-scaled-1-768x512.jpg 768w, https:\/\/rheinhessenblog.de\/wp-content\/uploads\/2021\/07\/alzey-da-capo-buehne-scaled-1-1536x1024.jpg 1536w, https:\/\/rheinhessenblog.de\/wp-content\/uploads\/2021\/07\/alzey-da-capo-buehne-scaled-1-2048x1366.jpg 2048w\" sizes=\"(max-width: 1024px) 100vw, 1024px\" \/><figcaption class=\"wp-element-caption\">Sc\u00e8ne Da Capo Alzey<\/figcaption><\/figure>\n\n\n\n<p><\/p>\n\n\n\n<p>Je demande ce que c'est et Oliver Weber constate qu'il est \u201etr\u00e8s flexible de par sa profession\u201c. Tant que la musique a de l'air pour respirer et n'est pas trop \u00e9lectronique, il peut s'accommoder de tout. Les go\u00fbts musicaux d'Anke Rebholz sont d\u00e9j\u00e0 plus concrets avec le rock et la pop. Dans le cadre du festival Da Capo, elle s'enthousiasme en outre express\u00e9ment pour les concerts de musique classique : \u201eCette pr\u00e9cision et en m\u00eame temps l'\u00e9motion - tout cela est parfaitement mis en valeur dans cette ambiance. Et c'est ce que j'appr\u00e9cie particuli\u00e8rement\u201c !\u201c<\/p>\n\n\n\n<p><\/p>\n\n\n\n<figure class=\"wp-block-image size-large is-resized\"><img loading=\"lazy\" decoding=\"async\" width=\"1024\" height=\"576\" src=\"https:\/\/rheinhessenblog.de\/wp-content\/uploads\/2021\/07\/alzey-da-capo-publikum-1024x576.jpg\" alt=\"\" class=\"wp-image-6909\" style=\"width:742px;height:417px\" srcset=\"https:\/\/rheinhessenblog.de\/wp-content\/uploads\/2021\/07\/alzey-da-capo-publikum-1024x576.jpg 1024w, https:\/\/rheinhessenblog.de\/wp-content\/uploads\/2021\/07\/alzey-da-capo-publikum-300x169.jpg 300w, https:\/\/rheinhessenblog.de\/wp-content\/uploads\/2021\/07\/alzey-da-capo-publikum-768x432.jpg 768w, https:\/\/rheinhessenblog.de\/wp-content\/uploads\/2021\/07\/alzey-da-capo-publikum-1536x865.jpg 1536w, https:\/\/rheinhessenblog.de\/wp-content\/uploads\/2021\/07\/alzey-da-capo-publikum-2048x1153.jpg 2048w\" sizes=\"(max-width: 1024px) 100vw, 1024px\" \/><\/figure>\n\n\n\n<h3 class=\"wp-block-heading\"><strong>Entre le tribunal d'instance et le pensionnat de jeunes filles<\/strong><\/h3>\n\n\n\n<p>A propos d'ambiance... Lorsque je leur demande ce qui rend le festival Da Capo si particulier par rapport \u00e0 d'autres festivals en plein air, elles sont toutes deux imm\u00e9diatement d'accord : le cadre. \u201eNous sommes ici dans une magnifique cour de ch\u00e2teau romantique\u201c, dit Anke Rebholz, \u201eet en plus dans le domaine de souverainet\u00e9 du tribunal d'instance de la ville d'Alzey\u201c. C'est vraiment tr\u00e8s particulier. En effet, le ch\u00e2teau d'Alzey abrite \u00e0 la fois le tribunal d'un c\u00f4t\u00e9 et un internat de jeunes filles de l'autre. \u201eNos artistes trouvent \u00e9galement cette situation passionnante et l'int\u00e8grent parfois dans leur spectacle\u201c.\u201c<\/p>\n\n\n\n<figure class=\"wp-block-image size-large\"><img loading=\"lazy\" decoding=\"async\" width=\"1024\" height=\"683\" src=\"https:\/\/rheinhessenblog.de\/wp-content\/uploads\/2021\/07\/alzey-da-capo-internat-scaled-1-1024x683.jpg\" alt=\"\" class=\"wp-image-6910\" srcset=\"https:\/\/rheinhessenblog.de\/wp-content\/uploads\/2021\/07\/alzey-da-capo-internat-scaled-1-1024x683.jpg 1024w, https:\/\/rheinhessenblog.de\/wp-content\/uploads\/2021\/07\/alzey-da-capo-internat-scaled-1-300x200.jpg 300w, https:\/\/rheinhessenblog.de\/wp-content\/uploads\/2021\/07\/alzey-da-capo-internat-scaled-1-768x512.jpg 768w, https:\/\/rheinhessenblog.de\/wp-content\/uploads\/2021\/07\/alzey-da-capo-internat-scaled-1-1536x1024.jpg 1536w, https:\/\/rheinhessenblog.de\/wp-content\/uploads\/2021\/07\/alzey-da-capo-internat-scaled-1-2048x1366.jpg 2048w\" sizes=\"(max-width: 1024px) 100vw, 1024px\" \/><\/figure>\n\n\n\n<p><\/p>\n\n\n\n<p>Pour Oliver Weber, cette ambiance est \u00e9galement unique, m\u00eame si le ch\u00e2teau lui pose de nombreux d\u00e9fis logistiques. En raison de l'\u00e9troitesse des voies d'acc\u00e8s aux murs historiques, l'\u00e9quipement n\u00e9cessaire pour la technique sc\u00e9nique, l'\u00e9clairage et la sonorisation ne peut \u00eatre transport\u00e9 qu'en petites quantit\u00e9s. De plus, l'acoustique est diff\u00e9rente de celle des autres festivals en plein air. \u201eEt o\u00f9 trouve-t-on une sc\u00e8ne devant laquelle se trouve un arbre au milieu ?\u201c, s'amuse le technicien \u00e9v\u00e9nementiel. Mais gr\u00e2ce \u00e0 la longue exp\u00e9rience de l'\u00e9quipe Da Capo, tous ces d\u00e9fis peuvent \u00eatre surmont\u00e9s de mani\u00e8re routini\u00e8re.<\/p>\n\n\n\n<p><\/p>\n\n\n\n<figure class=\"wp-block-image size-large\"><img loading=\"lazy\" decoding=\"async\" width=\"1024\" height=\"683\" src=\"https:\/\/rheinhessenblog.de\/wp-content\/uploads\/2021\/07\/alzey-da-capo-oliver-weber-scaled-1-1024x683.jpg\" alt=\"\" class=\"wp-image-6911\" srcset=\"https:\/\/rheinhessenblog.de\/wp-content\/uploads\/2021\/07\/alzey-da-capo-oliver-weber-scaled-1-1024x683.jpg 1024w, https:\/\/rheinhessenblog.de\/wp-content\/uploads\/2021\/07\/alzey-da-capo-oliver-weber-scaled-1-300x200.jpg 300w, https:\/\/rheinhessenblog.de\/wp-content\/uploads\/2021\/07\/alzey-da-capo-oliver-weber-scaled-1-768x512.jpg 768w, https:\/\/rheinhessenblog.de\/wp-content\/uploads\/2021\/07\/alzey-da-capo-oliver-weber-scaled-1-1536x1024.jpg 1536w, https:\/\/rheinhessenblog.de\/wp-content\/uploads\/2021\/07\/alzey-da-capo-oliver-weber-scaled-1-2048x1366.jpg 2048w\" sizes=\"(max-width: 1024px) 100vw, 1024px\" \/><\/figure>\n\n\n\n<h3 class=\"wp-block-heading\"><strong>Petit et raffin\u00e9 - et en direct<\/strong><\/h3>\n\n\n\n<p>Alors que nous parlons de l'\u00e9quipe en question, tous deux soulignent l'atmosph\u00e8re personnelle de l'\u00e9v\u00e9nement. \u201eDa Capo est petit et raffin\u00e9\u201c, dit Anke Rebholz, et Oliver Weber abonde dans son sens : \u201eC'est un petit festival mignon\u201c. Cela commence par l'organisation en coulisses, se poursuit par l'encadrement des artistes et se termine par la proximit\u00e9 imm\u00e9diate entre le public et la star. \u201eC'est tout simplement agr\u00e9able de revenir ici chaque ann\u00e9e. C'est cette communaut\u00e9 qui fait le festival\u201c, r\u00e9sume le directeur technique et Anke Rebholz acquiesce avec empressement : \u201eLes artistes aussi se plaisent vraiment ici, justement parce que tout est si familial\u201c.\u201c<\/p>\n\n\n\n<p><\/p>\n\n\n\n<figure class=\"wp-block-image size-large\"><img loading=\"lazy\" decoding=\"async\" width=\"1024\" height=\"576\" src=\"https:\/\/rheinhessenblog.de\/wp-content\/uploads\/2021\/07\/alzey-da-capo-publikum-1024x576.jpg\" alt=\"\" class=\"wp-image-6909\" srcset=\"https:\/\/rheinhessenblog.de\/wp-content\/uploads\/2021\/07\/alzey-da-capo-publikum-1024x576.jpg 1024w, https:\/\/rheinhessenblog.de\/wp-content\/uploads\/2021\/07\/alzey-da-capo-publikum-300x169.jpg 300w, https:\/\/rheinhessenblog.de\/wp-content\/uploads\/2021\/07\/alzey-da-capo-publikum-768x432.jpg 768w, https:\/\/rheinhessenblog.de\/wp-content\/uploads\/2021\/07\/alzey-da-capo-publikum-1536x865.jpg 1536w, https:\/\/rheinhessenblog.de\/wp-content\/uploads\/2021\/07\/alzey-da-capo-publikum-2048x1153.jpg 2048w\" sizes=\"(max-width: 1024px) 100vw, 1024px\" \/><\/figure>\n\n\n\n<p><\/p>\n\n\n\n<p>Quand Anke Rebholz passe en revue les ann\u00e9es pass\u00e9es, ce sont toujours des moments isol\u00e9s, des rencontres et des discussions avec eux qui restent particuli\u00e8rement en m\u00e9moire. Elle se souvient ainsi de l'amusant Samu Haber de Sunrise Avenue ou de B\u00fclent Ceylan, totalement d\u00e9contract\u00e9. Et de la magnifique prestation de la violoniste Tamaki Kawakubo : \u201eIl y avait un silence absolu et un jeu magnifique. Et puis une fille de l'internat a fait tomber un volet roulant avec d\u00e9lectation\u201c. Bien que l'artiste ait r\u00e9agi de mani\u00e8re absolument professionnelle, le public n'a pas pu s'emp\u00eacher de rire. \u201eEh bien, c'est du live ...\u201c. Entre-temps, le festival Da Capo a d'ailleurs toujours lieu l'avant-dernier week-end des vacances d'\u00e9t\u00e9 en Rh\u00e9nanie-Palatinat. Pas besoin de forcer le destin !<\/p>\n\n\n\n<p><\/p>\n\n\n\n<figure class=\"wp-block-image aligncenter size-large\"><img loading=\"lazy\" decoding=\"async\" width=\"683\" height=\"1024\" src=\"https:\/\/rheinhessenblog.de\/wp-content\/uploads\/2021\/07\/alzey-da-capo-anke-rebholz-scaled-1-683x1024.jpg\" alt=\"\" class=\"wp-image-6913\" srcset=\"https:\/\/rheinhessenblog.de\/wp-content\/uploads\/2021\/07\/alzey-da-capo-anke-rebholz-scaled-1-683x1024.jpg 683w, https:\/\/rheinhessenblog.de\/wp-content\/uploads\/2021\/07\/alzey-da-capo-anke-rebholz-scaled-1-200x300.jpg 200w, https:\/\/rheinhessenblog.de\/wp-content\/uploads\/2021\/07\/alzey-da-capo-anke-rebholz-scaled-1-768x1152.jpg 768w, https:\/\/rheinhessenblog.de\/wp-content\/uploads\/2021\/07\/alzey-da-capo-anke-rebholz-scaled-1-1024x1536.jpg 1024w, https:\/\/rheinhessenblog.de\/wp-content\/uploads\/2021\/07\/alzey-da-capo-anke-rebholz-scaled-1-1366x2048.jpg 1366w, https:\/\/rheinhessenblog.de\/wp-content\/uploads\/2021\/07\/alzey-da-capo-anke-rebholz-scaled-1.jpg 1707w\" sizes=\"(max-width: 683px) 100vw, 683px\" \/><\/figure>\n\n\n\n<h3 class=\"wp-block-heading\"><strong>Votre visite au festival Da Capo \u00e0 Alzey<\/strong><\/h3>\n\n\n\n<p>Les r\u00e9cits passionnants d'Anke Rebholz et d'Oliver Weber vous ont donn\u00e9 envie d'\u00e9couter de la com\u00e9die ou de la musique dans l'atmosph\u00e8re romantique de la cour du ch\u00e2teau ? C'est parfait ! N'h\u00e9sitez pas \u00e0 parcourir l'actuel <a rel=\"noreferrer noopener\" aria-label=\"Programme (s&#039;ouvre dans un nouvel onglet)\" href=\"https:\/\/www.dacapo-alzey.de\/de\/programm\/\" target=\"_blank\">Programme <\/a>et assurez-vous d'avoir le bon <a rel=\"noreferrer noopener\" aria-label=\"Billet (s&#039;ouvre dans un nouvel onglet)\" href=\"https:\/\/www.dacapo-alzey.de\/de\/tickets\/\" target=\"_blank\">Billet<\/a>.<\/p>","protected":false},"excerpt":{"rendered":"<p>Depuis plus de 20 ans, le festival Da Capo Open-Air est le point fort culturel de la ville d'Alzey. Chaque \u00e9t\u00e9, un programme vari\u00e9 avec des artistes de haut niveau dans les domaines de la musique et de la com\u00e9die attire de nombreux visiteurs dans les murs v\u00e9n\u00e9rables du ch\u00e2teau d'Alzey. <\/p>","protected":false},"author":26,"featured_media":6912,"comment_status":"open","ping_status":"closed","sticky":false,"template":"","format":"standard","meta":{"_acf_changed":false,"footnotes":""},"categories":[320],"tags":[327],"class_list":["post-5257","post","type-post","status-publish","format-standard","has-post-thumbnail","hentry","category-kultur-entdecken","tag-festivals-events"],"acf":{"":null},"yoast_head":"<!-- This site is optimized with the Yoast SEO plugin v27.4 - https:\/\/yoast.com\/product\/yoast-seo-wordpress\/ -->\n<title>Hinter den Kulissen: Das romantische Da Capo Festival in Alzey - Rheinhessen-Blog<\/title>\n<meta name=\"description\" content=\"Das Da Capo Open-Air-Festival ist seit \u00fcber 20 Jahren kulturelles Highlight der Stadt Alzey. Jeden Sommer lockt ein abwechslungsreiches Programm mit hochkar\u00e4tigen K\u00fcnstlern aus den Bereichen Musik und Comedy zahlreiche Besucher in die alt-ehrw\u00fcrdigen Mauern des Alzeyer Schlosses.\" \/>\n<meta name=\"robots\" content=\"index, follow, max-snippet:-1, max-image-preview:large, max-video-preview:-1\" \/>\n<link rel=\"canonical\" href=\"https:\/\/rheinhessenblog.de\/fr\/derriere-les-coulisses-le-romantique-festival-da-capo-a-alzey\/\" \/>\n<meta property=\"og:locale\" content=\"fr_FR\" \/>\n<meta property=\"og:type\" content=\"article\" \/>\n<meta property=\"og:title\" content=\"Hinter den Kulissen: Das romantische Da Capo Festival in Alzey - Rheinhessen-Blog\" \/>\n<meta property=\"og:description\" content=\"Das Da Capo Open-Air-Festival ist seit \u00fcber 20 Jahren kulturelles Highlight der Stadt Alzey. Jeden Sommer lockt ein abwechslungsreiches Programm mit hochkar\u00e4tigen K\u00fcnstlern aus den Bereichen Musik und Comedy zahlreiche Besucher in die alt-ehrw\u00fcrdigen Mauern des Alzeyer Schlosses.\" \/>\n<meta property=\"og:url\" content=\"https:\/\/rheinhessenblog.de\/fr\/derriere-les-coulisses-le-romantique-festival-da-capo-a-alzey\/\" \/>\n<meta property=\"og:site_name\" content=\"Rheinhessen-Blog\" \/>\n<meta property=\"article:published_time\" content=\"2021-07-24T08:00:00+00:00\" \/>\n<meta property=\"article:modified_time\" content=\"2023-10-30T10:02:52+00:00\" \/>\n<meta property=\"og:image\" content=\"https:\/\/rheinhessenblog.de\/wp-content\/uploads\/2021\/07\/alzey-da-capo-publikum-1-scaled-1.jpg\" \/>\n\t<meta property=\"og:image:width\" content=\"2560\" \/>\n\t<meta property=\"og:image:height\" content=\"1707\" \/>\n\t<meta property=\"og:image:type\" content=\"image\/jpeg\" \/>\n<meta name=\"author\" content=\"Natalie Teschauer\" \/>\n<meta name=\"twitter:card\" content=\"summary_large_image\" \/>\n<meta name=\"twitter:label1\" content=\"\u00c9crit par\" \/>\n\t<meta name=\"twitter:data1\" content=\"Natalie Teschauer\" \/>\n\t<meta name=\"twitter:label2\" content=\"Dur\u00e9e de lecture estim\u00e9e\" \/>\n\t<meta name=\"twitter:data2\" content=\"7 minutes\" \/>\n<script type=\"application\/ld+json\" class=\"yoast-schema-graph\">{\"@context\":\"https:\\\/\\\/schema.org\",\"@graph\":[{\"@type\":\"Article\",\"@id\":\"https:\\\/\\\/rheinhessenblog.de\\\/hinter-den-kulissen-das-romantische-da-capo-festival-in-alzey\\\/#article\",\"isPartOf\":{\"@id\":\"https:\\\/\\\/rheinhessenblog.de\\\/hinter-den-kulissen-das-romantische-da-capo-festival-in-alzey\\\/\"},\"author\":{\"name\":\"Natalie Teschauer\",\"@id\":\"https:\\\/\\\/rheinhessenblog.de\\\/#\\\/schema\\\/person\\\/1be824f14844c580508225f586044717\"},\"headline\":\"Hinter den Kulissen: Das romantische Da Capo Festival in Alzey\",\"datePublished\":\"2021-07-24T08:00:00+00:00\",\"dateModified\":\"2023-10-30T10:02:52+00:00\",\"mainEntityOfPage\":{\"@id\":\"https:\\\/\\\/rheinhessenblog.de\\\/hinter-den-kulissen-das-romantische-da-capo-festival-in-alzey\\\/\"},\"wordCount\":924,\"commentCount\":0,\"publisher\":{\"@id\":\"https:\\\/\\\/rheinhessenblog.de\\\/#organization\"},\"image\":{\"@id\":\"https:\\\/\\\/rheinhessenblog.de\\\/hinter-den-kulissen-das-romantische-da-capo-festival-in-alzey\\\/#primaryimage\"},\"thumbnailUrl\":\"https:\\\/\\\/rheinhessenblog.de\\\/wp-content\\\/uploads\\\/2021\\\/07\\\/alzey-da-capo-publikum-1-scaled-1.jpg\",\"keywords\":[\"Festivals \\\/ Events\"],\"articleSection\":[\"Kultur entdecken\"],\"inLanguage\":\"fr-FR\",\"potentialAction\":[{\"@type\":\"CommentAction\",\"name\":\"Comment\",\"target\":[\"https:\\\/\\\/rheinhessenblog.de\\\/hinter-den-kulissen-das-romantische-da-capo-festival-in-alzey\\\/#respond\"]}]},{\"@type\":\"WebPage\",\"@id\":\"https:\\\/\\\/rheinhessenblog.de\\\/hinter-den-kulissen-das-romantische-da-capo-festival-in-alzey\\\/\",\"url\":\"https:\\\/\\\/rheinhessenblog.de\\\/hinter-den-kulissen-das-romantische-da-capo-festival-in-alzey\\\/\",\"name\":\"Hinter den Kulissen: Das romantische Da Capo Festival in Alzey - Rheinhessen-Blog\",\"isPartOf\":{\"@id\":\"https:\\\/\\\/rheinhessenblog.de\\\/#website\"},\"primaryImageOfPage\":{\"@id\":\"https:\\\/\\\/rheinhessenblog.de\\\/hinter-den-kulissen-das-romantische-da-capo-festival-in-alzey\\\/#primaryimage\"},\"image\":{\"@id\":\"https:\\\/\\\/rheinhessenblog.de\\\/hinter-den-kulissen-das-romantische-da-capo-festival-in-alzey\\\/#primaryimage\"},\"thumbnailUrl\":\"https:\\\/\\\/rheinhessenblog.de\\\/wp-content\\\/uploads\\\/2021\\\/07\\\/alzey-da-capo-publikum-1-scaled-1.jpg\",\"datePublished\":\"2021-07-24T08:00:00+00:00\",\"dateModified\":\"2023-10-30T10:02:52+00:00\",\"description\":\"Das Da Capo Open-Air-Festival ist seit \u00fcber 20 Jahren kulturelles Highlight der Stadt Alzey. Jeden Sommer lockt ein abwechslungsreiches Programm mit hochkar\u00e4tigen K\u00fcnstlern aus den Bereichen Musik und Comedy zahlreiche Besucher in die alt-ehrw\u00fcrdigen Mauern des Alzeyer Schlosses.\",\"breadcrumb\":{\"@id\":\"https:\\\/\\\/rheinhessenblog.de\\\/hinter-den-kulissen-das-romantische-da-capo-festival-in-alzey\\\/#breadcrumb\"},\"inLanguage\":\"fr-FR\",\"potentialAction\":[{\"@type\":\"ReadAction\",\"target\":[\"https:\\\/\\\/rheinhessenblog.de\\\/hinter-den-kulissen-das-romantische-da-capo-festival-in-alzey\\\/\"]}]},{\"@type\":\"ImageObject\",\"inLanguage\":\"fr-FR\",\"@id\":\"https:\\\/\\\/rheinhessenblog.de\\\/hinter-den-kulissen-das-romantische-da-capo-festival-in-alzey\\\/#primaryimage\",\"url\":\"https:\\\/\\\/rheinhessenblog.de\\\/wp-content\\\/uploads\\\/2021\\\/07\\\/alzey-da-capo-publikum-1-scaled-1.jpg\",\"contentUrl\":\"https:\\\/\\\/rheinhessenblog.de\\\/wp-content\\\/uploads\\\/2021\\\/07\\\/alzey-da-capo-publikum-1-scaled-1.jpg\",\"width\":2560,\"height\":1707},{\"@type\":\"BreadcrumbList\",\"@id\":\"https:\\\/\\\/rheinhessenblog.de\\\/hinter-den-kulissen-das-romantische-da-capo-festival-in-alzey\\\/#breadcrumb\",\"itemListElement\":[{\"@type\":\"ListItem\",\"position\":1,\"name\":\"Startseite\",\"item\":\"https:\\\/\\\/rheinhessenblog.de\\\/\"},{\"@type\":\"ListItem\",\"position\":2,\"name\":\"Hinter den Kulissen: Das romantische Da Capo Festival in Alzey\"}]},{\"@type\":\"WebSite\",\"@id\":\"https:\\\/\\\/rheinhessenblog.de\\\/#website\",\"url\":\"https:\\\/\\\/rheinhessenblog.de\\\/\",\"name\":\"Rheinhessen-Blog\",\"description\":\"\",\"publisher\":{\"@id\":\"https:\\\/\\\/rheinhessenblog.de\\\/#organization\"},\"potentialAction\":[{\"@type\":\"SearchAction\",\"target\":{\"@type\":\"EntryPoint\",\"urlTemplate\":\"https:\\\/\\\/rheinhessenblog.de\\\/?s={search_term_string}\"},\"query-input\":{\"@type\":\"PropertyValueSpecification\",\"valueRequired\":true,\"valueName\":\"search_term_string\"}}],\"inLanguage\":\"fr-FR\"},{\"@type\":\"Organization\",\"@id\":\"https:\\\/\\\/rheinhessenblog.de\\\/#organization\",\"name\":\"Rheinhessen-Blog\",\"url\":\"https:\\\/\\\/rheinhessenblog.de\\\/\",\"logo\":{\"@type\":\"ImageObject\",\"inLanguage\":\"fr-FR\",\"@id\":\"https:\\\/\\\/rheinhessenblog.de\\\/#\\\/schema\\\/logo\\\/image\\\/\",\"url\":\"https:\\\/\\\/rheinhessenblog.de\\\/wp-content\\\/uploads\\\/2023\\\/07\\\/Rheinhessenlogo.svg\",\"contentUrl\":\"https:\\\/\\\/rheinhessenblog.de\\\/wp-content\\\/uploads\\\/2023\\\/07\\\/Rheinhessenlogo.svg\",\"width\":85,\"height\":26,\"caption\":\"Rheinhessen-Blog\"},\"image\":{\"@id\":\"https:\\\/\\\/rheinhessenblog.de\\\/#\\\/schema\\\/logo\\\/image\\\/\"}},{\"@type\":\"Person\",\"@id\":\"https:\\\/\\\/rheinhessenblog.de\\\/#\\\/schema\\\/person\\\/1be824f14844c580508225f586044717\",\"name\":\"Natalie Teschauer\",\"description\":\"Als externe Autorin f\u00fcr den Rheinhessen-Blog nehme ich Euch gerne mit auf meine Entdeckungstouren durch Rheinhessen. Mit Kamera und Notizbuch immer im Gep\u00e4ck, erkunde ich die Region der tausend Hiwwel, lerne die Vielfalt des Weins kennen und treffe gastfreundliche Rheinhessen.\",\"url\":\"https:\\\/\\\/rheinhessenblog.de\\\/fr\\\/author\\\/teschauer\\\/\"}]}<\/script>\n<!-- \/ Yoast SEO plugin. -->","yoast_head_json":{"title":"Dans les coulisses du festival : Le romantique festival Da Capo \u00e0 Alzey - Rheinhessen-Blog","description":"Depuis plus de 20 ans, le festival Da Capo Open-Air est le point fort culturel de la ville d'Alzey. Chaque \u00e9t\u00e9, un programme vari\u00e9 avec des artistes de haut niveau dans les domaines de la musique et de la com\u00e9die attire de nombreux visiteurs dans les murs v\u00e9n\u00e9rables du ch\u00e2teau d'Alzey.","robots":{"index":"index","follow":"follow","max-snippet":"max-snippet:-1","max-image-preview":"max-image-preview:large","max-video-preview":"max-video-preview:-1"},"canonical":"https:\/\/rheinhessenblog.de\/fr\/derriere-les-coulisses-le-romantique-festival-da-capo-a-alzey\/","og_locale":"fr_FR","og_type":"article","og_title":"Hinter den Kulissen: Das romantische Da Capo Festival in Alzey - Rheinhessen-Blog","og_description":"Das Da Capo Open-Air-Festival ist seit \u00fcber 20 Jahren kulturelles Highlight der Stadt Alzey. Jeden Sommer lockt ein abwechslungsreiches Programm mit hochkar\u00e4tigen K\u00fcnstlern aus den Bereichen Musik und Comedy zahlreiche Besucher in die alt-ehrw\u00fcrdigen Mauern des Alzeyer Schlosses.","og_url":"https:\/\/rheinhessenblog.de\/fr\/derriere-les-coulisses-le-romantique-festival-da-capo-a-alzey\/","og_site_name":"Rheinhessen-Blog","article_published_time":"2021-07-24T08:00:00+00:00","article_modified_time":"2023-10-30T10:02:52+00:00","og_image":[{"width":2560,"height":1707,"url":"https:\/\/rheinhessenblog.de\/wp-content\/uploads\/2021\/07\/alzey-da-capo-publikum-1-scaled-1.jpg","type":"image\/jpeg"}],"author":"Natalie Teschauer","twitter_card":"summary_large_image","twitter_misc":{"\u00c9crit par":"Natalie Teschauer","Dur\u00e9e de lecture estim\u00e9e":"7 minutes"},"schema":{"@context":"https:\/\/schema.org","@graph":[{"@type":"Article","@id":"https:\/\/rheinhessenblog.de\/hinter-den-kulissen-das-romantische-da-capo-festival-in-alzey\/#article","isPartOf":{"@id":"https:\/\/rheinhessenblog.de\/hinter-den-kulissen-das-romantische-da-capo-festival-in-alzey\/"},"author":{"name":"Natalie Teschauer","@id":"https:\/\/rheinhessenblog.de\/#\/schema\/person\/1be824f14844c580508225f586044717"},"headline":"Hinter den Kulissen: Das romantische Da Capo Festival in Alzey","datePublished":"2021-07-24T08:00:00+00:00","dateModified":"2023-10-30T10:02:52+00:00","mainEntityOfPage":{"@id":"https:\/\/rheinhessenblog.de\/hinter-den-kulissen-das-romantische-da-capo-festival-in-alzey\/"},"wordCount":924,"commentCount":0,"publisher":{"@id":"https:\/\/rheinhessenblog.de\/#organization"},"image":{"@id":"https:\/\/rheinhessenblog.de\/hinter-den-kulissen-das-romantische-da-capo-festival-in-alzey\/#primaryimage"},"thumbnailUrl":"https:\/\/rheinhessenblog.de\/wp-content\/uploads\/2021\/07\/alzey-da-capo-publikum-1-scaled-1.jpg","keywords":["Festivals \/ Events"],"articleSection":["Kultur entdecken"],"inLanguage":"fr-FR","potentialAction":[{"@type":"CommentAction","name":"Comment","target":["https:\/\/rheinhessenblog.de\/hinter-den-kulissen-das-romantische-da-capo-festival-in-alzey\/#respond"]}]},{"@type":"WebPage","@id":"https:\/\/rheinhessenblog.de\/hinter-den-kulissen-das-romantische-da-capo-festival-in-alzey\/","url":"https:\/\/rheinhessenblog.de\/hinter-den-kulissen-das-romantische-da-capo-festival-in-alzey\/","name":"Dans les coulisses du festival : Le romantique festival Da Capo \u00e0 Alzey - Rheinhessen-Blog","isPartOf":{"@id":"https:\/\/rheinhessenblog.de\/#website"},"primaryImageOfPage":{"@id":"https:\/\/rheinhessenblog.de\/hinter-den-kulissen-das-romantische-da-capo-festival-in-alzey\/#primaryimage"},"image":{"@id":"https:\/\/rheinhessenblog.de\/hinter-den-kulissen-das-romantische-da-capo-festival-in-alzey\/#primaryimage"},"thumbnailUrl":"https:\/\/rheinhessenblog.de\/wp-content\/uploads\/2021\/07\/alzey-da-capo-publikum-1-scaled-1.jpg","datePublished":"2021-07-24T08:00:00+00:00","dateModified":"2023-10-30T10:02:52+00:00","description":"Depuis plus de 20 ans, le festival Da Capo Open-Air est le point fort culturel de la ville d'Alzey. Chaque \u00e9t\u00e9, un programme vari\u00e9 avec des artistes de haut niveau dans les domaines de la musique et de la com\u00e9die attire de nombreux visiteurs dans les murs v\u00e9n\u00e9rables du ch\u00e2teau d'Alzey.","breadcrumb":{"@id":"https:\/\/rheinhessenblog.de\/hinter-den-kulissen-das-romantische-da-capo-festival-in-alzey\/#breadcrumb"},"inLanguage":"fr-FR","potentialAction":[{"@type":"ReadAction","target":["https:\/\/rheinhessenblog.de\/hinter-den-kulissen-das-romantische-da-capo-festival-in-alzey\/"]}]},{"@type":"ImageObject","inLanguage":"fr-FR","@id":"https:\/\/rheinhessenblog.de\/hinter-den-kulissen-das-romantische-da-capo-festival-in-alzey\/#primaryimage","url":"https:\/\/rheinhessenblog.de\/wp-content\/uploads\/2021\/07\/alzey-da-capo-publikum-1-scaled-1.jpg","contentUrl":"https:\/\/rheinhessenblog.de\/wp-content\/uploads\/2021\/07\/alzey-da-capo-publikum-1-scaled-1.jpg","width":2560,"height":1707},{"@type":"BreadcrumbList","@id":"https:\/\/rheinhessenblog.de\/hinter-den-kulissen-das-romantische-da-capo-festival-in-alzey\/#breadcrumb","itemListElement":[{"@type":"ListItem","position":1,"name":"Startseite","item":"https:\/\/rheinhessenblog.de\/"},{"@type":"ListItem","position":2,"name":"Hinter den Kulissen: Das romantische Da Capo Festival in Alzey"}]},{"@type":"WebSite","@id":"https:\/\/rheinhessenblog.de\/#website","url":"https:\/\/rheinhessenblog.de\/","name":"Blog de la Hesse rh\u00e9nane","description":"","publisher":{"@id":"https:\/\/rheinhessenblog.de\/#organization"},"potentialAction":[{"@type":"SearchAction","target":{"@type":"EntryPoint","urlTemplate":"https:\/\/rheinhessenblog.de\/?s={search_term_string}"},"query-input":{"@type":"PropertyValueSpecification","valueRequired":true,"valueName":"search_term_string"}}],"inLanguage":"fr-FR"},{"@type":"Organization","@id":"https:\/\/rheinhessenblog.de\/#organization","name":"Blog de la Hesse rh\u00e9nane","url":"https:\/\/rheinhessenblog.de\/","logo":{"@type":"ImageObject","inLanguage":"fr-FR","@id":"https:\/\/rheinhessenblog.de\/#\/schema\/logo\/image\/","url":"https:\/\/rheinhessenblog.de\/wp-content\/uploads\/2023\/07\/Rheinhessenlogo.svg","contentUrl":"https:\/\/rheinhessenblog.de\/wp-content\/uploads\/2023\/07\/Rheinhessenlogo.svg","width":85,"height":26,"caption":"Rheinhessen-Blog"},"image":{"@id":"https:\/\/rheinhessenblog.de\/#\/schema\/logo\/image\/"}},{"@type":"Person","@id":"https:\/\/rheinhessenblog.de\/#\/schema\/person\/1be824f14844c580508225f586044717","name":"Natalie Teschauer","description":"En tant qu'auteur externe pour le blog de la Hesse rh\u00e9nane, je vous emm\u00e8ne volontiers \u00e0 la d\u00e9couverte de la Hesse rh\u00e9nane. Toujours munie d'un appareil photo et d'un carnet de notes, j'explore la r\u00e9gion des mille merveilles, j'apprends \u00e0 conna\u00eetre la diversit\u00e9 du vin et je rencontre des Rh\u00e9nans accueillants.","url":"https:\/\/rheinhessenblog.de\/fr\/author\/teschauer\/"}]}},"_links":{"self":[{"href":"https:\/\/rheinhessenblog.de\/fr\/wp-json\/wp\/v2\/posts\/5257","targetHints":{"allow":["GET"]}}],"collection":[{"href":"https:\/\/rheinhessenblog.de\/fr\/wp-json\/wp\/v2\/posts"}],"about":[{"href":"https:\/\/rheinhessenblog.de\/fr\/wp-json\/wp\/v2\/types\/post"}],"author":[{"embeddable":true,"href":"https:\/\/rheinhessenblog.de\/fr\/wp-json\/wp\/v2\/users\/26"}],"replies":[{"embeddable":true,"href":"https:\/\/rheinhessenblog.de\/fr\/wp-json\/wp\/v2\/comments?post=5257"}],"version-history":[{"count":4,"href":"https:\/\/rheinhessenblog.de\/fr\/wp-json\/wp\/v2\/posts\/5257\/revisions"}],"predecessor-version":[{"id":13483,"href":"https:\/\/rheinhessenblog.de\/fr\/wp-json\/wp\/v2\/posts\/5257\/revisions\/13483"}],"wp:featuredmedia":[{"embeddable":true,"href":"https:\/\/rheinhessenblog.de\/fr\/wp-json\/wp\/v2\/media\/6912"}],"wp:attachment":[{"href":"https:\/\/rheinhessenblog.de\/fr\/wp-json\/wp\/v2\/media?parent=5257"}],"wp:term":[{"taxonomy":"category","embeddable":true,"href":"https:\/\/rheinhessenblog.de\/fr\/wp-json\/wp\/v2\/categories?post=5257"},{"taxonomy":"post_tag","embeddable":true,"href":"https:\/\/rheinhessenblog.de\/fr\/wp-json\/wp\/v2\/tags?post=5257"}],"curies":[{"name":"wp","href":"https:\/\/api.w.org\/{rel}","templated":true}]}}