{"id":5303,"date":"2020-12-02T17:01:37","date_gmt":"2020-12-02T16:01:37","guid":{"rendered":"http:\/\/blog.rheinhessen.de\/?p=5303"},"modified":"2025-10-31T14:26:13","modified_gmt":"2025-10-31T13:26:13","slug":"lhistoire-vivante-avec-johannes-gutenberg-a-travers-la-ville-de-mainz","status":"publish","type":"post","link":"https:\/\/rheinhessenblog.de\/fr\/lebendige-geschichte-mit-johannes-gutenberg-hoechstpersoenlich-durch-mainz\/","title":{"rendered":"L'histoire vivante : Visiter Mayence avec Johannes Gutenberg en personne"},"content":{"rendered":"<figure class=\"wp-block-image size-large\"><img fetchpriority=\"high\" decoding=\"async\" width=\"1024\" height=\"683\" src=\"https:\/\/rheinhessenblog.de\/wp-content\/uploads\/2020\/08\/mainz-gutenberg-titelbild-1-scaled-1-1024x683.jpg\" alt=\"\" class=\"wp-image-5313\" srcset=\"https:\/\/rheinhessenblog.de\/wp-content\/uploads\/2020\/08\/mainz-gutenberg-titelbild-1-scaled-1-1024x683.jpg 1024w, https:\/\/rheinhessenblog.de\/wp-content\/uploads\/2020\/08\/mainz-gutenberg-titelbild-1-scaled-1-300x200.jpg 300w, https:\/\/rheinhessenblog.de\/wp-content\/uploads\/2020\/08\/mainz-gutenberg-titelbild-1-scaled-1-768x512.jpg 768w, https:\/\/rheinhessenblog.de\/wp-content\/uploads\/2020\/08\/mainz-gutenberg-titelbild-1-scaled-1-1536x1024.jpg 1536w, https:\/\/rheinhessenblog.de\/wp-content\/uploads\/2020\/08\/mainz-gutenberg-titelbild-1-scaled-1-2048x1366.jpg 2048w\" sizes=\"(max-width: 1024px) 100vw, 1024px\" \/><\/figure>\n\n\n\n<p>Elmar Rettinger est guide touristique de la ville de Mayence depuis 1980. Depuis maintenant dix ans, il propose des visites guid\u00e9es en costume de Gutenberg afin de transmettre l'histoire de mani\u00e8re vivante. Je l'ai rencontr\u00e9 et lui ai demand\u00e9 ce qui l'attirait chez ce personnage historique, comment il se sentait dans son costume et ce qui rendait le lieu d'activit\u00e9 de son alter ego si charmant.<\/p>\n\n\n\n<h3 class=\"wp-block-heading\"><strong>Taill\u00e9 sur mesure<\/strong><\/h3>\n\n\n\n<p>Sur le chemin de mon rendez-vous avec \u201eJohannes Gutenberg\u201c, je rencontre <a rel=\"noreferrer noopener\" aria-label=\"le plus grand fils de la ville de Mayence (s&#039;ouvre dans un nouvel onglet)\" href=\"https:\/\/www.rheinhessen.de\/gutenberg\" target=\"_blank\">le plus grand fils de la ville de Mayence<\/a> d\u00e9j\u00e0 sous la forme de son monument plus grand que nature sur la Gutenbergplatz. Il veille majestueusement sur l'animation qui r\u00e8gne \u00e0 ses pieds. Je me prom\u00e8ne le long de l'imposant <a rel=\"noreferrer noopener\" aria-label=\"Kaiserdom (s&#039;ouvre dans un nouvel onglet)\" href=\"https:\/\/www.rheinhessen.de\/mainzer-dom-2\" target=\"_blank\">Cath\u00e9drale imp\u00e9riale <\/a>en direction du mus\u00e9e Gutenberg, o\u00f9 tout l'univers de l'imprimerie, du livre et de l'\u00e9criture m'attend. Tout comme une conversation passionnante avec l'historien et guide Elmar Rettinger.<\/p>\n\n\n\n<figure class=\"wp-block-image size-large\"><img decoding=\"async\" width=\"683\" height=\"1024\" src=\"https:\/\/rheinhessenblog.de\/wp-content\/uploads\/2020\/08\/mainz-gutenberg-denkmal-scaled-1-683x1024.jpg\" alt=\"\" class=\"wp-image-5305\" srcset=\"https:\/\/rheinhessenblog.de\/wp-content\/uploads\/2020\/08\/mainz-gutenberg-denkmal-scaled-1-683x1024.jpg 683w, https:\/\/rheinhessenblog.de\/wp-content\/uploads\/2020\/08\/mainz-gutenberg-denkmal-scaled-1-200x300.jpg 200w, https:\/\/rheinhessenblog.de\/wp-content\/uploads\/2020\/08\/mainz-gutenberg-denkmal-scaled-1-768x1152.jpg 768w, https:\/\/rheinhessenblog.de\/wp-content\/uploads\/2020\/08\/mainz-gutenberg-denkmal-scaled-1-1024x1536.jpg 1024w, https:\/\/rheinhessenblog.de\/wp-content\/uploads\/2020\/08\/mainz-gutenberg-denkmal-scaled-1-1366x2048.jpg 1366w, https:\/\/rheinhessenblog.de\/wp-content\/uploads\/2020\/08\/mainz-gutenberg-denkmal-scaled-1.jpg 1707w\" sizes=\"(max-width: 683px) 100vw, 683px\" \/><\/figure>\n\n\n\n<p>Depuis une dizaine d'ann\u00e9es, il incarne l'homme qui, au 15e si\u00e8cle, avec des caract\u00e8res mobiles, une presse \u00e0 imprimer et un peu d'encre d'imprimerie, a r\u00e9volutionn\u00e9 les m\u00e9thodes traditionnelles et co\u00fbteuses de production de livres. Et a ainsi d\u00e9mocratis\u00e9 la transmission du savoir et l'acc\u00e8s \u00e0 l'\u00e9ducation. Pour mon interlocuteur, son <a rel=\"noreferrer noopener\" aria-label=\" (s&#039;ouvre dans un nouvel onglet)\" href=\"https:\/\/www.mainz-tourismus.com\/stadtfuehrungen\/oeffentliche-stadtfuehrungen\/allgemeines-angebot\/kostuemfuehrungen\/\" target=\"_blank\">Visite guid\u00e9e en costume<\/a> que Gutenberg est un excellent moyen de transmettre cette histoire de la mani\u00e8re la plus vivante et la plus claire possible.<\/p>\n\n\n\n<figure class=\"wp-block-image size-large\"><img decoding=\"async\" width=\"683\" height=\"1024\" src=\"https:\/\/rheinhessenblog.de\/wp-content\/uploads\/2020\/08\/mainz-gutenberg-fuehrung-scaled-1-683x1024.jpg\" alt=\"\" class=\"wp-image-5306\" srcset=\"https:\/\/rheinhessenblog.de\/wp-content\/uploads\/2020\/08\/mainz-gutenberg-fuehrung-scaled-1-683x1024.jpg 683w, https:\/\/rheinhessenblog.de\/wp-content\/uploads\/2020\/08\/mainz-gutenberg-fuehrung-scaled-1-200x300.jpg 200w, https:\/\/rheinhessenblog.de\/wp-content\/uploads\/2020\/08\/mainz-gutenberg-fuehrung-scaled-1-768x1152.jpg 768w, https:\/\/rheinhessenblog.de\/wp-content\/uploads\/2020\/08\/mainz-gutenberg-fuehrung-scaled-1-1024x1536.jpg 1024w, https:\/\/rheinhessenblog.de\/wp-content\/uploads\/2020\/08\/mainz-gutenberg-fuehrung-scaled-1-1366x2048.jpg 1366w, https:\/\/rheinhessenblog.de\/wp-content\/uploads\/2020\/08\/mainz-gutenberg-fuehrung-scaled-1.jpg 1707w\" sizes=\"(max-width: 683px) 100vw, 683px\" \/><\/figure>\n\n\n\n<p>Elmar Rettinger r\u00e9v\u00e8le qu'il s'est d'abord gliss\u00e9 dans le r\u00f4le du typographe un peu par hasard. Dans le cadre d'un projet scientifique, des v\u00eatements typiques du 15e si\u00e8cle ont \u00e9t\u00e9 confectionn\u00e9s et il a pu poser en tant que chef de projet. Ce n'est que par la suite qu'il a eu l'id\u00e9e de g\u00e9nie : \u201eUn costume attire particuli\u00e8rement l'attention et c'est ainsi que j'ai eu envie de le mettre en \u0153uvre pour mes visites guid\u00e9es\u201c.\u201c<\/p>\n\n\n\n<h3 class=\"wp-block-heading\"><strong>Velours et soie<\/strong><\/h3>\n\n\n\n<p>Pour cet historien de formation, l'authenticit\u00e9 est particuli\u00e8rement importante. \u201eIl faut faire attention quand on fabrique un tel costume\u201c, fait remarquer le guide. Au pr\u00e9alable, il a fait de nombreuses recherches sur la mani\u00e8re dont les patriciens s'habillaient autrefois, car Johannes Gutenberg \u00e9tait l'un d'eux. Des mat\u00e9riaux de grande qualit\u00e9 comme la soie naturelle et le velours lourd, des manches \u00e9vas\u00e9es avec des \u201efentes \u00e9tranges\u201c et des chaussures \u00e0 bec caract\u00e9ristiques font tous partie de son ensemble. \u201eTout le monde trouve les chaussures particuli\u00e8rement chics\u201c, remarque-t-il avec amusement.<\/p>\n\n\n\n<figure class=\"wp-block-image size-large\"><img loading=\"lazy\" decoding=\"async\" width=\"683\" height=\"1024\" src=\"https:\/\/rheinhessenblog.de\/wp-content\/uploads\/2020\/08\/mainz-gutenberg-lettern-scaled-1-683x1024.jpg\" alt=\"\" class=\"wp-image-5307\" srcset=\"https:\/\/rheinhessenblog.de\/wp-content\/uploads\/2020\/08\/mainz-gutenberg-lettern-scaled-1-683x1024.jpg 683w, https:\/\/rheinhessenblog.de\/wp-content\/uploads\/2020\/08\/mainz-gutenberg-lettern-scaled-1-200x300.jpg 200w, https:\/\/rheinhessenblog.de\/wp-content\/uploads\/2020\/08\/mainz-gutenberg-lettern-scaled-1-768x1152.jpg 768w, https:\/\/rheinhessenblog.de\/wp-content\/uploads\/2020\/08\/mainz-gutenberg-lettern-scaled-1-1024x1536.jpg 1024w, https:\/\/rheinhessenblog.de\/wp-content\/uploads\/2020\/08\/mainz-gutenberg-lettern-scaled-1-1366x2048.jpg 1366w, https:\/\/rheinhessenblog.de\/wp-content\/uploads\/2020\/08\/mainz-gutenberg-lettern-scaled-1.jpg 1707w\" sizes=\"(max-width: 683px) 100vw, 683px\" \/><\/figure>\n\n\n\n<p>Je reconnais rapidement qu'Elmar Rettinger a le don d'emballer un concentr\u00e9 de connaissances historiques dans des faits passionnants. Par exemple lorsqu'il parle des couleurs sobres de sa robe. Les v\u00eatements de couleur vive \u00e9taient exclusivement r\u00e9serv\u00e9s \u00e0 la noblesse et le violet au clerg\u00e9. Bien entendu, il ne porte pas non plus de montre pendant ses visites guid\u00e9es, car il faut que ce soit authentique. \u201eSi les visiteurs sont int\u00e9ress\u00e9s et posent des questions, on ne regarde pas du tout sa montre. C'est alors un plaisir de leur raconter quelque chose\u201c, dit-il.<\/p>\n\n\n\n<figure class=\"wp-block-image size-large\"><img loading=\"lazy\" decoding=\"async\" width=\"683\" height=\"1024\" src=\"https:\/\/rheinhessenblog.de\/wp-content\/uploads\/2020\/08\/mainz-gutenberg-druckerpresse-scaled-1-683x1024.jpg\" alt=\"\" class=\"wp-image-5308\" srcset=\"https:\/\/rheinhessenblog.de\/wp-content\/uploads\/2020\/08\/mainz-gutenberg-druckerpresse-scaled-1-683x1024.jpg 683w, https:\/\/rheinhessenblog.de\/wp-content\/uploads\/2020\/08\/mainz-gutenberg-druckerpresse-scaled-1-200x300.jpg 200w, https:\/\/rheinhessenblog.de\/wp-content\/uploads\/2020\/08\/mainz-gutenberg-druckerpresse-scaled-1-768x1152.jpg 768w, https:\/\/rheinhessenblog.de\/wp-content\/uploads\/2020\/08\/mainz-gutenberg-druckerpresse-scaled-1-1024x1536.jpg 1024w, https:\/\/rheinhessenblog.de\/wp-content\/uploads\/2020\/08\/mainz-gutenberg-druckerpresse-scaled-1-1366x2048.jpg 1366w, https:\/\/rheinhessenblog.de\/wp-content\/uploads\/2020\/08\/mainz-gutenberg-druckerpresse-scaled-1.jpg 1707w\" sizes=\"(max-width: 683px) 100vw, 683px\" \/><\/figure>\n\n\n\n<h3 class=\"wp-block-heading\">Le verger de cerisiers et le fait de manger des cerises<\/h3>\n\n\n\n<p>Et il aime raconter : \u201eJe veux informer sur l'\u00e9poque. Qui \u00e9tait le chef dans la ville, quelles \u00e9taient les conditions sociales et pourquoi Mayence \u00e9tait-elle si endett\u00e9e ?\u201c Bien s\u00fbr, ses visites guid\u00e9es tournent aussi autour de la vie et de l'\u0153uvre de Johannes Gutenberg lui-m\u00eame. Elmar Rettinger se rend avec ses groupes dans tous les lieux qui lui sont associ\u00e9s. Il commence ici au mus\u00e9e Gutenberg - avec bien s\u00fbr une d\u00e9monstration de la presse d'imprimerie - et fait une visite compl\u00e8te de la vieille ville.<\/p>\n\n\n\n<figure class=\"wp-block-image size-large\"><img loading=\"lazy\" decoding=\"async\" width=\"1024\" height=\"683\" src=\"https:\/\/rheinhessenblog.de\/wp-content\/uploads\/2020\/08\/mainz-gutenberg-museum-scaled-1-1024x683.jpg\" alt=\"\" class=\"wp-image-5309\" srcset=\"https:\/\/rheinhessenblog.de\/wp-content\/uploads\/2020\/08\/mainz-gutenberg-museum-scaled-1-1024x683.jpg 1024w, https:\/\/rheinhessenblog.de\/wp-content\/uploads\/2020\/08\/mainz-gutenberg-museum-scaled-1-300x200.jpg 300w, https:\/\/rheinhessenblog.de\/wp-content\/uploads\/2020\/08\/mainz-gutenberg-museum-scaled-1-768x512.jpg 768w, https:\/\/rheinhessenblog.de\/wp-content\/uploads\/2020\/08\/mainz-gutenberg-museum-scaled-1-1536x1024.jpg 1536w, https:\/\/rheinhessenblog.de\/wp-content\/uploads\/2020\/08\/mainz-gutenberg-museum-scaled-1-2048x1366.jpg 2048w\" sizes=\"(max-width: 1024px) 100vw, 1024px\" \/><\/figure>\n\n\n\n<p>Que ce soit dans sa vie professionnelle ou priv\u00e9e, le guide aime surtout les places de Mayence. Et l'ancienne ville commerciale en a beaucoup. Que ce soit les quatre places anim\u00e9es de la cath\u00e9drale, la place centrale Schiller ou le magnifique Kirschgarten avec ses maisons historiques \u00e0 colombages, dont certaines datent encore de l'\u00e9poque de Gutenberg. \u201eCe sont les places de Mayence qui rendent cette ville si charmante\u201c, s'enthousiasme Elmar Rettinger.<\/p>\n\n\n\n<figure class=\"wp-block-image size-large\"><img loading=\"lazy\" decoding=\"async\" width=\"683\" height=\"1024\" src=\"https:\/\/rheinhessenblog.de\/wp-content\/uploads\/2020\/08\/mainz-gutenberg-kirschgarten-scaled-1-683x1024.jpg\" alt=\"Gutenberg\" class=\"wp-image-5310\" srcset=\"https:\/\/rheinhessenblog.de\/wp-content\/uploads\/2020\/08\/mainz-gutenberg-kirschgarten-scaled-1-683x1024.jpg 683w, https:\/\/rheinhessenblog.de\/wp-content\/uploads\/2020\/08\/mainz-gutenberg-kirschgarten-scaled-1-200x300.jpg 200w, https:\/\/rheinhessenblog.de\/wp-content\/uploads\/2020\/08\/mainz-gutenberg-kirschgarten-scaled-1-768x1152.jpg 768w, https:\/\/rheinhessenblog.de\/wp-content\/uploads\/2020\/08\/mainz-gutenberg-kirschgarten-scaled-1-1024x1536.jpg 1024w, https:\/\/rheinhessenblog.de\/wp-content\/uploads\/2020\/08\/mainz-gutenberg-kirschgarten-scaled-1-1366x2048.jpg 1366w, https:\/\/rheinhessenblog.de\/wp-content\/uploads\/2020\/08\/mainz-gutenberg-kirschgarten-scaled-1.jpg 1707w\" sizes=\"(max-width: 683px) 100vw, 683px\" \/><\/figure>\n\n\n\n<p>Au cours de notre conversation sur Johannes Gutenberg, il tombe r\u00e9guli\u00e8rement dans la premi\u00e8re personne. Il ne peut s'emp\u00eacher de rire lorsqu'il s'en rend compte et m'assure qu'il sait d\u00e9j\u00e0 qu'il n'est pas le vrai : \u201eJe suis un type tr\u00e8s calme et Johannes Gutenberg \u00e9tait sans doute un homme tr\u00e8s col\u00e9rique, tr\u00e8s diff\u00e9rent\u201c. On ne sait que tr\u00e8s peu de choses sur lui, et le peu que l'on sait provient surtout des proc\u00e8s-verbaux des tribunaux. \u201eC'est peut-\u00eatre ce qui m'attire dans ce r\u00f4le\u201c, admet le guide.<\/p>\n\n\n\n<h3 class=\"wp-block-heading\"><strong>Le double Gutenberg<\/strong><\/h3>\n\n\n\n<p>Mais Elmar Rettinger ne se met jamais en col\u00e8re comme son alter ego, car en fait, il ne se sent pas si diff\u00e9rent dans son lourd manteau. Il constate en haussant les \u00e9paules que ce n'est pas un probl\u00e8me de porter un costume \u00e0 Mayence. Au contraire : \u201eLes habitants de Mayence sont tr\u00e8s attach\u00e9s \u00e0 l'id\u00e9e du costume. <a rel=\"noreferrer noopener\" aria-label=\"Carnaval (s&#039;ouvre dans un nouvel onglet)\" href=\"https:\/\/www.rheinhessen.de\/mainzer-fastnacht\" target=\"_blank\">Le carnaval<\/a> s'habituer ici\u201c. Il se r\u00e9jouit m\u00eame r\u00e9guli\u00e8rement de recevoir des salutations chaleureuses et de grands yeux d'enfants \u00e9merveill\u00e9s.<\/p>\n\n\n\n<p>Les participants de deux groupes n'ont certainement pas \u00e9t\u00e9 surpris lorsqu'un beau jour, ils ont soudain vu double. Le guide ne peut s'emp\u00eacher de rire lorsqu'il me raconte son anecdote pr\u00e9f\u00e9r\u00e9e. Un de ses coll\u00e8gues porte \u00e9galement un costume et ce jour-l\u00e0, deux Johannes Gutenberg se sont crois\u00e9s par hasard. Il s'arr\u00eate un instant. Il devrait peut-\u00eatre envisager d'aller \u00e0 Strasbourg, car l'imprimeur y a finalement v\u00e9cu quelques ann\u00e9es. Mais il secoue rapidement la t\u00eate : \u201eIls ont peut-\u00eatre d\u00e9j\u00e0 leur propre Gutenberg\u201c. Elmar Rettinger restera donc encore longtemps \u00e0 Mayence !<\/p>\n\n\n\n<h3 class=\"wp-block-heading\"><strong>Votre visite guid\u00e9e en costume de Gutenberg \u00e0 Mayence<\/strong><\/h3>\n\n\n\n<p>Outre la passionnante visite guid\u00e9e en costume de Gutenberg, que vous pourrez d\u00e9couvrir sur <a href=\"https:\/\/www.mainz-tourismus.com\/stadtfuehrungen\/gruppenfuehrungen\/kostuemfuehrungen\" target=\"_blank\" rel=\"noreferrer noopener\">de cette page<\/a> Elmar Rettinger couvre \u00e9galement de nombreux domaines. <a aria-label=\"autres visites guid\u00e9es de la ville (s&#039;ouvre dans un nouvel onglet)\" href=\"https:\/\/www.mainz-tourismus.com\/stadtfuehrungen\/\" target=\"_blank\" rel=\"noreferrer noopener\">autres visites guid\u00e9es de la ville<\/a> de l'\u00e9poque romaine \u00e0 l'\u00e9poque actuelle en passant par le nazisme. Apr\u00e8s avoir rencontr\u00e9 le charismatique historien et guide, je suis s\u00fbre que chacune d'entre elles est une exp\u00e9rience vivante.<\/p>\n\n\n\n<p><\/p>","protected":false},"excerpt":{"rendered":"<p>Johannes Gutenberg, l'inventeur de l'imprimerie moderne, est un vrai habitant de Mayence. Dans la capitale du Land de Rh\u00e9nanie-Palatinat, vous pouvez marcher sur ses traces - et m\u00eame le faire avec lui !<\/p>","protected":false},"author":26,"featured_media":5310,"comment_status":"open","ping_status":"closed","sticky":false,"template":"","format":"standard","meta":{"_acf_changed":false,"footnotes":""},"categories":[320],"tags":[],"class_list":["post-5303","post","type-post","status-publish","format-standard","has-post-thumbnail","hentry","category-kultur-entdecken"],"acf":{"":null},"yoast_head":"<!-- This site is optimized with the Yoast SEO plugin v27.4 - https:\/\/yoast.com\/product\/yoast-seo-wordpress\/ -->\n<title>Lebendige Geschichte: Mit Johannes Gutenberg h\u00f6chstpers\u00f6nlich durch Mainz - Rheinhessen-Blog<\/title>\n<meta name=\"description\" content=\"Johannes Gutenberg, der Erfinder des modernen Buchdrucks, ist ein waschechter Mainzer. In der Landeshauptstadt von Rheinland-Pfalz k\u00f6nnt Ihr auf seinen Spuren wandeln \u2013 und das sogar mit ihm gemeinsam!\" \/>\n<meta name=\"robots\" content=\"index, follow, max-snippet:-1, max-image-preview:large, max-video-preview:-1\" \/>\n<link rel=\"canonical\" href=\"https:\/\/rheinhessenblog.de\/fr\/lhistoire-vivante-avec-johannes-gutenberg-a-travers-la-ville-de-mainz\/\" \/>\n<meta property=\"og:locale\" content=\"fr_FR\" \/>\n<meta property=\"og:type\" content=\"article\" \/>\n<meta property=\"og:title\" content=\"Lebendige Geschichte: Mit Johannes Gutenberg h\u00f6chstpers\u00f6nlich durch Mainz - Rheinhessen-Blog\" \/>\n<meta property=\"og:description\" content=\"Johannes Gutenberg, der Erfinder des modernen Buchdrucks, ist ein waschechter Mainzer. In der Landeshauptstadt von Rheinland-Pfalz k\u00f6nnt Ihr auf seinen Spuren wandeln \u2013 und das sogar mit ihm gemeinsam!\" \/>\n<meta property=\"og:url\" content=\"https:\/\/rheinhessenblog.de\/fr\/lhistoire-vivante-avec-johannes-gutenberg-a-travers-la-ville-de-mainz\/\" \/>\n<meta property=\"og:site_name\" content=\"Rheinhessen-Blog\" \/>\n<meta property=\"article:published_time\" content=\"2020-12-02T16:01:37+00:00\" \/>\n<meta property=\"article:modified_time\" content=\"2025-10-31T13:26:13+00:00\" \/>\n<meta property=\"og:image\" content=\"https:\/\/rheinhessenblog.de\/wp-content\/uploads\/2020\/08\/mainz-gutenberg-kirschgarten-scaled-1.jpg\" \/>\n\t<meta property=\"og:image:width\" content=\"1707\" \/>\n\t<meta property=\"og:image:height\" content=\"2560\" \/>\n\t<meta property=\"og:image:type\" content=\"image\/jpeg\" \/>\n<meta name=\"author\" content=\"Natalie Teschauer\" \/>\n<meta name=\"twitter:card\" content=\"summary_large_image\" \/>\n<meta name=\"twitter:label1\" content=\"\u00c9crit par\" \/>\n\t<meta name=\"twitter:data1\" content=\"Natalie Teschauer\" \/>\n\t<meta name=\"twitter:label2\" content=\"Dur\u00e9e de lecture estim\u00e9e\" \/>\n\t<meta name=\"twitter:data2\" content=\"7 minutes\" \/>\n<script type=\"application\/ld+json\" class=\"yoast-schema-graph\">{\"@context\":\"https:\\\/\\\/schema.org\",\"@graph\":[{\"@type\":\"Article\",\"@id\":\"https:\\\/\\\/rheinhessenblog.de\\\/lebendige-geschichte-mit-johannes-gutenberg-hoechstpersoenlich-durch-mainz\\\/#article\",\"isPartOf\":{\"@id\":\"https:\\\/\\\/rheinhessenblog.de\\\/lebendige-geschichte-mit-johannes-gutenberg-hoechstpersoenlich-durch-mainz\\\/\"},\"author\":{\"name\":\"Natalie Teschauer\",\"@id\":\"https:\\\/\\\/rheinhessenblog.de\\\/#\\\/schema\\\/person\\\/1be824f14844c580508225f586044717\"},\"headline\":\"Lebendige Geschichte: Mit Johannes Gutenberg h\u00f6chstpers\u00f6nlich durch Mainz\",\"datePublished\":\"2020-12-02T16:01:37+00:00\",\"dateModified\":\"2025-10-31T13:26:13+00:00\",\"mainEntityOfPage\":{\"@id\":\"https:\\\/\\\/rheinhessenblog.de\\\/lebendige-geschichte-mit-johannes-gutenberg-hoechstpersoenlich-durch-mainz\\\/\"},\"wordCount\":960,\"commentCount\":0,\"publisher\":{\"@id\":\"https:\\\/\\\/rheinhessenblog.de\\\/#organization\"},\"image\":{\"@id\":\"https:\\\/\\\/rheinhessenblog.de\\\/lebendige-geschichte-mit-johannes-gutenberg-hoechstpersoenlich-durch-mainz\\\/#primaryimage\"},\"thumbnailUrl\":\"https:\\\/\\\/rheinhessenblog.de\\\/wp-content\\\/uploads\\\/2020\\\/08\\\/mainz-gutenberg-kirschgarten-scaled-1.jpg\",\"articleSection\":[\"Kultur entdecken\"],\"inLanguage\":\"fr-FR\",\"potentialAction\":[{\"@type\":\"CommentAction\",\"name\":\"Comment\",\"target\":[\"https:\\\/\\\/rheinhessenblog.de\\\/lebendige-geschichte-mit-johannes-gutenberg-hoechstpersoenlich-durch-mainz\\\/#respond\"]}]},{\"@type\":\"WebPage\",\"@id\":\"https:\\\/\\\/rheinhessenblog.de\\\/lebendige-geschichte-mit-johannes-gutenberg-hoechstpersoenlich-durch-mainz\\\/\",\"url\":\"https:\\\/\\\/rheinhessenblog.de\\\/lebendige-geschichte-mit-johannes-gutenberg-hoechstpersoenlich-durch-mainz\\\/\",\"name\":\"Lebendige Geschichte: Mit Johannes Gutenberg h\u00f6chstpers\u00f6nlich durch Mainz - Rheinhessen-Blog\",\"isPartOf\":{\"@id\":\"https:\\\/\\\/rheinhessenblog.de\\\/#website\"},\"primaryImageOfPage\":{\"@id\":\"https:\\\/\\\/rheinhessenblog.de\\\/lebendige-geschichte-mit-johannes-gutenberg-hoechstpersoenlich-durch-mainz\\\/#primaryimage\"},\"image\":{\"@id\":\"https:\\\/\\\/rheinhessenblog.de\\\/lebendige-geschichte-mit-johannes-gutenberg-hoechstpersoenlich-durch-mainz\\\/#primaryimage\"},\"thumbnailUrl\":\"https:\\\/\\\/rheinhessenblog.de\\\/wp-content\\\/uploads\\\/2020\\\/08\\\/mainz-gutenberg-kirschgarten-scaled-1.jpg\",\"datePublished\":\"2020-12-02T16:01:37+00:00\",\"dateModified\":\"2025-10-31T13:26:13+00:00\",\"description\":\"Johannes Gutenberg, der Erfinder des modernen Buchdrucks, ist ein waschechter Mainzer. In der Landeshauptstadt von Rheinland-Pfalz k\u00f6nnt Ihr auf seinen Spuren wandeln \u2013 und das sogar mit ihm gemeinsam!\",\"breadcrumb\":{\"@id\":\"https:\\\/\\\/rheinhessenblog.de\\\/lebendige-geschichte-mit-johannes-gutenberg-hoechstpersoenlich-durch-mainz\\\/#breadcrumb\"},\"inLanguage\":\"fr-FR\",\"potentialAction\":[{\"@type\":\"ReadAction\",\"target\":[\"https:\\\/\\\/rheinhessenblog.de\\\/lebendige-geschichte-mit-johannes-gutenberg-hoechstpersoenlich-durch-mainz\\\/\"]}]},{\"@type\":\"ImageObject\",\"inLanguage\":\"fr-FR\",\"@id\":\"https:\\\/\\\/rheinhessenblog.de\\\/lebendige-geschichte-mit-johannes-gutenberg-hoechstpersoenlich-durch-mainz\\\/#primaryimage\",\"url\":\"https:\\\/\\\/rheinhessenblog.de\\\/wp-content\\\/uploads\\\/2020\\\/08\\\/mainz-gutenberg-kirschgarten-scaled-1.jpg\",\"contentUrl\":\"https:\\\/\\\/rheinhessenblog.de\\\/wp-content\\\/uploads\\\/2020\\\/08\\\/mainz-gutenberg-kirschgarten-scaled-1.jpg\",\"width\":1707,\"height\":2560,\"caption\":\"Gutenberg\"},{\"@type\":\"BreadcrumbList\",\"@id\":\"https:\\\/\\\/rheinhessenblog.de\\\/lebendige-geschichte-mit-johannes-gutenberg-hoechstpersoenlich-durch-mainz\\\/#breadcrumb\",\"itemListElement\":[{\"@type\":\"ListItem\",\"position\":1,\"name\":\"Startseite\",\"item\":\"https:\\\/\\\/rheinhessenblog.de\\\/\"},{\"@type\":\"ListItem\",\"position\":2,\"name\":\"Lebendige Geschichte: Mit Johannes Gutenberg h\u00f6chstpers\u00f6nlich durch Mainz\"}]},{\"@type\":\"WebSite\",\"@id\":\"https:\\\/\\\/rheinhessenblog.de\\\/#website\",\"url\":\"https:\\\/\\\/rheinhessenblog.de\\\/\",\"name\":\"Rheinhessen-Blog\",\"description\":\"\",\"publisher\":{\"@id\":\"https:\\\/\\\/rheinhessenblog.de\\\/#organization\"},\"potentialAction\":[{\"@type\":\"SearchAction\",\"target\":{\"@type\":\"EntryPoint\",\"urlTemplate\":\"https:\\\/\\\/rheinhessenblog.de\\\/?s={search_term_string}\"},\"query-input\":{\"@type\":\"PropertyValueSpecification\",\"valueRequired\":true,\"valueName\":\"search_term_string\"}}],\"inLanguage\":\"fr-FR\"},{\"@type\":\"Organization\",\"@id\":\"https:\\\/\\\/rheinhessenblog.de\\\/#organization\",\"name\":\"Rheinhessen-Blog\",\"url\":\"https:\\\/\\\/rheinhessenblog.de\\\/\",\"logo\":{\"@type\":\"ImageObject\",\"inLanguage\":\"fr-FR\",\"@id\":\"https:\\\/\\\/rheinhessenblog.de\\\/#\\\/schema\\\/logo\\\/image\\\/\",\"url\":\"https:\\\/\\\/rheinhessenblog.de\\\/wp-content\\\/uploads\\\/2023\\\/07\\\/Rheinhessenlogo.svg\",\"contentUrl\":\"https:\\\/\\\/rheinhessenblog.de\\\/wp-content\\\/uploads\\\/2023\\\/07\\\/Rheinhessenlogo.svg\",\"width\":85,\"height\":26,\"caption\":\"Rheinhessen-Blog\"},\"image\":{\"@id\":\"https:\\\/\\\/rheinhessenblog.de\\\/#\\\/schema\\\/logo\\\/image\\\/\"}},{\"@type\":\"Person\",\"@id\":\"https:\\\/\\\/rheinhessenblog.de\\\/#\\\/schema\\\/person\\\/1be824f14844c580508225f586044717\",\"name\":\"Natalie Teschauer\",\"description\":\"Als externe Autorin f\u00fcr den Rheinhessen-Blog nehme ich Euch gerne mit auf meine Entdeckungstouren durch Rheinhessen. Mit Kamera und Notizbuch immer im Gep\u00e4ck, erkunde ich die Region der tausend Hiwwel, lerne die Vielfalt des Weins kennen und treffe gastfreundliche Rheinhessen.\",\"url\":\"https:\\\/\\\/rheinhessenblog.de\\\/fr\\\/author\\\/teschauer\\\/\"}]}<\/script>\n<!-- \/ Yoast SEO plugin. -->","yoast_head_json":{"title":"L'histoire vivante : avec Johannes Gutenberg en personne \u00e0 travers Mayence - Rheinhessen-Blog","description":"Johannes Gutenberg, l'inventeur de l'imprimerie moderne, est un vrai habitant de Mayence. Dans la capitale du Land de Rh\u00e9nanie-Palatinat, vous pouvez marcher sur ses traces - et m\u00eame le faire avec lui !","robots":{"index":"index","follow":"follow","max-snippet":"max-snippet:-1","max-image-preview":"max-image-preview:large","max-video-preview":"max-video-preview:-1"},"canonical":"https:\/\/rheinhessenblog.de\/fr\/lhistoire-vivante-avec-johannes-gutenberg-a-travers-la-ville-de-mainz\/","og_locale":"fr_FR","og_type":"article","og_title":"Lebendige Geschichte: Mit Johannes Gutenberg h\u00f6chstpers\u00f6nlich durch Mainz - Rheinhessen-Blog","og_description":"Johannes Gutenberg, der Erfinder des modernen Buchdrucks, ist ein waschechter Mainzer. In der Landeshauptstadt von Rheinland-Pfalz k\u00f6nnt Ihr auf seinen Spuren wandeln \u2013 und das sogar mit ihm gemeinsam!","og_url":"https:\/\/rheinhessenblog.de\/fr\/lhistoire-vivante-avec-johannes-gutenberg-a-travers-la-ville-de-mainz\/","og_site_name":"Rheinhessen-Blog","article_published_time":"2020-12-02T16:01:37+00:00","article_modified_time":"2025-10-31T13:26:13+00:00","og_image":[{"width":1707,"height":2560,"url":"https:\/\/rheinhessenblog.de\/wp-content\/uploads\/2020\/08\/mainz-gutenberg-kirschgarten-scaled-1.jpg","type":"image\/jpeg"}],"author":"Natalie Teschauer","twitter_card":"summary_large_image","twitter_misc":{"\u00c9crit par":"Natalie Teschauer","Dur\u00e9e de lecture estim\u00e9e":"7 minutes"},"schema":{"@context":"https:\/\/schema.org","@graph":[{"@type":"Article","@id":"https:\/\/rheinhessenblog.de\/lebendige-geschichte-mit-johannes-gutenberg-hoechstpersoenlich-durch-mainz\/#article","isPartOf":{"@id":"https:\/\/rheinhessenblog.de\/lebendige-geschichte-mit-johannes-gutenberg-hoechstpersoenlich-durch-mainz\/"},"author":{"name":"Natalie Teschauer","@id":"https:\/\/rheinhessenblog.de\/#\/schema\/person\/1be824f14844c580508225f586044717"},"headline":"Lebendige Geschichte: Mit Johannes Gutenberg h\u00f6chstpers\u00f6nlich durch Mainz","datePublished":"2020-12-02T16:01:37+00:00","dateModified":"2025-10-31T13:26:13+00:00","mainEntityOfPage":{"@id":"https:\/\/rheinhessenblog.de\/lebendige-geschichte-mit-johannes-gutenberg-hoechstpersoenlich-durch-mainz\/"},"wordCount":960,"commentCount":0,"publisher":{"@id":"https:\/\/rheinhessenblog.de\/#organization"},"image":{"@id":"https:\/\/rheinhessenblog.de\/lebendige-geschichte-mit-johannes-gutenberg-hoechstpersoenlich-durch-mainz\/#primaryimage"},"thumbnailUrl":"https:\/\/rheinhessenblog.de\/wp-content\/uploads\/2020\/08\/mainz-gutenberg-kirschgarten-scaled-1.jpg","articleSection":["Kultur entdecken"],"inLanguage":"fr-FR","potentialAction":[{"@type":"CommentAction","name":"Comment","target":["https:\/\/rheinhessenblog.de\/lebendige-geschichte-mit-johannes-gutenberg-hoechstpersoenlich-durch-mainz\/#respond"]}]},{"@type":"WebPage","@id":"https:\/\/rheinhessenblog.de\/lebendige-geschichte-mit-johannes-gutenberg-hoechstpersoenlich-durch-mainz\/","url":"https:\/\/rheinhessenblog.de\/lebendige-geschichte-mit-johannes-gutenberg-hoechstpersoenlich-durch-mainz\/","name":"L'histoire vivante : avec Johannes Gutenberg en personne \u00e0 travers Mayence - Rheinhessen-Blog","isPartOf":{"@id":"https:\/\/rheinhessenblog.de\/#website"},"primaryImageOfPage":{"@id":"https:\/\/rheinhessenblog.de\/lebendige-geschichte-mit-johannes-gutenberg-hoechstpersoenlich-durch-mainz\/#primaryimage"},"image":{"@id":"https:\/\/rheinhessenblog.de\/lebendige-geschichte-mit-johannes-gutenberg-hoechstpersoenlich-durch-mainz\/#primaryimage"},"thumbnailUrl":"https:\/\/rheinhessenblog.de\/wp-content\/uploads\/2020\/08\/mainz-gutenberg-kirschgarten-scaled-1.jpg","datePublished":"2020-12-02T16:01:37+00:00","dateModified":"2025-10-31T13:26:13+00:00","description":"Johannes Gutenberg, l'inventeur de l'imprimerie moderne, est un vrai habitant de Mayence. Dans la capitale du Land de Rh\u00e9nanie-Palatinat, vous pouvez marcher sur ses traces - et m\u00eame le faire avec lui !","breadcrumb":{"@id":"https:\/\/rheinhessenblog.de\/lebendige-geschichte-mit-johannes-gutenberg-hoechstpersoenlich-durch-mainz\/#breadcrumb"},"inLanguage":"fr-FR","potentialAction":[{"@type":"ReadAction","target":["https:\/\/rheinhessenblog.de\/lebendige-geschichte-mit-johannes-gutenberg-hoechstpersoenlich-durch-mainz\/"]}]},{"@type":"ImageObject","inLanguage":"fr-FR","@id":"https:\/\/rheinhessenblog.de\/lebendige-geschichte-mit-johannes-gutenberg-hoechstpersoenlich-durch-mainz\/#primaryimage","url":"https:\/\/rheinhessenblog.de\/wp-content\/uploads\/2020\/08\/mainz-gutenberg-kirschgarten-scaled-1.jpg","contentUrl":"https:\/\/rheinhessenblog.de\/wp-content\/uploads\/2020\/08\/mainz-gutenberg-kirschgarten-scaled-1.jpg","width":1707,"height":2560,"caption":"Gutenberg"},{"@type":"BreadcrumbList","@id":"https:\/\/rheinhessenblog.de\/lebendige-geschichte-mit-johannes-gutenberg-hoechstpersoenlich-durch-mainz\/#breadcrumb","itemListElement":[{"@type":"ListItem","position":1,"name":"Startseite","item":"https:\/\/rheinhessenblog.de\/"},{"@type":"ListItem","position":2,"name":"Lebendige Geschichte: Mit Johannes Gutenberg h\u00f6chstpers\u00f6nlich durch Mainz"}]},{"@type":"WebSite","@id":"https:\/\/rheinhessenblog.de\/#website","url":"https:\/\/rheinhessenblog.de\/","name":"Blog de la Hesse rh\u00e9nane","description":"","publisher":{"@id":"https:\/\/rheinhessenblog.de\/#organization"},"potentialAction":[{"@type":"SearchAction","target":{"@type":"EntryPoint","urlTemplate":"https:\/\/rheinhessenblog.de\/?s={search_term_string}"},"query-input":{"@type":"PropertyValueSpecification","valueRequired":true,"valueName":"search_term_string"}}],"inLanguage":"fr-FR"},{"@type":"Organization","@id":"https:\/\/rheinhessenblog.de\/#organization","name":"Blog de la Hesse rh\u00e9nane","url":"https:\/\/rheinhessenblog.de\/","logo":{"@type":"ImageObject","inLanguage":"fr-FR","@id":"https:\/\/rheinhessenblog.de\/#\/schema\/logo\/image\/","url":"https:\/\/rheinhessenblog.de\/wp-content\/uploads\/2023\/07\/Rheinhessenlogo.svg","contentUrl":"https:\/\/rheinhessenblog.de\/wp-content\/uploads\/2023\/07\/Rheinhessenlogo.svg","width":85,"height":26,"caption":"Rheinhessen-Blog"},"image":{"@id":"https:\/\/rheinhessenblog.de\/#\/schema\/logo\/image\/"}},{"@type":"Person","@id":"https:\/\/rheinhessenblog.de\/#\/schema\/person\/1be824f14844c580508225f586044717","name":"Natalie Teschauer","description":"En tant qu'auteur externe pour le blog de la Hesse rh\u00e9nane, je vous emm\u00e8ne volontiers \u00e0 la d\u00e9couverte de la Hesse rh\u00e9nane. Toujours munie d'un appareil photo et d'un carnet de notes, j'explore la r\u00e9gion des mille merveilles, j'apprends \u00e0 conna\u00eetre la diversit\u00e9 du vin et je rencontre des Rh\u00e9nans accueillants.","url":"https:\/\/rheinhessenblog.de\/fr\/author\/teschauer\/"}]}},"_links":{"self":[{"href":"https:\/\/rheinhessenblog.de\/fr\/wp-json\/wp\/v2\/posts\/5303","targetHints":{"allow":["GET"]}}],"collection":[{"href":"https:\/\/rheinhessenblog.de\/fr\/wp-json\/wp\/v2\/posts"}],"about":[{"href":"https:\/\/rheinhessenblog.de\/fr\/wp-json\/wp\/v2\/types\/post"}],"author":[{"embeddable":true,"href":"https:\/\/rheinhessenblog.de\/fr\/wp-json\/wp\/v2\/users\/26"}],"replies":[{"embeddable":true,"href":"https:\/\/rheinhessenblog.de\/fr\/wp-json\/wp\/v2\/comments?post=5303"}],"version-history":[{"count":8,"href":"https:\/\/rheinhessenblog.de\/fr\/wp-json\/wp\/v2\/posts\/5303\/revisions"}],"predecessor-version":[{"id":16983,"href":"https:\/\/rheinhessenblog.de\/fr\/wp-json\/wp\/v2\/posts\/5303\/revisions\/16983"}],"wp:featuredmedia":[{"embeddable":true,"href":"https:\/\/rheinhessenblog.de\/fr\/wp-json\/wp\/v2\/media\/5310"}],"wp:attachment":[{"href":"https:\/\/rheinhessenblog.de\/fr\/wp-json\/wp\/v2\/media?parent=5303"}],"wp:term":[{"taxonomy":"category","embeddable":true,"href":"https:\/\/rheinhessenblog.de\/fr\/wp-json\/wp\/v2\/categories?post=5303"},{"taxonomy":"post_tag","embeddable":true,"href":"https:\/\/rheinhessenblog.de\/fr\/wp-json\/wp\/v2\/tags?post=5303"}],"curies":[{"name":"wp","href":"https:\/\/api.w.org\/{rel}","templated":true}]}}