{"id":5775,"date":"2025-02-12T15:31:19","date_gmt":"2025-02-12T14:31:19","guid":{"rendered":"http:\/\/blog.rheinhessen.de\/?p=5775"},"modified":"2025-02-12T16:13:25","modified_gmt":"2025-02-12T15:13:25","slug":"cathedrale-de-mainz-dioezesanmuseum","status":"publish","type":"post","link":"https:\/\/rheinhessenblog.de\/fr\/dom-mainz-dioezesanmuseum\/","title":{"rendered":"Mayence sans sa cath\u00e9drale n'est pas Mayence"},"content":{"rendered":"<div data-elementor-type=\"wp-post\" data-elementor-id=\"5775\" class=\"elementor elementor-5775\" data-elementor-settings=\"{&quot;ha_cmc_init_switcher&quot;:&quot;no&quot;}\" data-elementor-post-type=\"post\">\n\t\t\t\t<div class=\"elementor-element elementor-element-284eb9fb e-flex e-con-boxed e-con e-parent\" data-id=\"284eb9fb\" data-element_type=\"container\" data-e-type=\"container\" data-settings=\"{&quot;_ha_eqh_enable&quot;:false}\">\n\t\t\t\t\t<div class=\"e-con-inner\">\n\t\t\t\t<div class=\"elementor-element elementor-element-cbcdf17 elementor-widget elementor-widget-text-editor\" data-id=\"cbcdf17\" data-element_type=\"widget\" data-e-type=\"widget\" data-widget_type=\"text-editor.default\">\n\t\t\t\t<div class=\"elementor-widget-container\">\n\t\t\t\t\t\t\t\t\t<p>Cet article a \u00e9t\u00e9 publi\u00e9 le 18.02.2021 et mis \u00e0 jour le 12.02.2025.<\/p>\t\t\t\t\t\t\t\t<\/div>\n\t\t\t\t<\/div>\n\t\t\t\t<div class=\"elementor-element elementor-element-4449de50 elementor-widget elementor-widget-text-editor\" data-id=\"4449de50\" data-element_type=\"widget\" data-e-type=\"widget\" data-widget_type=\"text-editor.default\">\n\t\t\t\t<div class=\"elementor-widget-container\">\n\t\t\t\t\t\t\t\t\t\n<h2 class=\"wp-block-heading\">Visite de la cath\u00e9drale de Mayence avec le directeur du mus\u00e9e \u00e9piscopal de la cath\u00e9drale et du dioc\u00e8se<\/h2>\n\n<figure class=\"wp-block-image size-large\"><img fetchpriority=\"high\" decoding=\"async\" width=\"1024\" height=\"683\" class=\"wp-image-5776\" src=\"https:\/\/rheinhessenblog.de\/wp-content\/uploads\/2020\/12\/IMG_0190-scaled-1-1024x683.jpg\" alt=\"\" srcset=\"https:\/\/rheinhessenblog.de\/wp-content\/uploads\/2020\/12\/IMG_0190-scaled-1-1024x683.jpg 1024w, https:\/\/rheinhessenblog.de\/wp-content\/uploads\/2020\/12\/IMG_0190-scaled-1-300x200.jpg 300w, https:\/\/rheinhessenblog.de\/wp-content\/uploads\/2020\/12\/IMG_0190-scaled-1-768x512.jpg 768w, https:\/\/rheinhessenblog.de\/wp-content\/uploads\/2020\/12\/IMG_0190-scaled-1-1536x1024.jpg 1536w, https:\/\/rheinhessenblog.de\/wp-content\/uploads\/2020\/12\/IMG_0190-scaled-1-2048x1366.jpg 2048w\" sizes=\"(max-width: 1024px) 100vw, 1024px\" \/><\/figure>\n\n<p class=\"has-text-align-left\">Construit en <a href=\"https:\/\/www.rheinhessen.de\/der-dom-zu-mainz-rheinhessen\" target=\"_blank\" rel=\"noreferrer noopener\" aria-label=\"Dom zu Mainz (s&#039;ouvre dans un nouvel onglet)\">Cath\u00e9drale de Mayence<\/a> il y a plus de mille ans comme \u00e9glise de couronnement de l'Empire et comme image de l'ancienne basilique Saint-Pierre de Rome. L'\u00e9difice, autrefois con\u00e7u comme une basilique romane \u00e0 piliers \u00e0 trois nefs, \u00e9tait le si\u00e8ge du deuxi\u00e8me homme de l'\u00c9tat dans le Saint Empire romain germanique. C'est de l\u00e0 que r\u00e9gnaient l'archichancelier et le directeur du coll\u00e8ge des princes-\u00e9lecteurs. La cath\u00e9drale de Mayence est le point culminant et le c\u0153ur de la ville de Mayence. J'ai rendez-vous avec le Dr Winfried Wilhelmy, directeur du mus\u00e9e \u00e9piscopal de la cath\u00e9drale et du dioc\u00e8se de Mayence. Il me fera visiter la maison de Dieu et le mus\u00e9e derri\u00e8re les murs de gr\u00e8s rouge\u00e2tre.<\/p>\n\n<figure class=\"wp-block-image size-large\"><img decoding=\"async\" width=\"683\" height=\"1024\" class=\"wp-image-5777\" src=\"https:\/\/rheinhessenblog.de\/wp-content\/uploads\/2020\/12\/IMG_2382-scaled-1-683x1024.jpg\" alt=\"\" srcset=\"https:\/\/rheinhessenblog.de\/wp-content\/uploads\/2020\/12\/IMG_2382-scaled-1-683x1024.jpg 683w, https:\/\/rheinhessenblog.de\/wp-content\/uploads\/2020\/12\/IMG_2382-scaled-1-200x300.jpg 200w, https:\/\/rheinhessenblog.de\/wp-content\/uploads\/2020\/12\/IMG_2382-scaled-1-768x1152.jpg 768w, https:\/\/rheinhessenblog.de\/wp-content\/uploads\/2020\/12\/IMG_2382-scaled-1-1024x1536.jpg 1024w, https:\/\/rheinhessenblog.de\/wp-content\/uploads\/2020\/12\/IMG_2382-scaled-1-1366x2048.jpg 1366w, https:\/\/rheinhessenblog.de\/wp-content\/uploads\/2020\/12\/IMG_2382-scaled-1.jpg 1707w\" sizes=\"(max-width: 683px) 100vw, 683px\" \/><\/figure>\n\n<h3 class=\"wp-block-heading\"><strong>Sur les traces de l'histoire<\/strong> \u00e0 Mayence<\/h3>\n\n<p>Le site <a href=\"https:\/\/www.dommuseum-mainz.de\/\" target=\"_blank\" rel=\"noreferrer noopener\" aria-label=\"Mus\u00e9e de la cath\u00e9drale (s&#039;ouvre dans un nouvel onglet)\">Mus\u00e9e de la cath\u00e9drale<\/a> se trouve dans les anciennes salles capitulaires et dans le clo\u00eetre d'origine de la cath\u00e9drale de Mayence. C'est ici, dans le clo\u00eetre, que je rencontre le Dr Wilhelmy. Nous marchons litt\u00e9ralement sur les traces de l'histoire. Le sol sous nos pieds est en partie constitu\u00e9 d'anciennes pierres tombales. Elles sont les t\u00e9moins de l'ancienne destination de ce lieu. Le clo\u00eetre \u00e9tait un lieu d'inhumation, mais aussi un lien entre les salles capitulaires et l'\u00e9glise.<\/p>\n\n<figure class=\"wp-block-image size-large\"><img decoding=\"async\" width=\"1024\" height=\"683\" class=\"wp-image-5778\" src=\"https:\/\/rheinhessenblog.de\/wp-content\/uploads\/2020\/12\/IMG_2394-scaled-1-1024x683.jpg\" alt=\"Clo\u00eetre de la cath\u00e9drale de Mayence\" srcset=\"https:\/\/rheinhessenblog.de\/wp-content\/uploads\/2020\/12\/IMG_2394-scaled-1-1024x683.jpg 1024w, https:\/\/rheinhessenblog.de\/wp-content\/uploads\/2020\/12\/IMG_2394-scaled-1-300x200.jpg 300w, https:\/\/rheinhessenblog.de\/wp-content\/uploads\/2020\/12\/IMG_2394-scaled-1-768x512.jpg 768w, https:\/\/rheinhessenblog.de\/wp-content\/uploads\/2020\/12\/IMG_2394-scaled-1-1536x1024.jpg 1536w, https:\/\/rheinhessenblog.de\/wp-content\/uploads\/2020\/12\/IMG_2394-scaled-1-2048x1366.jpg 2048w\" sizes=\"(max-width: 1024px) 100vw, 1024px\" \/>\n<figcaption class=\"wp-element-caption\">Clo\u00eetre de la cath\u00e9drale de Mayence<\/figcaption>\n<\/figure>\n\n<p>Les murs de gr\u00e8s sont ouverts sur la cour int\u00e9rieure par de grandes arches de fen\u00eatres, mais je sens d\u00e9j\u00e0 la fra\u00eecheur et le calme qui se d\u00e9gagent de ces murs \u00e9pais. J'ai compl\u00e8tement laiss\u00e9 derri\u00e8re moi le march\u00e9 anim\u00e9 de l'autre c\u00f4t\u00e9 des pierres.<\/p>\n\n<figure class=\"wp-block-image size-large\"><img loading=\"lazy\" decoding=\"async\" width=\"683\" height=\"1024\" class=\"wp-image-5779\" src=\"https:\/\/rheinhessenblog.de\/wp-content\/uploads\/2020\/12\/IMG_3699-scaled-1-683x1024.jpg\" alt=\"\" srcset=\"https:\/\/rheinhessenblog.de\/wp-content\/uploads\/2020\/12\/IMG_3699-scaled-1-683x1024.jpg 683w, https:\/\/rheinhessenblog.de\/wp-content\/uploads\/2020\/12\/IMG_3699-scaled-1-200x300.jpg 200w, https:\/\/rheinhessenblog.de\/wp-content\/uploads\/2020\/12\/IMG_3699-scaled-1-768x1152.jpg 768w, https:\/\/rheinhessenblog.de\/wp-content\/uploads\/2020\/12\/IMG_3699-scaled-1-1024x1536.jpg 1024w, https:\/\/rheinhessenblog.de\/wp-content\/uploads\/2020\/12\/IMG_3699-scaled-1-1366x2048.jpg 1366w, https:\/\/rheinhessenblog.de\/wp-content\/uploads\/2020\/12\/IMG_3699-scaled-1.jpg 1707w\" sizes=\"(max-width: 683px) 100vw, 683px\" \/><\/figure>\n\n<h3 class=\"wp-block-heading\"><strong>\u201eDepuis des si\u00e8cles, les choses avancent d'une mani\u00e8re ou d'une autre\u201c<\/strong><\/h3>\n\n<p>Nous nous approchons de la cath\u00e9drale et entrons en chemin dans l'endroit pr\u00e9f\u00e9r\u00e9 du Dr Wilhelmy, le M\u00e9morial. Celle-ci fait partie de l'aile ouest du clo\u00eetre. Dans les premi\u00e8res ann\u00e9es apr\u00e8s 1200, il s'agissait d'une salle capitulaire ayant le caract\u00e8re d'une salle de r\u00e9union. Cette pi\u00e8ce est beaucoup plus pr\u00e9sente dans l'esprit du Dr Winfried Wilhelmy en tant que lieu d'inhumation et de comm\u00e9moration des morts.  C'est de l\u00e0 que vient son nom : Memorie. Le Dr Wilhelmy m'explique sa fascination pour cette partie de la cath\u00e9drale : \u201eElle respire justement cette comm\u00e9moration des morts, que je trouve pourtant si touchante, parce qu'on peut tout simplement y suivre cette succession de vies et de morts comme dans aucun autre endroit de la cath\u00e9drale\u201c. Je suis ses paroles et je remarque que l'id\u00e9e de la mort dans ce lieu n'est pas si effrayante. \u201eJe trouve que c'est une pens\u00e9e tr\u00e8s r\u00e9confortante de se tenir dans cette pi\u00e8ce et de savoir que l'on fait partie d'un tout. Mais d'une certaine mani\u00e8re, la vie continue\u201c, c'est ainsi que le Dr Wilhelmy le d\u00e9crit. Je ne peux qu'\u00eatre d'accord avec lui.<\/p>\n\n<figure class=\"wp-block-image size-large\"><img loading=\"lazy\" decoding=\"async\" width=\"1024\" height=\"575\" class=\"wp-image-5780\" src=\"https:\/\/rheinhessenblog.de\/wp-content\/uploads\/2020\/12\/memorie-mainzer-dom-1024x575.jpg\" alt=\"\" srcset=\"https:\/\/rheinhessenblog.de\/wp-content\/uploads\/2020\/12\/memorie-mainzer-dom-1024x575.jpg 1024w, https:\/\/rheinhessenblog.de\/wp-content\/uploads\/2020\/12\/memorie-mainzer-dom-300x168.jpg 300w, https:\/\/rheinhessenblog.de\/wp-content\/uploads\/2020\/12\/memorie-mainzer-dom-768x431.jpg 768w, https:\/\/rheinhessenblog.de\/wp-content\/uploads\/2020\/12\/memorie-mainzer-dom-1536x862.jpg 1536w, https:\/\/rheinhessenblog.de\/wp-content\/uploads\/2020\/12\/memorie-mainzer-dom.jpg 1784w\" sizes=\"(max-width: 1024px) 100vw, 1024px\" \/><\/figure>\n\n<p>Mon regard se prom\u00e8ne dans la pi\u00e8ce presque carr\u00e9e. L'architecture du m\u00e9morial symbolise le fait qu'il faut aller toujours plus loin. D'un c\u00f4t\u00e9, il y a un grand portail roman. Ce t\u00e9moin de la premi\u00e8re heure a entre-temps \u00e9t\u00e9 mur\u00e9. En revanche, un portail gothique se trouve en face et t\u00e9moigne de la phase de construction suivante de la cath\u00e9drale de Mayence et d'une autre \u00e9poque.<\/p>\n\n<figure class=\"wp-block-image size-large\"><img loading=\"lazy\" decoding=\"async\" width=\"1024\" height=\"683\" class=\"wp-image-5781\" src=\"https:\/\/rheinhessenblog.de\/wp-content\/uploads\/2020\/12\/IMG_8589-scaled-1-1024x683.jpg\" alt=\"\" srcset=\"https:\/\/rheinhessenblog.de\/wp-content\/uploads\/2020\/12\/IMG_8589-scaled-1-1024x683.jpg 1024w, https:\/\/rheinhessenblog.de\/wp-content\/uploads\/2020\/12\/IMG_8589-scaled-1-300x200.jpg 300w, https:\/\/rheinhessenblog.de\/wp-content\/uploads\/2020\/12\/IMG_8589-scaled-1-768x512.jpg 768w, https:\/\/rheinhessenblog.de\/wp-content\/uploads\/2020\/12\/IMG_8589-scaled-1-1536x1024.jpg 1536w, https:\/\/rheinhessenblog.de\/wp-content\/uploads\/2020\/12\/IMG_8589-scaled-1-2048x1366.jpg 2048w\" sizes=\"(max-width: 1024px) 100vw, 1024px\" \/><\/figure>\n\n<p>La cath\u00e9drale de Mayence est, avec celles de Spire et de Worms, l'une des trois cath\u00e9drales imp\u00e9riales rh\u00e9nanes. En tant que telle, elle documente plus de mille ans d'histoire de l'Empire allemand. Au cours de son histoire, elle a connu plusieurs incendies et destructions. La cath\u00e9drale a toujours \u00e9t\u00e9 r\u00e9nov\u00e9e et compl\u00e9t\u00e9e par de nouveaux principes architecturaux. Il est donc d'autant plus impressionnant que la cath\u00e9drale de Mayence ait conserv\u00e9 une telle quantit\u00e9 d'objets, de plaques fun\u00e9raires, de chaires, de statues et de peintures. Ces collections en font quelque chose d'unique, me raconte le Dr Wilhelmy.<\/p>\n\n<figure class=\"wp-block-image size-large\"><img loading=\"lazy\" decoding=\"async\" width=\"1024\" height=\"683\" class=\"wp-image-5782\" src=\"https:\/\/rheinhessenblog.de\/wp-content\/uploads\/2020\/12\/IMG_8692-scaled-1-1024x683.jpg\" alt=\"\" srcset=\"https:\/\/rheinhessenblog.de\/wp-content\/uploads\/2020\/12\/IMG_8692-scaled-1-1024x683.jpg 1024w, https:\/\/rheinhessenblog.de\/wp-content\/uploads\/2020\/12\/IMG_8692-scaled-1-300x200.jpg 300w, https:\/\/rheinhessenblog.de\/wp-content\/uploads\/2020\/12\/IMG_8692-scaled-1-768x512.jpg 768w, https:\/\/rheinhessenblog.de\/wp-content\/uploads\/2020\/12\/IMG_8692-scaled-1-1536x1024.jpg 1536w, https:\/\/rheinhessenblog.de\/wp-content\/uploads\/2020\/12\/IMG_8692-scaled-1-2048x1366.jpg 2048w\" sizes=\"(max-width: 1024px) 100vw, 1024px\" \/><\/figure>\n\n<figure class=\"wp-block-image size-large\"><img loading=\"lazy\" decoding=\"async\" width=\"683\" height=\"1024\" class=\"wp-image-5783\" src=\"https:\/\/rheinhessenblog.de\/wp-content\/uploads\/2020\/12\/IMG_8659-scaled-1-683x1024.jpg\" alt=\"\" srcset=\"https:\/\/rheinhessenblog.de\/wp-content\/uploads\/2020\/12\/IMG_8659-scaled-1-683x1024.jpg 683w, https:\/\/rheinhessenblog.de\/wp-content\/uploads\/2020\/12\/IMG_8659-scaled-1-200x300.jpg 200w, https:\/\/rheinhessenblog.de\/wp-content\/uploads\/2020\/12\/IMG_8659-scaled-1-768x1152.jpg 768w, https:\/\/rheinhessenblog.de\/wp-content\/uploads\/2020\/12\/IMG_8659-scaled-1-1024x1536.jpg 1024w, https:\/\/rheinhessenblog.de\/wp-content\/uploads\/2020\/12\/IMG_8659-scaled-1-1366x2048.jpg 1366w, https:\/\/rheinhessenblog.de\/wp-content\/uploads\/2020\/12\/IMG_8659-scaled-1.jpg 1707w\" sizes=\"(max-width: 683px) 100vw, 683px\" \/><\/figure>\n\n<p>Nous entrons dans la cath\u00e9drale par le portail gothique. \u00c0 travers les vitraux, des rayons de soleil color\u00e9s tombent sur les murs de gr\u00e8s clair.<\/p>\n\n<figure class=\"wp-block-image size-large\"><img loading=\"lazy\" decoding=\"async\" width=\"1024\" height=\"683\" class=\"wp-image-5784\" src=\"https:\/\/rheinhessenblog.de\/wp-content\/uploads\/2020\/12\/IMG_8664-scaled-1-1024x683.jpg\" alt=\"\" srcset=\"https:\/\/rheinhessenblog.de\/wp-content\/uploads\/2020\/12\/IMG_8664-scaled-1-1024x683.jpg 1024w, https:\/\/rheinhessenblog.de\/wp-content\/uploads\/2020\/12\/IMG_8664-scaled-1-300x200.jpg 300w, https:\/\/rheinhessenblog.de\/wp-content\/uploads\/2020\/12\/IMG_8664-scaled-1-768x512.jpg 768w, https:\/\/rheinhessenblog.de\/wp-content\/uploads\/2020\/12\/IMG_8664-scaled-1-1536x1024.jpg 1536w, https:\/\/rheinhessenblog.de\/wp-content\/uploads\/2020\/12\/IMG_8664-scaled-1-2048x1366.jpg 2048w\" sizes=\"(max-width: 1024px) 100vw, 1024px\" \/><\/figure>\n\n<h3 class=\"wp-block-heading\"><strong>Invit\u00e9 dans les salles sacr\u00e9es<\/strong><\/h3>\n\n<p>Je suis subjugu\u00e9 par le calme ainsi que par la taille et l'\u00e9tendue de la cath\u00e9drale. Pendant la messe du soir, ces salles seront \u00e0 nouveau remplies de vie.<\/p>\n\n<figure class=\"wp-block-image size-large\"><img loading=\"lazy\" decoding=\"async\" width=\"1024\" height=\"683\" class=\"wp-image-5785\" src=\"https:\/\/rheinhessenblog.de\/wp-content\/uploads\/2020\/12\/IMG_8647-scaled-1-1024x683.jpg\" alt=\"Cath\u00e9drale de Mayence Nef centrale\" srcset=\"https:\/\/rheinhessenblog.de\/wp-content\/uploads\/2020\/12\/IMG_8647-scaled-1-1024x683.jpg 1024w, https:\/\/rheinhessenblog.de\/wp-content\/uploads\/2020\/12\/IMG_8647-scaled-1-300x200.jpg 300w, https:\/\/rheinhessenblog.de\/wp-content\/uploads\/2020\/12\/IMG_8647-scaled-1-768x512.jpg 768w, https:\/\/rheinhessenblog.de\/wp-content\/uploads\/2020\/12\/IMG_8647-scaled-1-1536x1024.jpg 1536w, https:\/\/rheinhessenblog.de\/wp-content\/uploads\/2020\/12\/IMG_8647-scaled-1-2048x1366.jpg 2048w\" sizes=\"(max-width: 1024px) 100vw, 1024px\" \/>\n<figcaption class=\"wp-element-caption\">Cath\u00e9drale de Mayence Nef centrale<\/figcaption>\n<\/figure>\n\n<p>Nous d\u00e9ambulons dans la cath\u00e9drale et le Dr Wilhelmy me parle de la grande importance de la cath\u00e9drale pour Mayence. Lorsque c'est le march\u00e9 hebdomadaire, la cath\u00e9drale de Mayence rassemble autour d'elle tous les citoyens et toutes les personnes int\u00e9ress\u00e9es. \u201eC'est le c\u0153ur de la ville. Mayence sans cath\u00e9drale, ce n'est pas Mayence\u201c.\u201c<\/p>\n\n<figure class=\"wp-block-image size-large\"><img loading=\"lazy\" decoding=\"async\" width=\"683\" height=\"1024\" class=\"wp-image-4298\" src=\"https:\/\/rheinhessenblog.de\/wp-content\/uploads\/2019\/11\/mainz-lebenslust-wochenmarkt-1-683x1024.jpg\" alt=\"\" srcset=\"https:\/\/rheinhessenblog.de\/wp-content\/uploads\/2019\/11\/mainz-lebenslust-wochenmarkt-1-683x1024.jpg 683w, https:\/\/rheinhessenblog.de\/wp-content\/uploads\/2019\/11\/mainz-lebenslust-wochenmarkt-1-200x300.jpg 200w, https:\/\/rheinhessenblog.de\/wp-content\/uploads\/2019\/11\/mainz-lebenslust-wochenmarkt-1-768x1152.jpg 768w, https:\/\/rheinhessenblog.de\/wp-content\/uploads\/2019\/11\/mainz-lebenslust-wochenmarkt-1-1024x1536.jpg 1024w, https:\/\/rheinhessenblog.de\/wp-content\/uploads\/2019\/11\/mainz-lebenslust-wochenmarkt-1-1365x2048.jpg 1365w, https:\/\/rheinhessenblog.de\/wp-content\/uploads\/2019\/11\/mainz-lebenslust-wochenmarkt-1-scaled.jpg 1707w\" sizes=\"(max-width: 683px) 100vw, 683px\" \/><\/figure>\n\n<p>Chaque coin de la cath\u00e9drale t\u00e9moigne de sa longue histoire et de son attachement \u00e0 la ville. Dans les vitraux color\u00e9s, je reconnais de pr\u00e8s la mention de tous les archev\u00eaques qui se sont succ\u00e9d\u00e9. Chacun d'entre eux est mentionn\u00e9 nomm\u00e9ment dans son propre carr\u00e9 color\u00e9, avec des dates et un petit croquis.<\/p>\n\n<figure class=\"wp-block-image size-large\"><img loading=\"lazy\" decoding=\"async\" width=\"1024\" height=\"683\" class=\"wp-image-5787\" src=\"https:\/\/rheinhessenblog.de\/wp-content\/uploads\/2020\/12\/IMG_8663-scaled-1-1024x683.jpg\" alt=\"\" srcset=\"https:\/\/rheinhessenblog.de\/wp-content\/uploads\/2020\/12\/IMG_8663-scaled-1-1024x683.jpg 1024w, https:\/\/rheinhessenblog.de\/wp-content\/uploads\/2020\/12\/IMG_8663-scaled-1-300x200.jpg 300w, https:\/\/rheinhessenblog.de\/wp-content\/uploads\/2020\/12\/IMG_8663-scaled-1-768x512.jpg 768w, https:\/\/rheinhessenblog.de\/wp-content\/uploads\/2020\/12\/IMG_8663-scaled-1-1536x1024.jpg 1536w, https:\/\/rheinhessenblog.de\/wp-content\/uploads\/2020\/12\/IMG_8663-scaled-1-2048x1366.jpg 2048w\" sizes=\"(max-width: 1024px) 100vw, 1024px\" \/><\/figure>\n\n<p>Le ma\u00eetre-autel constitue le centre et le point de mire de la cath\u00e9drale. \u00c0 juste titre, car il constitue une petite particularit\u00e9. De mani\u00e8re inhabituelle, le ma\u00eetre-autel est orient\u00e9 vers l'ouest et non vers l'est. Cela s'explique par son mod\u00e8le, l'autel papal de l'ancienne basilique Saint-Pierre de Rome.<\/p>\n\n<figure class=\"wp-block-image size-large\"><img loading=\"lazy\" decoding=\"async\" width=\"1024\" height=\"683\" class=\"wp-image-5788\" src=\"https:\/\/rheinhessenblog.de\/wp-content\/uploads\/2020\/12\/IMG_8666-scaled-1-1024x683.jpg\" alt=\"Cath\u00e9drale de Mayence Ch\u0153ur ouest\" srcset=\"https:\/\/rheinhessenblog.de\/wp-content\/uploads\/2020\/12\/IMG_8666-scaled-1-1024x683.jpg 1024w, https:\/\/rheinhessenblog.de\/wp-content\/uploads\/2020\/12\/IMG_8666-scaled-1-300x200.jpg 300w, https:\/\/rheinhessenblog.de\/wp-content\/uploads\/2020\/12\/IMG_8666-scaled-1-768x512.jpg 768w, https:\/\/rheinhessenblog.de\/wp-content\/uploads\/2020\/12\/IMG_8666-scaled-1-1536x1024.jpg 1536w, https:\/\/rheinhessenblog.de\/wp-content\/uploads\/2020\/12\/IMG_8666-scaled-1-2048x1366.jpg 2048w\" sizes=\"(max-width: 1024px) 100vw, 1024px\" \/>\n<figcaption class=\"wp-element-caption\">Cath\u00e9drale de Mayence Ch\u0153ur ouest<\/figcaption>\n<\/figure>\n\n<h3 class=\"wp-block-heading\"><strong>Le tr\u00e9sor vivant de la cath\u00e9drale<\/strong><\/h3>\n\n<p>Notre chemin vers le mus\u00e9e nous fait passer devant le tr\u00e9sor de la cath\u00e9drale. La collection est expos\u00e9e dans des vitrines en verre bien \u00e9clair\u00e9es. Des panneaux et des arri\u00e8re-plans noirs forment un contraste moderne avec les murs de gr\u00e8s rouge\u00e2tres.<\/p>\n\n<figure class=\"wp-block-image size-large\"><img loading=\"lazy\" decoding=\"async\" width=\"1024\" height=\"714\" class=\"wp-image-5789\" src=\"https:\/\/rheinhessenblog.de\/wp-content\/uploads\/2020\/12\/IMG_8638-scaled-1-1024x714.jpg\" alt=\"\" srcset=\"https:\/\/rheinhessenblog.de\/wp-content\/uploads\/2020\/12\/IMG_8638-scaled-1-1024x714.jpg 1024w, https:\/\/rheinhessenblog.de\/wp-content\/uploads\/2020\/12\/IMG_8638-scaled-1-300x209.jpg 300w, https:\/\/rheinhessenblog.de\/wp-content\/uploads\/2020\/12\/IMG_8638-scaled-1-768x535.jpg 768w, https:\/\/rheinhessenblog.de\/wp-content\/uploads\/2020\/12\/IMG_8638-scaled-1-1536x1070.jpg 1536w, https:\/\/rheinhessenblog.de\/wp-content\/uploads\/2020\/12\/IMG_8638-scaled-1-2048x1427.jpg 2048w\" sizes=\"(max-width: 1024px) 100vw, 1024px\" \/><\/figure>\n\n<p>Le Dr Wilhelmy m'explique que l'on y trouve des pi\u00e8ces dont l'histoire remonte \u00e0 plusieurs si\u00e8cles. Certains objets ne sont pas si anciens et sont m\u00eame toujours utilis\u00e9s par les archev\u00eaques de la cath\u00e9drale. C'est aussi la raison pour laquelle le tr\u00e9sor de la cath\u00e9drale est qualifi\u00e9 de vivant et en pleine croissance.<\/p>\n\n<figure class=\"wp-block-image size-large\"><img loading=\"lazy\" decoding=\"async\" width=\"1024\" height=\"683\" class=\"wp-image-5790\" src=\"https:\/\/rheinhessenblog.de\/wp-content\/uploads\/2020\/12\/IMG_8637-scaled-1-1024x683.jpg\" alt=\"Mayence - Mus\u00e9e de la cath\u00e9drale\" srcset=\"https:\/\/rheinhessenblog.de\/wp-content\/uploads\/2020\/12\/IMG_8637-scaled-1-1024x683.jpg 1024w, https:\/\/rheinhessenblog.de\/wp-content\/uploads\/2020\/12\/IMG_8637-scaled-1-300x200.jpg 300w, https:\/\/rheinhessenblog.de\/wp-content\/uploads\/2020\/12\/IMG_8637-scaled-1-768x512.jpg 768w, https:\/\/rheinhessenblog.de\/wp-content\/uploads\/2020\/12\/IMG_8637-scaled-1-1536x1024.jpg 1536w, https:\/\/rheinhessenblog.de\/wp-content\/uploads\/2020\/12\/IMG_8637-scaled-1-2048x1366.jpg 2048w\" sizes=\"(max-width: 1024px) 100vw, 1024px\" \/>\n<figcaption class=\"wp-element-caption\">Mayence - Mus\u00e9e de la cath\u00e9drale<\/figcaption>\n<\/figure>\n\n<p>Le mus\u00e9e \u00e9piscopal de la cath\u00e9drale et du dioc\u00e8se de Mayence expose pr\u00e8s de 2000 ans d'histoire de l'archev\u00each\u00e9 de Mayence et pr\u00e9sente des peintures, des sculptures, des tr\u00e9sors et des tapisseries. Parmi celles-ci, on trouve des sculptures du ma\u00eetre de Naumburg du 13\u00e8me si\u00e8cle, des meubles d'Abraham Roentgen du 18\u00e8me si\u00e8cle ou des peintures de Lukas Cranach. Le Dr Wilhelmy aime particuli\u00e8rement le contact avec les pi\u00e8ces d'exposition impressionnantes.<\/p>\n\n<figure class=\"wp-block-image size-large\"><img loading=\"lazy\" decoding=\"async\" width=\"683\" height=\"1024\" class=\"wp-image-5791\" src=\"https:\/\/rheinhessenblog.de\/wp-content\/uploads\/2020\/12\/IMG_8632-scaled-1-683x1024.jpg\" alt=\"\" srcset=\"https:\/\/rheinhessenblog.de\/wp-content\/uploads\/2020\/12\/IMG_8632-scaled-1-683x1024.jpg 683w, https:\/\/rheinhessenblog.de\/wp-content\/uploads\/2020\/12\/IMG_8632-scaled-1-200x300.jpg 200w, https:\/\/rheinhessenblog.de\/wp-content\/uploads\/2020\/12\/IMG_8632-scaled-1-768x1152.jpg 768w, https:\/\/rheinhessenblog.de\/wp-content\/uploads\/2020\/12\/IMG_8632-scaled-1-1024x1536.jpg 1024w, https:\/\/rheinhessenblog.de\/wp-content\/uploads\/2020\/12\/IMG_8632-scaled-1-1366x2048.jpg 1366w, https:\/\/rheinhessenblog.de\/wp-content\/uploads\/2020\/12\/IMG_8632-scaled-1.jpg 1707w\" sizes=\"(max-width: 683px) 100vw, 683px\" \/><\/figure>\n\n<figure class=\"wp-block-image size-large\"><img loading=\"lazy\" decoding=\"async\" width=\"683\" height=\"1024\" class=\"wp-image-5792\" src=\"https:\/\/rheinhessenblog.de\/wp-content\/uploads\/2020\/12\/IMG_8575-scaled-1-683x1024.jpg\" alt=\"\" srcset=\"https:\/\/rheinhessenblog.de\/wp-content\/uploads\/2020\/12\/IMG_8575-scaled-1-683x1024.jpg 683w, https:\/\/rheinhessenblog.de\/wp-content\/uploads\/2020\/12\/IMG_8575-scaled-1-200x300.jpg 200w, https:\/\/rheinhessenblog.de\/wp-content\/uploads\/2020\/12\/IMG_8575-scaled-1-768x1152.jpg 768w, https:\/\/rheinhessenblog.de\/wp-content\/uploads\/2020\/12\/IMG_8575-scaled-1-1024x1536.jpg 1024w, https:\/\/rheinhessenblog.de\/wp-content\/uploads\/2020\/12\/IMG_8575-scaled-1-1366x2048.jpg 1366w, https:\/\/rheinhessenblog.de\/wp-content\/uploads\/2020\/12\/IMG_8575-scaled-1.jpg 1707w\" sizes=\"(max-width: 683px) 100vw, 683px\" \/><\/figure>\n\n<h3 class=\"wp-block-heading\"><strong>\u201eIl saura d\u00e9j\u00e0 la bonne direction\u201c.\u201c<\/strong><\/h3>\n\n<p>Le directeur du mus\u00e9e me pr\u00e9sente avec respect sa pi\u00e8ce d'exposition pr\u00e9f\u00e9r\u00e9e. Il s'agit d'un petit fragment de main qui a \u00e9t\u00e9 travaill\u00e9 vers 1239 par le ma\u00eetre de Naumburg pour la dalle de la R\u00e9surrection du jub\u00e9 ouest de la cath\u00e9drale. Lors du d\u00e9montage du jub\u00e9, des fragments se sont retrouv\u00e9s dans le sol, dont ce fragment qui n'a \u00e9t\u00e9 retrouv\u00e9 que des ann\u00e9es plus tard.<\/p>\n\n<figure class=\"wp-block-image size-large\"><img loading=\"lazy\" decoding=\"async\" width=\"683\" height=\"1024\" class=\"wp-image-5793\" src=\"https:\/\/rheinhessenblog.de\/wp-content\/uploads\/2020\/12\/IMG_8567-scaled-1-683x1024.jpg\" alt=\"\" srcset=\"https:\/\/rheinhessenblog.de\/wp-content\/uploads\/2020\/12\/IMG_8567-scaled-1-683x1024.jpg 683w, https:\/\/rheinhessenblog.de\/wp-content\/uploads\/2020\/12\/IMG_8567-scaled-1-200x300.jpg 200w, https:\/\/rheinhessenblog.de\/wp-content\/uploads\/2020\/12\/IMG_8567-scaled-1-768x1152.jpg 768w, https:\/\/rheinhessenblog.de\/wp-content\/uploads\/2020\/12\/IMG_8567-scaled-1-1024x1536.jpg 1024w, https:\/\/rheinhessenblog.de\/wp-content\/uploads\/2020\/12\/IMG_8567-scaled-1-1366x2048.jpg 1366w, https:\/\/rheinhessenblog.de\/wp-content\/uploads\/2020\/12\/IMG_8567-scaled-1.jpg 1707w\" sizes=\"(max-width: 683px) 100vw, 683px\" \/><\/figure>\n\n<p>Ce n'est qu'avec les explications du Dr Wilhelmy que je comprends l'histoire derri\u00e8re le fragment de main. Il montre deux mains qui s'entrelacent. La main d'un ressuscit\u00e9 qui se laisse guider en toute confiance par la main d'un ange vers la porte du paradis. \u201eIl saura d\u00e9j\u00e0 la bonne direction\u201c, interpr\u00e8te le Dr Wilhelmy \u00e0 propos de l'objet expos\u00e9. La confiance et l'assurance qui se d\u00e9gagent de ces mains sculpt\u00e9es dans la pierre sont \u00e9tonnantes et m'attirent moi aussi dans le charme de cette petite pi\u00e8ce d'exposition.<\/p>\n\n<figure class=\"wp-block-image size-large\"><img loading=\"lazy\" decoding=\"async\" width=\"1024\" height=\"683\" class=\"wp-image-5794\" src=\"https:\/\/rheinhessenblog.de\/wp-content\/uploads\/2020\/12\/IMG_8565-scaled-1-1024x683.jpg\" alt=\"\" srcset=\"https:\/\/rheinhessenblog.de\/wp-content\/uploads\/2020\/12\/IMG_8565-scaled-1-1024x683.jpg 1024w, https:\/\/rheinhessenblog.de\/wp-content\/uploads\/2020\/12\/IMG_8565-scaled-1-300x200.jpg 300w, https:\/\/rheinhessenblog.de\/wp-content\/uploads\/2020\/12\/IMG_8565-scaled-1-768x512.jpg 768w, https:\/\/rheinhessenblog.de\/wp-content\/uploads\/2020\/12\/IMG_8565-scaled-1-1536x1024.jpg 1536w, https:\/\/rheinhessenblog.de\/wp-content\/uploads\/2020\/12\/IMG_8565-scaled-1-2048x1366.jpg 2048w\" sizes=\"(max-width: 1024px) 100vw, 1024px\" \/><\/figure>\n\n<p>Vous pouvez voir cette pi\u00e8ce d'exposition parmi beaucoup d'autres dans le nouveau d\u00e9partement du haut et du bas Moyen \u00c2ge du mus\u00e9e dioc\u00e9sain.<\/p>\n\n<p>En quittant la cath\u00e9drale par le clo\u00eetre, je regarde encore une fois en arri\u00e8re et laisse le calme agir sur moi. Je comprends encore mieux pourquoi le Dr Wilhelmy n'a cess\u00e9 de r\u00e9p\u00e9ter lors de notre entretien que la cath\u00e9drale respire l'histoire et qu'il est impossible d'imaginer la ville sans elle.<\/p>\n\n<p>Si vous voulez faire l'exp\u00e9rience de la tranquillit\u00e9 de la cath\u00e9drale en dehors des heures de culte, renseignez-vous sur le <a href=\"https:\/\/bistummainz.de\/dom-mainz\/\" target=\"_blank\" rel=\"noreferrer noopener\" aria-label=\"Site web du dioc\u00e8se de Mayence (s&#039;ouvre dans un nouvel onglet)\">Site web de l'\u00e9v\u00each\u00e9 de Mayence<\/a>, quand la cath\u00e9drale est ouverte. Les heures d'ouverture et toutes les autres informations sur la collection et les expositions actuelles sont disponibles sur le site web de la cath\u00e9drale. <a href=\"https:\/\/www.dommuseum-mainz.de\" target=\"_blank\" rel=\"noreferrer noopener\" aria-label=\"Mus\u00e9e \u00e9piscopal de la cath\u00e9drale et du dioc\u00e8se (s&#039;ouvre dans un nouvel onglet)\">Mus\u00e9e \u00e9piscopal de la cath\u00e9drale et du dioc\u00e8se<\/a>.<\/p>\n\n<figure class=\"wp-block-image size-large\"><img loading=\"lazy\" decoding=\"async\" width=\"683\" height=\"1024\" class=\"wp-image-5795\" src=\"https:\/\/rheinhessenblog.de\/wp-content\/uploads\/2020\/12\/IMG_8684-scaled-1-683x1024.jpg\" alt=\"\" srcset=\"https:\/\/rheinhessenblog.de\/wp-content\/uploads\/2020\/12\/IMG_8684-scaled-1-683x1024.jpg 683w, https:\/\/rheinhessenblog.de\/wp-content\/uploads\/2020\/12\/IMG_8684-scaled-1-200x300.jpg 200w, https:\/\/rheinhessenblog.de\/wp-content\/uploads\/2020\/12\/IMG_8684-scaled-1-768x1152.jpg 768w, https:\/\/rheinhessenblog.de\/wp-content\/uploads\/2020\/12\/IMG_8684-scaled-1-1024x1536.jpg 1024w, https:\/\/rheinhessenblog.de\/wp-content\/uploads\/2020\/12\/IMG_8684-scaled-1-1366x2048.jpg 1366w, https:\/\/rheinhessenblog.de\/wp-content\/uploads\/2020\/12\/IMG_8684-scaled-1.jpg 1707w\" sizes=\"(max-width: 683px) 100vw, 683px\" \/><\/figure>\n\n<figure class=\"wp-block-image size-large\"><img loading=\"lazy\" decoding=\"async\" width=\"683\" height=\"1024\" class=\"wp-image-5796\" src=\"https:\/\/rheinhessenblog.de\/wp-content\/uploads\/2020\/12\/IMG_8699-scaled-1-683x1024.jpg\" alt=\"\" srcset=\"https:\/\/rheinhessenblog.de\/wp-content\/uploads\/2020\/12\/IMG_8699-scaled-1-683x1024.jpg 683w, https:\/\/rheinhessenblog.de\/wp-content\/uploads\/2020\/12\/IMG_8699-scaled-1-200x300.jpg 200w, https:\/\/rheinhessenblog.de\/wp-content\/uploads\/2020\/12\/IMG_8699-scaled-1-768x1152.jpg 768w, https:\/\/rheinhessenblog.de\/wp-content\/uploads\/2020\/12\/IMG_8699-scaled-1-1024x1536.jpg 1024w, https:\/\/rheinhessenblog.de\/wp-content\/uploads\/2020\/12\/IMG_8699-scaled-1-1366x2048.jpg 1366w, https:\/\/rheinhessenblog.de\/wp-content\/uploads\/2020\/12\/IMG_8699-scaled-1.jpg 1707w\" sizes=\"(max-width: 683px) 100vw, 683px\" \/><\/figure>\n\t\t\t\t\t\t\t\t<\/div>\n\t\t\t\t<\/div>\n\t\t\t\t\t<\/div>\n\t\t\t\t<\/div>\n\t\t\t\t<\/div>","protected":false},"excerpt":{"rendered":"<p>Apr\u00e8s la cath\u00e9drale de Spire et avant celle de Worms, la cath\u00e9drale de Mayence est le plus ancien \u00e9difice monumental vo\u00fbt\u00e9 d'Allemagne. La pose de la premi\u00e8re pierre en 975 a \u00e9t\u00e9 suivie au fil des si\u00e8cles d'une histoire de construction mouvement\u00e9e. Elle a fait de cette imposante \u00e9glise en gr\u00e8s rouge ce qu'elle est aujourd'hui : l'embl\u00e8me et une partie de l'identit\u00e9 de la ville de Mayence. <\/p>","protected":false},"author":26,"featured_media":5777,"comment_status":"open","ping_status":"closed","sticky":false,"template":"","format":"standard","meta":{"_acf_changed":false,"footnotes":""},"categories":[320],"tags":[326],"class_list":["post-5775","post","type-post","status-publish","format-standard","has-post-thumbnail","hentry","category-kultur-entdecken","tag-dom-kirche"],"acf":{"":null},"yoast_head":"<!-- This site is optimized with the Yoast SEO plugin v27.4 - https:\/\/yoast.com\/product\/yoast-seo-wordpress\/ -->\n<title>Mainz ohne Dom ist nicht Mainz - Rheinhessen-Blog<\/title>\n<meta name=\"description\" content=\"Der Mainzer Dom ist nach dem Dom zu Speyer und vor dem Wormser Dom der \u00e4lteste monumentale Gew\u00f6lbebau Deutschlands. Auf die Grundsteinlegung im Jahr 975 folgte im Laufe der Jahrhunderte eine wechselvolle Baugeschichte. Sie formte die imposante Kirche aus rotem Sandstein zu dem, was sie heute ist: das Wahrzeichen und ein St\u00fcck Identit\u00e4t der Stadt Mainz.\" \/>\n<meta name=\"robots\" content=\"index, follow, max-snippet:-1, max-image-preview:large, max-video-preview:-1\" \/>\n<link rel=\"canonical\" href=\"https:\/\/rheinhessenblog.de\/fr\/cathedrale-de-mainz-dioezesanmuseum\/\" \/>\n<meta property=\"og:locale\" content=\"fr_FR\" \/>\n<meta property=\"og:type\" content=\"article\" \/>\n<meta property=\"og:title\" content=\"Mainz ohne Dom ist nicht Mainz - Rheinhessen-Blog\" \/>\n<meta property=\"og:description\" content=\"Der Mainzer Dom ist nach dem Dom zu Speyer und vor dem Wormser Dom der \u00e4lteste monumentale Gew\u00f6lbebau Deutschlands. Auf die Grundsteinlegung im Jahr 975 folgte im Laufe der Jahrhunderte eine wechselvolle Baugeschichte. Sie formte die imposante Kirche aus rotem Sandstein zu dem, was sie heute ist: das Wahrzeichen und ein St\u00fcck Identit\u00e4t der Stadt Mainz.\" \/>\n<meta property=\"og:url\" content=\"https:\/\/rheinhessenblog.de\/fr\/cathedrale-de-mainz-dioezesanmuseum\/\" \/>\n<meta property=\"og:site_name\" content=\"Rheinhessen-Blog\" \/>\n<meta property=\"article:published_time\" content=\"2025-02-12T14:31:19+00:00\" \/>\n<meta property=\"article:modified_time\" content=\"2025-02-12T15:13:25+00:00\" \/>\n<meta property=\"og:image\" content=\"https:\/\/rheinhessenblog.de\/wp-content\/uploads\/2020\/12\/IMG_2382-scaled-1.jpg\" \/>\n\t<meta property=\"og:image:width\" content=\"1707\" \/>\n\t<meta property=\"og:image:height\" content=\"2560\" \/>\n\t<meta property=\"og:image:type\" content=\"image\/jpeg\" \/>\n<meta name=\"author\" content=\"Natalie Teschauer\" \/>\n<meta name=\"twitter:card\" content=\"summary_large_image\" \/>\n<meta name=\"twitter:label1\" content=\"\u00c9crit par\" \/>\n\t<meta name=\"twitter:data1\" content=\"Natalie Teschauer\" \/>\n\t<meta name=\"twitter:label2\" content=\"Dur\u00e9e de lecture estim\u00e9e\" \/>\n\t<meta name=\"twitter:data2\" content=\"11 minutes\" \/>\n<script type=\"application\/ld+json\" class=\"yoast-schema-graph\">{\"@context\":\"https:\\\/\\\/schema.org\",\"@graph\":[{\"@type\":\"Article\",\"@id\":\"https:\\\/\\\/rheinhessenblog.de\\\/dom-mainz-dioezesanmuseum\\\/#article\",\"isPartOf\":{\"@id\":\"https:\\\/\\\/rheinhessenblog.de\\\/dom-mainz-dioezesanmuseum\\\/\"},\"author\":{\"name\":\"Natalie Teschauer\",\"@id\":\"https:\\\/\\\/rheinhessenblog.de\\\/#\\\/schema\\\/person\\\/1be824f14844c580508225f586044717\"},\"headline\":\"Mainz ohne Dom ist nicht Mainz\",\"datePublished\":\"2025-02-12T14:31:19+00:00\",\"dateModified\":\"2025-02-12T15:13:25+00:00\",\"mainEntityOfPage\":{\"@id\":\"https:\\\/\\\/rheinhessenblog.de\\\/dom-mainz-dioezesanmuseum\\\/\"},\"wordCount\":1186,\"commentCount\":2,\"publisher\":{\"@id\":\"https:\\\/\\\/rheinhessenblog.de\\\/#organization\"},\"image\":{\"@id\":\"https:\\\/\\\/rheinhessenblog.de\\\/dom-mainz-dioezesanmuseum\\\/#primaryimage\"},\"thumbnailUrl\":\"https:\\\/\\\/rheinhessenblog.de\\\/wp-content\\\/uploads\\\/2020\\\/12\\\/IMG_2382-scaled-1.jpg\",\"keywords\":[\"Dom \\\/ Kirche\"],\"articleSection\":[\"Kultur entdecken\"],\"inLanguage\":\"fr-FR\",\"potentialAction\":[{\"@type\":\"CommentAction\",\"name\":\"Comment\",\"target\":[\"https:\\\/\\\/rheinhessenblog.de\\\/dom-mainz-dioezesanmuseum\\\/#respond\"]}]},{\"@type\":\"WebPage\",\"@id\":\"https:\\\/\\\/rheinhessenblog.de\\\/dom-mainz-dioezesanmuseum\\\/\",\"url\":\"https:\\\/\\\/rheinhessenblog.de\\\/dom-mainz-dioezesanmuseum\\\/\",\"name\":\"Mainz ohne Dom ist nicht Mainz - Rheinhessen-Blog\",\"isPartOf\":{\"@id\":\"https:\\\/\\\/rheinhessenblog.de\\\/#website\"},\"primaryImageOfPage\":{\"@id\":\"https:\\\/\\\/rheinhessenblog.de\\\/dom-mainz-dioezesanmuseum\\\/#primaryimage\"},\"image\":{\"@id\":\"https:\\\/\\\/rheinhessenblog.de\\\/dom-mainz-dioezesanmuseum\\\/#primaryimage\"},\"thumbnailUrl\":\"https:\\\/\\\/rheinhessenblog.de\\\/wp-content\\\/uploads\\\/2020\\\/12\\\/IMG_2382-scaled-1.jpg\",\"datePublished\":\"2025-02-12T14:31:19+00:00\",\"dateModified\":\"2025-02-12T15:13:25+00:00\",\"description\":\"Der Mainzer Dom ist nach dem Dom zu Speyer und vor dem Wormser Dom der \u00e4lteste monumentale Gew\u00f6lbebau Deutschlands. Auf die Grundsteinlegung im Jahr 975 folgte im Laufe der Jahrhunderte eine wechselvolle Baugeschichte. Sie formte die imposante Kirche aus rotem Sandstein zu dem, was sie heute ist: das Wahrzeichen und ein St\u00fcck Identit\u00e4t der Stadt Mainz.\",\"breadcrumb\":{\"@id\":\"https:\\\/\\\/rheinhessenblog.de\\\/dom-mainz-dioezesanmuseum\\\/#breadcrumb\"},\"inLanguage\":\"fr-FR\",\"potentialAction\":[{\"@type\":\"ReadAction\",\"target\":[\"https:\\\/\\\/rheinhessenblog.de\\\/dom-mainz-dioezesanmuseum\\\/\"]}]},{\"@type\":\"ImageObject\",\"inLanguage\":\"fr-FR\",\"@id\":\"https:\\\/\\\/rheinhessenblog.de\\\/dom-mainz-dioezesanmuseum\\\/#primaryimage\",\"url\":\"https:\\\/\\\/rheinhessenblog.de\\\/wp-content\\\/uploads\\\/2020\\\/12\\\/IMG_2382-scaled-1.jpg\",\"contentUrl\":\"https:\\\/\\\/rheinhessenblog.de\\\/wp-content\\\/uploads\\\/2020\\\/12\\\/IMG_2382-scaled-1.jpg\",\"width\":1707,\"height\":2560},{\"@type\":\"BreadcrumbList\",\"@id\":\"https:\\\/\\\/rheinhessenblog.de\\\/dom-mainz-dioezesanmuseum\\\/#breadcrumb\",\"itemListElement\":[{\"@type\":\"ListItem\",\"position\":1,\"name\":\"Startseite\",\"item\":\"https:\\\/\\\/rheinhessenblog.de\\\/\"},{\"@type\":\"ListItem\",\"position\":2,\"name\":\"Mainz ohne Dom ist nicht Mainz\"}]},{\"@type\":\"WebSite\",\"@id\":\"https:\\\/\\\/rheinhessenblog.de\\\/#website\",\"url\":\"https:\\\/\\\/rheinhessenblog.de\\\/\",\"name\":\"Rheinhessen-Blog\",\"description\":\"\",\"publisher\":{\"@id\":\"https:\\\/\\\/rheinhessenblog.de\\\/#organization\"},\"potentialAction\":[{\"@type\":\"SearchAction\",\"target\":{\"@type\":\"EntryPoint\",\"urlTemplate\":\"https:\\\/\\\/rheinhessenblog.de\\\/?s={search_term_string}\"},\"query-input\":{\"@type\":\"PropertyValueSpecification\",\"valueRequired\":true,\"valueName\":\"search_term_string\"}}],\"inLanguage\":\"fr-FR\"},{\"@type\":\"Organization\",\"@id\":\"https:\\\/\\\/rheinhessenblog.de\\\/#organization\",\"name\":\"Rheinhessen-Blog\",\"url\":\"https:\\\/\\\/rheinhessenblog.de\\\/\",\"logo\":{\"@type\":\"ImageObject\",\"inLanguage\":\"fr-FR\",\"@id\":\"https:\\\/\\\/rheinhessenblog.de\\\/#\\\/schema\\\/logo\\\/image\\\/\",\"url\":\"https:\\\/\\\/rheinhessenblog.de\\\/wp-content\\\/uploads\\\/2023\\\/07\\\/Rheinhessenlogo.svg\",\"contentUrl\":\"https:\\\/\\\/rheinhessenblog.de\\\/wp-content\\\/uploads\\\/2023\\\/07\\\/Rheinhessenlogo.svg\",\"width\":85,\"height\":26,\"caption\":\"Rheinhessen-Blog\"},\"image\":{\"@id\":\"https:\\\/\\\/rheinhessenblog.de\\\/#\\\/schema\\\/logo\\\/image\\\/\"}},{\"@type\":\"Person\",\"@id\":\"https:\\\/\\\/rheinhessenblog.de\\\/#\\\/schema\\\/person\\\/1be824f14844c580508225f586044717\",\"name\":\"Natalie Teschauer\",\"description\":\"Als externe Autorin f\u00fcr den Rheinhessen-Blog nehme ich Euch gerne mit auf meine Entdeckungstouren durch Rheinhessen. Mit Kamera und Notizbuch immer im Gep\u00e4ck, erkunde ich die Region der tausend Hiwwel, lerne die Vielfalt des Weins kennen und treffe gastfreundliche Rheinhessen.\",\"url\":\"https:\\\/\\\/rheinhessenblog.de\\\/fr\\\/author\\\/teschauer\\\/\"}]}<\/script>\n<!-- \/ Yoast SEO plugin. -->","yoast_head_json":{"title":"Mayence sans sa cath\u00e9drale n'est pas Mayence - Rheinhessen-Blog","description":"Apr\u00e8s la cath\u00e9drale de Spire et avant celle de Worms, la cath\u00e9drale de Mayence est le plus ancien \u00e9difice monumental vo\u00fbt\u00e9 d'Allemagne. La pose de la premi\u00e8re pierre en 975 a \u00e9t\u00e9 suivie au fil des si\u00e8cles d'une histoire de construction mouvement\u00e9e. Elle a fait de cette imposante \u00e9glise en gr\u00e8s rouge ce qu'elle est aujourd'hui : l'embl\u00e8me et une partie de l'identit\u00e9 de la ville de Mayence.","robots":{"index":"index","follow":"follow","max-snippet":"max-snippet:-1","max-image-preview":"max-image-preview:large","max-video-preview":"max-video-preview:-1"},"canonical":"https:\/\/rheinhessenblog.de\/fr\/cathedrale-de-mainz-dioezesanmuseum\/","og_locale":"fr_FR","og_type":"article","og_title":"Mainz ohne Dom ist nicht Mainz - Rheinhessen-Blog","og_description":"Der Mainzer Dom ist nach dem Dom zu Speyer und vor dem Wormser Dom der \u00e4lteste monumentale Gew\u00f6lbebau Deutschlands. Auf die Grundsteinlegung im Jahr 975 folgte im Laufe der Jahrhunderte eine wechselvolle Baugeschichte. Sie formte die imposante Kirche aus rotem Sandstein zu dem, was sie heute ist: das Wahrzeichen und ein St\u00fcck Identit\u00e4t der Stadt Mainz.","og_url":"https:\/\/rheinhessenblog.de\/fr\/cathedrale-de-mainz-dioezesanmuseum\/","og_site_name":"Rheinhessen-Blog","article_published_time":"2025-02-12T14:31:19+00:00","article_modified_time":"2025-02-12T15:13:25+00:00","og_image":[{"width":1707,"height":2560,"url":"https:\/\/rheinhessenblog.de\/wp-content\/uploads\/2020\/12\/IMG_2382-scaled-1.jpg","type":"image\/jpeg"}],"author":"Natalie Teschauer","twitter_card":"summary_large_image","twitter_misc":{"\u00c9crit par":"Natalie Teschauer","Dur\u00e9e de lecture estim\u00e9e":"11 minutes"},"schema":{"@context":"https:\/\/schema.org","@graph":[{"@type":"Article","@id":"https:\/\/rheinhessenblog.de\/dom-mainz-dioezesanmuseum\/#article","isPartOf":{"@id":"https:\/\/rheinhessenblog.de\/dom-mainz-dioezesanmuseum\/"},"author":{"name":"Natalie Teschauer","@id":"https:\/\/rheinhessenblog.de\/#\/schema\/person\/1be824f14844c580508225f586044717"},"headline":"Mainz ohne Dom ist nicht Mainz","datePublished":"2025-02-12T14:31:19+00:00","dateModified":"2025-02-12T15:13:25+00:00","mainEntityOfPage":{"@id":"https:\/\/rheinhessenblog.de\/dom-mainz-dioezesanmuseum\/"},"wordCount":1186,"commentCount":2,"publisher":{"@id":"https:\/\/rheinhessenblog.de\/#organization"},"image":{"@id":"https:\/\/rheinhessenblog.de\/dom-mainz-dioezesanmuseum\/#primaryimage"},"thumbnailUrl":"https:\/\/rheinhessenblog.de\/wp-content\/uploads\/2020\/12\/IMG_2382-scaled-1.jpg","keywords":["Dom \/ Kirche"],"articleSection":["Kultur entdecken"],"inLanguage":"fr-FR","potentialAction":[{"@type":"CommentAction","name":"Comment","target":["https:\/\/rheinhessenblog.de\/dom-mainz-dioezesanmuseum\/#respond"]}]},{"@type":"WebPage","@id":"https:\/\/rheinhessenblog.de\/dom-mainz-dioezesanmuseum\/","url":"https:\/\/rheinhessenblog.de\/dom-mainz-dioezesanmuseum\/","name":"Mayence sans sa cath\u00e9drale n'est pas Mayence - Rheinhessen-Blog","isPartOf":{"@id":"https:\/\/rheinhessenblog.de\/#website"},"primaryImageOfPage":{"@id":"https:\/\/rheinhessenblog.de\/dom-mainz-dioezesanmuseum\/#primaryimage"},"image":{"@id":"https:\/\/rheinhessenblog.de\/dom-mainz-dioezesanmuseum\/#primaryimage"},"thumbnailUrl":"https:\/\/rheinhessenblog.de\/wp-content\/uploads\/2020\/12\/IMG_2382-scaled-1.jpg","datePublished":"2025-02-12T14:31:19+00:00","dateModified":"2025-02-12T15:13:25+00:00","description":"Apr\u00e8s la cath\u00e9drale de Spire et avant celle de Worms, la cath\u00e9drale de Mayence est le plus ancien \u00e9difice monumental vo\u00fbt\u00e9 d'Allemagne. La pose de la premi\u00e8re pierre en 975 a \u00e9t\u00e9 suivie au fil des si\u00e8cles d'une histoire de construction mouvement\u00e9e. Elle a fait de cette imposante \u00e9glise en gr\u00e8s rouge ce qu'elle est aujourd'hui : l'embl\u00e8me et une partie de l'identit\u00e9 de la ville de Mayence.","breadcrumb":{"@id":"https:\/\/rheinhessenblog.de\/dom-mainz-dioezesanmuseum\/#breadcrumb"},"inLanguage":"fr-FR","potentialAction":[{"@type":"ReadAction","target":["https:\/\/rheinhessenblog.de\/dom-mainz-dioezesanmuseum\/"]}]},{"@type":"ImageObject","inLanguage":"fr-FR","@id":"https:\/\/rheinhessenblog.de\/dom-mainz-dioezesanmuseum\/#primaryimage","url":"https:\/\/rheinhessenblog.de\/wp-content\/uploads\/2020\/12\/IMG_2382-scaled-1.jpg","contentUrl":"https:\/\/rheinhessenblog.de\/wp-content\/uploads\/2020\/12\/IMG_2382-scaled-1.jpg","width":1707,"height":2560},{"@type":"BreadcrumbList","@id":"https:\/\/rheinhessenblog.de\/dom-mainz-dioezesanmuseum\/#breadcrumb","itemListElement":[{"@type":"ListItem","position":1,"name":"Startseite","item":"https:\/\/rheinhessenblog.de\/"},{"@type":"ListItem","position":2,"name":"Mainz ohne Dom ist nicht Mainz"}]},{"@type":"WebSite","@id":"https:\/\/rheinhessenblog.de\/#website","url":"https:\/\/rheinhessenblog.de\/","name":"Blog de la Hesse rh\u00e9nane","description":"","publisher":{"@id":"https:\/\/rheinhessenblog.de\/#organization"},"potentialAction":[{"@type":"SearchAction","target":{"@type":"EntryPoint","urlTemplate":"https:\/\/rheinhessenblog.de\/?s={search_term_string}"},"query-input":{"@type":"PropertyValueSpecification","valueRequired":true,"valueName":"search_term_string"}}],"inLanguage":"fr-FR"},{"@type":"Organization","@id":"https:\/\/rheinhessenblog.de\/#organization","name":"Blog de la Hesse rh\u00e9nane","url":"https:\/\/rheinhessenblog.de\/","logo":{"@type":"ImageObject","inLanguage":"fr-FR","@id":"https:\/\/rheinhessenblog.de\/#\/schema\/logo\/image\/","url":"https:\/\/rheinhessenblog.de\/wp-content\/uploads\/2023\/07\/Rheinhessenlogo.svg","contentUrl":"https:\/\/rheinhessenblog.de\/wp-content\/uploads\/2023\/07\/Rheinhessenlogo.svg","width":85,"height":26,"caption":"Rheinhessen-Blog"},"image":{"@id":"https:\/\/rheinhessenblog.de\/#\/schema\/logo\/image\/"}},{"@type":"Person","@id":"https:\/\/rheinhessenblog.de\/#\/schema\/person\/1be824f14844c580508225f586044717","name":"Natalie Teschauer","description":"En tant qu'auteur externe pour le blog de la Hesse rh\u00e9nane, je vous emm\u00e8ne volontiers \u00e0 la d\u00e9couverte de la Hesse rh\u00e9nane. Toujours munie d'un appareil photo et d'un carnet de notes, j'explore la r\u00e9gion des mille merveilles, j'apprends \u00e0 conna\u00eetre la diversit\u00e9 du vin et je rencontre des Rh\u00e9nans accueillants.","url":"https:\/\/rheinhessenblog.de\/fr\/author\/teschauer\/"}]}},"_links":{"self":[{"href":"https:\/\/rheinhessenblog.de\/fr\/wp-json\/wp\/v2\/posts\/5775","targetHints":{"allow":["GET"]}}],"collection":[{"href":"https:\/\/rheinhessenblog.de\/fr\/wp-json\/wp\/v2\/posts"}],"about":[{"href":"https:\/\/rheinhessenblog.de\/fr\/wp-json\/wp\/v2\/types\/post"}],"author":[{"embeddable":true,"href":"https:\/\/rheinhessenblog.de\/fr\/wp-json\/wp\/v2\/users\/26"}],"replies":[{"embeddable":true,"href":"https:\/\/rheinhessenblog.de\/fr\/wp-json\/wp\/v2\/comments?post=5775"}],"version-history":[{"count":12,"href":"https:\/\/rheinhessenblog.de\/fr\/wp-json\/wp\/v2\/posts\/5775\/revisions"}],"predecessor-version":[{"id":15819,"href":"https:\/\/rheinhessenblog.de\/fr\/wp-json\/wp\/v2\/posts\/5775\/revisions\/15819"}],"wp:featuredmedia":[{"embeddable":true,"href":"https:\/\/rheinhessenblog.de\/fr\/wp-json\/wp\/v2\/media\/5777"}],"wp:attachment":[{"href":"https:\/\/rheinhessenblog.de\/fr\/wp-json\/wp\/v2\/media?parent=5775"}],"wp:term":[{"taxonomy":"category","embeddable":true,"href":"https:\/\/rheinhessenblog.de\/fr\/wp-json\/wp\/v2\/categories?post=5775"},{"taxonomy":"post_tag","embeddable":true,"href":"https:\/\/rheinhessenblog.de\/fr\/wp-json\/wp\/v2\/tags?post=5775"}],"curies":[{"name":"wp","href":"https:\/\/api.w.org\/{rel}","templated":true}]}}