{"id":6947,"date":"2021-08-11T09:54:28","date_gmt":"2021-08-11T07:54:28","guid":{"rendered":"http:\/\/blog.rheinhessen.de\/?p=6947"},"modified":"2023-10-30T10:56:37","modified_gmt":"2023-10-30T09:56:37","slug":"le-gout-de-lete-des-glaciers-qui-font-rever","status":"publish","type":"post","link":"https:\/\/rheinhessenblog.de\/fr\/so-schmeckt-der-sommer-eisdielen-die-begeistern\/","title":{"rendered":"C'est le go\u00fbt de l'\u00e9t\u00e9... Des glaciers qui font plaisir !"},"content":{"rendered":"<p><\/p>\n\n\n\n<h2 class=\"wp-block-heading\">Pas d'\u00e9t\u00e9 sans N'Eis<\/h2>\n\n\n\n<p>Mayence. Ville nouvelle. Place de Gartenfeld. C'est un apr\u00e8s-midi d'\u00e9t\u00e9 merveilleusement chaud. L'une des plus belles places de la Neustadt de Mayence est en effervescence. Tous les bancs autour de la place sont occup\u00e9s, l'aire de jeux r\u00e9sonne des rires joyeux des enfants. C'est le d\u00e9cor typique de la Gartenfeldplatz : <a href=\"https:\/\/www.n-eis.de\/\" target=\"_blank\" rel=\"noreferrer noopener\" aria-label=\"N&#039;Eis - la glace de Neustadt.  (s&#039;ouvre dans un nouvel onglet)\">N'Eis - la glace de Neustadt. <\/a><\/p>\n\n\n\n<figure class=\"wp-block-image size-large\"><img fetchpriority=\"high\" decoding=\"async\" width=\"683\" height=\"1024\" src=\"https:\/\/rheinhessenblog.de\/wp-content\/uploads\/2021\/08\/DSC_6441-scaled-1-683x1024.jpg\" alt=\"\" class=\"wp-image-6956\" srcset=\"https:\/\/rheinhessenblog.de\/wp-content\/uploads\/2021\/08\/DSC_6441-scaled-1-683x1024.jpg 683w, https:\/\/rheinhessenblog.de\/wp-content\/uploads\/2021\/08\/DSC_6441-scaled-1-200x300.jpg 200w, https:\/\/rheinhessenblog.de\/wp-content\/uploads\/2021\/08\/DSC_6441-scaled-1-768x1152.jpg 768w, https:\/\/rheinhessenblog.de\/wp-content\/uploads\/2021\/08\/DSC_6441-scaled-1-1024x1536.jpg 1024w, https:\/\/rheinhessenblog.de\/wp-content\/uploads\/2021\/08\/DSC_6441-scaled-1-1366x2048.jpg 1366w, https:\/\/rheinhessenblog.de\/wp-content\/uploads\/2021\/08\/DSC_6441-scaled-1.jpg 1707w\" sizes=\"(max-width: 683px) 100vw, 683px\" \/><figcaption class=\"wp-element-caption\">Parce que c'est tout simplement le go\u00fbt de N'Eis !<\/figcaption><\/figure>\n\n\n\n<p>Mon but est aussi de\nLe petit magasin du coin qui, depuis 2013, propose des glaces exceptionnelles.\nde la glace. Je me r\u00e9jouis de la file d'attente un peu plus longue, car elle me permet de me d\u00e9tendre.\nje peux r\u00e9fl\u00e9chir tranquillement au choix de mes vari\u00e9t\u00e9s. Lassi \u00e0 la mangue,\nKola \u00e0 la cerise ou Stracciatella \u00e0 la menthe ne sont que trois des douze glaces propos\u00e9es chaque jour.\ndes saveurs qui changent. Les classiques comme le chocolat et la vanille sont\nsont bien s\u00fbr aussi de la partie. <\/p>\n\n\n\n<h3 class=\"wp-block-heading\">Un magasin au succ\u00e8s garanti<\/h3>\n\n\n\n<p>L'id\u00e9e de\n\u201eN'Eis\u201c est n\u00e9e de l'id\u00e9e d'Anke Carduck et de Julia von Dreusche. Pourtant, ce n'est pas l'envie de\nC'est l'amour de la glace qui les a pouss\u00e9es \u00e0 ouvrir un glacier.\nC'est plut\u00f4t le magasin lui-m\u00eame. \u201eNous sommes tout simplement tomb\u00e9es amoureuses de ce petit espace.\namoureuse\u201c, expliquent Anke Carduck et Julia von Dreusche, qui \u00e9taient encore \u00e9tudiantes \u00e0 l'\u00e9poque.\n\u201eLorsqu'il a \u00e9t\u00e9 mis en vente, nous n'avons pas h\u00e9sit\u00e9 longtemps avant de r\u00e9fl\u00e9chir.\nensuite r\u00e9fl\u00e9chi \u00e0 ce que nous voulions en faire exactement\u201c. Le fait qu'il s'agisse, en raison de la\npetite surface est finalement devenue un \u201emagasin de glaces\u201c avec une vente exclusivement dans la rue,\nest une grande chance pour tous les fans de glace.&nbsp; <\/p>\n\n\n\n<figure class=\"wp-block-image size-large\"><img decoding=\"async\" width=\"682\" height=\"1024\" src=\"https:\/\/rheinhessenblog.de\/wp-content\/uploads\/2021\/08\/DSC_6253-scaled-1-682x1024.jpg\" alt=\"\" class=\"wp-image-6953\" srcset=\"https:\/\/rheinhessenblog.de\/wp-content\/uploads\/2021\/08\/DSC_6253-scaled-1-682x1024.jpg 682w, https:\/\/rheinhessenblog.de\/wp-content\/uploads\/2021\/08\/DSC_6253-scaled-1-200x300.jpg 200w, https:\/\/rheinhessenblog.de\/wp-content\/uploads\/2021\/08\/DSC_6253-scaled-1-768x1152.jpg 768w, https:\/\/rheinhessenblog.de\/wp-content\/uploads\/2021\/08\/DSC_6253-scaled-1-1024x1536.jpg 1024w, https:\/\/rheinhessenblog.de\/wp-content\/uploads\/2021\/08\/DSC_6253-scaled-1-1365x2048.jpg 1365w, https:\/\/rheinhessenblog.de\/wp-content\/uploads\/2021\/08\/DSC_6253-scaled-1.jpg 1706w\" sizes=\"(max-width: 682px) 100vw, 682px\" \/><figcaption class=\"wp-element-caption\">Il faut parfois s'armer de patience devant la petite boutique du coin. Mais l'attente est r\u00e9compens\u00e9e.<\/figcaption><\/figure>\n\n\n\n<p>Entre-temps, je suis au comptoir et j'ai l'embarras du choix. Au total, N'Eis propose plus de 150 vari\u00e9t\u00e9s diff\u00e9rentes dans son portefeuille. Toutes cr\u00e9\u00e9es par l'entreprise, fra\u00eechement fabriqu\u00e9es chaque jour, sans additifs artificiels et, dans la mesure du possible, \u00e0 partir de produits r\u00e9gionaux. La qualit\u00e9 et l'authenticit\u00e9 sont les priorit\u00e9s absolues d'Anke Carduck et de Julia von Dreusche. \u201eNous ne sommes pas italiennes et ne voulions pas non plus ouvrir une copie de glaciers connus. Nous voulions cr\u00e9er quelque chose de nouveau\u201c, explique Carduck. Le succ\u00e8s montre qu'elles y sont parvenues. <\/p>\n\n\n\n<h3 class=\"wp-block-heading\">Top glaciers dans toute l'Allemagne<\/h3>\n\n\n\n<p>L'id\u00e9e initiale de tenir un petit magasin \u00e0 c\u00f4t\u00e9 s'est entre-temps transform\u00e9e en une entreprise comptant 90 collaborateurs et collaboratrices. En plus des deux filiales \u00e0 Mayence - la deuxi\u00e8me filiale se trouve d'ailleurs directement sur les rives du Rhin - il existe d\u00e9j\u00e0 toute une gamme de produits N'Eis avec des livres de recettes et une propre collection de bijoux. N'Eis n'a pas pour autant perdu son charme originel et surtout son go\u00fbt exceptionnel. Ce n'est que r\u00e9cemment qu'elle a \u00e9t\u00e9 \u00e9lue l'un des meilleurs glaciers de toute l'Allemagne.<\/p>\n\n\n\n<figure class=\"wp-block-image size-large\"><img decoding=\"async\" width=\"1024\" height=\"683\" src=\"https:\/\/rheinhessenblog.de\/wp-content\/uploads\/2021\/08\/DSC_6247-scaled-1-1024x683.jpg\" alt=\"\" class=\"wp-image-6957\" srcset=\"https:\/\/rheinhessenblog.de\/wp-content\/uploads\/2021\/08\/DSC_6247-scaled-1-1024x683.jpg 1024w, https:\/\/rheinhessenblog.de\/wp-content\/uploads\/2021\/08\/DSC_6247-scaled-1-300x200.jpg 300w, https:\/\/rheinhessenblog.de\/wp-content\/uploads\/2021\/08\/DSC_6247-scaled-1-768x512.jpg 768w, https:\/\/rheinhessenblog.de\/wp-content\/uploads\/2021\/08\/DSC_6247-scaled-1-1536x1024.jpg 1536w, https:\/\/rheinhessenblog.de\/wp-content\/uploads\/2021\/08\/DSC_6247-scaled-1-2048x1366.jpg 2048w\" sizes=\"(max-width: 1024px) 100vw, 1024px\" \/><figcaption class=\"wp-element-caption\">Quand une glace adoucit la journ\u00e9e !<\/figcaption><\/figure>\n\n\n\n<p>\u201eHave a\nn'Eis day\u201c est \u00e9crit en lettres roses sinueuses juste \u00e0 c\u00f4t\u00e9 du comptoir de glaces.\nEn quittant le magasin avec mon cornet de glace, je sais que c'est exactement ce que je vais vivre.\nsera une belle journ\u00e9e, gr\u00e2ce \u00e0 N'Eis ! <\/p>\n\n\n\n<h3 class=\"wp-block-heading\"><strong>\u201eLa \u201ccorne de glace\" apporte une d\u00e9licieuse\nRafra\u00eechissement<\/strong><\/h3>\n\n\n\n<p>Leur magasin est tout neuf, le go\u00fbt de leurs glaces est aussi bon que s'ils travaillaient depuis des ann\u00e9es dans le commerce de la glace : Depuis f\u00e9vrier 2021, Andrea Lippe et David B\u00fchler exploitent le <a rel=\"noreferrer noopener\" aria-label=\"Glacier \u201eEishorn\u201c (s&#039;ouvre dans un nouvel onglet)\" href=\"https:\/\/www.eishorn.com\/\" target=\"_blank\">Glacier Eishorn<\/a> \u00e0 Gimbsheim pr\u00e8s de Worms. C'est par un heureux hasard, apr\u00e8s une journ\u00e9e de plage au bord du lac Altrheinsee, que j'ai d\u00e9couvert ce mignon glacier avec une licorne rose dans son logo et que je n'ai pas pu r\u00e9sister \u00e0 la vue de ses d\u00e9licieuses vari\u00e9t\u00e9s. <\/p>\n\n\n\n<figure class=\"wp-block-image size-large\"><img loading=\"lazy\" decoding=\"async\" width=\"1024\" height=\"683\" src=\"https:\/\/rheinhessenblog.de\/wp-content\/uploads\/2021\/08\/DSC_6336-scaled-1-1024x683.jpg\" alt=\"\" class=\"wp-image-6961\" srcset=\"https:\/\/rheinhessenblog.de\/wp-content\/uploads\/2021\/08\/DSC_6336-scaled-1-1024x683.jpg 1024w, https:\/\/rheinhessenblog.de\/wp-content\/uploads\/2021\/08\/DSC_6336-scaled-1-300x200.jpg 300w, https:\/\/rheinhessenblog.de\/wp-content\/uploads\/2021\/08\/DSC_6336-scaled-1-768x512.jpg 768w, https:\/\/rheinhessenblog.de\/wp-content\/uploads\/2021\/08\/DSC_6336-scaled-1-1536x1024.jpg 1536w, https:\/\/rheinhessenblog.de\/wp-content\/uploads\/2021\/08\/DSC_6336-scaled-1-2048x1366.jpg 2048w\" sizes=\"(max-width: 1024px) 100vw, 1024px\" \/><figcaption class=\"wp-element-caption\">Le nouveau glacier \u201eEishorn\u201c \u00e0 Gimbsheim<\/figcaption><\/figure>\n\n\n\n<h3 class=\"wp-block-heading\"> Glace + licorne = \u00eatre heureux ! <\/h3>\n\n\n\n<p>16 diff\u00e9rentes\nde go\u00fbts attendent ici chaque jour les gourmands comme moi. Outre\nLes classiques boules au chocolat, \u00e0 la vanille et \u00e0 la fraise se retrouvent chez Eishorn en fonction de l'offre actuelle.\net les souhaits des clients, les vari\u00e9t\u00e9s les plus inhabituelles sont servies dans les cornets \u00e0 gaufres.\ntarte aux pommes, g\u00e2teau au fromage de grand-p\u00e8re, s\u00e9same-amande, miel-sauge ou carotte-lait-beurre-banane\n- dans le laboratoire de glace d'Andrea Lippe et David B\u00fchler, la cr\u00e9ativit\u00e9 est sans limite.\nIl n'y a pas de limites. \u201eNous aimons exp\u00e9rimenter et tester de nouvelles vari\u00e9t\u00e9s.\nessayer\u201c, dit Andrea Lippe et on sent sa passion pour son m\u00e9tier.\nm\u00e9tier. <\/p>\n\n\n\n<figure class=\"wp-block-image size-large\"><img loading=\"lazy\" decoding=\"async\" width=\"1024\" height=\"683\" src=\"https:\/\/rheinhessenblog.de\/wp-content\/uploads\/2021\/08\/DSC_6326-scaled-1-1024x683.jpg\" alt=\"\" class=\"wp-image-6962\" srcset=\"https:\/\/rheinhessenblog.de\/wp-content\/uploads\/2021\/08\/DSC_6326-scaled-1-1024x683.jpg 1024w, https:\/\/rheinhessenblog.de\/wp-content\/uploads\/2021\/08\/DSC_6326-scaled-1-300x200.jpg 300w, https:\/\/rheinhessenblog.de\/wp-content\/uploads\/2021\/08\/DSC_6326-scaled-1-768x512.jpg 768w, https:\/\/rheinhessenblog.de\/wp-content\/uploads\/2021\/08\/DSC_6326-scaled-1-1536x1024.jpg 1536w, https:\/\/rheinhessenblog.de\/wp-content\/uploads\/2021\/08\/DSC_6326-scaled-1-2048x1366.jpg 2048w\" sizes=\"(max-width: 1024px) 100vw, 1024px\" \/><figcaption class=\"wp-element-caption\">Des boules qui rendent heureux.<\/figcaption><\/figure>\n\n\n\n<p>Ouvrir un glacier en pleine p\u00e9riode de pand\u00e9mie \u00e9tait un pari risqu\u00e9, mais qui a rapidement port\u00e9 ses fruits. \u201eD\u00e8s le d\u00e9but, notre petit glacier a \u00e9t\u00e9 super bien accueilli\u201c, se r\u00e9jouit David B\u00fchler. En fait, il exploite avec son beau-p\u00e8re Rainer Sohling la ferme d'asperges et de fraises Sohling \u00e0 Hamm. C'est l\u00e0 qu'est n\u00e9e l'id\u00e9e de cr\u00e9er son propre caf\u00e9 glac\u00e9. \u201eDans notre caf\u00e9 \u00e0 la ferme, nous proposions de la glace pour accompagner nos fraises fra\u00eeches\u201c, m'explique le \u201epatron de la corne de glace\u201c. \u201eNous nous procurions la glace chez le glacier qui se trouvait juste ici. Lorsque les propri\u00e9taires ont cess\u00e9 leur activit\u00e9 l'ann\u00e9e derni\u00e8re, nous avons d\u00e9cid\u00e9 de reprendre le glacier - mais avec notre propre concept et notre propre design\u201c.\u201c <\/p>\n\n\n\n<p>\u201eCorne de glace\u201c\nest synonyme de plaisir glac\u00e9 \u00e0 l'\u00e9tat pur. Aucun colorant ni conservateur artificiel n'est utilis\u00e9.\nni dans le cornet ni dans le gobelet. \u201eNos glaces sont faites \u00e0 la main, elles sont fra\u00eeches tous les jours et\npr\u00e9par\u00e9e \u00e0 partir de produits r\u00e9gionaux, si possible\u201c, explique B\u00fchler. Une qualit\u00e9 qui\nse go\u00fbte et c'est ainsi que je d\u00e9guste ma glace avec la certitude de devenir un grand fan de \u201eEishorn\u201c.\nde devenir un grand fan. <\/p>\n\n\n\n<h3 class=\"wp-block-heading\">Le plaisir de la glace sur la place du march\u00e9 de Worms<\/h3>\n\n\n\n<p>Une ambiance totalement diff\u00e9rente attend les amateurs de glace chez Pietro Vannini sur la place du march\u00e9 de Worms. Depuis 27 ans, le<a href=\"https:\/\/www.vannini.de\/\" target=\"_blank\" rel=\"noreferrer noopener\" aria-label=\" Eiscaf\u00e9 Vannini (s&#039;ouvre dans un nouvel onglet)\"> Glacier Vannini<\/a> un garant du plus grand plaisir glac\u00e9. Fra\u00eechement r\u00e9nov\u00e9, il brille d'un \u00e9clat ultramoderne depuis d\u00e9but 2020. Un comptoir \u00e0 glaces de 8,40 m\u00e8tres - le plus grand comptoir \u00e0 glaces d'Allemagne, m'assurera plus tard Pietro Vannini. Un choix incroyable de glaces et de coupes glac\u00e9es, toutes pr\u00e9sent\u00e9es sur des panneaux photographiques r\u00e9tro\u00e9clair\u00e9s. Et une file d'attente qui t\u00e9moigne de la qualit\u00e9 de ces glaces. &nbsp;<\/p>\n\n\n\n<figure class=\"wp-block-image size-large\"><img loading=\"lazy\" decoding=\"async\" width=\"683\" height=\"1024\" src=\"https:\/\/rheinhessenblog.de\/wp-content\/uploads\/2021\/08\/DSC_6367-scaled-1-683x1024.jpg\" alt=\"\" class=\"wp-image-6963\" srcset=\"https:\/\/rheinhessenblog.de\/wp-content\/uploads\/2021\/08\/DSC_6367-scaled-1-683x1024.jpg 683w, https:\/\/rheinhessenblog.de\/wp-content\/uploads\/2021\/08\/DSC_6367-scaled-1-200x300.jpg 200w, https:\/\/rheinhessenblog.de\/wp-content\/uploads\/2021\/08\/DSC_6367-scaled-1-768x1152.jpg 768w, https:\/\/rheinhessenblog.de\/wp-content\/uploads\/2021\/08\/DSC_6367-scaled-1-1024x1536.jpg 1024w, https:\/\/rheinhessenblog.de\/wp-content\/uploads\/2021\/08\/DSC_6367-scaled-1-1366x2048.jpg 1366w, https:\/\/rheinhessenblog.de\/wp-content\/uploads\/2021\/08\/DSC_6367-scaled-1.jpg 1707w\" sizes=\"(max-width: 683px) 100vw, 683px\" \/><figcaption class=\"wp-element-caption\">Eiscaf\u00e9 Vannini : 8,40 m\u00e8tres de pur plaisir glac\u00e9.<\/figcaption><\/figure>\n\n\n\n<p>Il ne faut pas longtemps\net c'est bient\u00f4t mon tour. Je suis contente de ne pas avoir \u00e0 choisir aujourd'hui\nde devoir choisir, car mon choix est fait : \u201eUn gobelet Luther, s'il vous pla\u00eet\u201c !\nPietro Vannini me sert personnellement. Bien que son entreprise, outre Worms\na trois autres succursales \u00e0 Weinheim, Neustadt et Bad Kreuznach, c'est elle qui est \u00e0 la t\u00eate de l'entreprise.\nle ma\u00eetre glacier de 57 ans est encore souvent lui-m\u00eame derri\u00e8re le comptoir. \u201eJe\nJ'aime le contact avec mes clients. C'est important de voir comment notre glace est appr\u00e9ci\u00e9e\u201c,\ndit Vannini qui, m\u00eame apr\u00e8s plus de 30 ans, ne se lasse pas de cr\u00e9er de nouvelles sortes de glaces.\nde cr\u00e9er de nouvelles glaces. <\/p>\n\n\n\n<h3 class=\"wp-block-heading\">Une glace pour Martin Luther<\/h3>\n\n\n\n<p>Il n'est donc pas \u00e9tonnant que\nL'ann\u00e9e Luther 2021 a donc \u00e9t\u00e9 l'occasion id\u00e9ale pour cr\u00e9er une carte de la ville de Luther.\nWorms de d\u00e9velopper sa propre glace Luther. \u201eJ'ai fait beaucoup de recherches et\n\u00e9tudi\u00e9 la culture culinaire et la p\u00e2tisserie \u00e0 l'\u00e9poque de Luther\u201c, explique Vannis.\nVannini. Les ingr\u00e9dients utilis\u00e9s \u00e0 l'\u00e9poque \u00e9taient bien s\u00fbr particuli\u00e8rement importants.\n\u00e9taient utilis\u00e9s : Du lait, de la cr\u00e8me, du beurre, du miel, du cumin et de la coriandre, le tout agr\u00e9ment\u00e9 de fruits et de l\u00e9gumes.\ndes fruits secs, des biscuits aux amandes et une pinc\u00e9e de cannelle ! <\/p>\n\n\n\n<p>Tandis que je suis en train de\nen train de d\u00e9guster ma glace Luther, Pietro Vannini me parle de sa philosophie. La glace\nest pour lui bien plus qu'un simple dessert, la glace est pour lui un v\u00e9ritable plaisir.\nSes exigences en mati\u00e8re de qualit\u00e9 sont donc tr\u00e8s \u00e9lev\u00e9es. \u201eNous utilisons pour nos\nnos glaces que les meilleurs ingr\u00e9dients et nous les fabriquons tous les jours selon la tradition\nrecettes italiennes directement dans nos magasins\u201c, explique ce natif de la r\u00e9gion.\nitalien. <\/p>\n\n\n\n<figure class=\"wp-block-image size-large\"><img loading=\"lazy\" decoding=\"async\" width=\"683\" height=\"1024\" src=\"https:\/\/rheinhessenblog.de\/wp-content\/uploads\/2021\/08\/DSC_6393-scaled-1-683x1024.jpg\" alt=\"\" class=\"wp-image-6964\" srcset=\"https:\/\/rheinhessenblog.de\/wp-content\/uploads\/2021\/08\/DSC_6393-scaled-1-683x1024.jpg 683w, https:\/\/rheinhessenblog.de\/wp-content\/uploads\/2021\/08\/DSC_6393-scaled-1-200x300.jpg 200w, https:\/\/rheinhessenblog.de\/wp-content\/uploads\/2021\/08\/DSC_6393-scaled-1-768x1152.jpg 768w, https:\/\/rheinhessenblog.de\/wp-content\/uploads\/2021\/08\/DSC_6393-scaled-1-1024x1536.jpg 1024w, https:\/\/rheinhessenblog.de\/wp-content\/uploads\/2021\/08\/DSC_6393-scaled-1-1366x2048.jpg 1366w, https:\/\/rheinhessenblog.de\/wp-content\/uploads\/2021\/08\/DSC_6393-scaled-1.jpg 1707w\" sizes=\"(max-width: 683px) 100vw, 683px\" \/><figcaption class=\"wp-element-caption\">Une cr\u00e9ation d\u00e9licieuse : le gobelet Luther pour l'ann\u00e9e Luther<\/figcaption><\/figure>\n\n\n\n<p>La glace fond d\u00e9licatement\nLa derni\u00e8re cuiller\u00e9e de glace Luther est encore sur ma langue lorsque je me surprends \u00e0 la d\u00e9guster,\n\u00e0 choisir un pot pour ma prochaine visite. Comme le disait Martin\nLuther : \u201eJe me tiens ici. Je ne peux pas faire autrement\u201c. C'est vrai ! Je ne peux pas non plus\nfaire autrement. Je dois manger de la glace !<\/p>","protected":false},"excerpt":{"rendered":"<p>Profiter du soleil avec une glace \u00e0 la main. Du moins pour les amateurs de cette friandise glac\u00e9e, c'est la quintessence de l'\u00e9t\u00e9. D\u00e8s que les temp\u00e9ratures ext\u00e9rieures augmentent, on ne peut plus se passer des boules color\u00e9es dans des gaufres croustillantes ou des gobelets en carton. On se r\u00e9gale et on d\u00e9guste \u00e0 la cuill\u00e8re. Heureusement qu'il y a tant de bons glaciers en Hesse rh\u00e9nane. Envie d'une boule de glace dans mes trois glaciers pr\u00e9f\u00e9r\u00e9s ? <\/p>","protected":false},"author":19,"featured_media":6965,"comment_status":"open","ping_status":"closed","sticky":false,"template":"","format":"standard","meta":{"_acf_changed":false,"footnotes":""},"categories":[318],"tags":[329],"class_list":["post-6947","post","type-post","status-publish","format-standard","has-post-thumbnail","hentry","category-wein-kulinarik","tag-familien"],"acf":{"":null},"yoast_head":"<!-- This site is optimized with the Yoast SEO plugin v27.4 - https:\/\/yoast.com\/product\/yoast-seo-wordpress\/ -->\n<title>So schmeckt der Sommer... Eisdielen, die begEIStern! - Rheinhessen-Blog<\/title>\n<meta name=\"description\" content=\"Mit einem Eis in der Hand die Sonne genie\u00dfen. Zumindest f\u00fcr Liebhaber der gefrorenen Leckerei ist dies der Inbegriff von Sommer. Sobald die Au\u00dfentemperaturen steigen, sind die bunten Kugeln in Knusperwaffeln oder Pappbechern nicht mehr wegzudenken. Es wird geschleckt und gel\u00f6ffelt, was das Zeug h\u00e4lt. Gut, dass es in Rheinhessen so viele tolle Eisdielen gibt. Lust auf eine Kugel Eis in meinen drei Lieblings-Eissalons?\" \/>\n<meta name=\"robots\" content=\"index, follow, max-snippet:-1, max-image-preview:large, max-video-preview:-1\" \/>\n<link rel=\"canonical\" href=\"https:\/\/rheinhessenblog.de\/fr\/le-gout-de-lete-des-glaciers-qui-font-rever\/\" \/>\n<meta property=\"og:locale\" content=\"fr_FR\" \/>\n<meta property=\"og:type\" content=\"article\" \/>\n<meta property=\"og:title\" content=\"So schmeckt der Sommer... Eisdielen, die begEIStern! - Rheinhessen-Blog\" \/>\n<meta property=\"og:description\" content=\"Mit einem Eis in der Hand die Sonne genie\u00dfen. Zumindest f\u00fcr Liebhaber der gefrorenen Leckerei ist dies der Inbegriff von Sommer. Sobald die Au\u00dfentemperaturen steigen, sind die bunten Kugeln in Knusperwaffeln oder Pappbechern nicht mehr wegzudenken. Es wird geschleckt und gel\u00f6ffelt, was das Zeug h\u00e4lt. Gut, dass es in Rheinhessen so viele tolle Eisdielen gibt. Lust auf eine Kugel Eis in meinen drei Lieblings-Eissalons?\" \/>\n<meta property=\"og:url\" content=\"https:\/\/rheinhessenblog.de\/fr\/le-gout-de-lete-des-glaciers-qui-font-rever\/\" \/>\n<meta property=\"og:site_name\" content=\"Rheinhessen-Blog\" \/>\n<meta property=\"article:published_time\" content=\"2021-08-11T07:54:28+00:00\" \/>\n<meta property=\"article:modified_time\" content=\"2023-10-30T09:56:37+00:00\" \/>\n<meta property=\"og:image\" content=\"https:\/\/rheinhessenblog.de\/wp-content\/uploads\/2021\/08\/DSC_6437-scaled-1.jpg\" \/>\n\t<meta property=\"og:image:width\" content=\"2560\" \/>\n\t<meta property=\"og:image:height\" content=\"1707\" \/>\n\t<meta property=\"og:image:type\" content=\"image\/jpeg\" \/>\n<meta name=\"author\" content=\"Tanja Espenschied\" \/>\n<meta name=\"twitter:card\" content=\"summary_large_image\" \/>\n<meta name=\"twitter:label1\" content=\"\u00c9crit par\" \/>\n\t<meta name=\"twitter:data1\" content=\"Tanja Espenschied\" \/>\n\t<meta name=\"twitter:label2\" content=\"Dur\u00e9e de lecture estim\u00e9e\" \/>\n\t<meta name=\"twitter:data2\" content=\"8 minutes\" \/>\n<script type=\"application\/ld+json\" class=\"yoast-schema-graph\">{\"@context\":\"https:\\\/\\\/schema.org\",\"@graph\":[{\"@type\":\"Article\",\"@id\":\"https:\\\/\\\/rheinhessenblog.de\\\/so-schmeckt-der-sommer-eisdielen-die-begeistern\\\/#article\",\"isPartOf\":{\"@id\":\"https:\\\/\\\/rheinhessenblog.de\\\/so-schmeckt-der-sommer-eisdielen-die-begeistern\\\/\"},\"author\":{\"name\":\"Tanja Espenschied\",\"@id\":\"https:\\\/\\\/rheinhessenblog.de\\\/#\\\/schema\\\/person\\\/105ca6be0dd7329ee6748fca3ae8e936\"},\"headline\":\"So schmeckt der Sommer&#8230; Eisdielen, die begEIStern!\",\"datePublished\":\"2021-08-11T07:54:28+00:00\",\"dateModified\":\"2023-10-30T09:56:37+00:00\",\"mainEntityOfPage\":{\"@id\":\"https:\\\/\\\/rheinhessenblog.de\\\/so-schmeckt-der-sommer-eisdielen-die-begeistern\\\/\"},\"wordCount\":1206,\"commentCount\":0,\"publisher\":{\"@id\":\"https:\\\/\\\/rheinhessenblog.de\\\/#organization\"},\"image\":{\"@id\":\"https:\\\/\\\/rheinhessenblog.de\\\/so-schmeckt-der-sommer-eisdielen-die-begeistern\\\/#primaryimage\"},\"thumbnailUrl\":\"https:\\\/\\\/rheinhessenblog.de\\\/wp-content\\\/uploads\\\/2021\\\/08\\\/DSC_6437-scaled-1.jpg\",\"keywords\":[\"Familien\"],\"articleSection\":[\"Wein &amp; Kulinarik\"],\"inLanguage\":\"fr-FR\",\"potentialAction\":[{\"@type\":\"CommentAction\",\"name\":\"Comment\",\"target\":[\"https:\\\/\\\/rheinhessenblog.de\\\/so-schmeckt-der-sommer-eisdielen-die-begeistern\\\/#respond\"]}]},{\"@type\":\"WebPage\",\"@id\":\"https:\\\/\\\/rheinhessenblog.de\\\/so-schmeckt-der-sommer-eisdielen-die-begeistern\\\/\",\"url\":\"https:\\\/\\\/rheinhessenblog.de\\\/so-schmeckt-der-sommer-eisdielen-die-begeistern\\\/\",\"name\":\"So schmeckt der Sommer... Eisdielen, die begEIStern! - Rheinhessen-Blog\",\"isPartOf\":{\"@id\":\"https:\\\/\\\/rheinhessenblog.de\\\/#website\"},\"primaryImageOfPage\":{\"@id\":\"https:\\\/\\\/rheinhessenblog.de\\\/so-schmeckt-der-sommer-eisdielen-die-begeistern\\\/#primaryimage\"},\"image\":{\"@id\":\"https:\\\/\\\/rheinhessenblog.de\\\/so-schmeckt-der-sommer-eisdielen-die-begeistern\\\/#primaryimage\"},\"thumbnailUrl\":\"https:\\\/\\\/rheinhessenblog.de\\\/wp-content\\\/uploads\\\/2021\\\/08\\\/DSC_6437-scaled-1.jpg\",\"datePublished\":\"2021-08-11T07:54:28+00:00\",\"dateModified\":\"2023-10-30T09:56:37+00:00\",\"description\":\"Mit einem Eis in der Hand die Sonne genie\u00dfen. Zumindest f\u00fcr Liebhaber der gefrorenen Leckerei ist dies der Inbegriff von Sommer. Sobald die Au\u00dfentemperaturen steigen, sind die bunten Kugeln in Knusperwaffeln oder Pappbechern nicht mehr wegzudenken. Es wird geschleckt und gel\u00f6ffelt, was das Zeug h\u00e4lt. Gut, dass es in Rheinhessen so viele tolle Eisdielen gibt. Lust auf eine Kugel Eis in meinen drei Lieblings-Eissalons?\",\"breadcrumb\":{\"@id\":\"https:\\\/\\\/rheinhessenblog.de\\\/so-schmeckt-der-sommer-eisdielen-die-begeistern\\\/#breadcrumb\"},\"inLanguage\":\"fr-FR\",\"potentialAction\":[{\"@type\":\"ReadAction\",\"target\":[\"https:\\\/\\\/rheinhessenblog.de\\\/so-schmeckt-der-sommer-eisdielen-die-begeistern\\\/\"]}]},{\"@type\":\"ImageObject\",\"inLanguage\":\"fr-FR\",\"@id\":\"https:\\\/\\\/rheinhessenblog.de\\\/so-schmeckt-der-sommer-eisdielen-die-begeistern\\\/#primaryimage\",\"url\":\"https:\\\/\\\/rheinhessenblog.de\\\/wp-content\\\/uploads\\\/2021\\\/08\\\/DSC_6437-scaled-1.jpg\",\"contentUrl\":\"https:\\\/\\\/rheinhessenblog.de\\\/wp-content\\\/uploads\\\/2021\\\/08\\\/DSC_6437-scaled-1.jpg\",\"width\":2560,\"height\":1707},{\"@type\":\"BreadcrumbList\",\"@id\":\"https:\\\/\\\/rheinhessenblog.de\\\/so-schmeckt-der-sommer-eisdielen-die-begeistern\\\/#breadcrumb\",\"itemListElement\":[{\"@type\":\"ListItem\",\"position\":1,\"name\":\"Startseite\",\"item\":\"https:\\\/\\\/rheinhessenblog.de\\\/\"},{\"@type\":\"ListItem\",\"position\":2,\"name\":\"So schmeckt der Sommer&#8230; Eisdielen, die begEIStern!\"}]},{\"@type\":\"WebSite\",\"@id\":\"https:\\\/\\\/rheinhessenblog.de\\\/#website\",\"url\":\"https:\\\/\\\/rheinhessenblog.de\\\/\",\"name\":\"Rheinhessen-Blog\",\"description\":\"\",\"publisher\":{\"@id\":\"https:\\\/\\\/rheinhessenblog.de\\\/#organization\"},\"potentialAction\":[{\"@type\":\"SearchAction\",\"target\":{\"@type\":\"EntryPoint\",\"urlTemplate\":\"https:\\\/\\\/rheinhessenblog.de\\\/?s={search_term_string}\"},\"query-input\":{\"@type\":\"PropertyValueSpecification\",\"valueRequired\":true,\"valueName\":\"search_term_string\"}}],\"inLanguage\":\"fr-FR\"},{\"@type\":\"Organization\",\"@id\":\"https:\\\/\\\/rheinhessenblog.de\\\/#organization\",\"name\":\"Rheinhessen-Blog\",\"url\":\"https:\\\/\\\/rheinhessenblog.de\\\/\",\"logo\":{\"@type\":\"ImageObject\",\"inLanguage\":\"fr-FR\",\"@id\":\"https:\\\/\\\/rheinhessenblog.de\\\/#\\\/schema\\\/logo\\\/image\\\/\",\"url\":\"https:\\\/\\\/rheinhessenblog.de\\\/wp-content\\\/uploads\\\/2023\\\/07\\\/Rheinhessenlogo.svg\",\"contentUrl\":\"https:\\\/\\\/rheinhessenblog.de\\\/wp-content\\\/uploads\\\/2023\\\/07\\\/Rheinhessenlogo.svg\",\"width\":85,\"height\":26,\"caption\":\"Rheinhessen-Blog\"},\"image\":{\"@id\":\"https:\\\/\\\/rheinhessenblog.de\\\/#\\\/schema\\\/logo\\\/image\\\/\"}},{\"@type\":\"Person\",\"@id\":\"https:\\\/\\\/rheinhessenblog.de\\\/#\\\/schema\\\/person\\\/105ca6be0dd7329ee6748fca3ae8e936\",\"name\":\"Tanja Espenschied\",\"description\":\"Reisen ist meine Leidenschaft, Rheinhessen mein Zuhause. Viele Jahre bin ich mit Rucksack und Kamera durch die Welt gereist, immer auf der Suche nach den sch\u00f6nsten Flecken der Erde. Was ich dabei ganz \u00fcbersehen habe: Die sch\u00f6nsten Flecken liegen oft nicht auf der anderen Seite des Globus, sondern direkt vor der Haust\u00fcr. Ich ziehe also wieder los, dieses Mal auf der Suche nach den Perlen Rheinhessens.\",\"url\":\"https:\\\/\\\/rheinhessenblog.de\\\/fr\\\/author\\\/espenschied\\\/\"}]}<\/script>\n<!-- \/ Yoast SEO plugin. -->","yoast_head_json":{"title":"Le go\u00fbt de l'\u00e9t\u00e9... Des glaciers qui font plaisir ! - Blog de la Hesse rh\u00e9nane","description":"Profiter du soleil avec une glace \u00e0 la main. Du moins pour les amateurs de cette friandise glac\u00e9e, c'est la quintessence de l'\u00e9t\u00e9. D\u00e8s que les temp\u00e9ratures ext\u00e9rieures augmentent, on ne peut plus se passer des boules color\u00e9es dans des gaufres croustillantes ou des gobelets en carton. On se r\u00e9gale et on d\u00e9guste \u00e0 la cuill\u00e8re. Heureusement qu'il y a tant de bons glaciers en Hesse rh\u00e9nane. Envie d'une boule de glace dans mes trois glaciers pr\u00e9f\u00e9r\u00e9s ?","robots":{"index":"index","follow":"follow","max-snippet":"max-snippet:-1","max-image-preview":"max-image-preview:large","max-video-preview":"max-video-preview:-1"},"canonical":"https:\/\/rheinhessenblog.de\/fr\/le-gout-de-lete-des-glaciers-qui-font-rever\/","og_locale":"fr_FR","og_type":"article","og_title":"So schmeckt der Sommer... Eisdielen, die begEIStern! - Rheinhessen-Blog","og_description":"Mit einem Eis in der Hand die Sonne genie\u00dfen. Zumindest f\u00fcr Liebhaber der gefrorenen Leckerei ist dies der Inbegriff von Sommer. Sobald die Au\u00dfentemperaturen steigen, sind die bunten Kugeln in Knusperwaffeln oder Pappbechern nicht mehr wegzudenken. Es wird geschleckt und gel\u00f6ffelt, was das Zeug h\u00e4lt. Gut, dass es in Rheinhessen so viele tolle Eisdielen gibt. Lust auf eine Kugel Eis in meinen drei Lieblings-Eissalons?","og_url":"https:\/\/rheinhessenblog.de\/fr\/le-gout-de-lete-des-glaciers-qui-font-rever\/","og_site_name":"Rheinhessen-Blog","article_published_time":"2021-08-11T07:54:28+00:00","article_modified_time":"2023-10-30T09:56:37+00:00","og_image":[{"width":2560,"height":1707,"url":"https:\/\/rheinhessenblog.de\/wp-content\/uploads\/2021\/08\/DSC_6437-scaled-1.jpg","type":"image\/jpeg"}],"author":"Tanja Espenschied","twitter_card":"summary_large_image","twitter_misc":{"\u00c9crit par":"Tanja Espenschied","Dur\u00e9e de lecture estim\u00e9e":"8 minutes"},"schema":{"@context":"https:\/\/schema.org","@graph":[{"@type":"Article","@id":"https:\/\/rheinhessenblog.de\/so-schmeckt-der-sommer-eisdielen-die-begeistern\/#article","isPartOf":{"@id":"https:\/\/rheinhessenblog.de\/so-schmeckt-der-sommer-eisdielen-die-begeistern\/"},"author":{"name":"Tanja Espenschied","@id":"https:\/\/rheinhessenblog.de\/#\/schema\/person\/105ca6be0dd7329ee6748fca3ae8e936"},"headline":"So schmeckt der Sommer&#8230; Eisdielen, die begEIStern!","datePublished":"2021-08-11T07:54:28+00:00","dateModified":"2023-10-30T09:56:37+00:00","mainEntityOfPage":{"@id":"https:\/\/rheinhessenblog.de\/so-schmeckt-der-sommer-eisdielen-die-begeistern\/"},"wordCount":1206,"commentCount":0,"publisher":{"@id":"https:\/\/rheinhessenblog.de\/#organization"},"image":{"@id":"https:\/\/rheinhessenblog.de\/so-schmeckt-der-sommer-eisdielen-die-begeistern\/#primaryimage"},"thumbnailUrl":"https:\/\/rheinhessenblog.de\/wp-content\/uploads\/2021\/08\/DSC_6437-scaled-1.jpg","keywords":["Familien"],"articleSection":["Wein &amp; Kulinarik"],"inLanguage":"fr-FR","potentialAction":[{"@type":"CommentAction","name":"Comment","target":["https:\/\/rheinhessenblog.de\/so-schmeckt-der-sommer-eisdielen-die-begeistern\/#respond"]}]},{"@type":"WebPage","@id":"https:\/\/rheinhessenblog.de\/so-schmeckt-der-sommer-eisdielen-die-begeistern\/","url":"https:\/\/rheinhessenblog.de\/so-schmeckt-der-sommer-eisdielen-die-begeistern\/","name":"Le go\u00fbt de l'\u00e9t\u00e9... Des glaciers qui font plaisir ! - Blog de la Hesse rh\u00e9nane","isPartOf":{"@id":"https:\/\/rheinhessenblog.de\/#website"},"primaryImageOfPage":{"@id":"https:\/\/rheinhessenblog.de\/so-schmeckt-der-sommer-eisdielen-die-begeistern\/#primaryimage"},"image":{"@id":"https:\/\/rheinhessenblog.de\/so-schmeckt-der-sommer-eisdielen-die-begeistern\/#primaryimage"},"thumbnailUrl":"https:\/\/rheinhessenblog.de\/wp-content\/uploads\/2021\/08\/DSC_6437-scaled-1.jpg","datePublished":"2021-08-11T07:54:28+00:00","dateModified":"2023-10-30T09:56:37+00:00","description":"Profiter du soleil avec une glace \u00e0 la main. Du moins pour les amateurs de cette friandise glac\u00e9e, c'est la quintessence de l'\u00e9t\u00e9. D\u00e8s que les temp\u00e9ratures ext\u00e9rieures augmentent, on ne peut plus se passer des boules color\u00e9es dans des gaufres croustillantes ou des gobelets en carton. On se r\u00e9gale et on d\u00e9guste \u00e0 la cuill\u00e8re. Heureusement qu'il y a tant de bons glaciers en Hesse rh\u00e9nane. Envie d'une boule de glace dans mes trois glaciers pr\u00e9f\u00e9r\u00e9s ?","breadcrumb":{"@id":"https:\/\/rheinhessenblog.de\/so-schmeckt-der-sommer-eisdielen-die-begeistern\/#breadcrumb"},"inLanguage":"fr-FR","potentialAction":[{"@type":"ReadAction","target":["https:\/\/rheinhessenblog.de\/so-schmeckt-der-sommer-eisdielen-die-begeistern\/"]}]},{"@type":"ImageObject","inLanguage":"fr-FR","@id":"https:\/\/rheinhessenblog.de\/so-schmeckt-der-sommer-eisdielen-die-begeistern\/#primaryimage","url":"https:\/\/rheinhessenblog.de\/wp-content\/uploads\/2021\/08\/DSC_6437-scaled-1.jpg","contentUrl":"https:\/\/rheinhessenblog.de\/wp-content\/uploads\/2021\/08\/DSC_6437-scaled-1.jpg","width":2560,"height":1707},{"@type":"BreadcrumbList","@id":"https:\/\/rheinhessenblog.de\/so-schmeckt-der-sommer-eisdielen-die-begeistern\/#breadcrumb","itemListElement":[{"@type":"ListItem","position":1,"name":"Startseite","item":"https:\/\/rheinhessenblog.de\/"},{"@type":"ListItem","position":2,"name":"So schmeckt der Sommer&#8230; Eisdielen, die begEIStern!"}]},{"@type":"WebSite","@id":"https:\/\/rheinhessenblog.de\/#website","url":"https:\/\/rheinhessenblog.de\/","name":"Blog de la Hesse rh\u00e9nane","description":"","publisher":{"@id":"https:\/\/rheinhessenblog.de\/#organization"},"potentialAction":[{"@type":"SearchAction","target":{"@type":"EntryPoint","urlTemplate":"https:\/\/rheinhessenblog.de\/?s={search_term_string}"},"query-input":{"@type":"PropertyValueSpecification","valueRequired":true,"valueName":"search_term_string"}}],"inLanguage":"fr-FR"},{"@type":"Organization","@id":"https:\/\/rheinhessenblog.de\/#organization","name":"Blog de la Hesse rh\u00e9nane","url":"https:\/\/rheinhessenblog.de\/","logo":{"@type":"ImageObject","inLanguage":"fr-FR","@id":"https:\/\/rheinhessenblog.de\/#\/schema\/logo\/image\/","url":"https:\/\/rheinhessenblog.de\/wp-content\/uploads\/2023\/07\/Rheinhessenlogo.svg","contentUrl":"https:\/\/rheinhessenblog.de\/wp-content\/uploads\/2023\/07\/Rheinhessenlogo.svg","width":85,"height":26,"caption":"Rheinhessen-Blog"},"image":{"@id":"https:\/\/rheinhessenblog.de\/#\/schema\/logo\/image\/"}},{"@type":"Person","@id":"https:\/\/rheinhessenblog.de\/#\/schema\/person\/105ca6be0dd7329ee6748fca3ae8e936","name":"Tanja Espenschied","description":"Les voyages sont ma passion, la Hesse rh\u00e9nane ma maison. Pendant de nombreuses ann\u00e9es, j'ai parcouru le monde avec mon sac \u00e0 dos et mon appareil photo, toujours \u00e0 la recherche des plus beaux endroits de la plan\u00e8te. Ce que j'ai compl\u00e8tement oubli\u00e9 : Souvent, les plus beaux endroits ne se trouvent pas \u00e0 l'autre bout du monde, mais directement devant ma porte. Je repars donc, cette fois \u00e0 la recherche des perles de la Hesse rh\u00e9nane.","url":"https:\/\/rheinhessenblog.de\/fr\/author\/espenschied\/"}]}},"_links":{"self":[{"href":"https:\/\/rheinhessenblog.de\/fr\/wp-json\/wp\/v2\/posts\/6947","targetHints":{"allow":["GET"]}}],"collection":[{"href":"https:\/\/rheinhessenblog.de\/fr\/wp-json\/wp\/v2\/posts"}],"about":[{"href":"https:\/\/rheinhessenblog.de\/fr\/wp-json\/wp\/v2\/types\/post"}],"author":[{"embeddable":true,"href":"https:\/\/rheinhessenblog.de\/fr\/wp-json\/wp\/v2\/users\/19"}],"replies":[{"embeddable":true,"href":"https:\/\/rheinhessenblog.de\/fr\/wp-json\/wp\/v2\/comments?post=6947"}],"version-history":[{"count":4,"href":"https:\/\/rheinhessenblog.de\/fr\/wp-json\/wp\/v2\/posts\/6947\/revisions"}],"predecessor-version":[{"id":13477,"href":"https:\/\/rheinhessenblog.de\/fr\/wp-json\/wp\/v2\/posts\/6947\/revisions\/13477"}],"wp:featuredmedia":[{"embeddable":true,"href":"https:\/\/rheinhessenblog.de\/fr\/wp-json\/wp\/v2\/media\/6965"}],"wp:attachment":[{"href":"https:\/\/rheinhessenblog.de\/fr\/wp-json\/wp\/v2\/media?parent=6947"}],"wp:term":[{"taxonomy":"category","embeddable":true,"href":"https:\/\/rheinhessenblog.de\/fr\/wp-json\/wp\/v2\/categories?post=6947"},{"taxonomy":"post_tag","embeddable":true,"href":"https:\/\/rheinhessenblog.de\/fr\/wp-json\/wp\/v2\/tags?post=6947"}],"curies":[{"name":"wp","href":"https:\/\/api.w.org\/{rel}","templated":true}]}}