{"id":7472,"date":"2022-03-08T09:15:00","date_gmt":"2022-03-08T08:15:00","guid":{"rendered":"http:\/\/blog.rheinhessen.de\/?p=7472"},"modified":"2023-10-30T10:30:42","modified_gmt":"2023-10-30T09:30:42","slug":"les-collines-de-schum-en-hesse-rhenane-inscrites-au-patrimoine-mondial-de-lunesco","status":"publish","type":"post","link":"https:\/\/rheinhessenblog.de\/fr\/unesco-weltkulturerbe-schum-staetten-in-rheinhessen\/","title":{"rendered":"SchUM, patrimoine culturel mondial de l'UNESCO - Sites en Hesse rh\u00e9nane"},"content":{"rendered":"<p>Depuis 2021, les sites SchUM sont inscrits au patrimoine mondial de l'UNESCO. Je dois malheureusement admettre <a rel=\"noreferrer noopener\" aria-label=\"SchUM (s&#039;ouvre dans un nouvel onglet)\" href=\"https:\/\/schumstaedte.de\" target=\"_blank\">SchUM<\/a> ne m'\u00e9tait pas familier jusqu'\u00e0 pr\u00e9sent et j'avais d'abord besoin d'une petite introduction sur le sujet. Comme beaucoup d'entre vous sont certainement dans le m\u00eame cas et que nous devons absolument y rem\u00e9dier, j'ai organis\u00e9 une visite guid\u00e9e pour chacun d'entre vous \u00e0 travers <a rel=\"noreferrer noopener\" aria-label=\"le quartier juif et le cimeti\u00e8re de Worms et sur le cimeti\u00e8re juif de Mayence (s&#039;ouvre dans un nouvel onglet)\" href=\"https:\/\/www.rheinhessen.de\/schum-staetten-in-rheinhessen\/0\" target=\"_blank\">le quartier juif et le cimeti\u00e8re \u00e0 Worms et sur le cimeti\u00e8re juif \u00e0 Mayence<\/a> et je vous raconte ce que vous pouvez y d\u00e9couvrir.<\/p>\n\n\n\n<h3 class=\"wp-block-heading\"><strong>Une visite guid\u00e9e de la ville juive de Worms<\/strong><\/h3>\n\n\n\n<figure class=\"wp-block-image size-large\"><img fetchpriority=\"high\" decoding=\"async\" width=\"683\" height=\"1024\" src=\"https:\/\/rheinhessenblog.de\/wp-content\/uploads\/2021\/11\/schum-worms-2-scaled-1-683x1024.jpg\" alt=\"Patrimoine mondial de l&#039;UNESCO\" class=\"wp-image-7476\" srcset=\"https:\/\/rheinhessenblog.de\/wp-content\/uploads\/2021\/11\/schum-worms-2-scaled-1-683x1024.jpg 683w, https:\/\/rheinhessenblog.de\/wp-content\/uploads\/2021\/11\/schum-worms-2-scaled-1-200x300.jpg 200w, https:\/\/rheinhessenblog.de\/wp-content\/uploads\/2021\/11\/schum-worms-2-scaled-1-768x1152.jpg 768w, https:\/\/rheinhessenblog.de\/wp-content\/uploads\/2021\/11\/schum-worms-2-scaled-1-1024x1536.jpg 1024w, https:\/\/rheinhessenblog.de\/wp-content\/uploads\/2021\/11\/schum-worms-2-scaled-1-1366x2048.jpg 1366w, https:\/\/rheinhessenblog.de\/wp-content\/uploads\/2021\/11\/schum-worms-2-scaled-1.jpg 1707w\" sizes=\"(max-width: 683px) 100vw, 683px\" \/><figcaption class=\"wp-element-caption\">Patrimoine mondial de l'UNESCO<\/figcaption><\/figure>\n\n\n\n<figure class=\"wp-block-image size-large\"><img decoding=\"async\" width=\"1024\" height=\"683\" src=\"https:\/\/rheinhessenblog.de\/wp-content\/uploads\/2021\/11\/schum-worms-6-scaled-1-1024x683.jpg\" alt=\"\" class=\"wp-image-7486\" srcset=\"https:\/\/rheinhessenblog.de\/wp-content\/uploads\/2021\/11\/schum-worms-6-scaled-1-1024x683.jpg 1024w, https:\/\/rheinhessenblog.de\/wp-content\/uploads\/2021\/11\/schum-worms-6-scaled-1-300x200.jpg 300w, https:\/\/rheinhessenblog.de\/wp-content\/uploads\/2021\/11\/schum-worms-6-scaled-1-768x512.jpg 768w, https:\/\/rheinhessenblog.de\/wp-content\/uploads\/2021\/11\/schum-worms-6-scaled-1-1536x1024.jpg 1536w, https:\/\/rheinhessenblog.de\/wp-content\/uploads\/2021\/11\/schum-worms-6-scaled-1-2048x1366.jpg 2048w\" sizes=\"(max-width: 1024px) 100vw, 1024px\" \/><\/figure>\n\n\n\n<p>Avec le guide Rolf Jochum, je d\u00e9couvre les sites SchUM de Worms et en apprends un peu plus sur les 1000 ans d'histoire des juifs \u00e0 Worms et sur le Rhin. La bonne nouvelle plane sur toute notre visite : SchUM est inscrite au patrimoine culturel mondial. Une annonce joyeuse \u00e0 laquelle les villes ont travaill\u00e9 pendant 16 ans et qui envoie un message important : l'histoire du juda\u00efsme sur le Rhin m\u00e9rite d'\u00eatre prot\u00e9g\u00e9e. Les conditions pour obtenir le statut de patrimoine culturel mondial sont l'influence sur l'architecture, une tradition vivante et continue et le t\u00e9moignage d'une vie urbaine ou d'un quartier urbain. Les sites SchUM remplissent toutes ces conditions.<\/p>\n\n\n\n<figure class=\"wp-block-image size-large\"><img decoding=\"async\" width=\"1024\" height=\"683\" src=\"https:\/\/rheinhessenblog.de\/wp-content\/uploads\/2021\/11\/schum-worms-4-scaled-1-1024x683.jpg\" alt=\"\" class=\"wp-image-7478\" srcset=\"https:\/\/rheinhessenblog.de\/wp-content\/uploads\/2021\/11\/schum-worms-4-scaled-1-1024x683.jpg 1024w, https:\/\/rheinhessenblog.de\/wp-content\/uploads\/2021\/11\/schum-worms-4-scaled-1-300x200.jpg 300w, https:\/\/rheinhessenblog.de\/wp-content\/uploads\/2021\/11\/schum-worms-4-scaled-1-768x512.jpg 768w, https:\/\/rheinhessenblog.de\/wp-content\/uploads\/2021\/11\/schum-worms-4-scaled-1-1536x1024.jpg 1536w, https:\/\/rheinhessenblog.de\/wp-content\/uploads\/2021\/11\/schum-worms-4-scaled-1-2048x1366.jpg 2048w\" sizes=\"(max-width: 1024px) 100vw, 1024px\" \/><\/figure>\n\n\n\n<p>Nous commen\u00e7ons notre visite au milieu du quartier juif de Worms, sur la place libre devant la synagogue. En arri\u00e8re-plan, je peux voir <a rel=\"noreferrer noopener\" aria-label=\"le mus\u00e9e juif dans l&#039;ancienne maison de Rachi (s&#039;ouvre dans un nouvel onglet)\" href=\"https:\/\/www.rheinhessen.de\/schum-staetten-in-rheinhessen\/a-juedisches-museum-im-raschi-haus\" target=\"_blank\">le mus\u00e9e juif dans l'ancienne maison de Rachi<\/a> d\u00e9j\u00e0 l'apercevoir. Un mus\u00e9e formidable qui a renouvel\u00e9 son exposition depuis sa reconnaissance comme patrimoine culturel mondial de l'UNESCO et qui explique et fait vivre de nombreux d\u00e9tails et particularit\u00e9s, y compris autour de SchUM.<\/p>\n\n\n\n<figure class=\"wp-block-image size-large\"><img loading=\"lazy\" decoding=\"async\" width=\"1024\" height=\"683\" src=\"https:\/\/rheinhessenblog.de\/wp-content\/uploads\/2021\/11\/schum-worms-7-scaled-1-1024x683.jpg\" alt=\"\" class=\"wp-image-7479\" srcset=\"https:\/\/rheinhessenblog.de\/wp-content\/uploads\/2021\/11\/schum-worms-7-scaled-1-1024x683.jpg 1024w, https:\/\/rheinhessenblog.de\/wp-content\/uploads\/2021\/11\/schum-worms-7-scaled-1-300x200.jpg 300w, https:\/\/rheinhessenblog.de\/wp-content\/uploads\/2021\/11\/schum-worms-7-scaled-1-768x512.jpg 768w, https:\/\/rheinhessenblog.de\/wp-content\/uploads\/2021\/11\/schum-worms-7-scaled-1-1536x1024.jpg 1536w, https:\/\/rheinhessenblog.de\/wp-content\/uploads\/2021\/11\/schum-worms-7-scaled-1-2048x1366.jpg 2048w\" sizes=\"(max-width: 1024px) 100vw, 1024px\" \/><\/figure>\n\n\n\n<figure class=\"wp-block-image size-large\"><img loading=\"lazy\" decoding=\"async\" width=\"1024\" height=\"683\" src=\"https:\/\/rheinhessenblog.de\/wp-content\/uploads\/2021\/11\/schum-worms-8-scaled-1-1024x683.jpg\" alt=\"\" class=\"wp-image-7480\" srcset=\"https:\/\/rheinhessenblog.de\/wp-content\/uploads\/2021\/11\/schum-worms-8-scaled-1-1024x683.jpg 1024w, https:\/\/rheinhessenblog.de\/wp-content\/uploads\/2021\/11\/schum-worms-8-scaled-1-300x200.jpg 300w, https:\/\/rheinhessenblog.de\/wp-content\/uploads\/2021\/11\/schum-worms-8-scaled-1-768x512.jpg 768w, https:\/\/rheinhessenblog.de\/wp-content\/uploads\/2021\/11\/schum-worms-8-scaled-1-1536x1024.jpg 1536w, https:\/\/rheinhessenblog.de\/wp-content\/uploads\/2021\/11\/schum-worms-8-scaled-1-2048x1366.jpg 2048w\" sizes=\"(max-width: 1024px) 100vw, 1024px\" \/><\/figure>\n\n\n\n<figure class=\"wp-block-image size-large\"><img loading=\"lazy\" decoding=\"async\" width=\"1024\" height=\"683\" src=\"https:\/\/rheinhessenblog.de\/wp-content\/uploads\/2021\/11\/schum-worms-9-scaled-1-1024x683.jpg\" alt=\"\" class=\"wp-image-7481\" srcset=\"https:\/\/rheinhessenblog.de\/wp-content\/uploads\/2021\/11\/schum-worms-9-scaled-1-1024x683.jpg 1024w, https:\/\/rheinhessenblog.de\/wp-content\/uploads\/2021\/11\/schum-worms-9-scaled-1-300x200.jpg 300w, https:\/\/rheinhessenblog.de\/wp-content\/uploads\/2021\/11\/schum-worms-9-scaled-1-768x512.jpg 768w, https:\/\/rheinhessenblog.de\/wp-content\/uploads\/2021\/11\/schum-worms-9-scaled-1-1536x1024.jpg 1536w, https:\/\/rheinhessenblog.de\/wp-content\/uploads\/2021\/11\/schum-worms-9-scaled-1-2048x1366.jpg 2048w\" sizes=\"(max-width: 1024px) 100vw, 1024px\" \/><\/figure>\n\n\n\n<p>Je remarque tout de suite que dans cette partie de Worms, il reste encore des\nIl y a des pav\u00e9s et des parties du mur de la ville ont \u00e9t\u00e9 conserv\u00e9es. Des petits\nd\u00e9tails qui permettent \u00e0 M. Jochum de recr\u00e9er dans ma t\u00eate une image de la ville de Worms.\nLa ville d'il y a mille ans. <\/p>\n\n\n\n<p>Il est difficile aujourd'hui de savoir exactement \u00e0 quoi ressemblaient les choses \u00e0 l'\u00e9poque, quand les premiers juifs ont habit\u00e9 \u00e0 Worms et quand ils ont fond\u00e9 une communaut\u00e9. Chaque fois que l'on d\u00e9couvre un nouveau document ou une nouvelle pi\u00e8ce, le puzzle se reconstitue. C'est aussi pour cela que le statut de patrimoine mondial de l'UNESCO est important. On peut mieux \u00e9tudier l'histoire et la rendre accessible aux gens, \u00e0 nous. <\/p>\n\n\n\n<h3 class=\"wp-block-heading\">1000 ans \u00e0 travers l'histoire<\/h3>\n\n\n\n<p>En 960 et 980, on a trouv\u00e9 \u00e0 Cologne des documents qui parlent de juifs venant de Worms. Mais la preuve de l'existence d'une communaut\u00e9 juive n'a \u00e9t\u00e9 apport\u00e9e que par la plaque de fondation de la synagogue de 1034. Pour fonder une synagogue, il fallait au moins 10 chefs de famille. Si l'on consid\u00e8re la taille normale des familles de l'\u00e9poque, 60 \u00e0 70 juifs vivaient alors dans la ville. Il devait donc y avoir une communaut\u00e9 juive \u00e0 Worms au plus tard en 1034.<\/p>\n\n\n\n<p>Comme il \u00e9tait d'usage \u00e0 l'\u00e9poque, la synagogue a \u00e9t\u00e9 construite en deuxi\u00e8me ligne dans les jardins derri\u00e8re les maisons. La grande place libre sur laquelle nous nous trouvons aujourd'hui n'existait donc pas. Comme d'habitude \u00e0 l'\u00e9poque, le quartier juif \u00e9tait \u00e9troitement construit et ne cessait de s'\u00e9tendre. M\u00eame si le nom de quartier juif le laisse supposer, les juifs n'\u00e9taient pas oblig\u00e9s de vivre uniquement dans cette partie de Worms pendant 1000 ans. M\u00eame si nous voulons en fait parler de l'histoire des juifs, de leur foi et du d\u00e9veloppement de la Shoum, nous arrivons toujours \u00e0 un moment o\u00f9 nous parlons de la relation entre les chr\u00e9tiens et les juifs. Cette partie fait tout simplement partie int\u00e9grante de l'histoire des juifs sur le Rhin, de mani\u00e8re in\u00e9luctable. Monsieur Jochum souligne toutefois que lors d'une visite guid\u00e9e sur SchUM et les juifs de Worms, il ne s'agit pas seulement du Troisi\u00e8me Reich et de la Nuit de Cristal, dont la synagogue juive a \u00e9galement \u00e9t\u00e9 victime. Il s'agit plut\u00f4t de la vie des juifs et de son lien \u00e9troit avec Worms, de l'esprit et des histoires des personnes qui vivaient ici et de la mani\u00e8re dont SchUM a rayonn\u00e9 dans toute l'Allemagne jusqu'\u00e0 aujourd'hui. Il y a toujours de petites histoires et anecdotes \u00e0 raconter et m\u00eame si elles semblent rationnellement peu cr\u00e9dibles, ce n'est pas la v\u00e9racit\u00e9 des r\u00e9cits qui importe, mais la pens\u00e9e qui se cache derri\u00e8re. \u201eC'est l'esprit de SchUM\u201c, c'est ainsi que M. Jochum le d\u00e9crit. <\/p>\n\n\n\n<p>Apr\u00e8s avoir parcouru les petites ruelles, notre visite guid\u00e9e nous am\u00e8ne ensuite \u00e0 la <a rel=\"noreferrer noopener\" aria-label=\"Synagogue (s&#039;ouvre dans un nouvel onglet)\" href=\"https:\/\/www.rheinhessen.de\/schum-staetten-in-rheinhessen\/a-synagoge\" target=\"_blank\">Synagogue<\/a>. Monsieur Jochum met sa kippa et me conduit \u00e0 la synagogue en passant par la maison du rabbin et le sabot de femme. Le couvre-chef est d'ailleurs obligatoire pour tous les hommes dans la synagogue et au cimeti\u00e8re, il faut absolument y penser. Je m'assieds sur l'un des bancs en bois et Monsieur Jochum m'explique tous les d\u00e9tails d'un service religieux et de la synagogue. La synagogue a br\u00fbl\u00e9 et a \u00e9t\u00e9 d\u00e9truite, mais elle a \u00e9t\u00e9 reconstruite selon l'ancien mod\u00e8le et inaugur\u00e9e \u00e0 nouveau en 1961 en tant que premi\u00e8re synagogue d'Allemagne apr\u00e8s la deuxi\u00e8me guerre mondiale.&nbsp; <\/p>\n\n\n\n<figure class=\"wp-block-image size-large\"><img loading=\"lazy\" decoding=\"async\" width=\"1024\" height=\"683\" src=\"https:\/\/rheinhessenblog.de\/wp-content\/uploads\/2021\/11\/schum-worms-3-scaled-1-1024x683.jpg\" alt=\"\" class=\"wp-image-7477\" srcset=\"https:\/\/rheinhessenblog.de\/wp-content\/uploads\/2021\/11\/schum-worms-3-scaled-1-1024x683.jpg 1024w, https:\/\/rheinhessenblog.de\/wp-content\/uploads\/2021\/11\/schum-worms-3-scaled-1-300x200.jpg 300w, https:\/\/rheinhessenblog.de\/wp-content\/uploads\/2021\/11\/schum-worms-3-scaled-1-768x512.jpg 768w, https:\/\/rheinhessenblog.de\/wp-content\/uploads\/2021\/11\/schum-worms-3-scaled-1-1536x1024.jpg 1536w, https:\/\/rheinhessenblog.de\/wp-content\/uploads\/2021\/11\/schum-worms-3-scaled-1-2048x1366.jpg 2048w\" sizes=\"(max-width: 1024px) 100vw, 1024px\" \/><\/figure>\n\n\n\n<figure class=\"wp-block-image size-large\"><img loading=\"lazy\" decoding=\"async\" width=\"1024\" height=\"683\" src=\"https:\/\/rheinhessenblog.de\/wp-content\/uploads\/2021\/11\/schum-worms-5-scaled-1-1024x683.jpg\" alt=\"\" class=\"wp-image-7482\" srcset=\"https:\/\/rheinhessenblog.de\/wp-content\/uploads\/2021\/11\/schum-worms-5-scaled-1-1024x683.jpg 1024w, https:\/\/rheinhessenblog.de\/wp-content\/uploads\/2021\/11\/schum-worms-5-scaled-1-300x200.jpg 300w, https:\/\/rheinhessenblog.de\/wp-content\/uploads\/2021\/11\/schum-worms-5-scaled-1-768x512.jpg 768w, https:\/\/rheinhessenblog.de\/wp-content\/uploads\/2021\/11\/schum-worms-5-scaled-1-1536x1024.jpg 1536w, https:\/\/rheinhessenblog.de\/wp-content\/uploads\/2021\/11\/schum-worms-5-scaled-1-2048x1366.jpg 2048w\" sizes=\"(max-width: 1024px) 100vw, 1024px\" \/><\/figure>\n\n\n\n<h3 class=\"wp-block-heading\">A travers Worms jusqu'au cimeti\u00e8re de Heiliger Sand<\/h3>\n\n\n\n<p>Comme dernier point des sites SchUM ici \u00e0 Worms, nous visiterons le <a rel=\"noreferrer noopener\" aria-label=\"Cimeti\u00e8re du Sable sacr\u00e9 (s&#039;ouvre dans un nouvel onglet)\" href=\"https:\/\/www.rheinhessen.de\/schum-staetten-in-rheinhessen\/a-juedischer-friedhof-heiliger-sand-worms\" target=\"_blank\">Cimeti\u00e8re du Sable sacr\u00e9<\/a>. Pour cela, nous devons quitter le quartier juif et traverser la ville en passant devant la cath\u00e9drale et le monument de Luther. Le cimeti\u00e8re juif se dresse devant nous, vaste et paisible. De nombreuses pierres tombales en pierre se dressent sur une grande pelouse vallonn\u00e9e. Certaines sont renvers\u00e9es ou enfonc\u00e9es dans le sol. Une image tout \u00e0 fait normale, comme me l'explique Monsieur Jochum. Si les pierres tombent ou s'enfoncent, c'est que Dieu l'a voulu ainsi. Ce n'est que lorsque l'homme est intervenu et a modifi\u00e9 quelque chose que cela peut \u00eatre r\u00e9par\u00e9. Avec l'\u0153il exerc\u00e9 du guide, on remarque les changements dans les formes des pierres et aussi les pierres tombales plus pompeuses qui t\u00e9moignent de la partie r\u00e9cente du cimeti\u00e8re et de l'adaptation au christianisme. Tout au fond du cimeti\u00e8re, nous pouvons regarder vers le coin des rabbins, o\u00f9 ils \u00e9taient d\u00e9j\u00e0 enterr\u00e9s il y a 1000 ans. Et c'est pr\u00e9cis\u00e9ment ici qu'elle se trouve, la plus ancienne pierre tombale de 1058 du cimeti\u00e8re du Saint-Sable et la pierre qui fait de ce cimeti\u00e8re le plus ancien cimeti\u00e8re juif d'Europe. Un titre que Worms se dispute avec Mayence.<\/p>\n\n\n\n<figure class=\"wp-block-image size-large\"><img loading=\"lazy\" decoding=\"async\" width=\"1024\" height=\"683\" src=\"https:\/\/rheinhessenblog.de\/wp-content\/uploads\/2021\/11\/schum-worms-11-scaled-1-1024x683.jpg\" alt=\"\" class=\"wp-image-7483\" srcset=\"https:\/\/rheinhessenblog.de\/wp-content\/uploads\/2021\/11\/schum-worms-11-scaled-1-1024x683.jpg 1024w, https:\/\/rheinhessenblog.de\/wp-content\/uploads\/2021\/11\/schum-worms-11-scaled-1-300x200.jpg 300w, https:\/\/rheinhessenblog.de\/wp-content\/uploads\/2021\/11\/schum-worms-11-scaled-1-768x512.jpg 768w, https:\/\/rheinhessenblog.de\/wp-content\/uploads\/2021\/11\/schum-worms-11-scaled-1-1536x1024.jpg 1536w, https:\/\/rheinhessenblog.de\/wp-content\/uploads\/2021\/11\/schum-worms-11-scaled-1-2048x1366.jpg 2048w\" sizes=\"(max-width: 1024px) 100vw, 1024px\" \/><\/figure>\n\n\n\n<figure class=\"wp-block-image size-large\"><img loading=\"lazy\" decoding=\"async\" width=\"1024\" height=\"683\" src=\"https:\/\/rheinhessenblog.de\/wp-content\/uploads\/2021\/11\/schum-worms-12-scaled-1-1024x683.jpg\" alt=\"\" class=\"wp-image-7484\" srcset=\"https:\/\/rheinhessenblog.de\/wp-content\/uploads\/2021\/11\/schum-worms-12-scaled-1-1024x683.jpg 1024w, https:\/\/rheinhessenblog.de\/wp-content\/uploads\/2021\/11\/schum-worms-12-scaled-1-300x200.jpg 300w, https:\/\/rheinhessenblog.de\/wp-content\/uploads\/2021\/11\/schum-worms-12-scaled-1-768x512.jpg 768w, https:\/\/rheinhessenblog.de\/wp-content\/uploads\/2021\/11\/schum-worms-12-scaled-1-1536x1024.jpg 1536w, https:\/\/rheinhessenblog.de\/wp-content\/uploads\/2021\/11\/schum-worms-12-scaled-1-2048x1366.jpg 2048w\" sizes=\"(max-width: 1024px) 100vw, 1024px\" \/><\/figure>\n\n\n\n<p>C'est ici que se termine notre visite guid\u00e9e \u00e0 Worms et que je continue ma route vers Mayence. Si vous souhaitez vous aussi participer \u00e0 une visite guid\u00e9e, jetez un coup d'\u0153il sur le site <a rel=\"noreferrer noopener\" aria-label=\"Site web de la ville de Worms (s&#039;ouvre dans un nouvel onglet)\" href=\"https:\/\/www.worms-erleben.de\/erleben\/planen-und-buchen\/fuehrungen\/juedisches-worms-EINZELREISENDE.php\" target=\"_blank\">Site web de la ville de Worms<\/a> en passant par l\u00e0. Sinon, vous pouvez aussi vous rendre au cimeti\u00e8re du Sable sacr\u00e9 aux<a href=\"https:\/\/www.worms-erleben.de\/erleben\/entdecken-und-staunen\/sehenswuerdigkeiten\/heiliger-sand.php\" target=\"_blank\" rel=\"noreferrer noopener\" aria-label=\" Heures d&#039;ouverture (s&#039;ouvre dans un nouvel onglet)\"> Heures d'ouverture <\/a>et vous faire d\u00e9couvrir la <a rel=\"noreferrer noopener\" aria-label=\"SchUM-App (s&#039;ouvre dans un nouvel onglet)\" href=\"https:\/\/schumstaedte.de\/schum-app\/\" target=\"_blank\">Application SchUM<\/a> de la ville de Worms \u00e0 travers le quartier juif.<\/p>\n\n\n\n<h3 class=\"wp-block-heading\">Sur les traces de SchUM \u00e0 Mayence<\/h3>\n\n\n\n<figure class=\"wp-block-image size-large\"><img loading=\"lazy\" decoding=\"async\" width=\"1024\" height=\"683\" src=\"https:\/\/rheinhessenblog.de\/wp-content\/uploads\/2021\/11\/schum-worms-15-scaled-1-1024x683.jpg\" alt=\"\" class=\"wp-image-7487\" srcset=\"https:\/\/rheinhessenblog.de\/wp-content\/uploads\/2021\/11\/schum-worms-15-scaled-1-1024x683.jpg 1024w, https:\/\/rheinhessenblog.de\/wp-content\/uploads\/2021\/11\/schum-worms-15-scaled-1-300x200.jpg 300w, https:\/\/rheinhessenblog.de\/wp-content\/uploads\/2021\/11\/schum-worms-15-scaled-1-768x512.jpg 768w, https:\/\/rheinhessenblog.de\/wp-content\/uploads\/2021\/11\/schum-worms-15-scaled-1-1536x1024.jpg 1536w, https:\/\/rheinhessenblog.de\/wp-content\/uploads\/2021\/11\/schum-worms-15-scaled-1-2048x1366.jpg 2048w\" sizes=\"(max-width: 1024px) 100vw, 1024px\" \/><\/figure>\n\n\n\n<p>Bien s\u00fbr, j'ai aussi fait une visite guid\u00e9e \u00e0 Mayence sur le <a href=\"https:\/\/www.rheinhessen.de\/schum-staetten-in-rheinhessen\/a-alter-juedischer-friedhof-mainz-judensand\" target=\"_blank\" rel=\"noreferrer noopener\" aria-label=\"ancien cimeti\u00e8re juif (s&#039;ouvre dans un nouvel onglet)\">ancien cimeti\u00e8re juif<\/a>  a visit\u00e9. Malheureusement, il ne reste plus grand-chose de la vie juive d'il y a 1000 ans \u00e0 Mayence. La synagogue a \u00e9t\u00e9 reconstruite et ne fait donc pas partie des sites SchUM et du patrimoine culturel mondial de l'UNESCO. La nomination au patrimoine culturel mondial doit cependant donner le coup d'envoi, ici \u00e0 Mayence, d'une nouvelle exp\u00e9rience pour les visiteurs des sites SchUM. Ainsi, un centre d'accueil des visiteurs est en cours de planification au cimeti\u00e8re juif. <\/p>\n\n\n\n<p>En attendant, je me prom\u00e8ne avec la guide Claudia Maria.\nStrehl \u00e0 travers le cimeti\u00e8re et \u00e9coute l'histoire des juifs \u00e0 Mayence. La premi\u00e8re\ncommunaut\u00e9 juive de Mayence est mentionn\u00e9e d\u00e8s 917, ce qui fait de cette ville un lieu s\u00fbr.\nl'histoire du juda\u00efsme rh\u00e9nan a commenc\u00e9 \u00e0 Mayence. <\/p>\n\n\n\n<figure class=\"wp-block-image size-large\"><img loading=\"lazy\" decoding=\"async\" width=\"1024\" height=\"683\" src=\"https:\/\/rheinhessenblog.de\/wp-content\/uploads\/2021\/11\/schum-mainz-1-scaled-1-1024x683.jpg\" alt=\"\" class=\"wp-image-7488\" srcset=\"https:\/\/rheinhessenblog.de\/wp-content\/uploads\/2021\/11\/schum-mainz-1-scaled-1-1024x683.jpg 1024w, https:\/\/rheinhessenblog.de\/wp-content\/uploads\/2021\/11\/schum-mainz-1-scaled-1-300x200.jpg 300w, https:\/\/rheinhessenblog.de\/wp-content\/uploads\/2021\/11\/schum-mainz-1-scaled-1-768x512.jpg 768w, https:\/\/rheinhessenblog.de\/wp-content\/uploads\/2021\/11\/schum-mainz-1-scaled-1-1536x1024.jpg 1536w, https:\/\/rheinhessenblog.de\/wp-content\/uploads\/2021\/11\/schum-mainz-1-scaled-1-2048x1366.jpg 2048w\" sizes=\"(max-width: 1024px) 100vw, 1024px\" \/><\/figure>\n\n\n\n<h3 class=\"wp-block-heading\">Cimeti\u00e8re de Mayence Judensand<\/h3>\n\n\n\n<figure class=\"wp-block-image size-large\"><img loading=\"lazy\" decoding=\"async\" width=\"1024\" height=\"768\" src=\"https:\/\/rheinhessenblog.de\/wp-content\/uploads\/2021\/11\/schum-mainz-2-scaled-1-1024x768.jpg\" alt=\"\" class=\"wp-image-7489\" srcset=\"https:\/\/rheinhessenblog.de\/wp-content\/uploads\/2021\/11\/schum-mainz-2-scaled-1-1024x768.jpg 1024w, https:\/\/rheinhessenblog.de\/wp-content\/uploads\/2021\/11\/schum-mainz-2-scaled-1-300x225.jpg 300w, https:\/\/rheinhessenblog.de\/wp-content\/uploads\/2021\/11\/schum-mainz-2-scaled-1-768x576.jpg 768w, https:\/\/rheinhessenblog.de\/wp-content\/uploads\/2021\/11\/schum-mainz-2-scaled-1-1536x1152.jpg 1536w, https:\/\/rheinhessenblog.de\/wp-content\/uploads\/2021\/11\/schum-mainz-2-scaled-1-2048x1536.jpg 2048w\" sizes=\"(max-width: 1024px) 100vw, 1024px\" \/><\/figure>\n\n\n\n<p>L'histoire du cimeti\u00e8re juif de Mayence remonte \u00e0 l'ann\u00e9e 1020.\n\u00e0 l'ann\u00e9e 1012, lorsqu'un couple juif a achet\u00e9 le terrain pour la communaut\u00e9.\nacheta le terrain. Il est donc prouv\u00e9 que le cimeti\u00e8re de Mayence est plus ancien que celui de Worms.\nWorms, mais la plus ancienne pierre tombale du cimeti\u00e8re de Mayence avec la date de d\u00e9c\u00e8s de 1049\nne se trouve plus ici dans le cimeti\u00e8re, mais au mus\u00e9e r\u00e9gional de Mayence. Une\nparticularit\u00e9 d\u00e9cisive, car les pierres tombales ont une signification particuli\u00e8re dans le juda\u00efsme.\ntout comme l'ensemble de la culture fun\u00e9raire a ses diff\u00e9rences.\npar rapport au christianisme. Lorsqu'un juif est enterr\u00e9, la place dans le cimeti\u00e8re lui appartient pour l'\u00e9ternit\u00e9.\ncimeti\u00e8re pour l'\u00e9ternit\u00e9. C'est aussi la raison pour laquelle nous y trouvons tant de pierres pr\u00e9cieuses.\nvieilles pierres que l'on peut admirer. Le plus important sur la pierre tombale est le nom du d\u00e9funt.\nd\u00e9funt. Celui-ci doit \u00eatre \u00e9crit pour l'\u00e9ternit\u00e9. Parce que les\nLes tombes sont toujours l\u00e0 pour l'\u00e9ternit\u00e9.\nIl est important de toujours rester sur les chemins marqu\u00e9s et de ne pas se croiser dans les cimeti\u00e8res.\nne pas se promener dans la prairie.&nbsp; <\/p>\n\n\n\n<figure class=\"wp-block-image size-large\"><img loading=\"lazy\" decoding=\"async\" width=\"1024\" height=\"768\" src=\"https:\/\/rheinhessenblog.de\/wp-content\/uploads\/2021\/11\/schum-mainz-3-scaled-1-1024x768.jpg\" alt=\"\" class=\"wp-image-7490\" srcset=\"https:\/\/rheinhessenblog.de\/wp-content\/uploads\/2021\/11\/schum-mainz-3-scaled-1-1024x768.jpg 1024w, https:\/\/rheinhessenblog.de\/wp-content\/uploads\/2021\/11\/schum-mainz-3-scaled-1-300x225.jpg 300w, https:\/\/rheinhessenblog.de\/wp-content\/uploads\/2021\/11\/schum-mainz-3-scaled-1-768x576.jpg 768w, https:\/\/rheinhessenblog.de\/wp-content\/uploads\/2021\/11\/schum-mainz-3-scaled-1-1536x1152.jpg 1536w, https:\/\/rheinhessenblog.de\/wp-content\/uploads\/2021\/11\/schum-mainz-3-scaled-1-2048x1536.jpg 2048w\" sizes=\"(max-width: 1024px) 100vw, 1024px\" \/><\/figure>\n\n\n\n<figure class=\"wp-block-image size-large\"><img loading=\"lazy\" decoding=\"async\" width=\"1024\" height=\"768\" src=\"https:\/\/rheinhessenblog.de\/wp-content\/uploads\/2021\/11\/schum-mainz-5-scaled-1-1024x768.jpg\" alt=\"\" class=\"wp-image-7491\" srcset=\"https:\/\/rheinhessenblog.de\/wp-content\/uploads\/2021\/11\/schum-mainz-5-scaled-1-1024x768.jpg 1024w, https:\/\/rheinhessenblog.de\/wp-content\/uploads\/2021\/11\/schum-mainz-5-scaled-1-300x225.jpg 300w, https:\/\/rheinhessenblog.de\/wp-content\/uploads\/2021\/11\/schum-mainz-5-scaled-1-768x576.jpg 768w, https:\/\/rheinhessenblog.de\/wp-content\/uploads\/2021\/11\/schum-mainz-5-scaled-1-1536x1152.jpg 1536w, https:\/\/rheinhessenblog.de\/wp-content\/uploads\/2021\/11\/schum-mainz-5-scaled-1-2048x1536.jpg 2048w\" sizes=\"(max-width: 1024px) 100vw, 1024px\" \/><\/figure>\n\n\n\n<p>Les pierres tombales les plus anciennes du cimeti\u00e8re se reconnaissent \u00e0 leur forme.\nforme simple. Les formes plus ludiques et les symboles sur les pierres sont apparus plus tard.\nne sont apparus que plus tard. Les symboles ont une signification bien pr\u00e9cise et racontent une histoire.\nracontent quelque chose sur le d\u00e9funt. Ainsi, une colonne bris\u00e9e repr\u00e9sente\nun homme d\u00e9c\u00e9d\u00e9 pr\u00e9matur\u00e9ment ou les mains b\u00e9nissant t\u00e9moignent d'un membre du clerg\u00e9.\nmembre de la famille des pr\u00eatres du temple.<\/p>\n\n\n\n<figure class=\"wp-block-image size-large\"><img loading=\"lazy\" decoding=\"async\" width=\"1024\" height=\"683\" src=\"https:\/\/rheinhessenblog.de\/wp-content\/uploads\/2021\/11\/schum-mainz-8-scaled-1-1024x683.jpg\" alt=\"\" class=\"wp-image-7492\" srcset=\"https:\/\/rheinhessenblog.de\/wp-content\/uploads\/2021\/11\/schum-mainz-8-scaled-1-1024x683.jpg 1024w, https:\/\/rheinhessenblog.de\/wp-content\/uploads\/2021\/11\/schum-mainz-8-scaled-1-300x200.jpg 300w, https:\/\/rheinhessenblog.de\/wp-content\/uploads\/2021\/11\/schum-mainz-8-scaled-1-768x512.jpg 768w, https:\/\/rheinhessenblog.de\/wp-content\/uploads\/2021\/11\/schum-mainz-8-scaled-1-1536x1024.jpg 1536w, https:\/\/rheinhessenblog.de\/wp-content\/uploads\/2021\/11\/schum-mainz-8-scaled-1-2048x1366.jpg 2048w\" sizes=\"(max-width: 1024px) 100vw, 1024px\" \/><\/figure>\n\n\n\n<figure class=\"wp-block-image size-large\"><img loading=\"lazy\" decoding=\"async\" width=\"683\" height=\"1024\" src=\"https:\/\/rheinhessenblog.de\/wp-content\/uploads\/2021\/11\/schum-mainz-9-scaled-1-683x1024.jpg\" alt=\"\" class=\"wp-image-7493\" srcset=\"https:\/\/rheinhessenblog.de\/wp-content\/uploads\/2021\/11\/schum-mainz-9-scaled-1-683x1024.jpg 683w, https:\/\/rheinhessenblog.de\/wp-content\/uploads\/2021\/11\/schum-mainz-9-scaled-1-200x300.jpg 200w, https:\/\/rheinhessenblog.de\/wp-content\/uploads\/2021\/11\/schum-mainz-9-scaled-1-768x1152.jpg 768w, https:\/\/rheinhessenblog.de\/wp-content\/uploads\/2021\/11\/schum-mainz-9-scaled-1-1024x1536.jpg 1024w, https:\/\/rheinhessenblog.de\/wp-content\/uploads\/2021\/11\/schum-mainz-9-scaled-1-1366x2048.jpg 1366w, https:\/\/rheinhessenblog.de\/wp-content\/uploads\/2021\/11\/schum-mainz-9-scaled-1.jpg 1707w\" sizes=\"(max-width: 683px) 100vw, 683px\" \/><\/figure>\n\n\n\n<h3 class=\"wp-block-heading\">1000 ans de juda\u00efsme \u00e9mouvant \u00e0 Mayence<\/h3>\n\n\n\n<p>Le cimeti\u00e8re juif de Mayence montre clairement l'histoire de la ville.\ndes juifs \u00e0 Mayence. Des communaut\u00e9s juives s'y sont install\u00e9es \u00e0 plusieurs reprises, puis ont \u00e9t\u00e9 expuls\u00e9es.\nont \u00e9t\u00e9 expuls\u00e9es \u00e0 nouveau. Ainsi, le cimeti\u00e8re juif s'est agrandi, a \u00e9t\u00e9 pill\u00e9 et revendu.\nou m\u00eame vendu et rachet\u00e9 par une partie de la communaut\u00e9 elle-m\u00eame. A\n\u00e0 son apog\u00e9e, le cimeti\u00e8re juif s'\u00e9tendait sur 9,5 hectares.\nil ne reste plus qu'une fraction de cette partie de l'\u00e9ternit\u00e9. Sur d'autres parties\ndes maisons se dressent ou des rues ont \u00e9t\u00e9 construites. En 1438, le cimeti\u00e8re a m\u00eame \u00e9t\u00e9\nd\u00e9vast\u00e9 et des parties des pierres tombales ont \u00e9t\u00e9 incorpor\u00e9es dans des b\u00e2timents. Ces pierres retrouv\u00e9es\net r\u00e9cup\u00e9r\u00e9es se trouvent aujourd'hui dans une section s\u00e9par\u00e9e du cimeti\u00e8re.\ncimeti\u00e8re, le cimeti\u00e8re comm\u00e9moratif. Contrairement au cimeti\u00e8re des visiteurs, que nous traversons\nnotre visite guid\u00e9e, les pierres tombales du cimeti\u00e8re comm\u00e9moratif ne sont pas\nalign\u00e9es de mani\u00e8re uniforme, mais sont dispos\u00e9es les unes \u00e0 c\u00f4t\u00e9 des autres. Cela est d\u00fb \u00e0 la tradition\nest li\u00e9 \u00e0 une tradition juive. Le mort est plac\u00e9 avec les pieds vers l'est\net la pierre tombale est plac\u00e9e \u00e0 sa t\u00eate. \u00c9tant donn\u00e9 que les pierres du cimeti\u00e8re\nMais le cimeti\u00e8re comm\u00e9moratif a \u00e9t\u00e9 plac\u00e9 apr\u00e8s coup et non \u00e0 la t\u00eate du d\u00e9funt.\nmort, elles ne pointent pas dans une direction uniforme.<\/p>\n\n\n\n<p>Actuellement, on est encore en train de r\u00e9pertorier les pierres du cimeti\u00e8re.\nLes pierres sont catalogu\u00e9es et document\u00e9es, afin d'avoir des informations m\u00eame apr\u00e8s leur chute, leur enfoncement ou leur disparition.\nLes pierres sont encore enregistr\u00e9es. De m\u00eame, de nombreuses\npierres utilis\u00e9es \u00e0 Mayence n'ont pas encore \u00e9t\u00e9 retrouv\u00e9es. L'histoire de la\nSchUM \u00e0 Mayence, tout comme \u00e0 Worms, n'a donc pas encore \u00e9t\u00e9 enti\u00e8rement d\u00e9couverte.\ncontinue \u00e0 s'\u00e9crire avec chaque d\u00e9couverte. Lors d'une visite des sites SchUM de\nHesse rh\u00e9nane et \u00e0 Spire, il y aura toujours quelque chose de nouveau \u00e0 d\u00e9couvrir sur l'histoire de la ville.\n1000 ans d'histoire du juda\u00efsme sur le Rhin. <\/p>\n\n\n\n<p>Actuellement, le cimeti\u00e8re juif de Mayence n'est accessible qu'avec une visite guid\u00e9e. Vous trouverez toutes les informations sur les visites guid\u00e9es sur le site web de <a rel=\"noreferrer noopener\" aria-label=\"Mainz Tourismus (s&#039;ouvre dans un nouvel onglet)\" href=\"https:\/\/www.mainz-tourismus.com\/stadtfuehrungen\/oeffentliche-stadtfuehrungen\/\" target=\"_blank\">Tourisme de Mayence<\/a>.<\/p>\n\n\n\n<p>Le cimeti\u00e8re est enti\u00e8rement ferm\u00e9 les jours de f\u00eate juive et le sabbat tous les samedis. Mais n'oubliez pas que dans le juda\u00efsme, les tombes sont \u00e9ternelles et restez donc sur les chemins indiqu\u00e9s. Et tr\u00e8s important pour tous les hommes : pensez \u00e0 vous couvrir la t\u00eate.<\/p>\n\n\n\n<figure class=\"wp-block-image size-full\"><img loading=\"lazy\" decoding=\"async\" width=\"807\" height=\"522\" src=\"https:\/\/rheinhessenblog.de\/wp-content\/uploads\/2022\/07\/NEU-MWVLW-Publizitaetsmerkmal.jpg\" alt=\"\" class=\"wp-image-8830\" srcset=\"https:\/\/rheinhessenblog.de\/wp-content\/uploads\/2022\/07\/NEU-MWVLW-Publizitaetsmerkmal.jpg 807w, https:\/\/rheinhessenblog.de\/wp-content\/uploads\/2022\/07\/NEU-MWVLW-Publizitaetsmerkmal-300x194.jpg 300w, https:\/\/rheinhessenblog.de\/wp-content\/uploads\/2022\/07\/NEU-MWVLW-Publizitaetsmerkmal-768x497.jpg 768w\" sizes=\"(max-width: 807px) 100vw, 807px\" \/><\/figure>","protected":false},"excerpt":{"rendered":"<p>SchUM, c'est l'abr\u00e9viation des trois villes de Spire, Worms et Mayence, et plus pr\u00e9cis\u00e9ment de leurs noms juifs SchPIRA pour Spire, Warmaisa pour Worms et Magenza pour Mayence. Au Moyen-\u00c2ge, les trois communaut\u00e9s situ\u00e9es sur le Rhin formaient l'association SchUM. Le 27 juillet 2021, les sites SchUM de Spire, Worms et Mayence sont devenus des sites du patrimoine mondial de l'UNESCO.<\/p>","protected":false},"author":26,"featured_media":7619,"comment_status":"open","ping_status":"closed","sticky":false,"template":"","format":"standard","meta":{"_acf_changed":false,"footnotes":""},"categories":[320],"tags":[326],"class_list":["post-7472","post","type-post","status-publish","format-standard","has-post-thumbnail","hentry","category-kultur-entdecken","tag-dom-kirche"],"acf":{"":null},"yoast_head":"<!-- This site is optimized with the Yoast SEO plugin v27.4 - https:\/\/yoast.com\/product\/yoast-seo-wordpress\/ -->\n<title>UNESCO-Weltkulturerbe SchUM - St\u00e4tten in Rheinhessen - Rheinhessen-Blog<\/title>\n<meta name=\"description\" content=\"SchUM, das steht f\u00fcr die drei St\u00e4dte Speyer, Worms und Mainz, und zwar als Abk\u00fcrzung ihrer j\u00fcdischen Namen SchPIRA f\u00fcr Speyer, Warmaisa f\u00fcr Worms und Magenza f\u00fcr Mainz. Die drei Gemeinden am Rhein bildeten im Mittelalter den Verbund SchUM. Am 27. Juli 2021 wurden die SchUM-St\u00e4tten Speyer, Worms und Mainz UNESCO Weltkulturerbe.\" \/>\n<meta name=\"robots\" content=\"index, follow, max-snippet:-1, max-image-preview:large, max-video-preview:-1\" \/>\n<link rel=\"canonical\" href=\"https:\/\/rheinhessenblog.de\/fr\/les-collines-de-schum-en-hesse-rhenane-inscrites-au-patrimoine-mondial-de-lunesco\/\" \/>\n<meta property=\"og:locale\" content=\"fr_FR\" \/>\n<meta property=\"og:type\" content=\"article\" \/>\n<meta property=\"og:title\" content=\"UNESCO-Weltkulturerbe SchUM - St\u00e4tten in Rheinhessen - Rheinhessen-Blog\" \/>\n<meta property=\"og:description\" content=\"SchUM, das steht f\u00fcr die drei St\u00e4dte Speyer, Worms und Mainz, und zwar als Abk\u00fcrzung ihrer j\u00fcdischen Namen SchPIRA f\u00fcr Speyer, Warmaisa f\u00fcr Worms und Magenza f\u00fcr Mainz. Die drei Gemeinden am Rhein bildeten im Mittelalter den Verbund SchUM. Am 27. Juli 2021 wurden die SchUM-St\u00e4tten Speyer, Worms und Mainz UNESCO Weltkulturerbe.\" \/>\n<meta property=\"og:url\" content=\"https:\/\/rheinhessenblog.de\/fr\/les-collines-de-schum-en-hesse-rhenane-inscrites-au-patrimoine-mondial-de-lunesco\/\" \/>\n<meta property=\"og:site_name\" content=\"Rheinhessen-Blog\" \/>\n<meta property=\"article:published_time\" content=\"2022-03-08T08:15:00+00:00\" \/>\n<meta property=\"article:modified_time\" content=\"2023-10-30T09:30:42+00:00\" \/>\n<meta property=\"og:image\" content=\"https:\/\/rheinhessenblog.de\/wp-content\/uploads\/2021\/12\/Juedisches-Museum-im-Raschi-Haus-Rheinhessen-2021-0586-Worms-1024x683.jpg\" \/>\n\t<meta property=\"og:image:width\" content=\"1024\" \/>\n\t<meta property=\"og:image:height\" content=\"683\" \/>\n\t<meta property=\"og:image:type\" content=\"image\/jpeg\" \/>\n<meta name=\"author\" content=\"Natalie Teschauer\" \/>\n<meta name=\"twitter:card\" content=\"summary_large_image\" \/>\n<meta name=\"twitter:label1\" content=\"\u00c9crit par\" \/>\n\t<meta name=\"twitter:data1\" content=\"Natalie Teschauer\" \/>\n\t<meta name=\"twitter:label2\" content=\"Dur\u00e9e de lecture estim\u00e9e\" \/>\n\t<meta name=\"twitter:data2\" content=\"14 minutes\" \/>\n<script type=\"application\/ld+json\" class=\"yoast-schema-graph\">{\"@context\":\"https:\\\/\\\/schema.org\",\"@graph\":[{\"@type\":\"Article\",\"@id\":\"https:\\\/\\\/rheinhessenblog.de\\\/unesco-weltkulturerbe-schum-staetten-in-rheinhessen\\\/#article\",\"isPartOf\":{\"@id\":\"https:\\\/\\\/rheinhessenblog.de\\\/unesco-weltkulturerbe-schum-staetten-in-rheinhessen\\\/\"},\"author\":{\"name\":\"Natalie Teschauer\",\"@id\":\"https:\\\/\\\/rheinhessenblog.de\\\/#\\\/schema\\\/person\\\/1be824f14844c580508225f586044717\"},\"headline\":\"UNESCO-Weltkulturerbe SchUM &#8211; St\u00e4tten in Rheinhessen\",\"datePublished\":\"2022-03-08T08:15:00+00:00\",\"dateModified\":\"2023-10-30T09:30:42+00:00\",\"mainEntityOfPage\":{\"@id\":\"https:\\\/\\\/rheinhessenblog.de\\\/unesco-weltkulturerbe-schum-staetten-in-rheinhessen\\\/\"},\"wordCount\":1821,\"commentCount\":0,\"publisher\":{\"@id\":\"https:\\\/\\\/rheinhessenblog.de\\\/#organization\"},\"image\":{\"@id\":\"https:\\\/\\\/rheinhessenblog.de\\\/unesco-weltkulturerbe-schum-staetten-in-rheinhessen\\\/#primaryimage\"},\"thumbnailUrl\":\"https:\\\/\\\/rheinhessenblog.de\\\/wp-content\\\/uploads\\\/2021\\\/12\\\/Juedisches-Museum-im-Raschi-Haus-Rheinhessen-2021-0586-Worms.jpg\",\"keywords\":[\"Dom \\\/ Kirche\"],\"articleSection\":[\"Kultur entdecken\"],\"inLanguage\":\"fr-FR\",\"potentialAction\":[{\"@type\":\"CommentAction\",\"name\":\"Comment\",\"target\":[\"https:\\\/\\\/rheinhessenblog.de\\\/unesco-weltkulturerbe-schum-staetten-in-rheinhessen\\\/#respond\"]}]},{\"@type\":\"WebPage\",\"@id\":\"https:\\\/\\\/rheinhessenblog.de\\\/unesco-weltkulturerbe-schum-staetten-in-rheinhessen\\\/\",\"url\":\"https:\\\/\\\/rheinhessenblog.de\\\/unesco-weltkulturerbe-schum-staetten-in-rheinhessen\\\/\",\"name\":\"UNESCO-Weltkulturerbe SchUM - St\u00e4tten in Rheinhessen - Rheinhessen-Blog\",\"isPartOf\":{\"@id\":\"https:\\\/\\\/rheinhessenblog.de\\\/#website\"},\"primaryImageOfPage\":{\"@id\":\"https:\\\/\\\/rheinhessenblog.de\\\/unesco-weltkulturerbe-schum-staetten-in-rheinhessen\\\/#primaryimage\"},\"image\":{\"@id\":\"https:\\\/\\\/rheinhessenblog.de\\\/unesco-weltkulturerbe-schum-staetten-in-rheinhessen\\\/#primaryimage\"},\"thumbnailUrl\":\"https:\\\/\\\/rheinhessenblog.de\\\/wp-content\\\/uploads\\\/2021\\\/12\\\/Juedisches-Museum-im-Raschi-Haus-Rheinhessen-2021-0586-Worms.jpg\",\"datePublished\":\"2022-03-08T08:15:00+00:00\",\"dateModified\":\"2023-10-30T09:30:42+00:00\",\"description\":\"SchUM, das steht f\u00fcr die drei St\u00e4dte Speyer, Worms und Mainz, und zwar als Abk\u00fcrzung ihrer j\u00fcdischen Namen SchPIRA f\u00fcr Speyer, Warmaisa f\u00fcr Worms und Magenza f\u00fcr Mainz. Die drei Gemeinden am Rhein bildeten im Mittelalter den Verbund SchUM. Am 27. Juli 2021 wurden die SchUM-St\u00e4tten Speyer, Worms und Mainz UNESCO Weltkulturerbe.\",\"breadcrumb\":{\"@id\":\"https:\\\/\\\/rheinhessenblog.de\\\/unesco-weltkulturerbe-schum-staetten-in-rheinhessen\\\/#breadcrumb\"},\"inLanguage\":\"fr-FR\",\"potentialAction\":[{\"@type\":\"ReadAction\",\"target\":[\"https:\\\/\\\/rheinhessenblog.de\\\/unesco-weltkulturerbe-schum-staetten-in-rheinhessen\\\/\"]}]},{\"@type\":\"ImageObject\",\"inLanguage\":\"fr-FR\",\"@id\":\"https:\\\/\\\/rheinhessenblog.de\\\/unesco-weltkulturerbe-schum-staetten-in-rheinhessen\\\/#primaryimage\",\"url\":\"https:\\\/\\\/rheinhessenblog.de\\\/wp-content\\\/uploads\\\/2021\\\/12\\\/Juedisches-Museum-im-Raschi-Haus-Rheinhessen-2021-0586-Worms.jpg\",\"contentUrl\":\"https:\\\/\\\/rheinhessenblog.de\\\/wp-content\\\/uploads\\\/2021\\\/12\\\/Juedisches-Museum-im-Raschi-Haus-Rheinhessen-2021-0586-Worms.jpg\",\"width\":2560,\"height\":1707,\"caption\":\"J\u00fcdisches Museum im Raschi-Haus (c) Dominik Ketz\"},{\"@type\":\"BreadcrumbList\",\"@id\":\"https:\\\/\\\/rheinhessenblog.de\\\/unesco-weltkulturerbe-schum-staetten-in-rheinhessen\\\/#breadcrumb\",\"itemListElement\":[{\"@type\":\"ListItem\",\"position\":1,\"name\":\"Startseite\",\"item\":\"https:\\\/\\\/rheinhessenblog.de\\\/\"},{\"@type\":\"ListItem\",\"position\":2,\"name\":\"UNESCO-Weltkulturerbe SchUM &#8211; St\u00e4tten in Rheinhessen\"}]},{\"@type\":\"WebSite\",\"@id\":\"https:\\\/\\\/rheinhessenblog.de\\\/#website\",\"url\":\"https:\\\/\\\/rheinhessenblog.de\\\/\",\"name\":\"Rheinhessen-Blog\",\"description\":\"\",\"publisher\":{\"@id\":\"https:\\\/\\\/rheinhessenblog.de\\\/#organization\"},\"potentialAction\":[{\"@type\":\"SearchAction\",\"target\":{\"@type\":\"EntryPoint\",\"urlTemplate\":\"https:\\\/\\\/rheinhessenblog.de\\\/?s={search_term_string}\"},\"query-input\":{\"@type\":\"PropertyValueSpecification\",\"valueRequired\":true,\"valueName\":\"search_term_string\"}}],\"inLanguage\":\"fr-FR\"},{\"@type\":\"Organization\",\"@id\":\"https:\\\/\\\/rheinhessenblog.de\\\/#organization\",\"name\":\"Rheinhessen-Blog\",\"url\":\"https:\\\/\\\/rheinhessenblog.de\\\/\",\"logo\":{\"@type\":\"ImageObject\",\"inLanguage\":\"fr-FR\",\"@id\":\"https:\\\/\\\/rheinhessenblog.de\\\/#\\\/schema\\\/logo\\\/image\\\/\",\"url\":\"https:\\\/\\\/rheinhessenblog.de\\\/wp-content\\\/uploads\\\/2023\\\/07\\\/Rheinhessenlogo.svg\",\"contentUrl\":\"https:\\\/\\\/rheinhessenblog.de\\\/wp-content\\\/uploads\\\/2023\\\/07\\\/Rheinhessenlogo.svg\",\"width\":85,\"height\":26,\"caption\":\"Rheinhessen-Blog\"},\"image\":{\"@id\":\"https:\\\/\\\/rheinhessenblog.de\\\/#\\\/schema\\\/logo\\\/image\\\/\"}},{\"@type\":\"Person\",\"@id\":\"https:\\\/\\\/rheinhessenblog.de\\\/#\\\/schema\\\/person\\\/1be824f14844c580508225f586044717\",\"name\":\"Natalie Teschauer\",\"description\":\"Als externe Autorin f\u00fcr den Rheinhessen-Blog nehme ich Euch gerne mit auf meine Entdeckungstouren durch Rheinhessen. Mit Kamera und Notizbuch immer im Gep\u00e4ck, erkunde ich die Region der tausend Hiwwel, lerne die Vielfalt des Weins kennen und treffe gastfreundliche Rheinhessen.\",\"url\":\"https:\\\/\\\/rheinhessenblog.de\\\/fr\\\/author\\\/teschauer\\\/\"}]}<\/script>\n<!-- \/ Yoast SEO plugin. -->","yoast_head_json":{"title":"SchUM, patrimoine culturel mondial de l'UNESCO - Sites en Hesse rh\u00e9nane - Rheinhessen-Blog","description":"SchUM, c'est l'abr\u00e9viation des trois villes de Spire, Worms et Mayence, et plus pr\u00e9cis\u00e9ment de leurs noms juifs SchPIRA pour Spire, Warmaisa pour Worms et Magenza pour Mayence. Au Moyen-\u00c2ge, les trois communaut\u00e9s situ\u00e9es sur le Rhin formaient l'association SchUM. Le 27 juillet 2021, les sites SchUM de Spire, Worms et Mayence sont devenus des sites du patrimoine mondial de l'UNESCO.","robots":{"index":"index","follow":"follow","max-snippet":"max-snippet:-1","max-image-preview":"max-image-preview:large","max-video-preview":"max-video-preview:-1"},"canonical":"https:\/\/rheinhessenblog.de\/fr\/les-collines-de-schum-en-hesse-rhenane-inscrites-au-patrimoine-mondial-de-lunesco\/","og_locale":"fr_FR","og_type":"article","og_title":"UNESCO-Weltkulturerbe SchUM - St\u00e4tten in Rheinhessen - Rheinhessen-Blog","og_description":"SchUM, das steht f\u00fcr die drei St\u00e4dte Speyer, Worms und Mainz, und zwar als Abk\u00fcrzung ihrer j\u00fcdischen Namen SchPIRA f\u00fcr Speyer, Warmaisa f\u00fcr Worms und Magenza f\u00fcr Mainz. Die drei Gemeinden am Rhein bildeten im Mittelalter den Verbund SchUM. Am 27. Juli 2021 wurden die SchUM-St\u00e4tten Speyer, Worms und Mainz UNESCO Weltkulturerbe.","og_url":"https:\/\/rheinhessenblog.de\/fr\/les-collines-de-schum-en-hesse-rhenane-inscrites-au-patrimoine-mondial-de-lunesco\/","og_site_name":"Rheinhessen-Blog","article_published_time":"2022-03-08T08:15:00+00:00","article_modified_time":"2023-10-30T09:30:42+00:00","og_image":[{"width":1024,"height":683,"url":"https:\/\/rheinhessenblog.de\/wp-content\/uploads\/2021\/12\/Juedisches-Museum-im-Raschi-Haus-Rheinhessen-2021-0586-Worms-1024x683.jpg","type":"image\/jpeg"}],"author":"Natalie Teschauer","twitter_card":"summary_large_image","twitter_misc":{"\u00c9crit par":"Natalie Teschauer","Dur\u00e9e de lecture estim\u00e9e":"14 minutes"},"schema":{"@context":"https:\/\/schema.org","@graph":[{"@type":"Article","@id":"https:\/\/rheinhessenblog.de\/unesco-weltkulturerbe-schum-staetten-in-rheinhessen\/#article","isPartOf":{"@id":"https:\/\/rheinhessenblog.de\/unesco-weltkulturerbe-schum-staetten-in-rheinhessen\/"},"author":{"name":"Natalie Teschauer","@id":"https:\/\/rheinhessenblog.de\/#\/schema\/person\/1be824f14844c580508225f586044717"},"headline":"UNESCO-Weltkulturerbe SchUM &#8211; St\u00e4tten in Rheinhessen","datePublished":"2022-03-08T08:15:00+00:00","dateModified":"2023-10-30T09:30:42+00:00","mainEntityOfPage":{"@id":"https:\/\/rheinhessenblog.de\/unesco-weltkulturerbe-schum-staetten-in-rheinhessen\/"},"wordCount":1821,"commentCount":0,"publisher":{"@id":"https:\/\/rheinhessenblog.de\/#organization"},"image":{"@id":"https:\/\/rheinhessenblog.de\/unesco-weltkulturerbe-schum-staetten-in-rheinhessen\/#primaryimage"},"thumbnailUrl":"https:\/\/rheinhessenblog.de\/wp-content\/uploads\/2021\/12\/Juedisches-Museum-im-Raschi-Haus-Rheinhessen-2021-0586-Worms.jpg","keywords":["Dom \/ Kirche"],"articleSection":["Kultur entdecken"],"inLanguage":"fr-FR","potentialAction":[{"@type":"CommentAction","name":"Comment","target":["https:\/\/rheinhessenblog.de\/unesco-weltkulturerbe-schum-staetten-in-rheinhessen\/#respond"]}]},{"@type":"WebPage","@id":"https:\/\/rheinhessenblog.de\/unesco-weltkulturerbe-schum-staetten-in-rheinhessen\/","url":"https:\/\/rheinhessenblog.de\/unesco-weltkulturerbe-schum-staetten-in-rheinhessen\/","name":"SchUM, patrimoine culturel mondial de l'UNESCO - Sites en Hesse rh\u00e9nane - Rheinhessen-Blog","isPartOf":{"@id":"https:\/\/rheinhessenblog.de\/#website"},"primaryImageOfPage":{"@id":"https:\/\/rheinhessenblog.de\/unesco-weltkulturerbe-schum-staetten-in-rheinhessen\/#primaryimage"},"image":{"@id":"https:\/\/rheinhessenblog.de\/unesco-weltkulturerbe-schum-staetten-in-rheinhessen\/#primaryimage"},"thumbnailUrl":"https:\/\/rheinhessenblog.de\/wp-content\/uploads\/2021\/12\/Juedisches-Museum-im-Raschi-Haus-Rheinhessen-2021-0586-Worms.jpg","datePublished":"2022-03-08T08:15:00+00:00","dateModified":"2023-10-30T09:30:42+00:00","description":"SchUM, c'est l'abr\u00e9viation des trois villes de Spire, Worms et Mayence, et plus pr\u00e9cis\u00e9ment de leurs noms juifs SchPIRA pour Spire, Warmaisa pour Worms et Magenza pour Mayence. Au Moyen-\u00c2ge, les trois communaut\u00e9s situ\u00e9es sur le Rhin formaient l'association SchUM. Le 27 juillet 2021, les sites SchUM de Spire, Worms et Mayence sont devenus des sites du patrimoine mondial de l'UNESCO.","breadcrumb":{"@id":"https:\/\/rheinhessenblog.de\/unesco-weltkulturerbe-schum-staetten-in-rheinhessen\/#breadcrumb"},"inLanguage":"fr-FR","potentialAction":[{"@type":"ReadAction","target":["https:\/\/rheinhessenblog.de\/unesco-weltkulturerbe-schum-staetten-in-rheinhessen\/"]}]},{"@type":"ImageObject","inLanguage":"fr-FR","@id":"https:\/\/rheinhessenblog.de\/unesco-weltkulturerbe-schum-staetten-in-rheinhessen\/#primaryimage","url":"https:\/\/rheinhessenblog.de\/wp-content\/uploads\/2021\/12\/Juedisches-Museum-im-Raschi-Haus-Rheinhessen-2021-0586-Worms.jpg","contentUrl":"https:\/\/rheinhessenblog.de\/wp-content\/uploads\/2021\/12\/Juedisches-Museum-im-Raschi-Haus-Rheinhessen-2021-0586-Worms.jpg","width":2560,"height":1707,"caption":"J\u00fcdisches Museum im Raschi-Haus (c) Dominik Ketz"},{"@type":"BreadcrumbList","@id":"https:\/\/rheinhessenblog.de\/unesco-weltkulturerbe-schum-staetten-in-rheinhessen\/#breadcrumb","itemListElement":[{"@type":"ListItem","position":1,"name":"Startseite","item":"https:\/\/rheinhessenblog.de\/"},{"@type":"ListItem","position":2,"name":"UNESCO-Weltkulturerbe SchUM &#8211; St\u00e4tten in Rheinhessen"}]},{"@type":"WebSite","@id":"https:\/\/rheinhessenblog.de\/#website","url":"https:\/\/rheinhessenblog.de\/","name":"Blog de la Hesse rh\u00e9nane","description":"","publisher":{"@id":"https:\/\/rheinhessenblog.de\/#organization"},"potentialAction":[{"@type":"SearchAction","target":{"@type":"EntryPoint","urlTemplate":"https:\/\/rheinhessenblog.de\/?s={search_term_string}"},"query-input":{"@type":"PropertyValueSpecification","valueRequired":true,"valueName":"search_term_string"}}],"inLanguage":"fr-FR"},{"@type":"Organization","@id":"https:\/\/rheinhessenblog.de\/#organization","name":"Blog de la Hesse rh\u00e9nane","url":"https:\/\/rheinhessenblog.de\/","logo":{"@type":"ImageObject","inLanguage":"fr-FR","@id":"https:\/\/rheinhessenblog.de\/#\/schema\/logo\/image\/","url":"https:\/\/rheinhessenblog.de\/wp-content\/uploads\/2023\/07\/Rheinhessenlogo.svg","contentUrl":"https:\/\/rheinhessenblog.de\/wp-content\/uploads\/2023\/07\/Rheinhessenlogo.svg","width":85,"height":26,"caption":"Rheinhessen-Blog"},"image":{"@id":"https:\/\/rheinhessenblog.de\/#\/schema\/logo\/image\/"}},{"@type":"Person","@id":"https:\/\/rheinhessenblog.de\/#\/schema\/person\/1be824f14844c580508225f586044717","name":"Natalie Teschauer","description":"En tant qu'auteur externe pour le blog de la Hesse rh\u00e9nane, je vous emm\u00e8ne volontiers \u00e0 la d\u00e9couverte de la Hesse rh\u00e9nane. Toujours munie d'un appareil photo et d'un carnet de notes, j'explore la r\u00e9gion des mille merveilles, j'apprends \u00e0 conna\u00eetre la diversit\u00e9 du vin et je rencontre des Rh\u00e9nans accueillants.","url":"https:\/\/rheinhessenblog.de\/fr\/author\/teschauer\/"}]}},"_links":{"self":[{"href":"https:\/\/rheinhessenblog.de\/fr\/wp-json\/wp\/v2\/posts\/7472","targetHints":{"allow":["GET"]}}],"collection":[{"href":"https:\/\/rheinhessenblog.de\/fr\/wp-json\/wp\/v2\/posts"}],"about":[{"href":"https:\/\/rheinhessenblog.de\/fr\/wp-json\/wp\/v2\/types\/post"}],"author":[{"embeddable":true,"href":"https:\/\/rheinhessenblog.de\/fr\/wp-json\/wp\/v2\/users\/26"}],"replies":[{"embeddable":true,"href":"https:\/\/rheinhessenblog.de\/fr\/wp-json\/wp\/v2\/comments?post=7472"}],"version-history":[{"count":4,"href":"https:\/\/rheinhessenblog.de\/fr\/wp-json\/wp\/v2\/posts\/7472\/revisions"}],"predecessor-version":[{"id":13459,"href":"https:\/\/rheinhessenblog.de\/fr\/wp-json\/wp\/v2\/posts\/7472\/revisions\/13459"}],"wp:featuredmedia":[{"embeddable":true,"href":"https:\/\/rheinhessenblog.de\/fr\/wp-json\/wp\/v2\/media\/7619"}],"wp:attachment":[{"href":"https:\/\/rheinhessenblog.de\/fr\/wp-json\/wp\/v2\/media?parent=7472"}],"wp:term":[{"taxonomy":"category","embeddable":true,"href":"https:\/\/rheinhessenblog.de\/fr\/wp-json\/wp\/v2\/categories?post=7472"},{"taxonomy":"post_tag","embeddable":true,"href":"https:\/\/rheinhessenblog.de\/fr\/wp-json\/wp\/v2\/tags?post=7472"}],"curies":[{"name":"wp","href":"https:\/\/api.w.org\/{rel}","templated":true}]}}