{"id":7741,"date":"2022-02-09T09:00:00","date_gmt":"2022-02-09T08:00:00","guid":{"rendered":"http:\/\/blog.rheinhessen.de\/?p=7741"},"modified":"2023-10-30T10:35:56","modified_gmt":"2023-10-30T09:35:56","slug":"produits-regionaux-made-in-rheinhessen","status":"publish","type":"post","link":"https:\/\/rheinhessenblog.de\/fr\/regionale-produkte-made-in-rheinhessen\/","title":{"rendered":"Produits r\u00e9gionaux - Made in Rheinhessen"},"content":{"rendered":"<p>J'ai visit\u00e9 quatre entreprises et fait la connaissance de leurs cr\u00e9ateurs et de leurs produits. Je vous r\u00e9v\u00e8le dans cet article ce que vous ne devez pas manquer et o\u00f9 vous pouvez acheter votre nouvel amour pour l'emporter chez vous.<\/p>\n\n\n\n<h3 class=\"wp-block-heading\">Parce qu'il y a des confitures et des vinaigres<\/h3>\n\n\n\n<p>Pour beaucoup, elle fait partie de la table classique du petit-d\u00e9jeuner et r\u00e9veille des souvenirs d'enfance, la confiture. Chez Weil's Bauernladen, les fruits cultiv\u00e9s et r\u00e9colt\u00e9s par l'entreprise sont cuisin\u00e9s pour en faire des p\u00e2tes \u00e0 tartiner aux fruits, et ce avec passion. Rien n'entre dans la confiture, sauf les fruits et le sucre g\u00e9lifiant. Tout comme autrefois chez grand-m\u00e8re. Toutes les p\u00e2tes \u00e0 tartiner aux fruits sont mises en conserve, remplies et \u00e9tiquet\u00e9es dans la ferme d'Anja Weil elle-m\u00eame. La diversit\u00e9 des vari\u00e9t\u00e9s de fruits est grande et l'\u00e9tag\u00e8re des p\u00e2tes \u00e0 tartiner et des gel\u00e9es est donc bien remplie. On y trouve des baies et des fleurs de sureau, des abricots, des pommes, des fraises, des coings, des quetsches, des mirabelles, des framboises, des m\u00fbres, des griottes et le r\u00eave aux baies. Petite particularit\u00e9 de la Hesse rh\u00e9nane, je d\u00e9couvre \u00e9galement la vari\u00e9t\u00e9 Reneklode, un croisement entre la mirabelle et la quetsche. <\/p>\n\n\n\n<figure class=\"wp-block-image size-large\"><img fetchpriority=\"high\" decoding=\"async\" width=\"1024\" height=\"682\" src=\"https:\/\/rheinhessenblog.de\/wp-content\/uploads\/2022\/01\/regionaleprodukte-weils-2-scaled-1-1024x682.jpg\" alt=\"Produits r\u00e9gionaux\" class=\"wp-image-7744\" srcset=\"https:\/\/rheinhessenblog.de\/wp-content\/uploads\/2022\/01\/regionaleprodukte-weils-2-scaled-1-1024x682.jpg 1024w, https:\/\/rheinhessenblog.de\/wp-content\/uploads\/2022\/01\/regionaleprodukte-weils-2-scaled-1-300x200.jpg 300w, https:\/\/rheinhessenblog.de\/wp-content\/uploads\/2022\/01\/regionaleprodukte-weils-2-scaled-1-768x512.jpg 768w, https:\/\/rheinhessenblog.de\/wp-content\/uploads\/2022\/01\/regionaleprodukte-weils-2-scaled-1-1536x1024.jpg 1536w, https:\/\/rheinhessenblog.de\/wp-content\/uploads\/2022\/01\/regionaleprodukte-weils-2-scaled-1-2048x1365.jpg 2048w\" sizes=\"(max-width: 1024px) 100vw, 1024px\" \/><figcaption class=\"wp-element-caption\">Produits r\u00e9gionaux<\/figcaption><\/figure>\n\n\n\n<p>Pendant les heures d'ouverture, vous pouvez vous rendre au magasin de la ferme.\net acheter, outre les confitures, les vinaigres, les vins mousseux, les jus et les\ndistillats, en vente dans les magasins. Les produits de Weil's Bauernladen sont \u00e9galement disponibles dans les\ndans de nombreux supermarch\u00e9s des environs. Regardez donc de plus pr\u00e8s dans les\nVous y d\u00e9couvrirez certainement les p\u00e2tes \u00e0 tartiner sucr\u00e9es.<\/p>\n\n\n\n<figure class=\"wp-block-image size-large\"><img decoding=\"async\" width=\"1024\" height=\"683\" src=\"https:\/\/rheinhessenblog.de\/wp-content\/uploads\/2022\/01\/regionaleprodukte-weils-3-scaled-1-1024x683.jpg\" alt=\"\" class=\"wp-image-7745\" srcset=\"https:\/\/rheinhessenblog.de\/wp-content\/uploads\/2022\/01\/regionaleprodukte-weils-3-scaled-1-1024x683.jpg 1024w, https:\/\/rheinhessenblog.de\/wp-content\/uploads\/2022\/01\/regionaleprodukte-weils-3-scaled-1-300x200.jpg 300w, https:\/\/rheinhessenblog.de\/wp-content\/uploads\/2022\/01\/regionaleprodukte-weils-3-scaled-1-768x512.jpg 768w, https:\/\/rheinhessenblog.de\/wp-content\/uploads\/2022\/01\/regionaleprodukte-weils-3-scaled-1-1536x1024.jpg 1536w, https:\/\/rheinhessenblog.de\/wp-content\/uploads\/2022\/01\/regionaleprodukte-weils-3-scaled-1-2048x1366.jpg 2048w\" sizes=\"(max-width: 1024px) 100vw, 1024px\" \/><\/figure>\n\n\n\n<p>Adresse : <a href=\"https:\/\/weils-bauernladen.de\" target=\"_blank\" rel=\"noreferrer noopener\" aria-label=\" (s&#039;ouvre dans un nouvel onglet)\">La boutique de Weil<\/a> - Lambertstra\u00dfe 19, 55126 Mainz- Finthen&nbsp;<\/p>\n\n\n\n<h3 class=\"wp-block-heading\">Pommes de l'exploitation fruiti\u00e8re Schlehbaum<\/h3>\n\n\n\n<p>Il n'y a rien de mieux qu'une pomme fra\u00eechement cueillie. Des mois\nelle a m\u00fbri au soleil pendant des mois et est devenue d'un rouge \u00e9clatant. Un l\u00e9ger craquement se fait entendre lorsque\net ce bruit puissant et juteux lorsque l'on mange la pomme.\nmordre dedans est indescriptible. C'est exactement cette exp\u00e9rience de cueillette que vous pouvez\n\u00e0 la ferme fruiti\u00e8re Schlehbaum \u00e0 Sulzheim pendant les week-ends. Au moment de la r\u00e9colte\ndes pommes (environ en septembre et octobre), Bernd Wolf et sa famille vous invitent\nDepuis 30 ans, sa famille vous invite dans son verger de 5,5 hectares. <\/p>\n\n\n\n<figure class=\"wp-block-image size-large\"><img decoding=\"async\" width=\"1024\" height=\"683\" src=\"https:\/\/rheinhessenblog.de\/wp-content\/uploads\/2022\/01\/regionaleprodukte-obsthof-schlehbaum-5-scaled-1-1024x683.jpg\" alt=\"\" class=\"wp-image-7747\" srcset=\"https:\/\/rheinhessenblog.de\/wp-content\/uploads\/2022\/01\/regionaleprodukte-obsthof-schlehbaum-5-scaled-1-1024x683.jpg 1024w, https:\/\/rheinhessenblog.de\/wp-content\/uploads\/2022\/01\/regionaleprodukte-obsthof-schlehbaum-5-scaled-1-300x200.jpg 300w, https:\/\/rheinhessenblog.de\/wp-content\/uploads\/2022\/01\/regionaleprodukte-obsthof-schlehbaum-5-scaled-1-768x512.jpg 768w, https:\/\/rheinhessenblog.de\/wp-content\/uploads\/2022\/01\/regionaleprodukte-obsthof-schlehbaum-5-scaled-1-1536x1024.jpg 1536w, https:\/\/rheinhessenblog.de\/wp-content\/uploads\/2022\/01\/regionaleprodukte-obsthof-schlehbaum-5-scaled-1-2048x1366.jpg 2048w\" sizes=\"(max-width: 1024px) 100vw, 1024px\" \/><\/figure>\n\n\n\n<p>Arm\u00e9 d'une brouette, vous partez cueillir tout ce que vous pouvez. Mais seulement apr\u00e8s avoir trouv\u00e9 votre vari\u00e9t\u00e9 de pomme pr\u00e9f\u00e9r\u00e9e. Car vous ne connaissez certainement pas toutes les vari\u00e9t\u00e9s de pommes. Outre les classiques Jonagold, Granny Smith, Boskoop et Braeburn, vous trouverez aussi les moins connues comme la Pinova, la Rubinette et la Red Jonapress. Avec votre brouette pleine, vous pourrez ensuite emporter quelques petites choses comme des confitures, des eaux-de-vie et du miel au magasin de la ferme fruiti\u00e8re. Si vous souhaitez profiter encore un peu plus longtemps de la vue sur les pommiers, prenez place sur la pelouse ou sous la tente et d\u00e9gustez une part de tarte aux pommes du boulanger du village.<\/p>\n\n\n\n<figure class=\"wp-block-image size-large\"><img loading=\"lazy\" decoding=\"async\" width=\"1024\" height=\"683\" src=\"https:\/\/rheinhessenblog.de\/wp-content\/uploads\/2022\/01\/regionaleprodukte-obsthof-schlehbaum-1-scaled-1-1024x683.jpg\" alt=\"\" class=\"wp-image-7746\" srcset=\"https:\/\/rheinhessenblog.de\/wp-content\/uploads\/2022\/01\/regionaleprodukte-obsthof-schlehbaum-1-scaled-1-1024x683.jpg 1024w, https:\/\/rheinhessenblog.de\/wp-content\/uploads\/2022\/01\/regionaleprodukte-obsthof-schlehbaum-1-scaled-1-300x200.jpg 300w, https:\/\/rheinhessenblog.de\/wp-content\/uploads\/2022\/01\/regionaleprodukte-obsthof-schlehbaum-1-scaled-1-768x512.jpg 768w, https:\/\/rheinhessenblog.de\/wp-content\/uploads\/2022\/01\/regionaleprodukte-obsthof-schlehbaum-1-scaled-1-1536x1024.jpg 1536w, https:\/\/rheinhessenblog.de\/wp-content\/uploads\/2022\/01\/regionaleprodukte-obsthof-schlehbaum-1-scaled-1-2048x1366.jpg 2048w\" sizes=\"(max-width: 1024px) 100vw, 1024px\" \/><\/figure>\n\n\n\n<p>Outre les pommes cueillies par ses soins, la ferme fruiti\u00e8re vend \u00e9galement des\ndes poires, des mirabelles, des quetsches, des groseilles et des myrtilles. Les produits de saison\nVous trouverez l'offre correspondant \u00e0 la saison \u00e0 la ferme ou au magasin de la ferme \u00e0 Sulzheim.<\/p>\n\n\n\n<p>Adresse : <a rel=\"noreferrer noopener\" aria-label=\"Obsthof am Schlehbaum Hofladen (s&#039;ouvre dans un nouvel onglet)\" href=\"http:\/\/www.obsthof-am-schlehbaum.de\" target=\"_blank\">Obsthof am Schlehbaum Boutique de la ferme<\/a> - Hintere Dorfstra\u00dfe 18, 55286 Sulzheim<\/p>\n\n\n\n<h3 class=\"wp-block-heading\">Nouilles de B\u00f6rschinger<\/h3>\n\n\n\n<p>Si vous aimez les p\u00e2tes, vous \u00eates au paradis chez B\u00f6rschinger's Nudeln. Le petit magasin de Worms-Horchheim est rempli \u00e0 ras bord de p\u00e2tes de toutes les formes, couleurs et saveurs. \u00c0 c\u00f4t\u00e9, Theo Heyne est \u00e0 la grande machine \u00e0 p\u00e2tes et produit des p\u00e2tes de r\u00e9approvisionnement, tandis que sa femme r\u00e9pond \u00e0 toutes mes questions sur les p\u00e2tes et m'aide \u00e0 faire mon choix dans le vaste assortiment. <\/p>\n\n\n\n<figure class=\"wp-block-image size-large\"><img loading=\"lazy\" decoding=\"async\" width=\"1024\" height=\"683\" src=\"https:\/\/rheinhessenblog.de\/wp-content\/uploads\/2022\/01\/regionaleprodukte-boerschingers-nudeln-1-scaled-1-1024x683.jpg\" alt=\"\" class=\"wp-image-7749\" srcset=\"https:\/\/rheinhessenblog.de\/wp-content\/uploads\/2022\/01\/regionaleprodukte-boerschingers-nudeln-1-scaled-1-1024x683.jpg 1024w, https:\/\/rheinhessenblog.de\/wp-content\/uploads\/2022\/01\/regionaleprodukte-boerschingers-nudeln-1-scaled-1-300x200.jpg 300w, https:\/\/rheinhessenblog.de\/wp-content\/uploads\/2022\/01\/regionaleprodukte-boerschingers-nudeln-1-scaled-1-768x512.jpg 768w, https:\/\/rheinhessenblog.de\/wp-content\/uploads\/2022\/01\/regionaleprodukte-boerschingers-nudeln-1-scaled-1-1536x1024.jpg 1536w, https:\/\/rheinhessenblog.de\/wp-content\/uploads\/2022\/01\/regionaleprodukte-boerschingers-nudeln-1-scaled-1-2048x1366.jpg 2048w\" sizes=\"(max-width: 1024px) 100vw, 1024px\" \/><\/figure>\n\n\n\n<p>Il existe deux surgroupes de p\u00e2tes et cela a un rapport avec la fabrication. Pour les nouilles lamin\u00e9es, les nouilles individuelles sont d\u00e9coup\u00e9es apr\u00e8s coup dans la grande plaque. Les nouilles moul\u00e9es par injection sont press\u00e9es directement dans le moule et, comme pour les biscuits de No\u00ebl, c'est le chapeau qui donne la forme. Les particularit\u00e9s ne sont toutefois pas les formes des p\u00e2tes, mais les ingr\u00e9dients et le contenu. Non seulement la semoule d'\u00e9peautre et les \u0153ufs sont r\u00e9gionaux. Devant moi se trouve une grande \u00e9tag\u00e8re remplie de p\u00e2tes aux \u00e9pices et aux herbes. Le chili, le paprika, le basilic et les noix sont encore les vari\u00e9t\u00e9s les plus normales. Avez-vous d\u00e9j\u00e0 go\u00fbt\u00e9 aux p\u00e2tes au pain d'\u00e9pice, aux p\u00e9pins de raisin ou au riesling ? Pour les v\u00e9g\u00e9taliens, l'assortiment comprend \u00e9galement des p\u00e2tes sans \u0153ufs. <\/p>\n\n\n\n<p>Ces p\u00e2tes sont certainement d\u00e9licieuses sans sauce. Mais si vous\nVous trouverez ici des pestos adapt\u00e9s aux p\u00e2tes.\net une recommandation g\u00e9n\u00e9rale de combinaison.<\/p>\n\n\n\n<p>Pendant les heures d'ouverture, vous pouvez demander conseil \u00e0 Mme Heyne dans le magasin de la ferme et vous envoler au paradis des p\u00e2tes. Mais vous pouvez \u00e9galement trouver les produits dans leur propre boutique en ligne ou dans les supermarch\u00e9s de la r\u00e9gion. Jetez donc un coup d'\u0153il dans les rayons de p\u00e2tes r\u00e9gionales pour d\u00e9couvrir les saveurs qui y sont propos\u00e9es.<\/p>\n\n\n\n<figure class=\"wp-block-image size-large\"><img loading=\"lazy\" decoding=\"async\" width=\"1024\" height=\"683\" src=\"https:\/\/rheinhessenblog.de\/wp-content\/uploads\/2022\/01\/regionaleprodukte-boerschingers-nudeln-7-scaled-1-1024x683.jpg\" alt=\"\" class=\"wp-image-7750\" srcset=\"https:\/\/rheinhessenblog.de\/wp-content\/uploads\/2022\/01\/regionaleprodukte-boerschingers-nudeln-7-scaled-1-1024x683.jpg 1024w, https:\/\/rheinhessenblog.de\/wp-content\/uploads\/2022\/01\/regionaleprodukte-boerschingers-nudeln-7-scaled-1-300x200.jpg 300w, https:\/\/rheinhessenblog.de\/wp-content\/uploads\/2022\/01\/regionaleprodukte-boerschingers-nudeln-7-scaled-1-768x512.jpg 768w, https:\/\/rheinhessenblog.de\/wp-content\/uploads\/2022\/01\/regionaleprodukte-boerschingers-nudeln-7-scaled-1-1536x1024.jpg 1536w, https:\/\/rheinhessenblog.de\/wp-content\/uploads\/2022\/01\/regionaleprodukte-boerschingers-nudeln-7-scaled-1-2048x1366.jpg 2048w\" sizes=\"(max-width: 1024px) 100vw, 1024px\" \/><\/figure>\n\n\n\n<p>Adresse : <a rel=\"noreferrer noopener\" aria-label=\"B\u00f6rschinger&#039;s Nudeln (s&#039;ouvre dans un nouvel onglet)\" href=\"https:\/\/boerschingers-nudeln.de\" target=\"_blank\">Nouilles de B\u00f6rschinger<\/a> - Neubachstra\u00dfe 87a, 67551 Worms-Horchheim<\/p>\n\n\n\n<h3 class=\"wp-block-heading\">La porcherie de Dubbewutz<\/h3>\n\n\n\n<p>Pour d\u00e9couvrir ce qu'est la Dubbewutz, je rends visite \u00e0 Maren Bornheimer-Schwalbach dans sa Schweinothek. Derri\u00e8re ce nom insolite se cache une famille qui br\u00fble pour ses produits et ses cochons. La Schweinothek a commenc\u00e9 comme un petit magasin de porc et de vin et s'est transform\u00e9e en une boutique bio bien achaland\u00e9e. Le produit phare du magasin attend dans le cong\u00e9lateur, le Dubbewutz. Les produits de charcuterie conditionn\u00e9s en bocaux existent en diff\u00e9rentes sortes comme le boudin noir, la saucisse de foie, la saucisse de couenne, la saucisse \u00e0 griller, la saucisse au jambon et le saindoux. Les semi-conserves se conservent environ six mois au r\u00e9frig\u00e9rateur. Autre particularit\u00e9 : le bocal ne contient que de la viande et des \u00e9pices. Il n'y a pas de liant, de sel de salaison ou de nitrates.<\/p>\n\n\n\n<figure class=\"wp-block-image size-large\"><img loading=\"lazy\" decoding=\"async\" width=\"1024\" height=\"683\" src=\"https:\/\/rheinhessenblog.de\/wp-content\/uploads\/2022\/01\/regionaleprodukte-schweinothek-1-scaled-1-1024x683.jpg\" alt=\"Produits r\u00e9gionaux\" class=\"wp-image-7751\" srcset=\"https:\/\/rheinhessenblog.de\/wp-content\/uploads\/2022\/01\/regionaleprodukte-schweinothek-1-scaled-1-1024x683.jpg 1024w, https:\/\/rheinhessenblog.de\/wp-content\/uploads\/2022\/01\/regionaleprodukte-schweinothek-1-scaled-1-300x200.jpg 300w, https:\/\/rheinhessenblog.de\/wp-content\/uploads\/2022\/01\/regionaleprodukte-schweinothek-1-scaled-1-768x512.jpg 768w, https:\/\/rheinhessenblog.de\/wp-content\/uploads\/2022\/01\/regionaleprodukte-schweinothek-1-scaled-1-1536x1024.jpg 1536w, https:\/\/rheinhessenblog.de\/wp-content\/uploads\/2022\/01\/regionaleprodukte-schweinothek-1-scaled-1-2048x1366.jpg 2048w\" sizes=\"(max-width: 1024px) 100vw, 1024px\" \/><figcaption class=\"wp-element-caption\">Produits r\u00e9gionaux<\/figcaption><\/figure>\n\n\n\n<p>La viande utilis\u00e9e pour le Dubbewutz provient d'une centaine de cochons bentheimer color\u00e9s et heureux. Ceux-ci vivent 365 jours par an \u00e0 l'ext\u00e9rieur, dans les p\u00e2turages situ\u00e9s aux portes de Gau-Bickelheim. L'amour pour les animaux de rente est grand, c'est pourquoi ils sont bien trait\u00e9s et vivent au moins leur premier anniversaire. Chaque semaine, deux porcs sont abattus \u00e0 la ferme et utilis\u00e9s directement et enti\u00e8rement sur place. Il en r\u00e9sulte bien d'autres produits que les saucisses dubbewutz. Faites un tour dans les rayons frais de la porcherie ou informez-vous au pr\u00e9alable sur la <a rel=\"noreferrer noopener\" aria-label=\"Site web de la Schweinothek (s&#039;ouvre dans un nouvel onglet)\" href=\"https:\/\/www.bio-schweinothek.de\/hofladen\/bestellen\/dubbewutz\/\" target=\"_blank\">Site web de la Schweinothek<\/a>. Si vous cherchez quelque chose de pr\u00e9cis, cela vaut la peine de commander \u00e0 l'avance.<\/p>\n\n\n\n<p>Adresse : <a rel=\"noreferrer noopener\" aria-label=\"Porcherie bio (s&#039;ouvre dans un nouvel onglet)\" href=\"https:\/\/www.bio-schweinothek.de\" target=\"_blank\">Porcherie bio<\/a> - Wallertheimer Stra\u00dfe 5, 55599 Gau-Bickelheim<\/p>\n\n\n\n<figure class=\"wp-block-image size-large\"><img loading=\"lazy\" decoding=\"async\" width=\"807\" height=\"522\" src=\"https:\/\/rh.laolaweb.com\/wp-content\/uploads\/2022\/07\/NEU-MWVLW-Publizitaetsmerkmal-1.jpg\" alt=\"\" class=\"wp-image-8833\" srcset=\"https:\/\/rheinhessenblog.de\/wp-content\/uploads\/2022\/07\/NEU-MWVLW-Publizitaetsmerkmal-1.jpg 807w, https:\/\/rheinhessenblog.de\/wp-content\/uploads\/2022\/07\/NEU-MWVLW-Publizitaetsmerkmal-1-300x194.jpg 300w, https:\/\/rheinhessenblog.de\/wp-content\/uploads\/2022\/07\/NEU-MWVLW-Publizitaetsmerkmal-1-768x497.jpg 768w\" sizes=\"(max-width: 807px) 100vw, 807px\" \/><\/figure>\n\n\n\n<figure class=\"wp-block-image size-full\"><img loading=\"lazy\" decoding=\"async\" width=\"807\" height=\"522\" src=\"https:\/\/rheinhessenblog.de\/wp-content\/uploads\/2022\/07\/NEU-MWVLW-Publizitaetsmerkmal.jpg\" alt=\"\" class=\"wp-image-8830\" srcset=\"https:\/\/rheinhessenblog.de\/wp-content\/uploads\/2022\/07\/NEU-MWVLW-Publizitaetsmerkmal.jpg 807w, https:\/\/rheinhessenblog.de\/wp-content\/uploads\/2022\/07\/NEU-MWVLW-Publizitaetsmerkmal-300x194.jpg 300w, https:\/\/rheinhessenblog.de\/wp-content\/uploads\/2022\/07\/NEU-MWVLW-Publizitaetsmerkmal-768x497.jpg 768w\" sizes=\"(max-width: 807px) 100vw, 807px\" \/><\/figure>","protected":false},"excerpt":{"rendered":"<p>C'est bien connu, l'amour passe par l'estomac. Il en va de m\u00eame lorsque vous voulez d\u00e9couvrir une nouvelle r\u00e9gion. Vous devez go\u00fbter et sentir le Rheinhessen. Quelle meilleure fa\u00e7on de le faire qu'avec des aliments r\u00e9gionaux provenant de producteurs de la Hesse rh\u00e9nane ? <\/p>","protected":false},"author":26,"featured_media":7833,"comment_status":"open","ping_status":"closed","sticky":false,"template":"","format":"standard","meta":{"_acf_changed":false,"footnotes":""},"categories":[318],"tags":[],"class_list":["post-7741","post","type-post","status-publish","format-standard","has-post-thumbnail","hentry","category-wein-kulinarik"],"acf":{"":null},"yoast_head":"<!-- This site is optimized with the Yoast SEO plugin v27.4 - https:\/\/yoast.com\/product\/yoast-seo-wordpress\/ -->\n<title>Regionale Produkte \u2013 Made in Rheinhessen - Rheinhessen-Blog<\/title>\n<meta name=\"description\" content=\"Liebe geht bekanntlich durch den Magen. So ist das auch, wenn Ihr eine neue Region kennenlernen wollt. Ihr m\u00fcsst Rheinhessen schmecken und riechen. Wie ginge das besser als mit regionalen Lebensmitteln von rheinhessischen Erzeugern?\" \/>\n<meta name=\"robots\" content=\"index, follow, max-snippet:-1, max-image-preview:large, max-video-preview:-1\" \/>\n<link rel=\"canonical\" href=\"https:\/\/rheinhessenblog.de\/fr\/produits-regionaux-made-in-rheinhessen\/\" \/>\n<meta property=\"og:locale\" content=\"fr_FR\" \/>\n<meta property=\"og:type\" content=\"article\" \/>\n<meta property=\"og:title\" content=\"Regionale Produkte \u2013 Made in Rheinhessen - Rheinhessen-Blog\" \/>\n<meta property=\"og:description\" content=\"Liebe geht bekanntlich durch den Magen. So ist das auch, wenn Ihr eine neue Region kennenlernen wollt. Ihr m\u00fcsst Rheinhessen schmecken und riechen. Wie ginge das besser als mit regionalen Lebensmitteln von rheinhessischen Erzeugern?\" \/>\n<meta property=\"og:url\" content=\"https:\/\/rheinhessenblog.de\/fr\/produits-regionaux-made-in-rheinhessen\/\" \/>\n<meta property=\"og:site_name\" content=\"Rheinhessen-Blog\" \/>\n<meta property=\"article:published_time\" content=\"2022-02-09T08:00:00+00:00\" \/>\n<meta property=\"article:modified_time\" content=\"2023-10-30T09:35:56+00:00\" \/>\n<meta property=\"og:image\" content=\"https:\/\/rheinhessenblog.de\/wp-content\/uploads\/2022\/02\/regionaleprodukte-boerschingers-nudeln-3-scaled-1.jpg\" \/>\n\t<meta property=\"og:image:width\" content=\"2560\" \/>\n\t<meta property=\"og:image:height\" content=\"1707\" \/>\n\t<meta property=\"og:image:type\" content=\"image\/jpeg\" \/>\n<meta name=\"author\" content=\"Natalie Teschauer\" \/>\n<meta name=\"twitter:card\" content=\"summary_large_image\" \/>\n<meta name=\"twitter:label1\" content=\"\u00c9crit par\" \/>\n\t<meta name=\"twitter:data1\" content=\"Natalie Teschauer\" \/>\n\t<meta name=\"twitter:label2\" content=\"Dur\u00e9e de lecture estim\u00e9e\" \/>\n\t<meta name=\"twitter:data2\" content=\"7 minutes\" \/>\n<script type=\"application\/ld+json\" class=\"yoast-schema-graph\">{\"@context\":\"https:\\\/\\\/schema.org\",\"@graph\":[{\"@type\":\"Article\",\"@id\":\"https:\\\/\\\/rheinhessenblog.de\\\/regionale-produkte-made-in-rheinhessen\\\/#article\",\"isPartOf\":{\"@id\":\"https:\\\/\\\/rheinhessenblog.de\\\/regionale-produkte-made-in-rheinhessen\\\/\"},\"author\":{\"name\":\"Natalie Teschauer\",\"@id\":\"https:\\\/\\\/rheinhessenblog.de\\\/#\\\/schema\\\/person\\\/1be824f14844c580508225f586044717\"},\"headline\":\"Regionale Produkte \u2013 Made in Rheinhessen\",\"datePublished\":\"2022-02-09T08:00:00+00:00\",\"dateModified\":\"2023-10-30T09:35:56+00:00\",\"mainEntityOfPage\":{\"@id\":\"https:\\\/\\\/rheinhessenblog.de\\\/regionale-produkte-made-in-rheinhessen\\\/\"},\"wordCount\":993,\"commentCount\":0,\"publisher\":{\"@id\":\"https:\\\/\\\/rheinhessenblog.de\\\/#organization\"},\"image\":{\"@id\":\"https:\\\/\\\/rheinhessenblog.de\\\/regionale-produkte-made-in-rheinhessen\\\/#primaryimage\"},\"thumbnailUrl\":\"https:\\\/\\\/rheinhessenblog.de\\\/wp-content\\\/uploads\\\/2022\\\/02\\\/regionaleprodukte-boerschingers-nudeln-3-scaled-1.jpg\",\"articleSection\":[\"Wein &amp; Kulinarik\"],\"inLanguage\":\"fr-FR\",\"potentialAction\":[{\"@type\":\"CommentAction\",\"name\":\"Comment\",\"target\":[\"https:\\\/\\\/rheinhessenblog.de\\\/regionale-produkte-made-in-rheinhessen\\\/#respond\"]}]},{\"@type\":\"WebPage\",\"@id\":\"https:\\\/\\\/rheinhessenblog.de\\\/regionale-produkte-made-in-rheinhessen\\\/\",\"url\":\"https:\\\/\\\/rheinhessenblog.de\\\/regionale-produkte-made-in-rheinhessen\\\/\",\"name\":\"Regionale Produkte \u2013 Made in Rheinhessen - Rheinhessen-Blog\",\"isPartOf\":{\"@id\":\"https:\\\/\\\/rheinhessenblog.de\\\/#website\"},\"primaryImageOfPage\":{\"@id\":\"https:\\\/\\\/rheinhessenblog.de\\\/regionale-produkte-made-in-rheinhessen\\\/#primaryimage\"},\"image\":{\"@id\":\"https:\\\/\\\/rheinhessenblog.de\\\/regionale-produkte-made-in-rheinhessen\\\/#primaryimage\"},\"thumbnailUrl\":\"https:\\\/\\\/rheinhessenblog.de\\\/wp-content\\\/uploads\\\/2022\\\/02\\\/regionaleprodukte-boerschingers-nudeln-3-scaled-1.jpg\",\"datePublished\":\"2022-02-09T08:00:00+00:00\",\"dateModified\":\"2023-10-30T09:35:56+00:00\",\"description\":\"Liebe geht bekanntlich durch den Magen. So ist das auch, wenn Ihr eine neue Region kennenlernen wollt. Ihr m\u00fcsst Rheinhessen schmecken und riechen. Wie ginge das besser als mit regionalen Lebensmitteln von rheinhessischen Erzeugern?\",\"breadcrumb\":{\"@id\":\"https:\\\/\\\/rheinhessenblog.de\\\/regionale-produkte-made-in-rheinhessen\\\/#breadcrumb\"},\"inLanguage\":\"fr-FR\",\"potentialAction\":[{\"@type\":\"ReadAction\",\"target\":[\"https:\\\/\\\/rheinhessenblog.de\\\/regionale-produkte-made-in-rheinhessen\\\/\"]}]},{\"@type\":\"ImageObject\",\"inLanguage\":\"fr-FR\",\"@id\":\"https:\\\/\\\/rheinhessenblog.de\\\/regionale-produkte-made-in-rheinhessen\\\/#primaryimage\",\"url\":\"https:\\\/\\\/rheinhessenblog.de\\\/wp-content\\\/uploads\\\/2022\\\/02\\\/regionaleprodukte-boerschingers-nudeln-3-scaled-1.jpg\",\"contentUrl\":\"https:\\\/\\\/rheinhessenblog.de\\\/wp-content\\\/uploads\\\/2022\\\/02\\\/regionaleprodukte-boerschingers-nudeln-3-scaled-1.jpg\",\"width\":2560,\"height\":1707},{\"@type\":\"BreadcrumbList\",\"@id\":\"https:\\\/\\\/rheinhessenblog.de\\\/regionale-produkte-made-in-rheinhessen\\\/#breadcrumb\",\"itemListElement\":[{\"@type\":\"ListItem\",\"position\":1,\"name\":\"Startseite\",\"item\":\"https:\\\/\\\/rheinhessenblog.de\\\/\"},{\"@type\":\"ListItem\",\"position\":2,\"name\":\"Regionale Produkte \u2013 Made in Rheinhessen\"}]},{\"@type\":\"WebSite\",\"@id\":\"https:\\\/\\\/rheinhessenblog.de\\\/#website\",\"url\":\"https:\\\/\\\/rheinhessenblog.de\\\/\",\"name\":\"Rheinhessen-Blog\",\"description\":\"\",\"publisher\":{\"@id\":\"https:\\\/\\\/rheinhessenblog.de\\\/#organization\"},\"potentialAction\":[{\"@type\":\"SearchAction\",\"target\":{\"@type\":\"EntryPoint\",\"urlTemplate\":\"https:\\\/\\\/rheinhessenblog.de\\\/?s={search_term_string}\"},\"query-input\":{\"@type\":\"PropertyValueSpecification\",\"valueRequired\":true,\"valueName\":\"search_term_string\"}}],\"inLanguage\":\"fr-FR\"},{\"@type\":\"Organization\",\"@id\":\"https:\\\/\\\/rheinhessenblog.de\\\/#organization\",\"name\":\"Rheinhessen-Blog\",\"url\":\"https:\\\/\\\/rheinhessenblog.de\\\/\",\"logo\":{\"@type\":\"ImageObject\",\"inLanguage\":\"fr-FR\",\"@id\":\"https:\\\/\\\/rheinhessenblog.de\\\/#\\\/schema\\\/logo\\\/image\\\/\",\"url\":\"https:\\\/\\\/rheinhessenblog.de\\\/wp-content\\\/uploads\\\/2023\\\/07\\\/Rheinhessenlogo.svg\",\"contentUrl\":\"https:\\\/\\\/rheinhessenblog.de\\\/wp-content\\\/uploads\\\/2023\\\/07\\\/Rheinhessenlogo.svg\",\"width\":85,\"height\":26,\"caption\":\"Rheinhessen-Blog\"},\"image\":{\"@id\":\"https:\\\/\\\/rheinhessenblog.de\\\/#\\\/schema\\\/logo\\\/image\\\/\"}},{\"@type\":\"Person\",\"@id\":\"https:\\\/\\\/rheinhessenblog.de\\\/#\\\/schema\\\/person\\\/1be824f14844c580508225f586044717\",\"name\":\"Natalie Teschauer\",\"description\":\"Als externe Autorin f\u00fcr den Rheinhessen-Blog nehme ich Euch gerne mit auf meine Entdeckungstouren durch Rheinhessen. Mit Kamera und Notizbuch immer im Gep\u00e4ck, erkunde ich die Region der tausend Hiwwel, lerne die Vielfalt des Weins kennen und treffe gastfreundliche Rheinhessen.\",\"url\":\"https:\\\/\\\/rheinhessenblog.de\\\/fr\\\/author\\\/teschauer\\\/\"}]}<\/script>\n<!-- \/ Yoast SEO plugin. -->","yoast_head_json":{"title":"Produits r\u00e9gionaux - Made in Rheinhessen - Blog de la Hesse rh\u00e9nane","description":"C'est bien connu, l'amour passe par l'estomac. Il en va de m\u00eame lorsque vous voulez d\u00e9couvrir une nouvelle r\u00e9gion. Vous devez go\u00fbter et sentir le Rheinhessen. Quelle meilleure fa\u00e7on de le faire qu'avec des aliments r\u00e9gionaux provenant de producteurs de la Hesse rh\u00e9nane ?","robots":{"index":"index","follow":"follow","max-snippet":"max-snippet:-1","max-image-preview":"max-image-preview:large","max-video-preview":"max-video-preview:-1"},"canonical":"https:\/\/rheinhessenblog.de\/fr\/produits-regionaux-made-in-rheinhessen\/","og_locale":"fr_FR","og_type":"article","og_title":"Regionale Produkte \u2013 Made in Rheinhessen - Rheinhessen-Blog","og_description":"Liebe geht bekanntlich durch den Magen. So ist das auch, wenn Ihr eine neue Region kennenlernen wollt. Ihr m\u00fcsst Rheinhessen schmecken und riechen. Wie ginge das besser als mit regionalen Lebensmitteln von rheinhessischen Erzeugern?","og_url":"https:\/\/rheinhessenblog.de\/fr\/produits-regionaux-made-in-rheinhessen\/","og_site_name":"Rheinhessen-Blog","article_published_time":"2022-02-09T08:00:00+00:00","article_modified_time":"2023-10-30T09:35:56+00:00","og_image":[{"width":2560,"height":1707,"url":"https:\/\/rheinhessenblog.de\/wp-content\/uploads\/2022\/02\/regionaleprodukte-boerschingers-nudeln-3-scaled-1.jpg","type":"image\/jpeg"}],"author":"Natalie Teschauer","twitter_card":"summary_large_image","twitter_misc":{"\u00c9crit par":"Natalie Teschauer","Dur\u00e9e de lecture estim\u00e9e":"7 minutes"},"schema":{"@context":"https:\/\/schema.org","@graph":[{"@type":"Article","@id":"https:\/\/rheinhessenblog.de\/regionale-produkte-made-in-rheinhessen\/#article","isPartOf":{"@id":"https:\/\/rheinhessenblog.de\/regionale-produkte-made-in-rheinhessen\/"},"author":{"name":"Natalie Teschauer","@id":"https:\/\/rheinhessenblog.de\/#\/schema\/person\/1be824f14844c580508225f586044717"},"headline":"Regionale Produkte \u2013 Made in Rheinhessen","datePublished":"2022-02-09T08:00:00+00:00","dateModified":"2023-10-30T09:35:56+00:00","mainEntityOfPage":{"@id":"https:\/\/rheinhessenblog.de\/regionale-produkte-made-in-rheinhessen\/"},"wordCount":993,"commentCount":0,"publisher":{"@id":"https:\/\/rheinhessenblog.de\/#organization"},"image":{"@id":"https:\/\/rheinhessenblog.de\/regionale-produkte-made-in-rheinhessen\/#primaryimage"},"thumbnailUrl":"https:\/\/rheinhessenblog.de\/wp-content\/uploads\/2022\/02\/regionaleprodukte-boerschingers-nudeln-3-scaled-1.jpg","articleSection":["Wein &amp; Kulinarik"],"inLanguage":"fr-FR","potentialAction":[{"@type":"CommentAction","name":"Comment","target":["https:\/\/rheinhessenblog.de\/regionale-produkte-made-in-rheinhessen\/#respond"]}]},{"@type":"WebPage","@id":"https:\/\/rheinhessenblog.de\/regionale-produkte-made-in-rheinhessen\/","url":"https:\/\/rheinhessenblog.de\/regionale-produkte-made-in-rheinhessen\/","name":"Produits r\u00e9gionaux - Made in Rheinhessen - Blog de la Hesse rh\u00e9nane","isPartOf":{"@id":"https:\/\/rheinhessenblog.de\/#website"},"primaryImageOfPage":{"@id":"https:\/\/rheinhessenblog.de\/regionale-produkte-made-in-rheinhessen\/#primaryimage"},"image":{"@id":"https:\/\/rheinhessenblog.de\/regionale-produkte-made-in-rheinhessen\/#primaryimage"},"thumbnailUrl":"https:\/\/rheinhessenblog.de\/wp-content\/uploads\/2022\/02\/regionaleprodukte-boerschingers-nudeln-3-scaled-1.jpg","datePublished":"2022-02-09T08:00:00+00:00","dateModified":"2023-10-30T09:35:56+00:00","description":"C'est bien connu, l'amour passe par l'estomac. Il en va de m\u00eame lorsque vous voulez d\u00e9couvrir une nouvelle r\u00e9gion. Vous devez go\u00fbter et sentir le Rheinhessen. Quelle meilleure fa\u00e7on de le faire qu'avec des aliments r\u00e9gionaux provenant de producteurs de la Hesse rh\u00e9nane ?","breadcrumb":{"@id":"https:\/\/rheinhessenblog.de\/regionale-produkte-made-in-rheinhessen\/#breadcrumb"},"inLanguage":"fr-FR","potentialAction":[{"@type":"ReadAction","target":["https:\/\/rheinhessenblog.de\/regionale-produkte-made-in-rheinhessen\/"]}]},{"@type":"ImageObject","inLanguage":"fr-FR","@id":"https:\/\/rheinhessenblog.de\/regionale-produkte-made-in-rheinhessen\/#primaryimage","url":"https:\/\/rheinhessenblog.de\/wp-content\/uploads\/2022\/02\/regionaleprodukte-boerschingers-nudeln-3-scaled-1.jpg","contentUrl":"https:\/\/rheinhessenblog.de\/wp-content\/uploads\/2022\/02\/regionaleprodukte-boerschingers-nudeln-3-scaled-1.jpg","width":2560,"height":1707},{"@type":"BreadcrumbList","@id":"https:\/\/rheinhessenblog.de\/regionale-produkte-made-in-rheinhessen\/#breadcrumb","itemListElement":[{"@type":"ListItem","position":1,"name":"Startseite","item":"https:\/\/rheinhessenblog.de\/"},{"@type":"ListItem","position":2,"name":"Regionale Produkte \u2013 Made in Rheinhessen"}]},{"@type":"WebSite","@id":"https:\/\/rheinhessenblog.de\/#website","url":"https:\/\/rheinhessenblog.de\/","name":"Blog de la Hesse rh\u00e9nane","description":"","publisher":{"@id":"https:\/\/rheinhessenblog.de\/#organization"},"potentialAction":[{"@type":"SearchAction","target":{"@type":"EntryPoint","urlTemplate":"https:\/\/rheinhessenblog.de\/?s={search_term_string}"},"query-input":{"@type":"PropertyValueSpecification","valueRequired":true,"valueName":"search_term_string"}}],"inLanguage":"fr-FR"},{"@type":"Organization","@id":"https:\/\/rheinhessenblog.de\/#organization","name":"Blog de la Hesse rh\u00e9nane","url":"https:\/\/rheinhessenblog.de\/","logo":{"@type":"ImageObject","inLanguage":"fr-FR","@id":"https:\/\/rheinhessenblog.de\/#\/schema\/logo\/image\/","url":"https:\/\/rheinhessenblog.de\/wp-content\/uploads\/2023\/07\/Rheinhessenlogo.svg","contentUrl":"https:\/\/rheinhessenblog.de\/wp-content\/uploads\/2023\/07\/Rheinhessenlogo.svg","width":85,"height":26,"caption":"Rheinhessen-Blog"},"image":{"@id":"https:\/\/rheinhessenblog.de\/#\/schema\/logo\/image\/"}},{"@type":"Person","@id":"https:\/\/rheinhessenblog.de\/#\/schema\/person\/1be824f14844c580508225f586044717","name":"Natalie Teschauer","description":"En tant qu'auteur externe pour le blog de la Hesse rh\u00e9nane, je vous emm\u00e8ne volontiers \u00e0 la d\u00e9couverte de la Hesse rh\u00e9nane. Toujours munie d'un appareil photo et d'un carnet de notes, j'explore la r\u00e9gion des mille merveilles, j'apprends \u00e0 conna\u00eetre la diversit\u00e9 du vin et je rencontre des Rh\u00e9nans accueillants.","url":"https:\/\/rheinhessenblog.de\/fr\/author\/teschauer\/"}]}},"_links":{"self":[{"href":"https:\/\/rheinhessenblog.de\/fr\/wp-json\/wp\/v2\/posts\/7741","targetHints":{"allow":["GET"]}}],"collection":[{"href":"https:\/\/rheinhessenblog.de\/fr\/wp-json\/wp\/v2\/posts"}],"about":[{"href":"https:\/\/rheinhessenblog.de\/fr\/wp-json\/wp\/v2\/types\/post"}],"author":[{"embeddable":true,"href":"https:\/\/rheinhessenblog.de\/fr\/wp-json\/wp\/v2\/users\/26"}],"replies":[{"embeddable":true,"href":"https:\/\/rheinhessenblog.de\/fr\/wp-json\/wp\/v2\/comments?post=7741"}],"version-history":[{"count":4,"href":"https:\/\/rheinhessenblog.de\/fr\/wp-json\/wp\/v2\/posts\/7741\/revisions"}],"predecessor-version":[{"id":13463,"href":"https:\/\/rheinhessenblog.de\/fr\/wp-json\/wp\/v2\/posts\/7741\/revisions\/13463"}],"wp:featuredmedia":[{"embeddable":true,"href":"https:\/\/rheinhessenblog.de\/fr\/wp-json\/wp\/v2\/media\/7833"}],"wp:attachment":[{"href":"https:\/\/rheinhessenblog.de\/fr\/wp-json\/wp\/v2\/media?parent=7741"}],"wp:term":[{"taxonomy":"category","embeddable":true,"href":"https:\/\/rheinhessenblog.de\/fr\/wp-json\/wp\/v2\/categories?post=7741"},{"taxonomy":"post_tag","embeddable":true,"href":"https:\/\/rheinhessenblog.de\/fr\/wp-json\/wp\/v2\/tags?post=7741"}],"curies":[{"name":"wp","href":"https:\/\/api.w.org\/{rel}","templated":true}]}}