{"id":8066,"date":"2022-04-20T10:23:42","date_gmt":"2022-04-20T08:23:42","guid":{"rendered":"http:\/\/blog.rheinhessen.de\/?p=8066"},"modified":"2023-10-30T10:19:48","modified_gmt":"2023-10-30T09:19:48","slug":"journees-chez-le-vigneron","status":"publish","type":"post","link":"https:\/\/rheinhessenblog.de\/fr\/tagen-beim-winzer\/","title":{"rendered":"Journ\u00e9es chez le vigneron"},"content":{"rendered":"<p>Les trois domaines viticoles proposent une combinaison de congr\u00e8s et d'h\u00e9bergement. Vous b\u00e9n\u00e9ficiez donc d'une offre \"tout compris\". Autre avantage : votre r\u00e9union ne se d\u00e9compose pas en plusieurs parties s\u00e9par\u00e9es par des trajets, mais elle est concentr\u00e9e car tout est disponible au m\u00eame endroit. C'est pourquoi ces maisons sont \u00e9galement id\u00e9ales pour les \u00e9v\u00e9nements de team building.<\/p>\n\n\n\n<h3 class=\"wp-block-heading\">Le couvent de Wasem \u00e0 Engelthal<\/h3>\n\n\n\n<figure class=\"wp-block-image size-large\"><img fetchpriority=\"high\" decoding=\"async\" width=\"1024\" height=\"547\" src=\"https:\/\/rheinhessenblog.de\/wp-content\/uploads\/2022\/03\/KlosterWasem-4-klein-1024x547.jpg\" alt=\"\" class=\"wp-image-8076\" srcset=\"https:\/\/rheinhessenblog.de\/wp-content\/uploads\/2022\/03\/KlosterWasem-4-klein-1024x547.jpg 1024w, https:\/\/rheinhessenblog.de\/wp-content\/uploads\/2022\/03\/KlosterWasem-4-klein-300x160.jpg 300w, https:\/\/rheinhessenblog.de\/wp-content\/uploads\/2022\/03\/KlosterWasem-4-klein-768x411.jpg 768w, https:\/\/rheinhessenblog.de\/wp-content\/uploads\/2022\/03\/KlosterWasem-4-klein-1536x821.jpg 1536w, https:\/\/rheinhessenblog.de\/wp-content\/uploads\/2022\/03\/KlosterWasem-4-klein-2048x1095.jpg 2048w\" sizes=\"(max-width: 1024px) 100vw, 1024px\" \/><\/figure>\n\n\n\n<p>Au c\u0153ur de la partie historique d'Ingelheim se trouve le <a rel=\"noreferrer noopener\" aria-label=\"Weingut Wasem (s&#039;ouvre dans un nouvel onglet)\" href=\"https:\/\/www.wasem.de\/\" target=\"_blank\">Domaine viticole Wasem<\/a> dans les murs de l'ancien monast\u00e8re d'Engelthal. Les activit\u00e9s pr\u00e9vues pour <a rel=\"noreferrer noopener\" aria-label=\"Ingelheim (s&#039;ouvre dans un nouvel onglet)\" href=\"https:\/\/www.rheinhessen.de\/ingelheim-am-rhein\" target=\"_blank\">Ingelheim<\/a> Les murs typiques des maisons en gr\u00e8s clair sautent aux yeux. Les vieux murs sont r\u00e9guli\u00e8rement interrompus par des \u00e9l\u00e9ments modernes en cr\u00e9pi clair et en verre. C'\u00e9tait d'ailleurs l'intention des fr\u00e8res Wasem. Tout ce qui a pu \u00eatre conserv\u00e9 lors de la r\u00e9novation a gard\u00e9 son charme d'antan. En revanche, ce qui a d\u00fb \u00eatre reconstruit a pris un caract\u00e8re d\u00e9lib\u00e9r\u00e9ment moderne. <\/p>\n\n\n\n<figure class=\"wp-block-image size-large\"><img decoding=\"async\" width=\"1024\" height=\"683\" src=\"https:\/\/rheinhessenblog.de\/wp-content\/uploads\/2022\/03\/KlosterWasem-3-1024x683.jpg\" alt=\"\" class=\"wp-image-8077\" srcset=\"https:\/\/rheinhessenblog.de\/wp-content\/uploads\/2022\/03\/KlosterWasem-3-1024x683.jpg 1024w, https:\/\/rheinhessenblog.de\/wp-content\/uploads\/2022\/03\/KlosterWasem-3-300x200.jpg 300w, https:\/\/rheinhessenblog.de\/wp-content\/uploads\/2022\/03\/KlosterWasem-3-768x512.jpg 768w, https:\/\/rheinhessenblog.de\/wp-content\/uploads\/2022\/03\/KlosterWasem-3-1536x1024.jpg 1536w, https:\/\/rheinhessenblog.de\/wp-content\/uploads\/2022\/03\/KlosterWasem-3-2048x1365.jpg 2048w\" sizes=\"(max-width: 1024px) 100vw, 1024px\" \/><\/figure>\n\n\n\n<p>Les six salles de r\u00e9union ont \u00e9galement \u00e9t\u00e9 con\u00e7ues avec ce souci du d\u00e9tail. Int\u00e9gr\u00e9es dans l'architecture des anciens b\u00e2timents, des salles tr\u00e8s individuelles ont \u00e9t\u00e9 cr\u00e9\u00e9es et peuvent \u00eatre utilis\u00e9es de diff\u00e9rentes mani\u00e8res. Malgr\u00e9 le charme des vieilles poutres en bois et du parquet en bois, le confort ne manque pas pour la r\u00e9union proprement dite. Les diff\u00e9rentes salles de r\u00e9union sont r\u00e9parties dans le grand b\u00e2timent et ont presque toutes leurs propres toilettes et leur propre vestibule pour le caf\u00e9 et le snack-bar. M\u00eame si plusieurs r\u00e9unions et \u00e9v\u00e9nements ont lieu en m\u00eame temps au domaine viticole Wasem, les invit\u00e9s (jusqu'\u00e0 300) ne se g\u00eanent pas les uns les autres.<\/p>\n\n\n\n<p>Le programme autour de la conf\u00e9rence peut \u00eatre enti\u00e8rement personnalis\u00e9 en fonction des souhaits de chacun.\npeut \u00eatre organis\u00e9 selon les souhaits de chacun. Le domaine viticole Wasem, en collaboration avec\npartenaires, des souhaits particuliers comme le tir \u00e0 l'arc ou un cours de barbecue sont \u00e9galement possibles.\nIl y a suffisamment de place sur le grand terrain et l'\u00e9cole de barbecue Weber se trouve juste \u00e0 c\u00f4t\u00e9.\nse trouve \u00e0 c\u00f4t\u00e9. Les \u00e9v\u00e9nements typiques comme les d\u00e9gustations de vin, les promenades dans les vignobles et les visites des caves sont organis\u00e9s par le domaine.\nLe domaine viticole propose \u00e9galement des visites guid\u00e9es de la cave.<\/p>\n\n\n\n<p>Le monast\u00e8re d'Engelthal est l'endroit id\u00e9al pour votre prochaine r\u00e9union ? Alors vous trouverez sur le site web du <a href=\"https:\/\/www.wasem.de\/default.php?p=kloster\" target=\"_blank\" rel=\"noreferrer noopener\" aria-label=\"Weingut Wasem (s&#039;ouvre dans un nouvel onglet)\">Domaine viticole Wasem<\/a> toutes les informations dont vous avez besoin. <\/p>\n\n\n\n<h3 class=\"wp-block-heading\">Cour de la cath\u00e9drale<\/h3>\n\n\n\n<figure class=\"wp-block-image size-large\"><img decoding=\"async\" width=\"1024\" height=\"683\" src=\"https:\/\/rheinhessenblog.de\/wp-content\/uploads\/2022\/03\/weingutdomhof-2-scaled-1-1024x683.jpg\" alt=\"\" class=\"wp-image-8078\" srcset=\"https:\/\/rheinhessenblog.de\/wp-content\/uploads\/2022\/03\/weingutdomhof-2-scaled-1-1024x683.jpg 1024w, https:\/\/rheinhessenblog.de\/wp-content\/uploads\/2022\/03\/weingutdomhof-2-scaled-1-300x200.jpg 300w, https:\/\/rheinhessenblog.de\/wp-content\/uploads\/2022\/03\/weingutdomhof-2-scaled-1-768x512.jpg 768w, https:\/\/rheinhessenblog.de\/wp-content\/uploads\/2022\/03\/weingutdomhof-2-scaled-1-1536x1024.jpg 1536w, https:\/\/rheinhessenblog.de\/wp-content\/uploads\/2022\/03\/weingutdomhof-2-scaled-1-2048x1366.jpg 2048w\" sizes=\"(max-width: 1024px) 100vw, 1024px\" \/><\/figure>\n\n\n\n<p>Le site <a rel=\"noreferrer noopener\" aria-label=\"Domhof (s&#039;ouvre dans un nouvel onglet)\" href=\"https:\/\/weingut-domhof.de\" target=\"_blank\">Cour de la cath\u00e9drale<\/a> est un domaine viticole qui d\u00e9borde de cr\u00e9ativit\u00e9 et d'id\u00e9es nouvelles. C'est pourquoi c'est l'endroit id\u00e9al pour votre congr\u00e8s, votre r\u00e9union ou votre atelier. La salle de r\u00e9union est \u00e9quip\u00e9e de tout ce dont vous avez besoin pour une pr\u00e9sentation et un travail en commun pendant votre r\u00e9union et peut accueillir entre 25 et 30 personnes, selon la disposition des chaises. Pendant votre s\u00e9jour, vous serez log\u00e9s dans les chambres de la maison d'h\u00f4tes. Si vous venez au Domhof pour votre congr\u00e8s, vous aurez le domaine viticole en exclusivit\u00e9 pour vous. Vous pouvez vous d\u00e9placer sans \u00eatre d\u00e9rang\u00e9 dans la salle de r\u00e9union, dans le grand vestibule avec bar \u00e0 caf\u00e9 et snack ou dans le jardin d'ar\u00f4mes de vin d'inspiration m\u00e9diterran\u00e9enne, ou tout simplement changer de salle spontan\u00e9ment pour avoir l'esprit libre. C\u00f4t\u00e9 gastronomie, vous serez choy\u00e9s pendant votre s\u00e9jour par le restaurant de l'\u00e9tablissement, le Weingold. <\/p>\n\n\n\n<figure class=\"wp-block-image size-large\"><img loading=\"lazy\" decoding=\"async\" width=\"1024\" height=\"682\" src=\"https:\/\/rheinhessenblog.de\/wp-content\/uploads\/2022\/03\/weingutdomhof-1-scaled-1-1024x682.jpg\" alt=\"\" class=\"wp-image-8079\" srcset=\"https:\/\/rheinhessenblog.de\/wp-content\/uploads\/2022\/03\/weingutdomhof-1-scaled-1-1024x682.jpg 1024w, https:\/\/rheinhessenblog.de\/wp-content\/uploads\/2022\/03\/weingutdomhof-1-scaled-1-300x200.jpg 300w, https:\/\/rheinhessenblog.de\/wp-content\/uploads\/2022\/03\/weingutdomhof-1-scaled-1-768x512.jpg 768w, https:\/\/rheinhessenblog.de\/wp-content\/uploads\/2022\/03\/weingutdomhof-1-scaled-1-1536x1024.jpg 1536w, https:\/\/rheinhessenblog.de\/wp-content\/uploads\/2022\/03\/weingutdomhof-1-scaled-1-2048x1365.jpg 2048w\" sizes=\"(max-width: 1024px) 100vw, 1024px\" \/><\/figure>\n\n\n\n<figure class=\"wp-block-image size-large\"><img loading=\"lazy\" decoding=\"async\" width=\"683\" height=\"1024\" src=\"https:\/\/rheinhessenblog.de\/wp-content\/uploads\/2022\/03\/weingutdomhof-3-scaled-1-683x1024.jpg\" alt=\"\" class=\"wp-image-8080\" srcset=\"https:\/\/rheinhessenblog.de\/wp-content\/uploads\/2022\/03\/weingutdomhof-3-scaled-1-683x1024.jpg 683w, https:\/\/rheinhessenblog.de\/wp-content\/uploads\/2022\/03\/weingutdomhof-3-scaled-1-200x300.jpg 200w, https:\/\/rheinhessenblog.de\/wp-content\/uploads\/2022\/03\/weingutdomhof-3-scaled-1-768x1152.jpg 768w, https:\/\/rheinhessenblog.de\/wp-content\/uploads\/2022\/03\/weingutdomhof-3-scaled-1-1024x1536.jpg 1024w, https:\/\/rheinhessenblog.de\/wp-content\/uploads\/2022\/03\/weingutdomhof-3-scaled-1-1366x2048.jpg 1366w, https:\/\/rheinhessenblog.de\/wp-content\/uploads\/2022\/03\/weingutdomhof-3-scaled-1.jpg 1707w\" sizes=\"(max-width: 683px) 100vw, 683px\" \/><\/figure>\n\n\n\n<p>Vous pouvez organiser le programme-cadre de votre congr\u00e8s avec la famille Baumann.\nBaumann en fonction de vos souhaits. Apportez vos propres id\u00e9es\nsi vous voulez int\u00e9grer quelques d\u00e9fis d'\u00e9quipe ou si vous voulez, avec cette journ\u00e9e\nremercier vos collaborateurs et leur offrir une petite pause dans leur travail.\nvous offrir un cadeau. Le domaine viticole lui-m\u00eame dispose d'un grand r\u00e9servoir d'id\u00e9es originales\navec une visite de l'escape room dans la cave \u00e0 vin, un g\u00e9ocaching \u00e0 travers les\nvignobles, une randonn\u00e9e aux flambeaux en hiver, des \u00e9checs vikings, un mikado g\u00e9ant ou un\njeu de boules. Bien entendu, le s\u00e9minaire classique sur le vin ne doit pas manquer dans l'offre.\n<\/p>\n\n\n\n<p>Si vous planifiez d\u00e9j\u00e0 votre prochain congr\u00e8s et que la cour de la cath\u00e9drale vous a donn\u00e9 de nouvelles id\u00e9es \u00e0 ce sujet, consultez les <a rel=\"noreferrer noopener\" aria-label=\"Site web du Domhof (s&#039;ouvre dans un nouvel onglet)\" href=\"https:\/\/weingut-domhof.de\/tagegut\/\" target=\"_blank\">Site web de la cour de la cath\u00e9drale<\/a> et d\u00e9couvrez comment vous pouvez vous r\u00e9unir sur place.<\/p>\n\n\n\n<h3 class=\"wp-block-heading\">Espenhof<\/h3>\n\n\n\n<figure class=\"wp-block-image size-large\"><img loading=\"lazy\" decoding=\"async\" width=\"1024\" height=\"683\" src=\"https:\/\/rheinhessenblog.de\/wp-content\/uploads\/2022\/03\/weingutespenhof-5-scaled-1-1024x683.jpg\" alt=\"\" class=\"wp-image-8081\" srcset=\"https:\/\/rheinhessenblog.de\/wp-content\/uploads\/2022\/03\/weingutespenhof-5-scaled-1-1024x683.jpg 1024w, https:\/\/rheinhessenblog.de\/wp-content\/uploads\/2022\/03\/weingutespenhof-5-scaled-1-300x200.jpg 300w, https:\/\/rheinhessenblog.de\/wp-content\/uploads\/2022\/03\/weingutespenhof-5-scaled-1-768x512.jpg 768w, https:\/\/rheinhessenblog.de\/wp-content\/uploads\/2022\/03\/weingutespenhof-5-scaled-1-1536x1024.jpg 1536w, https:\/\/rheinhessenblog.de\/wp-content\/uploads\/2022\/03\/weingutespenhof-5-scaled-1-2048x1366.jpg 2048w\" sizes=\"(max-width: 1024px) 100vw, 1024px\" \/><\/figure>\n\n\n\n<p>Lever les yeux du bloc-notes et les laisser glisser sur les vieux murs en gr\u00e8s de la grange, arpenter les longues \u00e9tag\u00e8res de la vinoth\u00e8que pendant la pause-caf\u00e9 ou ressentir l'atmosph\u00e8re \u00e9lectrique de l'ancienne salle de la poste. Votre congr\u00e8s, votre r\u00e9union ou votre \u00e9v\u00e9nement d'\u00e9quipe au <a rel=\"noreferrer noopener\" aria-label=\"Espenhof (s&#039;ouvre dans un nouvel onglet)\" href=\"https:\/\/www.espenhof.de\" target=\"_blank\">Espenhof<\/a> sera dans tous les cas quelque chose de sp\u00e9cial. Le domaine viticole Espenhof ne propose pas non plus d'offre forfaitaire pour les congr\u00e8s. La famille Espenschied organise votre \u00e9v\u00e9nement avec vous, en fonction de vos souhaits et de vos exigences. Il n'y a pas de salle de r\u00e9union classique au domaine Espenhof. Mais m\u00eame si les locaux sont transform\u00e9s pour votre r\u00e9union, vous ne manquerez de rien. Bien au contraire, vous aurez la chance unique d'\u00eatre au c\u0153ur de l'action. Le charme du domaine viticole et l'atmosph\u00e8re non conventionnelle ont un effet relaxant et les nouvelles id\u00e9es affluent.<\/p>\n\n\n\n<figure class=\"wp-block-image size-large\"><img loading=\"lazy\" decoding=\"async\" width=\"1024\" height=\"768\" src=\"https:\/\/rheinhessenblog.de\/wp-content\/uploads\/2022\/03\/weingutespenhof-4-scaled-1-1024x768.jpg\" alt=\"\" class=\"wp-image-8083\" srcset=\"https:\/\/rheinhessenblog.de\/wp-content\/uploads\/2022\/03\/weingutespenhof-4-scaled-1-1024x768.jpg 1024w, https:\/\/rheinhessenblog.de\/wp-content\/uploads\/2022\/03\/weingutespenhof-4-scaled-1-300x225.jpg 300w, https:\/\/rheinhessenblog.de\/wp-content\/uploads\/2022\/03\/weingutespenhof-4-scaled-1-768x576.jpg 768w, https:\/\/rheinhessenblog.de\/wp-content\/uploads\/2022\/03\/weingutespenhof-4-scaled-1-1536x1152.jpg 1536w, https:\/\/rheinhessenblog.de\/wp-content\/uploads\/2022\/03\/weingutespenhof-4-scaled-1-2048x1536.jpg 2048w\" sizes=\"(max-width: 1024px) 100vw, 1024px\" \/><\/figure>\n\n\n\n<figure class=\"wp-block-image size-large\"><img loading=\"lazy\" decoding=\"async\" width=\"768\" height=\"1024\" src=\"https:\/\/rheinhessenblog.de\/wp-content\/uploads\/2022\/03\/weingutespenhof-1-scaled-1-768x1024.jpg\" alt=\"\" class=\"wp-image-8082\" srcset=\"https:\/\/rheinhessenblog.de\/wp-content\/uploads\/2022\/03\/weingutespenhof-1-scaled-1-768x1024.jpg 768w, https:\/\/rheinhessenblog.de\/wp-content\/uploads\/2022\/03\/weingutespenhof-1-scaled-1-225x300.jpg 225w, https:\/\/rheinhessenblog.de\/wp-content\/uploads\/2022\/03\/weingutespenhof-1-scaled-1-1152x1536.jpg 1152w, https:\/\/rheinhessenblog.de\/wp-content\/uploads\/2022\/03\/weingutespenhof-1-scaled-1-1536x2048.jpg 1536w, https:\/\/rheinhessenblog.de\/wp-content\/uploads\/2022\/03\/weingutespenhof-1-scaled-1.jpg 1920w\" sizes=\"(max-width: 768px) 100vw, 768px\" \/><\/figure>\n\n\n\n<p>Apr\u00e8s le travail vient le plaisir, c'est pourquoi l'Espenhof propose un programme de divertissement.\nEspenhof vous propose un programme vari\u00e9 avant que vous ne rentriez chez vous.\nVous pourrez ensuite vous reposer dans les lits de la maison d'h\u00f4tes.\nQue vous optiez pour un repas au restaurant du domaine, une d\u00e9gustation de vin, une visite guid\u00e9e ou une visite de la ferme, vous aurez le choix.\nvisite guid\u00e9e du domaine ou un tour en v\u00e9lo \u00e9lectrique ou en segway organis\u00e9 par les partenaires du domaine.\nC'est \u00e0 vous de d\u00e9cider si vous voulez faire un tour en Segway. Dans tous les cas, la\nLa famille Espenschied vous aidera \u00e0 planifier votre visite. Si vous le souhaitez, une visite en anglais est possible.\nd\u00e9gustation de vin est \u00e9galement possible en anglais.<\/p>\n\n\n\n<p>Pour tout savoir sur l'Espenhof, le charme du domaine viticole et votre congr\u00e8s, consultez le <a rel=\"noreferrer noopener\" aria-label=\"Site web de l&#039;Espenhof (s&#039;ouvre dans un nouvel onglet)\" href=\"https:\/\/www.espenhof.de\/feiern-tagen.html\" target=\"_blank\">Site web de l'Espenhof<\/a>. <\/p>\n\n\n\n<figure class=\"wp-block-image size-full\"><img loading=\"lazy\" decoding=\"async\" width=\"807\" height=\"522\" src=\"https:\/\/rheinhessenblog.de\/wp-content\/uploads\/2022\/07\/NEU-MWVLW-Publizitaetsmerkmal.jpg\" alt=\"\" class=\"wp-image-8830\" srcset=\"https:\/\/rheinhessenblog.de\/wp-content\/uploads\/2022\/07\/NEU-MWVLW-Publizitaetsmerkmal.jpg 807w, https:\/\/rheinhessenblog.de\/wp-content\/uploads\/2022\/07\/NEU-MWVLW-Publizitaetsmerkmal-300x194.jpg 300w, https:\/\/rheinhessenblog.de\/wp-content\/uploads\/2022\/07\/NEU-MWVLW-Publizitaetsmerkmal-768x497.jpg 768w\" sizes=\"(max-width: 807px) 100vw, 807px\" \/><\/figure>","protected":false},"excerpt":{"rendered":"<p>Se r\u00e9unir et travailler l\u00e0 o\u00f9 d'autres passent leurs vacances. Cela semble trop beau pour \u00eatre vrai. C'est pourtant ce qui est possible dans ces trois domaines viticoles de la Hesse rh\u00e9nane. Pas d'environnement froid, beaucoup d'agitation et de distractions, mais l'hospitalit\u00e9 de la Hesse rh\u00e9nane, des offres individuelles, une ambiance particuli\u00e8re et une d\u00e9gustation exclusive. Organiser des journ\u00e9es chez le vigneron dans les domaines viticoles peut \u00eatre un changement bienvenu pour les r\u00e9unions et un \u00e9v\u00e9nement d'\u00e9quipe id\u00e9al. <\/p>","protected":false},"author":26,"featured_media":8077,"comment_status":"open","ping_status":"closed","sticky":false,"template":"","format":"standard","meta":{"_acf_changed":false,"footnotes":""},"categories":[318],"tags":[327],"class_list":["post-8066","post","type-post","status-publish","format-standard","has-post-thumbnail","hentry","category-wein-kulinarik","tag-festivals-events"],"acf":{"":null},"yoast_head":"<!-- This site is optimized with the Yoast SEO plugin v27.4 - https:\/\/yoast.com\/product\/yoast-seo-wordpress\/ -->\n<title>Tagen beim Winzer - Rheinhessen-Blog<\/title>\n<meta name=\"description\" content=\"Tagen und Arbeiten dort, wo andere Urlaub machen. Klingt zu sch\u00f6n, um wahr zu sein. Bei diesen drei Weing\u00fctern in Rheinhessen ist aber genau das m\u00f6glich. Keine k\u00fchle Umgebung, viel Trubel und Ablenkung, sondern rheinhessische Gastfreundlichkeit, individuelle Angebote, besonderes Ambiente und exklusive Verk\u00f6stigung. Tagen beim Winzer auf den Weing\u00fctern kann die willkommene Abwechslung f\u00fcr Tagungen und das ideale Teamevent sein.\" \/>\n<meta name=\"robots\" content=\"index, follow, max-snippet:-1, max-image-preview:large, max-video-preview:-1\" \/>\n<link rel=\"canonical\" href=\"https:\/\/rheinhessenblog.de\/fr\/journees-chez-le-vigneron\/\" \/>\n<meta property=\"og:locale\" content=\"fr_FR\" \/>\n<meta property=\"og:type\" content=\"article\" \/>\n<meta property=\"og:title\" content=\"Tagen beim Winzer - Rheinhessen-Blog\" \/>\n<meta property=\"og:description\" content=\"Tagen und Arbeiten dort, wo andere Urlaub machen. Klingt zu sch\u00f6n, um wahr zu sein. Bei diesen drei Weing\u00fctern in Rheinhessen ist aber genau das m\u00f6glich. Keine k\u00fchle Umgebung, viel Trubel und Ablenkung, sondern rheinhessische Gastfreundlichkeit, individuelle Angebote, besonderes Ambiente und exklusive Verk\u00f6stigung. Tagen beim Winzer auf den Weing\u00fctern kann die willkommene Abwechslung f\u00fcr Tagungen und das ideale Teamevent sein.\" \/>\n<meta property=\"og:url\" content=\"https:\/\/rheinhessenblog.de\/fr\/journees-chez-le-vigneron\/\" \/>\n<meta property=\"og:site_name\" content=\"Rheinhessen-Blog\" \/>\n<meta property=\"article:published_time\" content=\"2022-04-20T08:23:42+00:00\" \/>\n<meta property=\"article:modified_time\" content=\"2023-10-30T09:19:48+00:00\" \/>\n<meta property=\"og:image\" content=\"https:\/\/rheinhessenblog.de\/wp-content\/uploads\/2022\/03\/KlosterWasem-3-scaled.jpg\" \/>\n\t<meta property=\"og:image:width\" content=\"2560\" \/>\n\t<meta property=\"og:image:height\" content=\"1707\" \/>\n\t<meta property=\"og:image:type\" content=\"image\/jpeg\" \/>\n<meta name=\"author\" content=\"Natalie Teschauer\" \/>\n<meta name=\"twitter:card\" content=\"summary_large_image\" \/>\n<meta name=\"twitter:label1\" content=\"\u00c9crit par\" \/>\n\t<meta name=\"twitter:data1\" content=\"Natalie Teschauer\" \/>\n\t<meta name=\"twitter:label2\" content=\"Dur\u00e9e de lecture estim\u00e9e\" \/>\n\t<meta name=\"twitter:data2\" content=\"7 minutes\" \/>\n<script type=\"application\/ld+json\" class=\"yoast-schema-graph\">{\"@context\":\"https:\\\/\\\/schema.org\",\"@graph\":[{\"@type\":\"Article\",\"@id\":\"https:\\\/\\\/rheinhessenblog.de\\\/tagen-beim-winzer\\\/#article\",\"isPartOf\":{\"@id\":\"https:\\\/\\\/rheinhessenblog.de\\\/tagen-beim-winzer\\\/\"},\"author\":{\"name\":\"Natalie Teschauer\",\"@id\":\"https:\\\/\\\/rheinhessenblog.de\\\/#\\\/schema\\\/person\\\/1be824f14844c580508225f586044717\"},\"headline\":\"Tagen beim Winzer\",\"datePublished\":\"2022-04-20T08:23:42+00:00\",\"dateModified\":\"2023-10-30T09:19:48+00:00\",\"mainEntityOfPage\":{\"@id\":\"https:\\\/\\\/rheinhessenblog.de\\\/tagen-beim-winzer\\\/\"},\"wordCount\":838,\"commentCount\":0,\"publisher\":{\"@id\":\"https:\\\/\\\/rheinhessenblog.de\\\/#organization\"},\"image\":{\"@id\":\"https:\\\/\\\/rheinhessenblog.de\\\/tagen-beim-winzer\\\/#primaryimage\"},\"thumbnailUrl\":\"https:\\\/\\\/rheinhessenblog.de\\\/wp-content\\\/uploads\\\/2022\\\/03\\\/KlosterWasem-3-scaled.jpg\",\"keywords\":[\"Festivals \\\/ Events\"],\"articleSection\":[\"Wein &amp; Kulinarik\"],\"inLanguage\":\"fr-FR\",\"potentialAction\":[{\"@type\":\"CommentAction\",\"name\":\"Comment\",\"target\":[\"https:\\\/\\\/rheinhessenblog.de\\\/tagen-beim-winzer\\\/#respond\"]}]},{\"@type\":\"WebPage\",\"@id\":\"https:\\\/\\\/rheinhessenblog.de\\\/tagen-beim-winzer\\\/\",\"url\":\"https:\\\/\\\/rheinhessenblog.de\\\/tagen-beim-winzer\\\/\",\"name\":\"Tagen beim Winzer - Rheinhessen-Blog\",\"isPartOf\":{\"@id\":\"https:\\\/\\\/rheinhessenblog.de\\\/#website\"},\"primaryImageOfPage\":{\"@id\":\"https:\\\/\\\/rheinhessenblog.de\\\/tagen-beim-winzer\\\/#primaryimage\"},\"image\":{\"@id\":\"https:\\\/\\\/rheinhessenblog.de\\\/tagen-beim-winzer\\\/#primaryimage\"},\"thumbnailUrl\":\"https:\\\/\\\/rheinhessenblog.de\\\/wp-content\\\/uploads\\\/2022\\\/03\\\/KlosterWasem-3-scaled.jpg\",\"datePublished\":\"2022-04-20T08:23:42+00:00\",\"dateModified\":\"2023-10-30T09:19:48+00:00\",\"description\":\"Tagen und Arbeiten dort, wo andere Urlaub machen. Klingt zu sch\u00f6n, um wahr zu sein. Bei diesen drei Weing\u00fctern in Rheinhessen ist aber genau das m\u00f6glich. Keine k\u00fchle Umgebung, viel Trubel und Ablenkung, sondern rheinhessische Gastfreundlichkeit, individuelle Angebote, besonderes Ambiente und exklusive Verk\u00f6stigung. Tagen beim Winzer auf den Weing\u00fctern kann die willkommene Abwechslung f\u00fcr Tagungen und das ideale Teamevent sein.\",\"breadcrumb\":{\"@id\":\"https:\\\/\\\/rheinhessenblog.de\\\/tagen-beim-winzer\\\/#breadcrumb\"},\"inLanguage\":\"fr-FR\",\"potentialAction\":[{\"@type\":\"ReadAction\",\"target\":[\"https:\\\/\\\/rheinhessenblog.de\\\/tagen-beim-winzer\\\/\"]}]},{\"@type\":\"ImageObject\",\"inLanguage\":\"fr-FR\",\"@id\":\"https:\\\/\\\/rheinhessenblog.de\\\/tagen-beim-winzer\\\/#primaryimage\",\"url\":\"https:\\\/\\\/rheinhessenblog.de\\\/wp-content\\\/uploads\\\/2022\\\/03\\\/KlosterWasem-3-scaled.jpg\",\"contentUrl\":\"https:\\\/\\\/rheinhessenblog.de\\\/wp-content\\\/uploads\\\/2022\\\/03\\\/KlosterWasem-3-scaled.jpg\",\"width\":2560,\"height\":1707},{\"@type\":\"BreadcrumbList\",\"@id\":\"https:\\\/\\\/rheinhessenblog.de\\\/tagen-beim-winzer\\\/#breadcrumb\",\"itemListElement\":[{\"@type\":\"ListItem\",\"position\":1,\"name\":\"Startseite\",\"item\":\"https:\\\/\\\/rheinhessenblog.de\\\/\"},{\"@type\":\"ListItem\",\"position\":2,\"name\":\"Tagen beim Winzer\"}]},{\"@type\":\"WebSite\",\"@id\":\"https:\\\/\\\/rheinhessenblog.de\\\/#website\",\"url\":\"https:\\\/\\\/rheinhessenblog.de\\\/\",\"name\":\"Rheinhessen-Blog\",\"description\":\"\",\"publisher\":{\"@id\":\"https:\\\/\\\/rheinhessenblog.de\\\/#organization\"},\"potentialAction\":[{\"@type\":\"SearchAction\",\"target\":{\"@type\":\"EntryPoint\",\"urlTemplate\":\"https:\\\/\\\/rheinhessenblog.de\\\/?s={search_term_string}\"},\"query-input\":{\"@type\":\"PropertyValueSpecification\",\"valueRequired\":true,\"valueName\":\"search_term_string\"}}],\"inLanguage\":\"fr-FR\"},{\"@type\":\"Organization\",\"@id\":\"https:\\\/\\\/rheinhessenblog.de\\\/#organization\",\"name\":\"Rheinhessen-Blog\",\"url\":\"https:\\\/\\\/rheinhessenblog.de\\\/\",\"logo\":{\"@type\":\"ImageObject\",\"inLanguage\":\"fr-FR\",\"@id\":\"https:\\\/\\\/rheinhessenblog.de\\\/#\\\/schema\\\/logo\\\/image\\\/\",\"url\":\"https:\\\/\\\/rheinhessenblog.de\\\/wp-content\\\/uploads\\\/2023\\\/07\\\/Rheinhessenlogo.svg\",\"contentUrl\":\"https:\\\/\\\/rheinhessenblog.de\\\/wp-content\\\/uploads\\\/2023\\\/07\\\/Rheinhessenlogo.svg\",\"width\":85,\"height\":26,\"caption\":\"Rheinhessen-Blog\"},\"image\":{\"@id\":\"https:\\\/\\\/rheinhessenblog.de\\\/#\\\/schema\\\/logo\\\/image\\\/\"}},{\"@type\":\"Person\",\"@id\":\"https:\\\/\\\/rheinhessenblog.de\\\/#\\\/schema\\\/person\\\/1be824f14844c580508225f586044717\",\"name\":\"Natalie Teschauer\",\"description\":\"Als externe Autorin f\u00fcr den Rheinhessen-Blog nehme ich Euch gerne mit auf meine Entdeckungstouren durch Rheinhessen. Mit Kamera und Notizbuch immer im Gep\u00e4ck, erkunde ich die Region der tausend Hiwwel, lerne die Vielfalt des Weins kennen und treffe gastfreundliche Rheinhessen.\",\"url\":\"https:\\\/\\\/rheinhessenblog.de\\\/fr\\\/author\\\/teschauer\\\/\"}]}<\/script>\n<!-- \/ Yoast SEO plugin. -->","yoast_head_json":{"title":"Journ\u00e9es chez le vigneron - Rheinhessen-Blog","description":"Se r\u00e9unir et travailler l\u00e0 o\u00f9 d'autres passent leurs vacances. Cela semble trop beau pour \u00eatre vrai. C'est pourtant ce qui est possible dans ces trois domaines viticoles de la Hesse rh\u00e9nane. Pas d'environnement froid, beaucoup d'agitation et de distractions, mais l'hospitalit\u00e9 de la Hesse rh\u00e9nane, des offres individuelles, une ambiance particuli\u00e8re et une d\u00e9gustation exclusive. Organiser des journ\u00e9es chez le vigneron dans les domaines viticoles peut \u00eatre un changement bienvenu pour les r\u00e9unions et un \u00e9v\u00e9nement d'\u00e9quipe id\u00e9al.","robots":{"index":"index","follow":"follow","max-snippet":"max-snippet:-1","max-image-preview":"max-image-preview:large","max-video-preview":"max-video-preview:-1"},"canonical":"https:\/\/rheinhessenblog.de\/fr\/journees-chez-le-vigneron\/","og_locale":"fr_FR","og_type":"article","og_title":"Tagen beim Winzer - Rheinhessen-Blog","og_description":"Tagen und Arbeiten dort, wo andere Urlaub machen. Klingt zu sch\u00f6n, um wahr zu sein. Bei diesen drei Weing\u00fctern in Rheinhessen ist aber genau das m\u00f6glich. Keine k\u00fchle Umgebung, viel Trubel und Ablenkung, sondern rheinhessische Gastfreundlichkeit, individuelle Angebote, besonderes Ambiente und exklusive Verk\u00f6stigung. Tagen beim Winzer auf den Weing\u00fctern kann die willkommene Abwechslung f\u00fcr Tagungen und das ideale Teamevent sein.","og_url":"https:\/\/rheinhessenblog.de\/fr\/journees-chez-le-vigneron\/","og_site_name":"Rheinhessen-Blog","article_published_time":"2022-04-20T08:23:42+00:00","article_modified_time":"2023-10-30T09:19:48+00:00","og_image":[{"width":2560,"height":1707,"url":"https:\/\/rheinhessenblog.de\/wp-content\/uploads\/2022\/03\/KlosterWasem-3-scaled.jpg","type":"image\/jpeg"}],"author":"Natalie Teschauer","twitter_card":"summary_large_image","twitter_misc":{"\u00c9crit par":"Natalie Teschauer","Dur\u00e9e de lecture estim\u00e9e":"7 minutes"},"schema":{"@context":"https:\/\/schema.org","@graph":[{"@type":"Article","@id":"https:\/\/rheinhessenblog.de\/tagen-beim-winzer\/#article","isPartOf":{"@id":"https:\/\/rheinhessenblog.de\/tagen-beim-winzer\/"},"author":{"name":"Natalie Teschauer","@id":"https:\/\/rheinhessenblog.de\/#\/schema\/person\/1be824f14844c580508225f586044717"},"headline":"Tagen beim Winzer","datePublished":"2022-04-20T08:23:42+00:00","dateModified":"2023-10-30T09:19:48+00:00","mainEntityOfPage":{"@id":"https:\/\/rheinhessenblog.de\/tagen-beim-winzer\/"},"wordCount":838,"commentCount":0,"publisher":{"@id":"https:\/\/rheinhessenblog.de\/#organization"},"image":{"@id":"https:\/\/rheinhessenblog.de\/tagen-beim-winzer\/#primaryimage"},"thumbnailUrl":"https:\/\/rheinhessenblog.de\/wp-content\/uploads\/2022\/03\/KlosterWasem-3-scaled.jpg","keywords":["Festivals \/ Events"],"articleSection":["Wein &amp; Kulinarik"],"inLanguage":"fr-FR","potentialAction":[{"@type":"CommentAction","name":"Comment","target":["https:\/\/rheinhessenblog.de\/tagen-beim-winzer\/#respond"]}]},{"@type":"WebPage","@id":"https:\/\/rheinhessenblog.de\/tagen-beim-winzer\/","url":"https:\/\/rheinhessenblog.de\/tagen-beim-winzer\/","name":"Journ\u00e9es chez le vigneron - Rheinhessen-Blog","isPartOf":{"@id":"https:\/\/rheinhessenblog.de\/#website"},"primaryImageOfPage":{"@id":"https:\/\/rheinhessenblog.de\/tagen-beim-winzer\/#primaryimage"},"image":{"@id":"https:\/\/rheinhessenblog.de\/tagen-beim-winzer\/#primaryimage"},"thumbnailUrl":"https:\/\/rheinhessenblog.de\/wp-content\/uploads\/2022\/03\/KlosterWasem-3-scaled.jpg","datePublished":"2022-04-20T08:23:42+00:00","dateModified":"2023-10-30T09:19:48+00:00","description":"Se r\u00e9unir et travailler l\u00e0 o\u00f9 d'autres passent leurs vacances. Cela semble trop beau pour \u00eatre vrai. C'est pourtant ce qui est possible dans ces trois domaines viticoles de la Hesse rh\u00e9nane. Pas d'environnement froid, beaucoup d'agitation et de distractions, mais l'hospitalit\u00e9 de la Hesse rh\u00e9nane, des offres individuelles, une ambiance particuli\u00e8re et une d\u00e9gustation exclusive. Organiser des journ\u00e9es chez le vigneron dans les domaines viticoles peut \u00eatre un changement bienvenu pour les r\u00e9unions et un \u00e9v\u00e9nement d'\u00e9quipe id\u00e9al.","breadcrumb":{"@id":"https:\/\/rheinhessenblog.de\/tagen-beim-winzer\/#breadcrumb"},"inLanguage":"fr-FR","potentialAction":[{"@type":"ReadAction","target":["https:\/\/rheinhessenblog.de\/tagen-beim-winzer\/"]}]},{"@type":"ImageObject","inLanguage":"fr-FR","@id":"https:\/\/rheinhessenblog.de\/tagen-beim-winzer\/#primaryimage","url":"https:\/\/rheinhessenblog.de\/wp-content\/uploads\/2022\/03\/KlosterWasem-3-scaled.jpg","contentUrl":"https:\/\/rheinhessenblog.de\/wp-content\/uploads\/2022\/03\/KlosterWasem-3-scaled.jpg","width":2560,"height":1707},{"@type":"BreadcrumbList","@id":"https:\/\/rheinhessenblog.de\/tagen-beim-winzer\/#breadcrumb","itemListElement":[{"@type":"ListItem","position":1,"name":"Startseite","item":"https:\/\/rheinhessenblog.de\/"},{"@type":"ListItem","position":2,"name":"Tagen beim Winzer"}]},{"@type":"WebSite","@id":"https:\/\/rheinhessenblog.de\/#website","url":"https:\/\/rheinhessenblog.de\/","name":"Blog de la Hesse rh\u00e9nane","description":"","publisher":{"@id":"https:\/\/rheinhessenblog.de\/#organization"},"potentialAction":[{"@type":"SearchAction","target":{"@type":"EntryPoint","urlTemplate":"https:\/\/rheinhessenblog.de\/?s={search_term_string}"},"query-input":{"@type":"PropertyValueSpecification","valueRequired":true,"valueName":"search_term_string"}}],"inLanguage":"fr-FR"},{"@type":"Organization","@id":"https:\/\/rheinhessenblog.de\/#organization","name":"Blog de la Hesse rh\u00e9nane","url":"https:\/\/rheinhessenblog.de\/","logo":{"@type":"ImageObject","inLanguage":"fr-FR","@id":"https:\/\/rheinhessenblog.de\/#\/schema\/logo\/image\/","url":"https:\/\/rheinhessenblog.de\/wp-content\/uploads\/2023\/07\/Rheinhessenlogo.svg","contentUrl":"https:\/\/rheinhessenblog.de\/wp-content\/uploads\/2023\/07\/Rheinhessenlogo.svg","width":85,"height":26,"caption":"Rheinhessen-Blog"},"image":{"@id":"https:\/\/rheinhessenblog.de\/#\/schema\/logo\/image\/"}},{"@type":"Person","@id":"https:\/\/rheinhessenblog.de\/#\/schema\/person\/1be824f14844c580508225f586044717","name":"Natalie Teschauer","description":"En tant qu'auteur externe pour le blog de la Hesse rh\u00e9nane, je vous emm\u00e8ne volontiers \u00e0 la d\u00e9couverte de la Hesse rh\u00e9nane. Toujours munie d'un appareil photo et d'un carnet de notes, j'explore la r\u00e9gion des mille merveilles, j'apprends \u00e0 conna\u00eetre la diversit\u00e9 du vin et je rencontre des Rh\u00e9nans accueillants.","url":"https:\/\/rheinhessenblog.de\/fr\/author\/teschauer\/"}]}},"_links":{"self":[{"href":"https:\/\/rheinhessenblog.de\/fr\/wp-json\/wp\/v2\/posts\/8066","targetHints":{"allow":["GET"]}}],"collection":[{"href":"https:\/\/rheinhessenblog.de\/fr\/wp-json\/wp\/v2\/posts"}],"about":[{"href":"https:\/\/rheinhessenblog.de\/fr\/wp-json\/wp\/v2\/types\/post"}],"author":[{"embeddable":true,"href":"https:\/\/rheinhessenblog.de\/fr\/wp-json\/wp\/v2\/users\/26"}],"replies":[{"embeddable":true,"href":"https:\/\/rheinhessenblog.de\/fr\/wp-json\/wp\/v2\/comments?post=8066"}],"version-history":[{"count":4,"href":"https:\/\/rheinhessenblog.de\/fr\/wp-json\/wp\/v2\/posts\/8066\/revisions"}],"predecessor-version":[{"id":13453,"href":"https:\/\/rheinhessenblog.de\/fr\/wp-json\/wp\/v2\/posts\/8066\/revisions\/13453"}],"wp:featuredmedia":[{"embeddable":true,"href":"https:\/\/rheinhessenblog.de\/fr\/wp-json\/wp\/v2\/media\/8077"}],"wp:attachment":[{"href":"https:\/\/rheinhessenblog.de\/fr\/wp-json\/wp\/v2\/media?parent=8066"}],"wp:term":[{"taxonomy":"category","embeddable":true,"href":"https:\/\/rheinhessenblog.de\/fr\/wp-json\/wp\/v2\/categories?post=8066"},{"taxonomy":"post_tag","embeddable":true,"href":"https:\/\/rheinhessenblog.de\/fr\/wp-json\/wp\/v2\/tags?post=8066"}],"curies":[{"name":"wp","href":"https:\/\/api.w.org\/{rel}","templated":true}]}}