{"id":8333,"date":"2022-05-03T16:06:03","date_gmt":"2022-05-03T14:06:03","guid":{"rendered":"http:\/\/blog.rheinhessen.de\/?p=8333"},"modified":"2024-02-29T09:56:32","modified_gmt":"2024-02-29T08:56:32","slug":"le-hiwweltour-bismarckturm-cinq-bonnes-raisons","status":"publish","type":"post","link":"https:\/\/rheinhessenblog.de\/fr\/die-hiwweltour-bismarckturm-fuenf-gute-gruende\/","title":{"rendered":"Le Hiwweltour Bismarckturm : cinq bonnes raisons"},"content":{"rendered":"<figure class=\"wp-block-image size-large\"><img fetchpriority=\"high\" decoding=\"async\" width=\"1024\" height=\"768\" src=\"https:\/\/rheinhessenblog.de\/wp-content\/uploads\/2022\/04\/Foto-1-Rheinhessische-Huegellandschaft-at-its-best-scaled-1-1024x768.jpg\" alt=\"\" class=\"wp-image-8335\" srcset=\"https:\/\/rheinhessenblog.de\/wp-content\/uploads\/2022\/04\/Foto-1-Rheinhessische-Huegellandschaft-at-its-best-scaled-1-1024x768.jpg 1024w, https:\/\/rheinhessenblog.de\/wp-content\/uploads\/2022\/04\/Foto-1-Rheinhessische-Huegellandschaft-at-its-best-scaled-1-300x225.jpg 300w, https:\/\/rheinhessenblog.de\/wp-content\/uploads\/2022\/04\/Foto-1-Rheinhessische-Huegellandschaft-at-its-best-scaled-1-768x576.jpg 768w, https:\/\/rheinhessenblog.de\/wp-content\/uploads\/2022\/04\/Foto-1-Rheinhessische-Huegellandschaft-at-its-best-scaled-1-1536x1152.jpg 1536w, https:\/\/rheinhessenblog.de\/wp-content\/uploads\/2022\/04\/Foto-1-Rheinhessische-Huegellandschaft-at-its-best-scaled-1-2048x1536.jpg 2048w\" sizes=\"(max-width: 1024px) 100vw, 1024px\" \/><figcaption class=\"wp-element-caption\">Le meilleur du paysage vallonn\u00e9 de la Hesse rh\u00e9nane<\/figcaption><\/figure>\n\n\n\n<p>Chacun des Hiwweltouren a son propre caract\u00e8re. C'est le cas de la randonn\u00e9e d'environ onze kilom\u00e8tres <a href=\"https:\/\/www.rheinhessen.de\/hiwweltouren\/hiwweltour-bismarckturm\" target=\"_blank\" rel=\"noreferrer noopener\">Hiwweltour Tour de Bismarck<\/a>. Pr\u00e8s d'Ingelheim, le circuit de randonn\u00e9e certifi\u00e9 \u201eQuer Feld Wein\u201c m\u00e8ne de la tour du m\u00eame nom au vignoble Hundertgulden pr\u00e8s d'Appenheim et retour.<\/p>\n\n\n\n<figure class=\"wp-block-image size-large\"><img decoding=\"async\" width=\"1024\" height=\"729\" src=\"https:\/\/rheinhessenblog.de\/wp-content\/uploads\/2022\/04\/Foto-2-Immer-wieder-Baenke-um-das-Panorama-entspannt-zu-geniessen-scaled-1-1024x729.jpg\" alt=\"\" class=\"wp-image-8336\" srcset=\"https:\/\/rheinhessenblog.de\/wp-content\/uploads\/2022\/04\/Foto-2-Immer-wieder-Baenke-um-das-Panorama-entspannt-zu-geniessen-scaled-1-1024x729.jpg 1024w, https:\/\/rheinhessenblog.de\/wp-content\/uploads\/2022\/04\/Foto-2-Immer-wieder-Baenke-um-das-Panorama-entspannt-zu-geniessen-scaled-1-300x214.jpg 300w, https:\/\/rheinhessenblog.de\/wp-content\/uploads\/2022\/04\/Foto-2-Immer-wieder-Baenke-um-das-Panorama-entspannt-zu-geniessen-scaled-1-768x547.jpg 768w, https:\/\/rheinhessenblog.de\/wp-content\/uploads\/2022\/04\/Foto-2-Immer-wieder-Baenke-um-das-Panorama-entspannt-zu-geniessen-scaled-1-1536x1093.jpg 1536w, https:\/\/rheinhessenblog.de\/wp-content\/uploads\/2022\/04\/Foto-2-Immer-wieder-Baenke-um-das-Panorama-entspannt-zu-geniessen-scaled-1-2048x1458.jpg 2048w\" sizes=\"(max-width: 1024px) 100vw, 1024px\" \/><figcaption class=\"wp-element-caption\">Toujours des bancs pour profiter du panorama en toute d\u00e9contraction<\/figcaption><\/figure>\n\n\n\n<p>Concentrons-nous sur ce que mon mari Rainer et moi-m\u00eame consid\u00e9rons comme les cinq raisons principales pour lesquelles cette randonn\u00e9e vaut la peine :<\/p>\n\n\n\n<figure class=\"wp-block-image size-large\"><img decoding=\"async\" width=\"1024\" height=\"749\" src=\"https:\/\/rheinhessenblog.de\/wp-content\/uploads\/2022\/04\/Foto-3-Quer-Feld-Wein-\u2013-eine-gute-Ausschilderung-weist-den-Weg-scaled-1-1024x749.jpg\" alt=\"\" class=\"wp-image-8337\" srcset=\"https:\/\/rheinhessenblog.de\/wp-content\/uploads\/2022\/04\/Foto-3-Quer-Feld-Wein-\u2013-eine-gute-Ausschilderung-weist-den-Weg-scaled-1-1024x749.jpg 1024w, https:\/\/rheinhessenblog.de\/wp-content\/uploads\/2022\/04\/Foto-3-Quer-Feld-Wein-\u2013-eine-gute-Ausschilderung-weist-den-Weg-scaled-1-300x219.jpg 300w, https:\/\/rheinhessenblog.de\/wp-content\/uploads\/2022\/04\/Foto-3-Quer-Feld-Wein-\u2013-eine-gute-Ausschilderung-weist-den-Weg-scaled-1-768x562.jpg 768w, https:\/\/rheinhessenblog.de\/wp-content\/uploads\/2022\/04\/Foto-3-Quer-Feld-Wein-\u2013-eine-gute-Ausschilderung-weist-den-Weg-scaled-1-1536x1124.jpg 1536w, https:\/\/rheinhessenblog.de\/wp-content\/uploads\/2022\/04\/Foto-3-Quer-Feld-Wein-\u2013-eine-gute-Ausschilderung-weist-den-Weg-scaled-1-2048x1498.jpg 2048w\" sizes=\"(max-width: 1024px) 100vw, 1024px\" \/><figcaption class=\"wp-element-caption\">A travers les champs de vin - une bonne signalisation montre le chemin<\/figcaption><\/figure>\n\n\n\n<h3 class=\"wp-block-heading\"><strong>L'alternance<\/strong><\/h3>\n\n\n\n<p>Les gens veulent du changement.\nC'est du moins ce qu'a constat\u00e9 la station de radio HR3 lors d'un sondage aupr\u00e8s des auditeurs. Un tel\nLe Hiwweltour Bismarckturm r\u00e9pond clairement \u00e0 ce souhait. Ne serait-ce que sur le plan\nAu niveau du paysage : au d\u00e9but et vers la fin, on traverse des zones foresti\u00e8res qui\nen partie comme une for\u00eat vierge. En cours de route, il y a toujours des arbres qui font de l'ombre.\nen espalier, parfois comme une tonnelle. On passe devant des prairies avec des\nfruits \u00e9pars, des p\u00e2turages et au milieu des vignobles. Du haut de la colline, le chemin m\u00e8ne\ndescend dans la vall\u00e9e. L\u00e0, le Welzbach clapote et nous le suivons pendant un certain temps en le traversant.\nNous le traversons plusieurs fois.<\/p>\n\n\n\n<figure class=\"wp-block-image size-large\"><img loading=\"lazy\" decoding=\"async\" width=\"768\" height=\"1024\" src=\"https:\/\/rheinhessenblog.de\/wp-content\/uploads\/2022\/04\/Foto-4-Eine-der-Bruecken-ueber-den-Welzbach-scaled-1-768x1024.jpg\" alt=\"\" class=\"wp-image-8338\" srcset=\"https:\/\/rheinhessenblog.de\/wp-content\/uploads\/2022\/04\/Foto-4-Eine-der-Bruecken-ueber-den-Welzbach-scaled-1-768x1024.jpg 768w, https:\/\/rheinhessenblog.de\/wp-content\/uploads\/2022\/04\/Foto-4-Eine-der-Bruecken-ueber-den-Welzbach-scaled-1-225x300.jpg 225w, https:\/\/rheinhessenblog.de\/wp-content\/uploads\/2022\/04\/Foto-4-Eine-der-Bruecken-ueber-den-Welzbach-scaled-1-1152x1536.jpg 1152w, https:\/\/rheinhessenblog.de\/wp-content\/uploads\/2022\/04\/Foto-4-Eine-der-Bruecken-ueber-den-Welzbach-scaled-1-1536x2048.jpg 1536w, https:\/\/rheinhessenblog.de\/wp-content\/uploads\/2022\/04\/Foto-4-Eine-der-Bruecken-ueber-den-Welzbach-scaled-1.jpg 1920w\" sizes=\"(max-width: 768px) 100vw, 768px\" \/><figcaption class=\"wp-element-caption\">Un des ponts sur le Welzbach<\/figcaption><\/figure>\n\n\n\n<p>Nous marchons parfois sur\nchemin de for\u00eat et de campagne, puis sur une prairie ou une \u00e9tape asphalt\u00e9e.\nNous avons \u00e9t\u00e9 impressionn\u00e9s par le chemin escarp\u00e9 en escaliers que nous empruntons pour remonter une partie de la hauteur jusqu'au\nWesterberg dans la r\u00e9serve naturelle du Gau-Algesheimer Kopf.<\/p>\n\n\n\n<figure class=\"wp-block-image size-large\"><img loading=\"lazy\" decoding=\"async\" width=\"784\" height=\"1024\" src=\"https:\/\/rheinhessenblog.de\/wp-content\/uploads\/2022\/04\/Foto-5-Am-Treppenweg-stehen-die-Baeume-Spalier-scaled-1-784x1024.jpg\" alt=\"\" class=\"wp-image-8339\" srcset=\"https:\/\/rheinhessenblog.de\/wp-content\/uploads\/2022\/04\/Foto-5-Am-Treppenweg-stehen-die-Baeume-Spalier-scaled-1-784x1024.jpg 784w, https:\/\/rheinhessenblog.de\/wp-content\/uploads\/2022\/04\/Foto-5-Am-Treppenweg-stehen-die-Baeume-Spalier-scaled-1-230x300.jpg 230w, https:\/\/rheinhessenblog.de\/wp-content\/uploads\/2022\/04\/Foto-5-Am-Treppenweg-stehen-die-Baeume-Spalier-scaled-1-768x1003.jpg 768w, https:\/\/rheinhessenblog.de\/wp-content\/uploads\/2022\/04\/Foto-5-Am-Treppenweg-stehen-die-Baeume-Spalier-scaled-1-1177x1536.jpg 1177w, https:\/\/rheinhessenblog.de\/wp-content\/uploads\/2022\/04\/Foto-5-Am-Treppenweg-stehen-die-Baeume-Spalier-scaled-1-1569x2048.jpg 1569w, https:\/\/rheinhessenblog.de\/wp-content\/uploads\/2022\/04\/Foto-5-Am-Treppenweg-stehen-die-Baeume-Spalier-scaled-1.jpg 1961w\" sizes=\"(max-width: 784px) 100vw, 784px\" \/><figcaption class=\"wp-element-caption\">Les arbres sont en espalier sur le chemin des escaliers<\/figcaption><\/figure>\n\n\n\n<p>Le long de la route, il y a toujours\ndes \u00e9l\u00e9ments int\u00e9ressants du point de vue de l'histoire ou de la nature : Par exemple,\nles foss\u00e9s encore reconnaissables d'une position d'infanterie datant de la Premi\u00e8re Guerre mondiale,\nqui sont indiqu\u00e9es par des panneaux. Ou les panneaux d'information du sentier g\u00e9o\u00e9cologique.\nGau-Algesheim. Ceux-ci expliquent l'\u00e9volution g\u00e9ologique de la r\u00e9gion.<\/p>\n\n\n\n<h3 class=\"wp-block-heading\"><strong>Un d\u00e9part et une arriv\u00e9e en fanfare<\/strong><\/h3>\n\n\n\n<p>Une excursion jusqu'au point de d\u00e9part en vaudrait d\u00e9j\u00e0 la peine : la tour Bismarck, haute de 31 m\u00e8tres, se dresse puissamment sur le Westerberg.  Comme l'indique le panneau d'information, cette imposante construction est le pendant de la Germania du Niederwald Denkmal, de l'autre c\u00f4t\u00e9 du Rhin. D'un point de vue architectural, avec des \u00e9l\u00e9ments de l'art nouveau et du n\u00e9o-romantisme, la tour inaugur\u00e9e en 1912 rappelle \u00e0 quel point le premier chancelier allemand Otto von Bismarck \u00e9tait v\u00e9n\u00e9r\u00e9 et combien le sentiment patriotique \u00e9tait grand \u00e0 cette \u00e9poque. Au d\u00e9but du 20e si\u00e8cle, de telles constructions ont \u00e9t\u00e9 \u00e9rig\u00e9es dans toute l'Allemagne - celle d'Ingelheim compte parmi les plus hautes. Pour profiter d'une vue panoramique, il vaut la peine de monter les marches \u00e0 l'int\u00e9rieur. Sur le chemin du retour, la tour indique d\u00e9j\u00e0 de loin que la visite est bient\u00f4t termin\u00e9e.<\/p>\n\n\n\n<figure class=\"wp-block-image size-large\"><img loading=\"lazy\" decoding=\"async\" width=\"781\" height=\"1024\" src=\"https:\/\/rheinhessenblog.de\/wp-content\/uploads\/2022\/04\/Foto-6-Der-stattliche-Bismarckturm-scaled-1-781x1024.jpg\" alt=\"\" class=\"wp-image-8340\" srcset=\"https:\/\/rheinhessenblog.de\/wp-content\/uploads\/2022\/04\/Foto-6-Der-stattliche-Bismarckturm-scaled-1-781x1024.jpg 781w, https:\/\/rheinhessenblog.de\/wp-content\/uploads\/2022\/04\/Foto-6-Der-stattliche-Bismarckturm-scaled-1-229x300.jpg 229w, https:\/\/rheinhessenblog.de\/wp-content\/uploads\/2022\/04\/Foto-6-Der-stattliche-Bismarckturm-scaled-1-768x1007.jpg 768w, https:\/\/rheinhessenblog.de\/wp-content\/uploads\/2022\/04\/Foto-6-Der-stattliche-Bismarckturm-scaled-1-1171x1536.jpg 1171w, https:\/\/rheinhessenblog.de\/wp-content\/uploads\/2022\/04\/Foto-6-Der-stattliche-Bismarckturm-scaled-1-1562x2048.jpg 1562w, https:\/\/rheinhessenblog.de\/wp-content\/uploads\/2022\/04\/Foto-6-Der-stattliche-Bismarckturm-scaled-1.jpg 1952w\" sizes=\"(max-width: 781px) 100vw, 781px\" \/><figcaption class=\"wp-element-caption\">L'imposante tour Bismarck<\/figcaption><\/figure>\n\n\n\n<p>Il y a deux auberges pour se reposer et faire une pause : <a rel=\"noreferrer noopener\" aria-label=\"La taverne de montagne de Brauser (s&#039;ouvre dans un nouvel onglet)\" href=\"https:\/\/www.facebook.com\/Brausers-Bergsch%C3%A4nke-153271714750578\/\" target=\"_blank\">La taverne de montagne de Brauser<\/a> sert des boissons dans un joli jardin de bi\u00e8re d\u00e9cor\u00e9 de palmiers et d'oliviers. Le clou : il est possible d'apporter de la nourriture. Directement en dessous de la tour Bismarck, le restaurant <a rel=\"noreferrer noopener\" aria-label=\"Bergrestaurant Waldeck (s&#039;ouvre dans un nouvel onglet)\" href=\"https:\/\/waldeck-ingelheim.de\/\" target=\"_blank\">Restaurant de montagne Waldeck<\/a> \u00e0 l'ext\u00e9rieur et \u00e0 l'int\u00e9rieur, entre autres, des sp\u00e9cialit\u00e9s de gibier. La carte propose \u00e9galement une \u201eescalope de gibier\u201c (avec des oignons et du beurre aux herbes). <\/p>\n\n\n\n<p>La voiture peut d'ailleurs \u00eatre gar\u00e9e sur\n\u00eatre gar\u00e9e sur l'un des deux grands parkings. Au point de d\u00e9part, une\ncarte g\u00e9n\u00e9rale indique le trac\u00e9 de l'itin\u00e9raire et donne une bonne orientation.<\/p>\n\n\n\n<figure class=\"wp-block-image size-large\"><img loading=\"lazy\" decoding=\"async\" width=\"768\" height=\"1024\" src=\"https:\/\/rheinhessenblog.de\/wp-content\/uploads\/2022\/04\/Foto-7-Einladende-Gastronomie-am-Bismarckturm-\u2013-hier-Bergrestaurant-Waldeck-scaled-1-768x1024.jpg\" alt=\"\" class=\"wp-image-8341\" srcset=\"https:\/\/rheinhessenblog.de\/wp-content\/uploads\/2022\/04\/Foto-7-Einladende-Gastronomie-am-Bismarckturm-\u2013-hier-Bergrestaurant-Waldeck-scaled-1-768x1024.jpg 768w, https:\/\/rheinhessenblog.de\/wp-content\/uploads\/2022\/04\/Foto-7-Einladende-Gastronomie-am-Bismarckturm-\u2013-hier-Bergrestaurant-Waldeck-scaled-1-225x300.jpg 225w, https:\/\/rheinhessenblog.de\/wp-content\/uploads\/2022\/04\/Foto-7-Einladende-Gastronomie-am-Bismarckturm-\u2013-hier-Bergrestaurant-Waldeck-scaled-1-1152x1536.jpg 1152w, https:\/\/rheinhessenblog.de\/wp-content\/uploads\/2022\/04\/Foto-7-Einladende-Gastronomie-am-Bismarckturm-\u2013-hier-Bergrestaurant-Waldeck-scaled-1-1536x2048.jpg 1536w, https:\/\/rheinhessenblog.de\/wp-content\/uploads\/2022\/04\/Foto-7-Einladende-Gastronomie-am-Bismarckturm-\u2013-hier-Bergrestaurant-Waldeck-scaled-1.jpg 1920w\" sizes=\"(max-width: 768px) 100vw, 768px\" \/><figcaption class=\"wp-element-caption\">Gastronomie accueillante \u00e0 la Tour de Bismarck - ici le restaurant de montagne Waldeck<\/figcaption><\/figure>\n\n\n\n<h3 class=\"wp-block-heading\"><strong>Les vues lointaines<\/strong><\/h3>\n\n\n\n<p>Les panoramas ne cessent de nous\nles panoramas qui s'ouvrent \u00e0 nous en chemin. Nous trouvons super qu'\u00e0 certains endroits\ndes bancs, parfois m\u00eame des bancs de repos typiques de la Hesse rh\u00e9nane.\nsont install\u00e9s. D\u00e8s la tour Bismarck, le regard peut s'\u00e9tendre jusqu'aux hauteurs du Rheingau.\ns'\u00e9tend \u00e0 perte de vue. On peut y voir par exemple le ch\u00e2teau de Vollrads et le ch\u00e2teau de Johannisberg.\non peut les reconna\u00eetre. Un peu plus tard, nous avons \u00e9galement cette perspective au refuge Gaga. Le site\nPavillon de protection porte le nom de son ma\u00eetre d'\u0153uvre, la soci\u00e9t\u00e9 Gebr\u00fcder Avenarius\nGau-Algesheim, porte son nom. Dans l'autre direction - vers l'ouest - se dressent\nLe Laurenziberg et le Jakobsberg se trouvent ici.<\/p>\n\n\n\n<figure class=\"wp-block-image size-large\"><img loading=\"lazy\" decoding=\"async\" width=\"1024\" height=\"768\" src=\"https:\/\/rheinhessenblog.de\/wp-content\/uploads\/2022\/04\/Foto-8-Weitsicht-direkt-am-Bismarckturm-scaled-1-1024x768.jpg\" alt=\"\" class=\"wp-image-8342\" srcset=\"https:\/\/rheinhessenblog.de\/wp-content\/uploads\/2022\/04\/Foto-8-Weitsicht-direkt-am-Bismarckturm-scaled-1-1024x768.jpg 1024w, https:\/\/rheinhessenblog.de\/wp-content\/uploads\/2022\/04\/Foto-8-Weitsicht-direkt-am-Bismarckturm-scaled-1-300x225.jpg 300w, https:\/\/rheinhessenblog.de\/wp-content\/uploads\/2022\/04\/Foto-8-Weitsicht-direkt-am-Bismarckturm-scaled-1-768x576.jpg 768w, https:\/\/rheinhessenblog.de\/wp-content\/uploads\/2022\/04\/Foto-8-Weitsicht-direkt-am-Bismarckturm-scaled-1-1536x1152.jpg 1536w, https:\/\/rheinhessenblog.de\/wp-content\/uploads\/2022\/04\/Foto-8-Weitsicht-direkt-am-Bismarckturm-scaled-1-2048x1536.jpg 2048w\" sizes=\"(max-width: 1024px) 100vw, 1024px\" \/><figcaption class=\"wp-element-caption\">Vue lointaine directement \u00e0 la tour Bismarck<\/figcaption><\/figure>\n\n\n\n<p>Plus pr\u00e8s de Gau-Algesheim\nLa tour de l'\u00e9glise catholique St. Cosmas et Damian se dresse devant les deux collines.\nLes deux sommets de la colline. L'ascension \u00e0 travers les vignes du Hundertgulden est \u00e9galement agr\u00e9ment\u00e9e d'une vue sur la vall\u00e9e.\ndes vues lointaines sur le centre d'Appenheim ainsi que sur la vall\u00e9e de la Nahe et les hauteurs du Hunsberg.\ndu Hunsr\u00fcck.<\/p>\n\n\n\n<figure class=\"wp-block-image size-large\"><img loading=\"lazy\" decoding=\"async\" width=\"1024\" height=\"788\" src=\"https:\/\/rheinhessenblog.de\/wp-content\/uploads\/2022\/04\/Foto-9-Blick-ueber-Gau-Algesheim-von-der-Gaga-Huette-scaled-1-1024x788.jpg\" alt=\"\" class=\"wp-image-8343\" srcset=\"https:\/\/rheinhessenblog.de\/wp-content\/uploads\/2022\/04\/Foto-9-Blick-ueber-Gau-Algesheim-von-der-Gaga-Huette-scaled-1-1024x788.jpg 1024w, https:\/\/rheinhessenblog.de\/wp-content\/uploads\/2022\/04\/Foto-9-Blick-ueber-Gau-Algesheim-von-der-Gaga-Huette-scaled-1-300x231.jpg 300w, https:\/\/rheinhessenblog.de\/wp-content\/uploads\/2022\/04\/Foto-9-Blick-ueber-Gau-Algesheim-von-der-Gaga-Huette-scaled-1-768x591.jpg 768w, https:\/\/rheinhessenblog.de\/wp-content\/uploads\/2022\/04\/Foto-9-Blick-ueber-Gau-Algesheim-von-der-Gaga-Huette-scaled-1-1536x1181.jpg 1536w, https:\/\/rheinhessenblog.de\/wp-content\/uploads\/2022\/04\/Foto-9-Blick-ueber-Gau-Algesheim-von-der-Gaga-Huette-scaled-1-2048x1575.jpg 2048w\" sizes=\"(max-width: 1024px) 100vw, 1024px\" \/><figcaption class=\"wp-element-caption\">Vue sur Gau-Algesheim depuis la Gaga-H\u00fctte<\/figcaption><\/figure>\n\n\n\n<h3 class=\"wp-block-heading\"><strong>Les infid\u00e9lit\u00e9s<\/strong><\/h3>\n\n\n\n<p>Si les quelque onze kilom\u00e8tres\ndu tour principal ne suffit pas et qui veut continuer \u00e0 alimenter son podom\u00e8tre,\nje leur recommande de faire un d\u00e9tour par <strong>Gau-Algesheim<\/strong>. C'est l\u00e0 que descendent les\nchemins d\u00e8s le d\u00e9but de l'itin\u00e9raire. De plus, il existe un chemin balis\u00e9 depuis la gare de Gau-Algesheim (9 km).\n(1,9 kilom\u00e8tre) \u00e0 la Hiwwelroute - le joli village viticole pourrait donc \u00eatre\n\u00eatre un point de d\u00e9part ou d'arriv\u00e9e alternatif. <\/p>\n\n\n\n<p>Une atmosph\u00e8re accueillante r\u00e8gne ici sur la place historique du march\u00e9, o\u00f9 diff\u00e9rents \u00e9tablissements gastronomiques ont install\u00e9 leurs tables en plein air par beau temps. Une figure de la Justitia fait signe depuis l'h\u00f4tel de ville baroque. L'\u00e9glise catholique Saint-C\u00f4me et Saint-Damien, dont la tour de 63 m\u00e8tres de haut domine la sc\u00e8ne, n'est qu'\u00e0 quelques pas. Non loin de l\u00e0, \u00e0 la Klopptor, les habitants ont \u00e9rig\u00e9 un monument \u201eDem Schoppe\u201c (c'est-\u00e0-dire un verre de vin). Celui-ci rappelle, avec les mots du po\u00e8te dialectal Alfons Molitor, originaire de Gau-Algesheim : \u201eE Schoppe Gespritze is gut for de Dorscht\u201c. \u00c0 Gau-Algesheim, on trouve deux de ces \u201eG\u00f6pr\u00fc\" particuliers.\u201e<a rel=\"noreferrer noopener\" aria-label=\"Reinhessen-AUSGEZEICHNET-Vinotheken (s&#039;ouvre dans un nouvel onglet)\" href=\"https:\/\/www.rheinhessen.de\/ausgezeichnete-vinotheken\/0\" target=\"_blank\">Reinhessen-AUSGEZEICHNET-Vinoth\u00e8ques<\/a>\u201e : une dans le <a rel=\"noreferrer noopener\" aria-label=\"Weingut Pfeiffer (s&#039;ouvre dans un nouvel onglet)\" href=\"https:\/\/www.rheinhessen.de\/ausgezeichnete-vinotheken\/a-weingut-pfeiffer\" target=\"_blank\">Domaine viticole Pfeiffer<\/a>, l'autre en <a rel=\"noreferrer noopener\" aria-label=\"Gerharz Weinerlebnis (s&#039;ouvre dans un nouvel onglet)\" href=\"https:\/\/www.rheinhessen.de\/ausgezeichnete-vinotheken\/a-gerharz-weinerlebnis\" target=\"_blank\">Exp\u00e9rience du vin Gerharz<\/a>. Il devrait y avoir assez de temps pour une petite d\u00e9gustation de vin.<\/p>\n\n\n\n<figure class=\"wp-block-image size-large\"><img loading=\"lazy\" decoding=\"async\" width=\"1024\" height=\"768\" src=\"https:\/\/rheinhessenblog.de\/wp-content\/uploads\/2022\/04\/Foto-10-Der-gastliche-Marktplatz-von-Gau-Algesheim-scaled-1-1024x768.jpg\" alt=\"\" class=\"wp-image-8344\" srcset=\"https:\/\/rheinhessenblog.de\/wp-content\/uploads\/2022\/04\/Foto-10-Der-gastliche-Marktplatz-von-Gau-Algesheim-scaled-1-1024x768.jpg 1024w, https:\/\/rheinhessenblog.de\/wp-content\/uploads\/2022\/04\/Foto-10-Der-gastliche-Marktplatz-von-Gau-Algesheim-scaled-1-300x225.jpg 300w, https:\/\/rheinhessenblog.de\/wp-content\/uploads\/2022\/04\/Foto-10-Der-gastliche-Marktplatz-von-Gau-Algesheim-scaled-1-768x576.jpg 768w, https:\/\/rheinhessenblog.de\/wp-content\/uploads\/2022\/04\/Foto-10-Der-gastliche-Marktplatz-von-Gau-Algesheim-scaled-1-1536x1152.jpg 1536w, https:\/\/rheinhessenblog.de\/wp-content\/uploads\/2022\/04\/Foto-10-Der-gastliche-Marktplatz-von-Gau-Algesheim-scaled-1-2048x1536.jpg 2048w\" sizes=\"(max-width: 1024px) 100vw, 1024px\" \/><figcaption class=\"wp-element-caption\">La place du march\u00e9 accueillante de Gau-Algesheim<\/figcaption><\/figure>\n\n\n\n<p>A quelques m\u00e8tres seulement (environ 100)\n\u00e0 l'\u00e9cart de la Hiwwelroute se trouvent plus tard les sentiers balis\u00e9s <strong>Trous de salamandre<\/strong>.\nCe monument naturel fait partie de la r\u00e9serve naturelle \u201eGau-Algesheimer Kopf\u201c. Mais\nne vous attendez pas \u00e0 voir des trous dans la terre tr\u00e8s visibles avec de nombreux amphibiens. Sa particularit\u00e9\nexplique le panneau d'information du sentier g\u00e9o\u00e9cologique : Il y a ici des\ndes r\u00e9serves d'eau souterraine qui ne s'ass\u00e8chent pas, m\u00eame pendant les mois d'\u00e9t\u00e9. Les\nLes flaques d'eau cr\u00e9ent un habitat pour des plantes rares comme la\n\u201eDigitale argent\u00e9e\u201c ainsi que diff\u00e9rentes esp\u00e8ces de tritons et de libellules.<\/p>\n\n\n\n<p>z\u00e9ro pas de plus - puisque directement sur le chemin - apporte, en <a rel=\"noreferrer noopener\" aria-label=\"100 Guldenm\u00fchle (s&#039;ouvre dans un nouvel onglet)\" href=\"https:\/\/www.100guldenmuehle.de\/\" target=\"_blank\">100 Moulin de Gulden<\/a><strong><a rel=\"noreferrer noopener\" aria-label=\"100 Guldenm\u00fchle (s&#039;ouvre dans un nouvel onglet)\" href=\"https:\/\/www.100guldenmuehle.de\/\" target=\"_blank\"> <\/a><\/strong> de faire une pause \u00e0 mi-parcours \u00e0 Appenheim. La terrasse idyllique dans le vaste jardin du moulin historique au pied du vignoble Hundertgulden invite \u00e0 la d\u00e9tente.<\/p>\n\n\n\n<figure class=\"wp-block-image size-large\"><img loading=\"lazy\" decoding=\"async\" width=\"1024\" height=\"799\" src=\"https:\/\/rheinhessenblog.de\/wp-content\/uploads\/2022\/04\/Foto-11-An-der-Weinlage-Hundertgulden-scaled-1-1024x799.jpg\" alt=\"\" class=\"wp-image-8345\" srcset=\"https:\/\/rheinhessenblog.de\/wp-content\/uploads\/2022\/04\/Foto-11-An-der-Weinlage-Hundertgulden-scaled-1-1024x799.jpg 1024w, https:\/\/rheinhessenblog.de\/wp-content\/uploads\/2022\/04\/Foto-11-An-der-Weinlage-Hundertgulden-scaled-1-300x234.jpg 300w, https:\/\/rheinhessenblog.de\/wp-content\/uploads\/2022\/04\/Foto-11-An-der-Weinlage-Hundertgulden-scaled-1-768x599.jpg 768w, https:\/\/rheinhessenblog.de\/wp-content\/uploads\/2022\/04\/Foto-11-An-der-Weinlage-Hundertgulden-scaled-1-1536x1199.jpg 1536w, https:\/\/rheinhessenblog.de\/wp-content\/uploads\/2022\/04\/Foto-11-An-der-Weinlage-Hundertgulden-scaled-1-2048x1598.jpg 2048w\" sizes=\"(max-width: 1024px) 100vw, 1024px\" \/><figcaption class=\"wp-element-caption\">Sur le vignoble de Hundertgulden<\/figcaption><\/figure>\n\n\n\n<h3 class=\"wp-block-heading\"><strong>La nature \u00e0 fleur de peau<\/strong><\/h3>\n\n\n\n<p>Un livre que j'ai lu dans ma jeunesse\ns'intitulait \u201eRandonner les yeux ouverts\u201c. Il est facile de prendre cela au pied de la lettre lors de cette randonn\u00e9e.\nest facile. Au printemps, les an\u00e9mones des bois, les violettes, les primev\u00e8res et les jacinthes fleurissent.\njacinthes en grappes (aussi appel\u00e9es \"Schlotfeger\"). Les champs de feuilles laissent entrevoir\nque le muguet va bient\u00f4t appara\u00eetre. Les arbres fruitiers fleurissent magnifiquement.\nPlus tard dans l'ann\u00e9e, peut-on lire, vous verrez des plantes rares telles que\ndes iris des marais, des lys turquoises ou des gentianes des femmes.<\/p>\n\n\n\n<figure class=\"wp-block-image size-large\"><img loading=\"lazy\" decoding=\"async\" width=\"1024\" height=\"768\" src=\"https:\/\/rheinhessenblog.de\/wp-content\/uploads\/2022\/04\/Foto-12-Bluetenpracht-im-Fruehjahr-scaled-1-1024x768.jpg\" alt=\"\" class=\"wp-image-8346\" srcset=\"https:\/\/rheinhessenblog.de\/wp-content\/uploads\/2022\/04\/Foto-12-Bluetenpracht-im-Fruehjahr-scaled-1-1024x768.jpg 1024w, https:\/\/rheinhessenblog.de\/wp-content\/uploads\/2022\/04\/Foto-12-Bluetenpracht-im-Fruehjahr-scaled-1-300x225.jpg 300w, https:\/\/rheinhessenblog.de\/wp-content\/uploads\/2022\/04\/Foto-12-Bluetenpracht-im-Fruehjahr-scaled-1-768x576.jpg 768w, https:\/\/rheinhessenblog.de\/wp-content\/uploads\/2022\/04\/Foto-12-Bluetenpracht-im-Fruehjahr-scaled-1-1536x1152.jpg 1536w, https:\/\/rheinhessenblog.de\/wp-content\/uploads\/2022\/04\/Foto-12-Bluetenpracht-im-Fruehjahr-scaled-1-2048x1536.jpg 2048w\" sizes=\"(max-width: 1024px) 100vw, 1024px\" \/><figcaption class=\"wp-element-caption\">La splendeur des fleurs au printemps<\/figcaption><\/figure>\n\n\n\n<p>Nous avons aussi toujours des\nLes rencontres avec les animaux ne font pas seulement plaisir aux enfants.\ndes vaches ruminent et plus tard, des chevaux paissent dans les paddocks. A c\u00f4t\u00e9 du parking, des chants de ch\u00e8vres\ncoqs et les ch\u00e8vres r\u00e2lent. En chemin, les oiseaux gazouillent et un pic tape sur un tronc d'arbre.\nau tronc creux d'un arbre. Des papillons volent sans cesse dans l'air - des oiseaux et des insectes.\ndont des sp\u00e9cimens qui m'\u00e9taient inconnus jusqu'\u00e0 pr\u00e9sent, comme le papillon aurore (ailes blanches avec des\norange).<\/p>\n\n\n\n<figure class=\"wp-block-image size-large\"><img loading=\"lazy\" decoding=\"async\" width=\"768\" height=\"1024\" src=\"https:\/\/rheinhessenblog.de\/wp-content\/uploads\/2022\/04\/Foto-13-Ein-Aurorafalter-scaled-1-768x1024.jpg\" alt=\"\" class=\"wp-image-8347\" srcset=\"https:\/\/rheinhessenblog.de\/wp-content\/uploads\/2022\/04\/Foto-13-Ein-Aurorafalter-scaled-1-768x1024.jpg 768w, https:\/\/rheinhessenblog.de\/wp-content\/uploads\/2022\/04\/Foto-13-Ein-Aurorafalter-scaled-1-225x300.jpg 225w, https:\/\/rheinhessenblog.de\/wp-content\/uploads\/2022\/04\/Foto-13-Ein-Aurorafalter-scaled-1-1152x1536.jpg 1152w, https:\/\/rheinhessenblog.de\/wp-content\/uploads\/2022\/04\/Foto-13-Ein-Aurorafalter-scaled-1-1536x2048.jpg 1536w, https:\/\/rheinhessenblog.de\/wp-content\/uploads\/2022\/04\/Foto-13-Ein-Aurorafalter-scaled-1.jpg 1920w\" sizes=\"(max-width: 768px) 100vw, 768px\" \/><figcaption class=\"wp-element-caption\">Un papillon aurore<\/figcaption><\/figure>\n\n\n\n<figure class=\"wp-block-image size-large\"><img loading=\"lazy\" decoding=\"async\" width=\"1024\" height=\"728\" src=\"https:\/\/rheinhessenblog.de\/wp-content\/uploads\/2022\/04\/Foto-14-Fuettern-\u2026-erfreut-die-Kinder-und-die-Ziegen-scaled-1-1024x728.jpg\" alt=\"\" class=\"wp-image-8350\" srcset=\"https:\/\/rheinhessenblog.de\/wp-content\/uploads\/2022\/04\/Foto-14-Fuettern-\u2026-erfreut-die-Kinder-und-die-Ziegen-scaled-1-1024x728.jpg 1024w, https:\/\/rheinhessenblog.de\/wp-content\/uploads\/2022\/04\/Foto-14-Fuettern-\u2026-erfreut-die-Kinder-und-die-Ziegen-scaled-1-300x213.jpg 300w, https:\/\/rheinhessenblog.de\/wp-content\/uploads\/2022\/04\/Foto-14-Fuettern-\u2026-erfreut-die-Kinder-und-die-Ziegen-scaled-1-768x546.jpg 768w, https:\/\/rheinhessenblog.de\/wp-content\/uploads\/2022\/04\/Foto-14-Fuettern-\u2026-erfreut-die-Kinder-und-die-Ziegen-scaled-1-1536x1091.jpg 1536w, https:\/\/rheinhessenblog.de\/wp-content\/uploads\/2022\/04\/Foto-14-Fuettern-\u2026-erfreut-die-Kinder-und-die-Ziegen-scaled-1-2048x1455.jpg 2048w\" sizes=\"(max-width: 1024px) 100vw, 1024px\" \/><figcaption class=\"wp-element-caption\">Nourrir ... fait plaisir aux enfants et aux ch\u00e8vres<\/figcaption><\/figure>\n\n\n\n<p>Cela vaut la peine d'avoir un appareil photo \u00e0 port\u00e9e de main. Les racines parfois bizarres des arbres constituent \u00e9galement de beaux motifs. D'ailleurs : pour les fans d'Insta, il y a un \u201ecadre photo\u201c \u00e0 la \u201eTable du vin\u201c au Hundertgulden. Et encore un conseil : sur cette aire de repos, les viticulteurs de l'Appenheimer Hundertgulden servent leurs vins un dimanche de mai \u00e0 juillet. <\/p>\n\n\n\n<figure class=\"wp-block-image size-large\"><img loading=\"lazy\" decoding=\"async\" width=\"1024\" height=\"729\" src=\"https:\/\/rheinhessenblog.de\/wp-content\/uploads\/2022\/04\/Foto-15-Die-Autorin-am-Foto-Spot-beim-Tisch-des-Weines-scaled-1-1024x729.jpg\" alt=\"\" class=\"wp-image-8348\" srcset=\"https:\/\/rheinhessenblog.de\/wp-content\/uploads\/2022\/04\/Foto-15-Die-Autorin-am-Foto-Spot-beim-Tisch-des-Weines-scaled-1-1024x729.jpg 1024w, https:\/\/rheinhessenblog.de\/wp-content\/uploads\/2022\/04\/Foto-15-Die-Autorin-am-Foto-Spot-beim-Tisch-des-Weines-scaled-1-300x214.jpg 300w, https:\/\/rheinhessenblog.de\/wp-content\/uploads\/2022\/04\/Foto-15-Die-Autorin-am-Foto-Spot-beim-Tisch-des-Weines-scaled-1-768x547.jpg 768w, https:\/\/rheinhessenblog.de\/wp-content\/uploads\/2022\/04\/Foto-15-Die-Autorin-am-Foto-Spot-beim-Tisch-des-Weines-scaled-1-1536x1093.jpg 1536w, https:\/\/rheinhessenblog.de\/wp-content\/uploads\/2022\/04\/Foto-15-Die-Autorin-am-Foto-Spot-beim-Tisch-des-Weines-scaled-1-2048x1458.jpg 2048w\" sizes=\"(max-width: 1024px) 100vw, 1024px\" \/><figcaption class=\"wp-element-caption\">L'auteur au spot photo \u00e0 la \u201eTable du vin\u201c<\/figcaption><\/figure>","protected":false},"excerpt":{"rendered":"<p>Chacun des Hiwweltour a son propre caract\u00e8re. C'est le cas de l'Hiwweltour Bismarckturm, long d'environ onze kilom\u00e8tres. Pr\u00e8s d'Ingelheim, le circuit certifi\u00e9 \u201eQuer Feld Wein\u201c m\u00e8ne de la tour du m\u00eame nom au vignoble Hundertgulden pr\u00e8s d'Appenheim et revient. <\/p>","protected":false},"author":32,"featured_media":8335,"comment_status":"open","ping_status":"closed","sticky":false,"template":"","format":"standard","meta":{"_acf_changed":false,"footnotes":""},"categories":[316],"tags":[326,322],"class_list":["post-8333","post","type-post","status-publish","format-standard","has-post-thumbnail","hentry","category-wandern","tag-dom-kirche","tag-hiwweltour"],"acf":{"":null},"yoast_head":"<!-- This site is optimized with the Yoast SEO plugin v27.4 - https:\/\/yoast.com\/product\/yoast-seo-wordpress\/ -->\n<title>Die Hiwweltour Bismarckturm: F\u00fcnf gute Gr\u00fcnde - Rheinhessen-Blog<\/title>\n<meta name=\"description\" content=\"Jede der Hiwweltouren hat ihren eigenen Charakter. So auch die rund elf Kilometer lange Hiwweltour Bismarckturm. In der N\u00e4he von Ingelheim f\u00fchrt der zertifizierte Pr\u00e4dikats-Rundwanderweg mit dem Motto \u201eQuer Feld Wein\u201c vom gleichnamigen Turm bis zur Weinlage Hundertgulden bei Appenheim und wieder zur\u00fcck.\" \/>\n<meta name=\"robots\" content=\"index, follow, max-snippet:-1, max-image-preview:large, max-video-preview:-1\" \/>\n<link rel=\"canonical\" href=\"https:\/\/rheinhessenblog.de\/fr\/le-hiwweltour-bismarckturm-cinq-bonnes-raisons\/\" \/>\n<meta property=\"og:locale\" content=\"fr_FR\" \/>\n<meta property=\"og:type\" content=\"article\" \/>\n<meta property=\"og:title\" content=\"Die Hiwweltour Bismarckturm: F\u00fcnf gute Gr\u00fcnde - Rheinhessen-Blog\" \/>\n<meta property=\"og:description\" content=\"Jede der Hiwweltouren hat ihren eigenen Charakter. So auch die rund elf Kilometer lange Hiwweltour Bismarckturm. In der N\u00e4he von Ingelheim f\u00fchrt der zertifizierte Pr\u00e4dikats-Rundwanderweg mit dem Motto \u201eQuer Feld Wein\u201c vom gleichnamigen Turm bis zur Weinlage Hundertgulden bei Appenheim und wieder zur\u00fcck.\" \/>\n<meta property=\"og:url\" content=\"https:\/\/rheinhessenblog.de\/fr\/le-hiwweltour-bismarckturm-cinq-bonnes-raisons\/\" \/>\n<meta property=\"og:site_name\" content=\"Rheinhessen-Blog\" \/>\n<meta property=\"article:published_time\" content=\"2022-05-03T14:06:03+00:00\" \/>\n<meta property=\"article:modified_time\" content=\"2024-02-29T08:56:32+00:00\" \/>\n<meta property=\"og:image\" content=\"https:\/\/rheinhessenblog.de\/wp-content\/uploads\/2022\/04\/Foto-1-Rheinhessische-Huegellandschaft-at-its-best-scaled-1.jpg\" \/>\n\t<meta property=\"og:image:width\" content=\"2560\" \/>\n\t<meta property=\"og:image:height\" content=\"1920\" \/>\n\t<meta property=\"og:image:type\" content=\"image\/jpeg\" \/>\n<meta name=\"author\" content=\"Marina Noble\" \/>\n<meta name=\"twitter:card\" content=\"summary_large_image\" \/>\n<meta name=\"twitter:label1\" content=\"\u00c9crit par\" \/>\n\t<meta name=\"twitter:data1\" content=\"Marina Noble\" \/>\n\t<meta name=\"twitter:label2\" content=\"Dur\u00e9e de lecture estim\u00e9e\" \/>\n\t<meta name=\"twitter:data2\" content=\"10 minutes\" \/>\n<script type=\"application\/ld+json\" class=\"yoast-schema-graph\">{\"@context\":\"https:\\\/\\\/schema.org\",\"@graph\":[{\"@type\":\"Article\",\"@id\":\"https:\\\/\\\/rheinhessenblog.de\\\/die-hiwweltour-bismarckturm-fuenf-gute-gruende\\\/#article\",\"isPartOf\":{\"@id\":\"https:\\\/\\\/rheinhessenblog.de\\\/die-hiwweltour-bismarckturm-fuenf-gute-gruende\\\/\"},\"author\":{\"name\":\"Marina Noble\",\"@id\":\"https:\\\/\\\/rheinhessenblog.de\\\/#\\\/schema\\\/person\\\/7b950b7efc99cffd36440d1ce67ccd9c\"},\"headline\":\"Die Hiwweltour Bismarckturm: F\u00fcnf gute Gr\u00fcnde\",\"datePublished\":\"2022-05-03T14:06:03+00:00\",\"dateModified\":\"2024-02-29T08:56:32+00:00\",\"mainEntityOfPage\":{\"@id\":\"https:\\\/\\\/rheinhessenblog.de\\\/die-hiwweltour-bismarckturm-fuenf-gute-gruende\\\/\"},\"wordCount\":1223,\"commentCount\":2,\"publisher\":{\"@id\":\"https:\\\/\\\/rheinhessenblog.de\\\/#organization\"},\"image\":{\"@id\":\"https:\\\/\\\/rheinhessenblog.de\\\/die-hiwweltour-bismarckturm-fuenf-gute-gruende\\\/#primaryimage\"},\"thumbnailUrl\":\"https:\\\/\\\/rheinhessenblog.de\\\/wp-content\\\/uploads\\\/2022\\\/04\\\/Foto-1-Rheinhessische-Huegellandschaft-at-its-best-scaled-1.jpg\",\"keywords\":[\"Dom \\\/ Kirche\",\"Hiwweltour\"],\"articleSection\":[\"Wandern\"],\"inLanguage\":\"fr-FR\",\"potentialAction\":[{\"@type\":\"CommentAction\",\"name\":\"Comment\",\"target\":[\"https:\\\/\\\/rheinhessenblog.de\\\/die-hiwweltour-bismarckturm-fuenf-gute-gruende\\\/#respond\"]}]},{\"@type\":\"WebPage\",\"@id\":\"https:\\\/\\\/rheinhessenblog.de\\\/die-hiwweltour-bismarckturm-fuenf-gute-gruende\\\/\",\"url\":\"https:\\\/\\\/rheinhessenblog.de\\\/die-hiwweltour-bismarckturm-fuenf-gute-gruende\\\/\",\"name\":\"Die Hiwweltour Bismarckturm: F\u00fcnf gute Gr\u00fcnde - Rheinhessen-Blog\",\"isPartOf\":{\"@id\":\"https:\\\/\\\/rheinhessenblog.de\\\/#website\"},\"primaryImageOfPage\":{\"@id\":\"https:\\\/\\\/rheinhessenblog.de\\\/die-hiwweltour-bismarckturm-fuenf-gute-gruende\\\/#primaryimage\"},\"image\":{\"@id\":\"https:\\\/\\\/rheinhessenblog.de\\\/die-hiwweltour-bismarckturm-fuenf-gute-gruende\\\/#primaryimage\"},\"thumbnailUrl\":\"https:\\\/\\\/rheinhessenblog.de\\\/wp-content\\\/uploads\\\/2022\\\/04\\\/Foto-1-Rheinhessische-Huegellandschaft-at-its-best-scaled-1.jpg\",\"datePublished\":\"2022-05-03T14:06:03+00:00\",\"dateModified\":\"2024-02-29T08:56:32+00:00\",\"description\":\"Jede der Hiwweltouren hat ihren eigenen Charakter. So auch die rund elf Kilometer lange Hiwweltour Bismarckturm. In der N\u00e4he von Ingelheim f\u00fchrt der zertifizierte Pr\u00e4dikats-Rundwanderweg mit dem Motto \u201eQuer Feld Wein\u201c vom gleichnamigen Turm bis zur Weinlage Hundertgulden bei Appenheim und wieder zur\u00fcck.\",\"breadcrumb\":{\"@id\":\"https:\\\/\\\/rheinhessenblog.de\\\/die-hiwweltour-bismarckturm-fuenf-gute-gruende\\\/#breadcrumb\"},\"inLanguage\":\"fr-FR\",\"potentialAction\":[{\"@type\":\"ReadAction\",\"target\":[\"https:\\\/\\\/rheinhessenblog.de\\\/die-hiwweltour-bismarckturm-fuenf-gute-gruende\\\/\"]}]},{\"@type\":\"ImageObject\",\"inLanguage\":\"fr-FR\",\"@id\":\"https:\\\/\\\/rheinhessenblog.de\\\/die-hiwweltour-bismarckturm-fuenf-gute-gruende\\\/#primaryimage\",\"url\":\"https:\\\/\\\/rheinhessenblog.de\\\/wp-content\\\/uploads\\\/2022\\\/04\\\/Foto-1-Rheinhessische-Huegellandschaft-at-its-best-scaled-1.jpg\",\"contentUrl\":\"https:\\\/\\\/rheinhessenblog.de\\\/wp-content\\\/uploads\\\/2022\\\/04\\\/Foto-1-Rheinhessische-Huegellandschaft-at-its-best-scaled-1.jpg\",\"width\":2560,\"height\":1920,\"caption\":\"oznorCBT_vivi\"},{\"@type\":\"BreadcrumbList\",\"@id\":\"https:\\\/\\\/rheinhessenblog.de\\\/die-hiwweltour-bismarckturm-fuenf-gute-gruende\\\/#breadcrumb\",\"itemListElement\":[{\"@type\":\"ListItem\",\"position\":1,\"name\":\"Startseite\",\"item\":\"https:\\\/\\\/rheinhessenblog.de\\\/\"},{\"@type\":\"ListItem\",\"position\":2,\"name\":\"Die Hiwweltour Bismarckturm: F\u00fcnf gute Gr\u00fcnde\"}]},{\"@type\":\"WebSite\",\"@id\":\"https:\\\/\\\/rheinhessenblog.de\\\/#website\",\"url\":\"https:\\\/\\\/rheinhessenblog.de\\\/\",\"name\":\"Rheinhessen-Blog\",\"description\":\"\",\"publisher\":{\"@id\":\"https:\\\/\\\/rheinhessenblog.de\\\/#organization\"},\"potentialAction\":[{\"@type\":\"SearchAction\",\"target\":{\"@type\":\"EntryPoint\",\"urlTemplate\":\"https:\\\/\\\/rheinhessenblog.de\\\/?s={search_term_string}\"},\"query-input\":{\"@type\":\"PropertyValueSpecification\",\"valueRequired\":true,\"valueName\":\"search_term_string\"}}],\"inLanguage\":\"fr-FR\"},{\"@type\":\"Organization\",\"@id\":\"https:\\\/\\\/rheinhessenblog.de\\\/#organization\",\"name\":\"Rheinhessen-Blog\",\"url\":\"https:\\\/\\\/rheinhessenblog.de\\\/\",\"logo\":{\"@type\":\"ImageObject\",\"inLanguage\":\"fr-FR\",\"@id\":\"https:\\\/\\\/rheinhessenblog.de\\\/#\\\/schema\\\/logo\\\/image\\\/\",\"url\":\"https:\\\/\\\/rheinhessenblog.de\\\/wp-content\\\/uploads\\\/2023\\\/07\\\/Rheinhessenlogo.svg\",\"contentUrl\":\"https:\\\/\\\/rheinhessenblog.de\\\/wp-content\\\/uploads\\\/2023\\\/07\\\/Rheinhessenlogo.svg\",\"width\":85,\"height\":26,\"caption\":\"Rheinhessen-Blog\"},\"image\":{\"@id\":\"https:\\\/\\\/rheinhessenblog.de\\\/#\\\/schema\\\/logo\\\/image\\\/\"}},{\"@type\":\"Person\",\"@id\":\"https:\\\/\\\/rheinhessenblog.de\\\/#\\\/schema\\\/person\\\/7b950b7efc99cffd36440d1ce67ccd9c\",\"name\":\"Marina Noble\",\"description\":\"Seit \u00fcber 30 Jahren ist Rheinhessen meine Wahlheimat und ich, eine geb\u00fcrtige Fr\u00e4nkin, lebe heute in der Oppenheimer Altstadt. Reisen zu nahen und fernen Zielen geh\u00f6rten Jahrzehnte lang zu meinen Aufgaben als Inhaberin einer der erfolgreichsten touristischen PR-Agenturen Deutschlands. Nun im Ruhestand sind mein Mann und ich leidenschaftlich gern im sch\u00f6nen Rheinhessen unterwegs. Dabei engagieren wir uns z.B. f\u00fcr die Vogelbeobachtung oder als Wegepaten f\u00fcr den RheinTerassenWeg.\",\"url\":\"https:\\\/\\\/rheinhessenblog.de\\\/fr\\\/author\\\/marina\\\/\"}]}<\/script>\n<!-- \/ Yoast SEO plugin. -->","yoast_head_json":{"title":"Le Hiwweltour Bismarckturm : cinq bonnes raisons - Rheinhessen-Blog","description":"Chacun des Hiwweltour a son propre caract\u00e8re. C'est le cas de l'Hiwweltour Bismarckturm, long d'environ onze kilom\u00e8tres. Pr\u00e8s d'Ingelheim, le circuit certifi\u00e9 \u201eQuer Feld Wein\u201c m\u00e8ne de la tour du m\u00eame nom au vignoble Hundertgulden pr\u00e8s d'Appenheim et revient.","robots":{"index":"index","follow":"follow","max-snippet":"max-snippet:-1","max-image-preview":"max-image-preview:large","max-video-preview":"max-video-preview:-1"},"canonical":"https:\/\/rheinhessenblog.de\/fr\/le-hiwweltour-bismarckturm-cinq-bonnes-raisons\/","og_locale":"fr_FR","og_type":"article","og_title":"Die Hiwweltour Bismarckturm: F\u00fcnf gute Gr\u00fcnde - Rheinhessen-Blog","og_description":"Jede der Hiwweltouren hat ihren eigenen Charakter. So auch die rund elf Kilometer lange Hiwweltour Bismarckturm. In der N\u00e4he von Ingelheim f\u00fchrt der zertifizierte Pr\u00e4dikats-Rundwanderweg mit dem Motto \u201eQuer Feld Wein\u201c vom gleichnamigen Turm bis zur Weinlage Hundertgulden bei Appenheim und wieder zur\u00fcck.","og_url":"https:\/\/rheinhessenblog.de\/fr\/le-hiwweltour-bismarckturm-cinq-bonnes-raisons\/","og_site_name":"Rheinhessen-Blog","article_published_time":"2022-05-03T14:06:03+00:00","article_modified_time":"2024-02-29T08:56:32+00:00","og_image":[{"width":2560,"height":1920,"url":"https:\/\/rheinhessenblog.de\/wp-content\/uploads\/2022\/04\/Foto-1-Rheinhessische-Huegellandschaft-at-its-best-scaled-1.jpg","type":"image\/jpeg"}],"author":"Marina Noble","twitter_card":"summary_large_image","twitter_misc":{"\u00c9crit par":"Marina Noble","Dur\u00e9e de lecture estim\u00e9e":"10 minutes"},"schema":{"@context":"https:\/\/schema.org","@graph":[{"@type":"Article","@id":"https:\/\/rheinhessenblog.de\/die-hiwweltour-bismarckturm-fuenf-gute-gruende\/#article","isPartOf":{"@id":"https:\/\/rheinhessenblog.de\/die-hiwweltour-bismarckturm-fuenf-gute-gruende\/"},"author":{"name":"Marina Noble","@id":"https:\/\/rheinhessenblog.de\/#\/schema\/person\/7b950b7efc99cffd36440d1ce67ccd9c"},"headline":"Die Hiwweltour Bismarckturm: F\u00fcnf gute Gr\u00fcnde","datePublished":"2022-05-03T14:06:03+00:00","dateModified":"2024-02-29T08:56:32+00:00","mainEntityOfPage":{"@id":"https:\/\/rheinhessenblog.de\/die-hiwweltour-bismarckturm-fuenf-gute-gruende\/"},"wordCount":1223,"commentCount":2,"publisher":{"@id":"https:\/\/rheinhessenblog.de\/#organization"},"image":{"@id":"https:\/\/rheinhessenblog.de\/die-hiwweltour-bismarckturm-fuenf-gute-gruende\/#primaryimage"},"thumbnailUrl":"https:\/\/rheinhessenblog.de\/wp-content\/uploads\/2022\/04\/Foto-1-Rheinhessische-Huegellandschaft-at-its-best-scaled-1.jpg","keywords":["Dom \/ Kirche","Hiwweltour"],"articleSection":["Wandern"],"inLanguage":"fr-FR","potentialAction":[{"@type":"CommentAction","name":"Comment","target":["https:\/\/rheinhessenblog.de\/die-hiwweltour-bismarckturm-fuenf-gute-gruende\/#respond"]}]},{"@type":"WebPage","@id":"https:\/\/rheinhessenblog.de\/die-hiwweltour-bismarckturm-fuenf-gute-gruende\/","url":"https:\/\/rheinhessenblog.de\/die-hiwweltour-bismarckturm-fuenf-gute-gruende\/","name":"Le Hiwweltour Bismarckturm : cinq bonnes raisons - Rheinhessen-Blog","isPartOf":{"@id":"https:\/\/rheinhessenblog.de\/#website"},"primaryImageOfPage":{"@id":"https:\/\/rheinhessenblog.de\/die-hiwweltour-bismarckturm-fuenf-gute-gruende\/#primaryimage"},"image":{"@id":"https:\/\/rheinhessenblog.de\/die-hiwweltour-bismarckturm-fuenf-gute-gruende\/#primaryimage"},"thumbnailUrl":"https:\/\/rheinhessenblog.de\/wp-content\/uploads\/2022\/04\/Foto-1-Rheinhessische-Huegellandschaft-at-its-best-scaled-1.jpg","datePublished":"2022-05-03T14:06:03+00:00","dateModified":"2024-02-29T08:56:32+00:00","description":"Chacun des Hiwweltour a son propre caract\u00e8re. C'est le cas de l'Hiwweltour Bismarckturm, long d'environ onze kilom\u00e8tres. Pr\u00e8s d'Ingelheim, le circuit certifi\u00e9 \u201eQuer Feld Wein\u201c m\u00e8ne de la tour du m\u00eame nom au vignoble Hundertgulden pr\u00e8s d'Appenheim et revient.","breadcrumb":{"@id":"https:\/\/rheinhessenblog.de\/die-hiwweltour-bismarckturm-fuenf-gute-gruende\/#breadcrumb"},"inLanguage":"fr-FR","potentialAction":[{"@type":"ReadAction","target":["https:\/\/rheinhessenblog.de\/die-hiwweltour-bismarckturm-fuenf-gute-gruende\/"]}]},{"@type":"ImageObject","inLanguage":"fr-FR","@id":"https:\/\/rheinhessenblog.de\/die-hiwweltour-bismarckturm-fuenf-gute-gruende\/#primaryimage","url":"https:\/\/rheinhessenblog.de\/wp-content\/uploads\/2022\/04\/Foto-1-Rheinhessische-Huegellandschaft-at-its-best-scaled-1.jpg","contentUrl":"https:\/\/rheinhessenblog.de\/wp-content\/uploads\/2022\/04\/Foto-1-Rheinhessische-Huegellandschaft-at-its-best-scaled-1.jpg","width":2560,"height":1920,"caption":"oznorCBT_vivi"},{"@type":"BreadcrumbList","@id":"https:\/\/rheinhessenblog.de\/die-hiwweltour-bismarckturm-fuenf-gute-gruende\/#breadcrumb","itemListElement":[{"@type":"ListItem","position":1,"name":"Startseite","item":"https:\/\/rheinhessenblog.de\/"},{"@type":"ListItem","position":2,"name":"Die Hiwweltour Bismarckturm: F\u00fcnf gute Gr\u00fcnde"}]},{"@type":"WebSite","@id":"https:\/\/rheinhessenblog.de\/#website","url":"https:\/\/rheinhessenblog.de\/","name":"Blog de la Hesse rh\u00e9nane","description":"","publisher":{"@id":"https:\/\/rheinhessenblog.de\/#organization"},"potentialAction":[{"@type":"SearchAction","target":{"@type":"EntryPoint","urlTemplate":"https:\/\/rheinhessenblog.de\/?s={search_term_string}"},"query-input":{"@type":"PropertyValueSpecification","valueRequired":true,"valueName":"search_term_string"}}],"inLanguage":"fr-FR"},{"@type":"Organization","@id":"https:\/\/rheinhessenblog.de\/#organization","name":"Blog de la Hesse rh\u00e9nane","url":"https:\/\/rheinhessenblog.de\/","logo":{"@type":"ImageObject","inLanguage":"fr-FR","@id":"https:\/\/rheinhessenblog.de\/#\/schema\/logo\/image\/","url":"https:\/\/rheinhessenblog.de\/wp-content\/uploads\/2023\/07\/Rheinhessenlogo.svg","contentUrl":"https:\/\/rheinhessenblog.de\/wp-content\/uploads\/2023\/07\/Rheinhessenlogo.svg","width":85,"height":26,"caption":"Rheinhessen-Blog"},"image":{"@id":"https:\/\/rheinhessenblog.de\/#\/schema\/logo\/image\/"}},{"@type":"Person","@id":"https:\/\/rheinhessenblog.de\/#\/schema\/person\/7b950b7efc99cffd36440d1ce67ccd9c","name":"Marina Noble","description":"Depuis plus de 30 ans, la Hesse rh\u00e9nane est mon pays d'adoption et moi, une Franconienne de naissance, je vis aujourd'hui dans la vieille ville d'Oppenheim. Les voyages vers des destinations proches et lointaines ont fait partie de mes t\u00e2ches pendant des d\u00e9cennies en tant que propri\u00e9taire d'une des agences de relations publiques touristiques les plus prosp\u00e8res d'Allemagne. Maintenant \u00e0 la retraite, mon mari et moi aimons passionn\u00e9ment voyager dans la belle r\u00e9gion du Rheinhessen. Nous nous engageons par exemple pour l'observation des oiseaux ou en tant que parrains du RheinTerassenWeg.","url":"https:\/\/rheinhessenblog.de\/fr\/author\/marina\/"}]}},"_links":{"self":[{"href":"https:\/\/rheinhessenblog.de\/fr\/wp-json\/wp\/v2\/posts\/8333","targetHints":{"allow":["GET"]}}],"collection":[{"href":"https:\/\/rheinhessenblog.de\/fr\/wp-json\/wp\/v2\/posts"}],"about":[{"href":"https:\/\/rheinhessenblog.de\/fr\/wp-json\/wp\/v2\/types\/post"}],"author":[{"embeddable":true,"href":"https:\/\/rheinhessenblog.de\/fr\/wp-json\/wp\/v2\/users\/32"}],"replies":[{"embeddable":true,"href":"https:\/\/rheinhessenblog.de\/fr\/wp-json\/wp\/v2\/comments?post=8333"}],"version-history":[{"count":6,"href":"https:\/\/rheinhessenblog.de\/fr\/wp-json\/wp\/v2\/posts\/8333\/revisions"}],"predecessor-version":[{"id":13947,"href":"https:\/\/rheinhessenblog.de\/fr\/wp-json\/wp\/v2\/posts\/8333\/revisions\/13947"}],"wp:featuredmedia":[{"embeddable":true,"href":"https:\/\/rheinhessenblog.de\/fr\/wp-json\/wp\/v2\/media\/8335"}],"wp:attachment":[{"href":"https:\/\/rheinhessenblog.de\/fr\/wp-json\/wp\/v2\/media?parent=8333"}],"wp:term":[{"taxonomy":"category","embeddable":true,"href":"https:\/\/rheinhessenblog.de\/fr\/wp-json\/wp\/v2\/categories?post=8333"},{"taxonomy":"post_tag","embeddable":true,"href":"https:\/\/rheinhessenblog.de\/fr\/wp-json\/wp\/v2\/tags?post=8333"}],"curies":[{"name":"wp","href":"https:\/\/api.w.org\/{rel}","templated":true}]}}