{"id":9853,"date":"2023-02-02T16:16:10","date_gmt":"2023-02-02T15:16:10","guid":{"rendered":"http:\/\/blog.rheinhessen.de\/?p=9853"},"modified":"2023-10-05T14:54:44","modified_gmt":"2023-10-05T12:54:44","slug":"architecture-moderne-en-hesse-rhenane","status":"publish","type":"post","link":"https:\/\/rheinhessenblog.de\/fr\/moderne-architektur-in-rheinhessen\/","title":{"rendered":"5 Constructions architecturales exceptionnelles en Hesse rh\u00e9nane"},"content":{"rendered":"<h2 class=\"wp-block-heading\"> 1\u00e8re brasserie Goldener Engel <\/h2>\n\n\n\n<figure class=\"wp-block-gallery has-nested-images columns-default is-cropped wp-block-gallery-1 is-layout-flex wp-block-gallery-is-layout-flex\">\n<figure class=\"wp-block-image size-large\"><img fetchpriority=\"high\" decoding=\"async\" width=\"1024\" height=\"683\" data-id=\"9857\" src=\"https:\/\/rheinhessenblog.de\/wp-content\/uploads\/2023\/02\/Goldener-Engel-Ingelheim-Gartenansicht-1024x683.jpg\" alt=\"\" class=\"wp-image-9857\" srcset=\"https:\/\/rheinhessenblog.de\/wp-content\/uploads\/2023\/02\/Goldener-Engel-Ingelheim-Gartenansicht-1024x683.jpg 1024w, https:\/\/rheinhessenblog.de\/wp-content\/uploads\/2023\/02\/Goldener-Engel-Ingelheim-Gartenansicht-300x200.jpg 300w, https:\/\/rheinhessenblog.de\/wp-content\/uploads\/2023\/02\/Goldener-Engel-Ingelheim-Gartenansicht-768x512.jpg 768w, https:\/\/rheinhessenblog.de\/wp-content\/uploads\/2023\/02\/Goldener-Engel-Ingelheim-Gartenansicht.jpg 1080w\" sizes=\"(max-width: 1024px) 100vw, 1024px\" \/><figcaption class=\"wp-element-caption\">Brauhaus Goldener Engel \u00e0 Ingelheim - Vue du jardin le soir | \u00a9 Silas Landeck<\/figcaption><\/figure>\n<\/figure>\n\n\n\n<p>Nous commen\u00e7ons notre voyage architectural dans la Binger Strasse \u00e0 Ingelheim - plus pr\u00e9cis\u00e9ment dans la Brauhaus Goldener Engel. Le b\u00e2timent en forme de V con\u00e7u par les architectes Hille\/Franken a re\u00e7u le prix d'architecture BDA en 2009. Ceux qui pensent que la bi\u00e8re et le Rheinhessen ne vont pas du tout ensemble se trompent. En effet, il est bien connu que la tradition brassicole allemande trouve son origine dans les monast\u00e8res, et les environs de Mayence en regorgent. Historiquement, comme le rapporte le <a rel=\"noreferrer noopener\" aria-label=\"Mus\u00e9e d&#039;histoire de la ville de Mayence (s&#039;ouvre dans un nouvel onglet)\" href=\"https:\/\/www.stadtmuseum-mainz.de\" target=\"_blank\">Mus\u00e9e d'histoire de la ville de Mayence<\/a>, Depuis le 15e si\u00e8cle, la r\u00e9gion \u00e9tait parfois un haut lieu de la bi\u00e8re. Aujourd'hui encore, la Hesse rh\u00e9nane produit environ un tiers de l'orge de brasserie du Land de Rh\u00e9nanie-Palatinat. <br>Si l'on garde \u00e0 l'esprit l'origine \u201esacr\u00e9e\u201c de la culture brassicole lors de la visite de la Brauhaus Goldener Engel, on y retrouve toujours des \u00e9l\u00e9ments d'architecture religieuse. Les deux parties du b\u00e2timent entourent une cour int\u00e9rieure, sur laquelle se trouve aujourd'hui la terrasse. De l'ext\u00e9rieur, la disposition des fen\u00eatres donnant sur la cour int\u00e9rieure rappelle un portique ou un clo\u00eetre. \u00c0 l'int\u00e9rieur, les fen\u00eatres cr\u00e9ent un jeu d'ombre et de lumi\u00e8re qui transporte mentalement le client dans l'architecture sacr\u00e9e. <br> Pour moi, c'est un exemple r\u00e9ussi de la mani\u00e8re dont on peut raconter des histoires avec l'architecture. Enfin, il est possible d'observer l'activit\u00e9 au niveau inf\u00e9rieur de la salle de restaurant en d\u00e9gustant une d\u00e9licieuse bi\u00e8re et des plats classiques de brasserie depuis la mezzanine ou de profiter d'une v\u00e9ritable atmosph\u00e8re de Biergarten en \u00e9t\u00e9. <\/p>\n\n\n\n<p><strong> Heures d'ouverture de la brasserie :<\/strong><br> du mercredi au vendredi de 16:00 \u00e0 24:00 heures<br> samedi et dimanche de 12:00 \u00e0 24:00 heures <\/p>\n\n\n\n<hr class=\"wp-block-separator has-css-opacity\"\/>\n\n\n\n<div style=\"height:40px\" aria-hidden=\"true\" class=\"wp-block-spacer\"><\/div>\n\n\n\n<h2 class=\"wp-block-heading\"> 2. nouvelle synagogue de Mayence <\/h2>\n\n\n\n<div class=\"wp-block-columns is-layout-flex wp-container-core-columns-is-layout-28f84493 wp-block-columns-is-layout-flex\">\n<div class=\"wp-block-column is-layout-flow wp-block-column-is-layout-flow\" style=\"flex-basis:100%\">\n<figure class=\"wp-block-gallery has-nested-images columns-3 is-cropped wp-block-gallery-2 is-layout-flex wp-block-gallery-is-layout-flex\">\n<figure class=\"wp-block-image size-large\"><img decoding=\"async\" width=\"1024\" height=\"768\" data-id=\"9884\" src=\"https:\/\/rheinhessenblog.de\/wp-content\/uploads\/2023\/02\/Juedische-Synagoge-Mainz-2-1-1024x768.jpg\" alt=\"\" class=\"wp-image-9884\" srcset=\"https:\/\/rheinhessenblog.de\/wp-content\/uploads\/2023\/02\/Juedische-Synagoge-Mainz-2-1-1024x768.jpg 1024w, https:\/\/rheinhessenblog.de\/wp-content\/uploads\/2023\/02\/Juedische-Synagoge-Mainz-2-1-300x225.jpg 300w, https:\/\/rheinhessenblog.de\/wp-content\/uploads\/2023\/02\/Juedische-Synagoge-Mainz-2-1-768x576.jpg 768w, https:\/\/rheinhessenblog.de\/wp-content\/uploads\/2023\/02\/Juedische-Synagoge-Mainz-2-1.jpg 1080w\" sizes=\"(max-width: 1024px) 100vw, 1024px\" \/><figcaption class=\"wp-element-caption\">Monument au portique de l'ancienne synagogue<\/figcaption><\/figure>\n\n\n\n<figure class=\"wp-block-image size-large\"><img decoding=\"async\" width=\"1024\" height=\"683\" data-id=\"9891\" src=\"https:\/\/rheinhessenblog.de\/wp-content\/uploads\/2023\/02\/Juedisches-Museum-Mainz-4-4-1024x683.jpg\" alt=\"\" class=\"wp-image-9891\" srcset=\"https:\/\/rheinhessenblog.de\/wp-content\/uploads\/2023\/02\/Juedisches-Museum-Mainz-4-4-1024x683.jpg 1024w, https:\/\/rheinhessenblog.de\/wp-content\/uploads\/2023\/02\/Juedisches-Museum-Mainz-4-4-300x200.jpg 300w, https:\/\/rheinhessenblog.de\/wp-content\/uploads\/2023\/02\/Juedisches-Museum-Mainz-4-4-768x512.jpg 768w, https:\/\/rheinhessenblog.de\/wp-content\/uploads\/2023\/02\/Juedisches-Museum-Mainz-4-4.jpg 1080w\" sizes=\"(max-width: 1024px) 100vw, 1024px\" \/><figcaption class=\"wp-element-caption\">Portail d'entr\u00e9e de la place de la synagogue \u00e0 Mayence<\/figcaption><\/figure>\n\n\n\n<figure class=\"wp-block-image size-large\"><img loading=\"lazy\" decoding=\"async\" width=\"550\" height=\"336\" data-id=\"9862\" src=\"https:\/\/rheinhessenblog.de\/wp-content\/uploads\/2023\/02\/Postcard_-Hauptsynagoge_Mainz.jpg\" alt=\"\" class=\"wp-image-9862\" srcset=\"https:\/\/rheinhessenblog.de\/wp-content\/uploads\/2023\/02\/Postcard_-Hauptsynagoge_Mainz.jpg 550w, https:\/\/rheinhessenblog.de\/wp-content\/uploads\/2023\/02\/Postcard_-Hauptsynagoge_Mainz-300x183.jpg 300w\" sizes=\"(max-width: 550px) 100vw, 550px\" \/><figcaption class=\"wp-element-caption\">Carte postale - Vieille synagogue de Mayence<\/figcaption><\/figure>\n<\/figure>\n<\/div>\n<\/div>\n\n\n\n<p> Dans la s\u00e9rie des constructions architecturales modernes, la nouvelle synagogue de Mayence ne peut \u00e9videmment pas manquer. Apr\u00e8s la destruction de l'ancienne synagogue principale, il a fallu pr\u00e8s de 72 ans pour que la communaut\u00e9 juive de la ville de Mayence retrouve un nouveau foyer en 2010. De l'ext\u00e9rieur, le b\u00e2timent du bureau d'architectes suisse Manuel Herz semble tr\u00e8s extravagant et, pour certains observateurs, incongru par rapport aux constructions environnantes. L'architecte a toutefois d\u00e9lib\u00e9r\u00e9ment choisi de ne pas calquer la construction sur l'ancien b\u00e2timent, qui \u00e9tait construit dans le style du Panth\u00e9on de Rome. Il voulait cr\u00e9er un contraste, fa\u00e7onner l'avenir tout en laissant sa place \u00e0 l'histoire de la destruction. Ainsi, les fragments de l'ancienne colonnade se trouvent aujourd'hui devant la synagogue en tant que monument et rappellent l'\u00e2ge sombre de l'histoire allemande. La fa\u00e7ade suspendue en plaques de c\u00e9ramique de diff\u00e9rentes nuances de vert souligne en outre la forme abstraite du nouveau b\u00e2timent et reprend les rainures des colonnes de l'ancien b\u00e2timent. Ceux qui connaissent l'h\u00e9breu et observent le b\u00e2timent de loin peuvent lire sur la fa\u00e7ade le mot h\u00e9breu \u201eKedushah\u201c, qui provient d'une b\u00e9n\u00e9diction juive et signifie \u201esanctification\u201c.  <\/p>\n\n\n\n<figure class=\"wp-block-gallery has-nested-images columns-default is-cropped wp-block-gallery-3 is-layout-flex wp-block-gallery-is-layout-flex\">\n<figure class=\"wp-block-image size-large\"><img loading=\"lazy\" decoding=\"async\" width=\"1024\" height=\"683\" data-id=\"9861\" src=\"https:\/\/rheinhessenblog.de\/wp-content\/uploads\/2023\/02\/Juedisches-Museum-Mainz-2-2-1024x683.jpg\" alt=\"\" class=\"wp-image-9861\" srcset=\"https:\/\/rheinhessenblog.de\/wp-content\/uploads\/2023\/02\/Juedisches-Museum-Mainz-2-2-1024x683.jpg 1024w, https:\/\/rheinhessenblog.de\/wp-content\/uploads\/2023\/02\/Juedisches-Museum-Mainz-2-2-300x200.jpg 300w, https:\/\/rheinhessenblog.de\/wp-content\/uploads\/2023\/02\/Juedisches-Museum-Mainz-2-2-768x512.jpg 768w, https:\/\/rheinhessenblog.de\/wp-content\/uploads\/2023\/02\/Juedisches-Museum-Mainz-2-2.jpg 1080w\" sizes=\"(max-width: 1024px) 100vw, 1024px\" \/><figcaption class=\"wp-element-caption\">Nouvelle synagogue de Mayence | \u00a9 Silas Landeck<\/figcaption><\/figure>\n<\/figure>\n\n\n\n<p>En 2011, l'architecte a re\u00e7u le prix allemand des fa\u00e7ades pour ce b\u00e2timent non conventionnel, qui abrite aujourd'hui \u00e9galement une cr\u00e8che. Ceux qui souhaitent voir la synagogue non seulement de l'ext\u00e9rieur, mais aussi de l'int\u00e9rieur, peuvent s'inscrire \u00e0 une visite guid\u00e9e gratuite. <br><br><strong>Adresse<\/strong><br>Nouvelle synagogue de Mayence<br>Place de la synagogue 1<br>55118 Mayence<br><br><strong>Visites guid\u00e9es sur r\u00e9servation : <\/strong><br>Du lundi au jeudi de 10:00 \u00e0 16:30 (dernier d\u00e9but)<br>Inscriptions sous <a rel=\"noreferrer noopener\" aria-label=\"jgmainz.de (s&#039;ouvre dans un nouvel onglet)\" href=\"https:\/\/www.jgmainz.de\/besucher\/besucher\/neuesynagoge.php\" target=\"_blank\">jgmainz.de <\/a><\/p>\n\n\n\n<hr class=\"wp-block-separator has-css-opacity\"\/>\n\n\n\n<div style=\"height:40px\" aria-hidden=\"true\" class=\"wp-block-spacer\"><\/div>\n\n\n\n<h2 class=\"wp-block-heading\">3\u00e8me PANDION DOXX sur le Rhin <\/h2>\n\n\n\n<figure class=\"wp-block-gallery has-nested-images columns-default is-cropped wp-block-gallery-4 is-layout-flex wp-block-gallery-is-layout-flex\">\n<figure class=\"wp-block-image size-large\"><img loading=\"lazy\" decoding=\"async\" width=\"1024\" height=\"683\" data-id=\"9854\" src=\"https:\/\/rheinhessenblog.de\/wp-content\/uploads\/2023\/02\/1_DOXX_schneider-schumacher_c_Joerg_Hempel-scaled-1-1024x683.jpg\" alt=\"\" class=\"wp-image-9854\" srcset=\"https:\/\/rheinhessenblog.de\/wp-content\/uploads\/2023\/02\/1_DOXX_schneider-schumacher_c_Joerg_Hempel-scaled-1-1024x683.jpg 1024w, https:\/\/rheinhessenblog.de\/wp-content\/uploads\/2023\/02\/1_DOXX_schneider-schumacher_c_Joerg_Hempel-scaled-1-300x200.jpg 300w, https:\/\/rheinhessenblog.de\/wp-content\/uploads\/2023\/02\/1_DOXX_schneider-schumacher_c_Joerg_Hempel-scaled-1-768x512.jpg 768w, https:\/\/rheinhessenblog.de\/wp-content\/uploads\/2023\/02\/1_DOXX_schneider-schumacher_c_Joerg_Hempel-scaled-1-1536x1025.jpg 1536w, https:\/\/rheinhessenblog.de\/wp-content\/uploads\/2023\/02\/1_DOXX_schneider-schumacher_c_Joerg_Hempel-scaled-1-2048x1366.jpg 2048w\" sizes=\"(max-width: 1024px) 100vw, 1024px\" \/><figcaption class=\"wp-element-caption\">schneider+schumacher Arcchitekten, Francfort\nbb22 Architectes et urbanistes, Francfort\n\n2021 by J\u00f6rg Hempel ; www.joerg-hempel-com<\/figcaption><\/figure>\n<\/figure>\n\n\n\n<p>L'ancien port douanier de Mayence se trouve \u00e0 deux pas de la synagogue. Depuis l'\u00e9poque romaine, des bateaux y accostaient et apportaient toutes sortes de marchandises dans la ville sur le Rhin. Apr\u00e8s la destruction du port pendant la Seconde Guerre mondiale, le port douanier de Mayence a \u00e9t\u00e9 rapidement ramen\u00e9 \u00e0 la vie. En peu de temps, la quantit\u00e9 de marchandises transbord\u00e9es a fait exploser les capacit\u00e9s d'une exploitation portuaire en centre-ville, ce qui a finalement conduit au transfert du terminal \u00e0 conteneurs dans la zone d'Ingelheimer Aue. Depuis 2003, un nouveau quartier moderne est en train de voir le jour dans l'ancien port douanier, directement au bord du Rhin. Parmi tous les b\u00e2timents construits jusqu'\u00e0 pr\u00e9sent, un complexe r\u00e9sidentiel se distingue particuli\u00e8rement : le Pandion Doxx.<br><\/p>\n\n\n\n<figure class=\"wp-block-gallery has-nested-images columns-default is-cropped wp-block-gallery-5 is-layout-flex wp-block-gallery-is-layout-flex\">\n<figure class=\"wp-block-image size-large\"><img loading=\"lazy\" decoding=\"async\" width=\"1024\" height=\"576\" data-id=\"9855\" src=\"https:\/\/rheinhessenblog.de\/wp-content\/uploads\/2023\/02\/2_DOXX_schneider-schumacher_c_Joerg_Hempel-scaled-1-1024x576.jpg\" alt=\"\" class=\"wp-image-9855\" srcset=\"https:\/\/rheinhessenblog.de\/wp-content\/uploads\/2023\/02\/2_DOXX_schneider-schumacher_c_Joerg_Hempel-scaled-1-1024x576.jpg 1024w, https:\/\/rheinhessenblog.de\/wp-content\/uploads\/2023\/02\/2_DOXX_schneider-schumacher_c_Joerg_Hempel-scaled-1-300x169.jpg 300w, https:\/\/rheinhessenblog.de\/wp-content\/uploads\/2023\/02\/2_DOXX_schneider-schumacher_c_Joerg_Hempel-scaled-1-768x432.jpg 768w, https:\/\/rheinhessenblog.de\/wp-content\/uploads\/2023\/02\/2_DOXX_schneider-schumacher_c_Joerg_Hempel-scaled-1-1536x863.jpg 1536w, https:\/\/rheinhessenblog.de\/wp-content\/uploads\/2023\/02\/2_DOXX_schneider-schumacher_c_Joerg_Hempel-scaled-1-2048x1151.jpg 2048w\" sizes=\"(max-width: 1024px) 100vw, 1024px\" \/><figcaption class=\"wp-element-caption\"> Architecture en double X du PANDION DOXX Mayence - schneider+schumacher Architekten | bb22 | \u00a9 J\u00f6rg Hempel, Aix-la-Chapelle <\/figcaption><\/figure>\n<\/figure>\n\n\n\n<p>Ce b\u00e2timent r\u00e9sidentiel particulier est litt\u00e9ralement la nouvelle \u201epi\u00e8ce d'or\u201c de l'ancien port douanier de Mayence. Situ\u00e9 \u00e0 proximit\u00e9 imm\u00e9diate de la Kunsthalle de Mayence, un mus\u00e9e d'art contemporain, le b\u00e2timent constitue \u00e9galement une \u0153uvre d'art \u00e0 sa mani\u00e8re. La fa\u00e7ade, recouverte de bardeaux m\u00e9talliques dor\u00e9s, enveloppe un b\u00e2timent au langage formel particulier. En effet, le double X du complexe r\u00e9sidentiel n'est visible que depuis une vue a\u00e9rienne. En effet, la surface au sol du rez-de-chauss\u00e9e a \u00e9t\u00e9 <a rel=\"noreferrer noopener\" aria-label=\"Planungsgesellschaft schneider+schumacher (s&#039;ouvre dans un nouvel onglet)\" href=\"https:\/\/www.schneider-schumacher.de\/\" target=\"_blank\">schneider+schumacher<\/a> en collaboration avec <a href=\"https:\/\/www.bb22.net\/\">bb22<\/a> de Francfort, a \u00e9t\u00e9 con\u00e7u en grande partie sans construction. Ainsi, l'espace habitable se glisse dans les \u00e9tages sup\u00e9rieurs et le b\u00e2timent de six \u00e9tages para\u00eet a\u00e9r\u00e9 et l\u00e9ger. Ainsi, l\u201e\u201c\u00eele DOXX\", entour\u00e9e d'eau sur trois c\u00f4t\u00e9s, reste aujourd'hui encore accessible au public. C'est surtout dans la cour int\u00e9rieure que la nouvelle esth\u00e9tique des espaces urbains travers\u00e9s par le projet architectural devient \u00e9vidente. Le PANDION DOXX peut ainsi devenir un nouveau centre pour l'ancien port douanier et il est visible de loin, et pas seulement gr\u00e2ce \u00e0 la conception particuli\u00e8re de sa fa\u00e7ade.  <\/p>\n\n\n\n<hr class=\"wp-block-separator has-css-opacity\"\/>\n\n\n\n<div style=\"height:40px\" aria-hidden=\"true\" class=\"wp-block-spacer\"><\/div>\n\n\n\n<h2 class=\"wp-block-heading\">4\u00e8me pont du campus de Mayence <\/h2>\n\n\n\n<figure class=\"wp-block-gallery has-nested-images columns-default is-cropped wp-block-gallery-6 is-layout-flex wp-block-gallery-is-layout-flex\">\n<figure class=\"wp-block-image size-large\"><img loading=\"lazy\" decoding=\"async\" width=\"1024\" height=\"683\" data-id=\"9858\" src=\"https:\/\/rheinhessenblog.de\/wp-content\/uploads\/2023\/02\/Campusbruecke-Uni-Mainz-2-7-1024x683.jpg\" alt=\"\" class=\"wp-image-9858\" srcset=\"https:\/\/rheinhessenblog.de\/wp-content\/uploads\/2023\/02\/Campusbruecke-Uni-Mainz-2-7-1024x683.jpg 1024w, https:\/\/rheinhessenblog.de\/wp-content\/uploads\/2023\/02\/Campusbruecke-Uni-Mainz-2-7-300x200.jpg 300w, https:\/\/rheinhessenblog.de\/wp-content\/uploads\/2023\/02\/Campusbruecke-Uni-Mainz-2-7-768x512.jpg 768w, https:\/\/rheinhessenblog.de\/wp-content\/uploads\/2023\/02\/Campusbruecke-Uni-Mainz-2-7.jpg 1080w\" sizes=\"(max-width: 1024px) 100vw, 1024px\" \/><figcaption class=\"wp-element-caption\">Pont du campus sur la Koblenzer Stra\u00dfe \u00e0 Mayence |\u00a9 Silas Landeck<\/figcaption><\/figure>\n<\/figure>\n\n\n\n<p>En sortant de la ville, on trouve un autre \u201echef-d'\u0153uvre\u201c de <a href=\"https:\/\/www.schneider-schumacher.de\/\" target=\"_blank\" rel=\"noreferrer noopener\" aria-label=\"schneider+schumacher (s&#039;ouvre dans un nouvel onglet)\">schneider+schumacher<\/a>, Le projet a \u00e9t\u00e9 r\u00e9alis\u00e9 en collaboration avec le bureau d'\u00e9tudes Sch\u00fc\u00dfler-Plan. Il s'agissait de cr\u00e9er une liaison architecturale entre les campus de l'universit\u00e9 Johannes Gutenberg et de l'\u00e9cole sup\u00e9rieure de Mayence, en traversant la Koblenzer Stra\u00dfe. Le r\u00e9sultat fut un pont de campus moderne en b\u00e9ton apparent et en acier, qui permet aujourd'hui aux \u00e9tudiants et aux fans de football de se d\u00e9placer rapidement entre les b\u00e2timents. La devise de Louis Sullivan en mati\u00e8re de design \u201eform ever follows function\u201c (en fran\u00e7ais : la forme suit toujours la fonction) a \u00e9galement \u00e9t\u00e9 appliqu\u00e9e lors de la conception de ce pont. Lorsque jusqu'\u00e0 12000 supporters de l'\u00e9quipe visiteuse se rendent en p\u00e8lerinage au stade depuis les parkings de l'Unicampus, il faut s'assurer qu'aucune bouteille ou autre ne se retrouve sur la chauss\u00e9e situ\u00e9e en dessous. Le probl\u00e8me architectural de la protection contre les d\u00e9versements a \u00e9t\u00e9 r\u00e9solu par la forme particuli\u00e8re des garde-corps. Alors que la superstructure du pont continue de s'\u00e9tendre en largeur, le garde-corps semble tomber vers l'int\u00e9rieur, cachant ainsi la vue sur la route situ\u00e9e en dessous.<\/p>\n\n\n\n<div class=\"wp-block-columns is-layout-flex wp-container-core-columns-is-layout-28f84493 wp-block-columns-is-layout-flex\">\n<div class=\"wp-block-column is-layout-flow wp-block-column-is-layout-flow\" style=\"flex-basis:100%\">\n<figure class=\"wp-block-gallery has-nested-images columns-default is-cropped wp-block-gallery-7 is-layout-flex wp-block-gallery-is-layout-flex\">\n<figure class=\"wp-block-image size-large\"><img loading=\"lazy\" decoding=\"async\" width=\"1024\" height=\"683\" data-id=\"9859\" src=\"https:\/\/rheinhessenblog.de\/wp-content\/uploads\/2023\/02\/Campusbruecke-Uni-Mainz-4-9-1024x683.jpg\" alt=\"\" class=\"wp-image-9859\" srcset=\"https:\/\/rheinhessenblog.de\/wp-content\/uploads\/2023\/02\/Campusbruecke-Uni-Mainz-4-9-1024x683.jpg 1024w, https:\/\/rheinhessenblog.de\/wp-content\/uploads\/2023\/02\/Campusbruecke-Uni-Mainz-4-9-300x200.jpg 300w, https:\/\/rheinhessenblog.de\/wp-content\/uploads\/2023\/02\/Campusbruecke-Uni-Mainz-4-9-768x512.jpg 768w, https:\/\/rheinhessenblog.de\/wp-content\/uploads\/2023\/02\/Campusbruecke-Uni-Mainz-4-9.jpg 1080w\" sizes=\"(max-width: 1024px) 100vw, 1024px\" \/><\/figure>\n\n\n\n<figure class=\"wp-block-image size-large\"><img loading=\"lazy\" decoding=\"async\" width=\"1024\" height=\"683\" data-id=\"9860\" src=\"https:\/\/rheinhessenblog.de\/wp-content\/uploads\/2023\/02\/Campusbruecke-Uni-Mainz-6-11-1024x683.jpg\" alt=\"\" class=\"wp-image-9860\" srcset=\"https:\/\/rheinhessenblog.de\/wp-content\/uploads\/2023\/02\/Campusbruecke-Uni-Mainz-6-11-1024x683.jpg 1024w, https:\/\/rheinhessenblog.de\/wp-content\/uploads\/2023\/02\/Campusbruecke-Uni-Mainz-6-11-300x200.jpg 300w, https:\/\/rheinhessenblog.de\/wp-content\/uploads\/2023\/02\/Campusbruecke-Uni-Mainz-6-11-768x512.jpg 768w, https:\/\/rheinhessenblog.de\/wp-content\/uploads\/2023\/02\/Campusbruecke-Uni-Mainz-6-11.jpg 1080w\" sizes=\"(max-width: 1024px) 100vw, 1024px\" \/><\/figure>\n\n\n\n<figure class=\"wp-block-image size-large\"><img loading=\"lazy\" decoding=\"async\" width=\"1024\" height=\"768\" data-id=\"9872\" src=\"https:\/\/rheinhessenblog.de\/wp-content\/uploads\/2023\/02\/Campusbruecke-Mainz-3-4-1024x768.jpg\" alt=\"\" class=\"wp-image-9872\" srcset=\"https:\/\/rheinhessenblog.de\/wp-content\/uploads\/2023\/02\/Campusbruecke-Mainz-3-4-1024x768.jpg 1024w, https:\/\/rheinhessenblog.de\/wp-content\/uploads\/2023\/02\/Campusbruecke-Mainz-3-4-300x225.jpg 300w, https:\/\/rheinhessenblog.de\/wp-content\/uploads\/2023\/02\/Campusbruecke-Mainz-3-4-768x576.jpg 768w, https:\/\/rheinhessenblog.de\/wp-content\/uploads\/2023\/02\/Campusbruecke-Mainz-3-4.jpg 1080w\" sizes=\"(max-width: 1024px) 100vw, 1024px\" \/><\/figure>\n\n\n\n<figure class=\"wp-block-image size-large\"><img loading=\"lazy\" decoding=\"async\" width=\"1024\" height=\"767\" data-id=\"9873\" src=\"https:\/\/rheinhessenblog.de\/wp-content\/uploads\/2023\/02\/Campusbruecke-Mainz-6-1024x767.jpg\" alt=\"\" class=\"wp-image-9873\" srcset=\"https:\/\/rheinhessenblog.de\/wp-content\/uploads\/2023\/02\/Campusbruecke-Mainz-6-1024x767.jpg 1024w, https:\/\/rheinhessenblog.de\/wp-content\/uploads\/2023\/02\/Campusbruecke-Mainz-6-300x225.jpg 300w, https:\/\/rheinhessenblog.de\/wp-content\/uploads\/2023\/02\/Campusbruecke-Mainz-6-768x575.jpg 768w, https:\/\/rheinhessenblog.de\/wp-content\/uploads\/2023\/02\/Campusbruecke-Mainz-6.jpg 1080w\" sizes=\"(max-width: 1024px) 100vw, 1024px\" \/><\/figure>\n<\/figure>\n<\/div>\n<\/div>\n\n\n\n<p>Cette \u201eporte d'entr\u00e9e\u201c et ce pont particuliers de la ville de Mayence ont m\u00eame \u00e9t\u00e9 r\u00e9compens\u00e9s par le \u201eInternational Architecture Award\u201c en 2017 et ont obtenu l'ann\u00e9e suivante une reconnaissance lors du prix d'architecture BDA du Land de Rh\u00e9nanie-Palatinat. <\/p>\n\n\n\n<hr class=\"wp-block-separator has-css-opacity\"\/>\n\n\n\n<div style=\"height:40px\" aria-hidden=\"true\" class=\"wp-block-spacer\"><\/div>\n\n\n\n<h2 class=\"wp-block-heading\">5. maison de vignoble Perka \u00e0 W\u00f6rrstadt<\/h2>\n\n\n\n<figure class=\"wp-block-gallery has-nested-images columns-default is-cropped wp-block-gallery-8 is-layout-flex wp-block-gallery-is-layout-flex\">\n<figure class=\"wp-block-image size-large\"><img loading=\"lazy\" decoding=\"async\" width=\"1024\" height=\"683\" data-id=\"9874\" src=\"https:\/\/rheinhessenblog.de\/wp-content\/uploads\/2023\/02\/RHT-2017-Hiwweltour-Neuborn-016-1024x683.jpg\" alt=\"\" class=\"wp-image-9874\" srcset=\"https:\/\/rheinhessenblog.de\/wp-content\/uploads\/2023\/02\/RHT-2017-Hiwweltour-Neuborn-016-1024x683.jpg 1024w, https:\/\/rheinhessenblog.de\/wp-content\/uploads\/2023\/02\/RHT-2017-Hiwweltour-Neuborn-016-300x200.jpg 300w, https:\/\/rheinhessenblog.de\/wp-content\/uploads\/2023\/02\/RHT-2017-Hiwweltour-Neuborn-016-768x512.jpg 768w, https:\/\/rheinhessenblog.de\/wp-content\/uploads\/2023\/02\/RHT-2017-Hiwweltour-Neuborn-016-1536x1024.jpg 1536w, https:\/\/rheinhessenblog.de\/wp-content\/uploads\/2023\/02\/RHT-2017-Hiwweltour-Neuborn-016-2048x1366.jpg 2048w\" sizes=\"(max-width: 1024px) 100vw, 1024px\" \/><figcaption class=\"wp-element-caption\">Maison du vignoble Perka \u00a9 Dominik Ketz<\/figcaption><\/figure>\n<\/figure>\n\n\n\n<p>Notre cinqui\u00e8me objet m\u00e8ne au c\u0153ur des vignobles pr\u00e8s de W\u00f6rrstadt. La maison de vignoble de perka Architekten se trouve dans le vignoble Schildberg sur le territoire de Sulzheim et est accessible \u00e0 pied par le chemin de fer. <a rel=\"noreferrer noopener\" aria-label=\" (s&#039;ouvre dans un nouvel onglet)\" href=\"https:\/\/www.rheinhessen.de\/hiwweltour-neuborn\" target=\"_blank\">Sentier de randonn\u00e9e premium Hiwweltour Neuborn<\/a> d'atteindre le prix. La maison du vignoble en b\u00e9ton \u00e0 ultra-haute r\u00e9sistance a \u00e9galement \u00e9t\u00e9 s\u00e9lectionn\u00e9e pour le prix d'architecture BDA 2012. Il s'agit en fait \u201eseulement\u201c d'une construction exp\u00e9rimentale de l'universit\u00e9 technique de Kaiserslautern destin\u00e9e \u00e0 la recherche de strat\u00e9gies de conception et de construction avec ce nouveau mat\u00e9riau, mais elle n'en est pas moins int\u00e9ressante. Le projet de Christoph Perka r\u00e9interpr\u00e8te de mani\u00e8re innovante le type de construction trullo, qui pr\u00e9sente g\u00e9n\u00e9ralement un plan circulaire et une coupole, et le traduit dans une forme et une construction modernes. Il place une maison semi-ouverte en fines plaques de b\u00e9ton pr\u00e9fabriqu\u00e9 au milieu des douces collines. La forme de base de la maison repr\u00e9sente un parall\u00e9logramme tordu et, selon le point de vue, ouvre ou ferme la vue sur l'\u00e9tendue vallonn\u00e9e. La section \u00e9troite des \u00e9l\u00e9ments pr\u00e9fabriqu\u00e9s, en particulier, donne \u00e0 l'espace cr\u00e9\u00e9 un aspect \u00e9vanescent. <br><br>Pour plus d'informations, cliquez ici : <a rel=\"noreferrer noopener\" aria-label=\"B\u00e2timent de recherche - un espace dans le vignoble (s&#039;ouvre dans un nouvel onglet)\" href=\"https:\/\/perka-architekten.de\/projekte\/ein-raum-im-weinberg\" target=\"_blank\">B\u00e2timent de recherche - un espace dans le vignoble<\/a><\/p>\n\n\n\n<div style=\"height:20px\" aria-hidden=\"true\" class=\"wp-block-spacer\"><\/div>\n\n\n\n<hr class=\"wp-block-separator has-css-opacity\"\/>\n\n\n\n<div style=\"height:50px\" aria-hidden=\"true\" class=\"wp-block-spacer\"><\/div>\n\n\n\n<p>Venant de l'art brassicole de la Hesse rh\u00e9nane, nous finissons notre qu\u00eate d'architectures exceptionnelles en Hesse rh\u00e9nane au milieu des vignes. Si vous n'en avez pas encore assez de ces superbes maisons de vignobles et que vous souhaitez d\u00e9couvrir encore plus le paysage de la Hesse rh\u00e9nane, vous devriez poursuivre votre randonn\u00e9e sur le Hiwweltour Neuborn et visiter par exemple la tour Burgunderturm. \u00c0 propos de tours, la Hesse rh\u00e9nane en a plusieurs \u00e0 offrir. Tu en apprendras plus \u00e0 ce sujet dans l'article de blog : <a rel=\"noreferrer noopener\" aria-label=\" (s&#039;ouvre dans un nouvel onglet)\" href=\"https:\/\/rheinhessenblog.de\/fr\/7-tours-particulieres-dans-la-hesse-rhenane\/\" target=\"_blank\">7 Tours particuli\u00e8res en Hesse rh\u00e9nane<\/a>. <\/p>","protected":false},"excerpt":{"rendered":"<p>En Hesse rh\u00e9nane, on peut d\u00e9couvrir une multitude de chefs-d'\u0153uvre architecturaux. Des ch\u00e2teaux historiques et m\u00e9di\u00e9vaux, des \u00e9difices religieux baroques et des complexes d'habitations et de b\u00e2timents modernes. Dans cet article de blog, je jette un coup d'\u0153il sur quelques-uns des points forts les plus remarquables de l'architecture moderne en Hesse rh\u00e9nane. Avec un regard sur l'histoire et le design, j'essaie de d\u00e9crire ce qui rend ces b\u00e2timents si uniques et pourquoi ils ne devraient pas manquer lors d'une visite de la Hesse rh\u00e9nane. <\/p>","protected":false},"author":5,"featured_media":9855,"comment_status":"open","ping_status":"closed","sticky":false,"template":"","format":"standard","meta":{"_acf_changed":false,"footnotes":""},"categories":[320],"tags":[326],"class_list":["post-9853","post","type-post","status-publish","format-standard","has-post-thumbnail","hentry","category-kultur-entdecken","tag-dom-kirche"],"acf":{"":null},"yoast_head":"<!-- This site is optimized with the Yoast SEO plugin v27.4 - https:\/\/yoast.com\/product\/yoast-seo-wordpress\/ -->\n<title>5 Au\u00dfergew\u00f6hnliche Architekturbauten in Rheinhessen - Rheinhessen-Blog<\/title>\n<meta name=\"description\" content=\"In Rheinhessen kann man eine Vielzahl an architektonischen Meisterwerken entdecken. Von historischen Schlossanlagen und mittelalterlichen Burgen \u00fcber barocke Sakralbauten bis hin zu modernen Wohn- und Geb\u00e4udekomplexen. In diesem Blogartikel werfe ich einen Blick auf einige der bemerkenswertesten Highlights moderner Architektur in Rheinhessen. Mit dem Blick auf Geschichte und Design versuche ich zu beschreiben, was diese Geb\u00e4ude so einzigartig macht und weshalb sie auf einer Tour durch Rheinhessen nicht fehlen sollten.\" \/>\n<meta name=\"robots\" content=\"index, follow, max-snippet:-1, max-image-preview:large, max-video-preview:-1\" \/>\n<link rel=\"canonical\" href=\"https:\/\/rheinhessenblog.de\/fr\/architecture-moderne-en-hesse-rhenane\/\" \/>\n<meta property=\"og:locale\" content=\"fr_FR\" \/>\n<meta property=\"og:type\" content=\"article\" \/>\n<meta property=\"og:title\" content=\"5 Au\u00dfergew\u00f6hnliche Architekturbauten in Rheinhessen - Rheinhessen-Blog\" \/>\n<meta property=\"og:description\" content=\"In Rheinhessen kann man eine Vielzahl an architektonischen Meisterwerken entdecken. Von historischen Schlossanlagen und mittelalterlichen Burgen \u00fcber barocke Sakralbauten bis hin zu modernen Wohn- und Geb\u00e4udekomplexen. In diesem Blogartikel werfe ich einen Blick auf einige der bemerkenswertesten Highlights moderner Architektur in Rheinhessen. Mit dem Blick auf Geschichte und Design versuche ich zu beschreiben, was diese Geb\u00e4ude so einzigartig macht und weshalb sie auf einer Tour durch Rheinhessen nicht fehlen sollten.\" \/>\n<meta property=\"og:url\" content=\"https:\/\/rheinhessenblog.de\/fr\/architecture-moderne-en-hesse-rhenane\/\" \/>\n<meta property=\"og:site_name\" content=\"Rheinhessen-Blog\" \/>\n<meta property=\"article:published_time\" content=\"2023-02-02T15:16:10+00:00\" \/>\n<meta property=\"article:modified_time\" content=\"2023-10-05T12:54:44+00:00\" \/>\n<meta property=\"og:image\" content=\"https:\/\/rheinhessenblog.de\/wp-content\/uploads\/2023\/02\/2_DOXX_schneider-schumacher_c_Joerg_Hempel-scaled-1.jpg\" \/>\n\t<meta property=\"og:image:width\" content=\"2560\" \/>\n\t<meta property=\"og:image:height\" content=\"1439\" \/>\n\t<meta property=\"og:image:type\" content=\"image\/jpeg\" \/>\n<meta name=\"author\" content=\"Silas Landeck\" \/>\n<meta name=\"twitter:card\" content=\"summary_large_image\" \/>\n<meta name=\"twitter:label1\" content=\"\u00c9crit par\" \/>\n\t<meta name=\"twitter:data1\" content=\"Silas Landeck\" \/>\n\t<meta name=\"twitter:label2\" content=\"Dur\u00e9e de lecture estim\u00e9e\" \/>\n\t<meta name=\"twitter:data2\" content=\"10 minutes\" \/>\n<script type=\"application\/ld+json\" class=\"yoast-schema-graph\">{\"@context\":\"https:\\\/\\\/schema.org\",\"@graph\":[{\"@type\":\"Article\",\"@id\":\"https:\\\/\\\/rheinhessenblog.de\\\/moderne-architektur-in-rheinhessen\\\/#article\",\"isPartOf\":{\"@id\":\"https:\\\/\\\/rheinhessenblog.de\\\/moderne-architektur-in-rheinhessen\\\/\"},\"author\":{\"name\":\"Silas Landeck\",\"@id\":\"https:\\\/\\\/rheinhessenblog.de\\\/#\\\/schema\\\/person\\\/09640f864603183a21f460c6c3c6d081\"},\"headline\":\"5 Au\u00dfergew\u00f6hnliche Architekturbauten in Rheinhessen\",\"datePublished\":\"2023-02-02T15:16:10+00:00\",\"dateModified\":\"2023-10-05T12:54:44+00:00\",\"mainEntityOfPage\":{\"@id\":\"https:\\\/\\\/rheinhessenblog.de\\\/moderne-architektur-in-rheinhessen\\\/\"},\"wordCount\":1315,\"commentCount\":2,\"publisher\":{\"@id\":\"https:\\\/\\\/rheinhessenblog.de\\\/#organization\"},\"image\":{\"@id\":\"https:\\\/\\\/rheinhessenblog.de\\\/moderne-architektur-in-rheinhessen\\\/#primaryimage\"},\"thumbnailUrl\":\"https:\\\/\\\/rheinhessenblog.de\\\/wp-content\\\/uploads\\\/2023\\\/02\\\/2_DOXX_schneider-schumacher_c_Joerg_Hempel-scaled-1.jpg\",\"keywords\":[\"Dom \\\/ Kirche\"],\"articleSection\":[\"Kultur entdecken\"],\"inLanguage\":\"fr-FR\",\"potentialAction\":[{\"@type\":\"CommentAction\",\"name\":\"Comment\",\"target\":[\"https:\\\/\\\/rheinhessenblog.de\\\/moderne-architektur-in-rheinhessen\\\/#respond\"]}]},{\"@type\":\"WebPage\",\"@id\":\"https:\\\/\\\/rheinhessenblog.de\\\/moderne-architektur-in-rheinhessen\\\/\",\"url\":\"https:\\\/\\\/rheinhessenblog.de\\\/moderne-architektur-in-rheinhessen\\\/\",\"name\":\"5 Au\u00dfergew\u00f6hnliche Architekturbauten in Rheinhessen - Rheinhessen-Blog\",\"isPartOf\":{\"@id\":\"https:\\\/\\\/rheinhessenblog.de\\\/#website\"},\"primaryImageOfPage\":{\"@id\":\"https:\\\/\\\/rheinhessenblog.de\\\/moderne-architektur-in-rheinhessen\\\/#primaryimage\"},\"image\":{\"@id\":\"https:\\\/\\\/rheinhessenblog.de\\\/moderne-architektur-in-rheinhessen\\\/#primaryimage\"},\"thumbnailUrl\":\"https:\\\/\\\/rheinhessenblog.de\\\/wp-content\\\/uploads\\\/2023\\\/02\\\/2_DOXX_schneider-schumacher_c_Joerg_Hempel-scaled-1.jpg\",\"datePublished\":\"2023-02-02T15:16:10+00:00\",\"dateModified\":\"2023-10-05T12:54:44+00:00\",\"description\":\"In Rheinhessen kann man eine Vielzahl an architektonischen Meisterwerken entdecken. Von historischen Schlossanlagen und mittelalterlichen Burgen \u00fcber barocke Sakralbauten bis hin zu modernen Wohn- und Geb\u00e4udekomplexen. In diesem Blogartikel werfe ich einen Blick auf einige der bemerkenswertesten Highlights moderner Architektur in Rheinhessen. Mit dem Blick auf Geschichte und Design versuche ich zu beschreiben, was diese Geb\u00e4ude so einzigartig macht und weshalb sie auf einer Tour durch Rheinhessen nicht fehlen sollten.\",\"breadcrumb\":{\"@id\":\"https:\\\/\\\/rheinhessenblog.de\\\/moderne-architektur-in-rheinhessen\\\/#breadcrumb\"},\"inLanguage\":\"fr-FR\",\"potentialAction\":[{\"@type\":\"ReadAction\",\"target\":[\"https:\\\/\\\/rheinhessenblog.de\\\/moderne-architektur-in-rheinhessen\\\/\"]}]},{\"@type\":\"ImageObject\",\"inLanguage\":\"fr-FR\",\"@id\":\"https:\\\/\\\/rheinhessenblog.de\\\/moderne-architektur-in-rheinhessen\\\/#primaryimage\",\"url\":\"https:\\\/\\\/rheinhessenblog.de\\\/wp-content\\\/uploads\\\/2023\\\/02\\\/2_DOXX_schneider-schumacher_c_Joerg_Hempel-scaled-1.jpg\",\"contentUrl\":\"https:\\\/\\\/rheinhessenblog.de\\\/wp-content\\\/uploads\\\/2023\\\/02\\\/2_DOXX_schneider-schumacher_c_Joerg_Hempel-scaled-1.jpg\",\"width\":2560,\"height\":1439,\"caption\":\"schneider+schumacher Architekten, Frankfurt bb22 Architekten und Stadtplaner, Frankfurt \u00a9 2021 by J\u00f6rg Hempel; www.joerg-hempel-com\"},{\"@type\":\"BreadcrumbList\",\"@id\":\"https:\\\/\\\/rheinhessenblog.de\\\/moderne-architektur-in-rheinhessen\\\/#breadcrumb\",\"itemListElement\":[{\"@type\":\"ListItem\",\"position\":1,\"name\":\"Startseite\",\"item\":\"https:\\\/\\\/rheinhessenblog.de\\\/\"},{\"@type\":\"ListItem\",\"position\":2,\"name\":\"5 Au\u00dfergew\u00f6hnliche Architekturbauten in Rheinhessen\"}]},{\"@type\":\"WebSite\",\"@id\":\"https:\\\/\\\/rheinhessenblog.de\\\/#website\",\"url\":\"https:\\\/\\\/rheinhessenblog.de\\\/\",\"name\":\"Rheinhessen-Blog\",\"description\":\"\",\"publisher\":{\"@id\":\"https:\\\/\\\/rheinhessenblog.de\\\/#organization\"},\"potentialAction\":[{\"@type\":\"SearchAction\",\"target\":{\"@type\":\"EntryPoint\",\"urlTemplate\":\"https:\\\/\\\/rheinhessenblog.de\\\/?s={search_term_string}\"},\"query-input\":{\"@type\":\"PropertyValueSpecification\",\"valueRequired\":true,\"valueName\":\"search_term_string\"}}],\"inLanguage\":\"fr-FR\"},{\"@type\":\"Organization\",\"@id\":\"https:\\\/\\\/rheinhessenblog.de\\\/#organization\",\"name\":\"Rheinhessen-Blog\",\"url\":\"https:\\\/\\\/rheinhessenblog.de\\\/\",\"logo\":{\"@type\":\"ImageObject\",\"inLanguage\":\"fr-FR\",\"@id\":\"https:\\\/\\\/rheinhessenblog.de\\\/#\\\/schema\\\/logo\\\/image\\\/\",\"url\":\"https:\\\/\\\/rheinhessenblog.de\\\/wp-content\\\/uploads\\\/2023\\\/07\\\/Rheinhessenlogo.svg\",\"contentUrl\":\"https:\\\/\\\/rheinhessenblog.de\\\/wp-content\\\/uploads\\\/2023\\\/07\\\/Rheinhessenlogo.svg\",\"width\":85,\"height\":26,\"caption\":\"Rheinhessen-Blog\"},\"image\":{\"@id\":\"https:\\\/\\\/rheinhessenblog.de\\\/#\\\/schema\\\/logo\\\/image\\\/\"}},{\"@type\":\"Person\",\"@id\":\"https:\\\/\\\/rheinhessenblog.de\\\/#\\\/schema\\\/person\\\/09640f864603183a21f460c6c3c6d081\",\"name\":\"Silas Landeck\",\"description\":\"Als Weltenbummler und leidenschaftlicher Wanderer kann ich selten die F\u00fc\u00dfe still halten. Ein geb\u00fcrtiger Tauberfranke, wie ich es bin, wei\u00df stets ein Gl\u00e4schen Wein oder Bier zu sch\u00e4tzen. Gleicherma\u00dfen begeistert mich die Natur, in welcher diese Getr\u00e4nke heranwachsen und entstehen. Wenn ich nicht selbst am Schreibtisch blogge und texte, bin ich wahrscheinlich auf Entdeckungstouren in und um Rheinhessen unterwegs.\",\"url\":\"https:\\\/\\\/rheinhessenblog.de\\\/fr\\\/author\\\/salzmann\\\/\"}]}<\/script>\n<!-- \/ Yoast SEO plugin. -->","yoast_head_json":{"title":"5 b\u00e2timents architecturaux hors du commun en Hesse rh\u00e9nane - Rheinhessen-Blog","description":"En Hesse rh\u00e9nane, on peut d\u00e9couvrir une multitude de chefs-d'\u0153uvre architecturaux. Des ch\u00e2teaux historiques et m\u00e9di\u00e9vaux, des \u00e9difices religieux baroques et des complexes d'habitations et de b\u00e2timents modernes. Dans cet article de blog, je jette un coup d'\u0153il sur quelques-uns des points forts les plus remarquables de l'architecture moderne en Hesse rh\u00e9nane. Avec un regard sur l'histoire et le design, j'essaie de d\u00e9crire ce qui rend ces b\u00e2timents si uniques et pourquoi ils ne devraient pas manquer lors d'une visite de la Hesse rh\u00e9nane.","robots":{"index":"index","follow":"follow","max-snippet":"max-snippet:-1","max-image-preview":"max-image-preview:large","max-video-preview":"max-video-preview:-1"},"canonical":"https:\/\/rheinhessenblog.de\/fr\/architecture-moderne-en-hesse-rhenane\/","og_locale":"fr_FR","og_type":"article","og_title":"5 Au\u00dfergew\u00f6hnliche Architekturbauten in Rheinhessen - Rheinhessen-Blog","og_description":"In Rheinhessen kann man eine Vielzahl an architektonischen Meisterwerken entdecken. Von historischen Schlossanlagen und mittelalterlichen Burgen \u00fcber barocke Sakralbauten bis hin zu modernen Wohn- und Geb\u00e4udekomplexen. In diesem Blogartikel werfe ich einen Blick auf einige der bemerkenswertesten Highlights moderner Architektur in Rheinhessen. Mit dem Blick auf Geschichte und Design versuche ich zu beschreiben, was diese Geb\u00e4ude so einzigartig macht und weshalb sie auf einer Tour durch Rheinhessen nicht fehlen sollten.","og_url":"https:\/\/rheinhessenblog.de\/fr\/architecture-moderne-en-hesse-rhenane\/","og_site_name":"Rheinhessen-Blog","article_published_time":"2023-02-02T15:16:10+00:00","article_modified_time":"2023-10-05T12:54:44+00:00","og_image":[{"width":2560,"height":1439,"url":"https:\/\/rheinhessenblog.de\/wp-content\/uploads\/2023\/02\/2_DOXX_schneider-schumacher_c_Joerg_Hempel-scaled-1.jpg","type":"image\/jpeg"}],"author":"Silas Landeck","twitter_card":"summary_large_image","twitter_misc":{"\u00c9crit par":"Silas Landeck","Dur\u00e9e de lecture estim\u00e9e":"10 minutes"},"schema":{"@context":"https:\/\/schema.org","@graph":[{"@type":"Article","@id":"https:\/\/rheinhessenblog.de\/moderne-architektur-in-rheinhessen\/#article","isPartOf":{"@id":"https:\/\/rheinhessenblog.de\/moderne-architektur-in-rheinhessen\/"},"author":{"name":"Silas Landeck","@id":"https:\/\/rheinhessenblog.de\/#\/schema\/person\/09640f864603183a21f460c6c3c6d081"},"headline":"5 Au\u00dfergew\u00f6hnliche Architekturbauten in Rheinhessen","datePublished":"2023-02-02T15:16:10+00:00","dateModified":"2023-10-05T12:54:44+00:00","mainEntityOfPage":{"@id":"https:\/\/rheinhessenblog.de\/moderne-architektur-in-rheinhessen\/"},"wordCount":1315,"commentCount":2,"publisher":{"@id":"https:\/\/rheinhessenblog.de\/#organization"},"image":{"@id":"https:\/\/rheinhessenblog.de\/moderne-architektur-in-rheinhessen\/#primaryimage"},"thumbnailUrl":"https:\/\/rheinhessenblog.de\/wp-content\/uploads\/2023\/02\/2_DOXX_schneider-schumacher_c_Joerg_Hempel-scaled-1.jpg","keywords":["Dom \/ Kirche"],"articleSection":["Kultur entdecken"],"inLanguage":"fr-FR","potentialAction":[{"@type":"CommentAction","name":"Comment","target":["https:\/\/rheinhessenblog.de\/moderne-architektur-in-rheinhessen\/#respond"]}]},{"@type":"WebPage","@id":"https:\/\/rheinhessenblog.de\/moderne-architektur-in-rheinhessen\/","url":"https:\/\/rheinhessenblog.de\/moderne-architektur-in-rheinhessen\/","name":"5 b\u00e2timents architecturaux hors du commun en Hesse rh\u00e9nane - Rheinhessen-Blog","isPartOf":{"@id":"https:\/\/rheinhessenblog.de\/#website"},"primaryImageOfPage":{"@id":"https:\/\/rheinhessenblog.de\/moderne-architektur-in-rheinhessen\/#primaryimage"},"image":{"@id":"https:\/\/rheinhessenblog.de\/moderne-architektur-in-rheinhessen\/#primaryimage"},"thumbnailUrl":"https:\/\/rheinhessenblog.de\/wp-content\/uploads\/2023\/02\/2_DOXX_schneider-schumacher_c_Joerg_Hempel-scaled-1.jpg","datePublished":"2023-02-02T15:16:10+00:00","dateModified":"2023-10-05T12:54:44+00:00","description":"En Hesse rh\u00e9nane, on peut d\u00e9couvrir une multitude de chefs-d'\u0153uvre architecturaux. Des ch\u00e2teaux historiques et m\u00e9di\u00e9vaux, des \u00e9difices religieux baroques et des complexes d'habitations et de b\u00e2timents modernes. Dans cet article de blog, je jette un coup d'\u0153il sur quelques-uns des points forts les plus remarquables de l'architecture moderne en Hesse rh\u00e9nane. Avec un regard sur l'histoire et le design, j'essaie de d\u00e9crire ce qui rend ces b\u00e2timents si uniques et pourquoi ils ne devraient pas manquer lors d'une visite de la Hesse rh\u00e9nane.","breadcrumb":{"@id":"https:\/\/rheinhessenblog.de\/moderne-architektur-in-rheinhessen\/#breadcrumb"},"inLanguage":"fr-FR","potentialAction":[{"@type":"ReadAction","target":["https:\/\/rheinhessenblog.de\/moderne-architektur-in-rheinhessen\/"]}]},{"@type":"ImageObject","inLanguage":"fr-FR","@id":"https:\/\/rheinhessenblog.de\/moderne-architektur-in-rheinhessen\/#primaryimage","url":"https:\/\/rheinhessenblog.de\/wp-content\/uploads\/2023\/02\/2_DOXX_schneider-schumacher_c_Joerg_Hempel-scaled-1.jpg","contentUrl":"https:\/\/rheinhessenblog.de\/wp-content\/uploads\/2023\/02\/2_DOXX_schneider-schumacher_c_Joerg_Hempel-scaled-1.jpg","width":2560,"height":1439,"caption":"schneider+schumacher Architekten, Frankfurt bb22 Architekten und Stadtplaner, Frankfurt \u00a9 2021 by J\u00f6rg Hempel; www.joerg-hempel-com"},{"@type":"BreadcrumbList","@id":"https:\/\/rheinhessenblog.de\/moderne-architektur-in-rheinhessen\/#breadcrumb","itemListElement":[{"@type":"ListItem","position":1,"name":"Startseite","item":"https:\/\/rheinhessenblog.de\/"},{"@type":"ListItem","position":2,"name":"5 Au\u00dfergew\u00f6hnliche Architekturbauten in Rheinhessen"}]},{"@type":"WebSite","@id":"https:\/\/rheinhessenblog.de\/#website","url":"https:\/\/rheinhessenblog.de\/","name":"Blog de la Hesse rh\u00e9nane","description":"","publisher":{"@id":"https:\/\/rheinhessenblog.de\/#organization"},"potentialAction":[{"@type":"SearchAction","target":{"@type":"EntryPoint","urlTemplate":"https:\/\/rheinhessenblog.de\/?s={search_term_string}"},"query-input":{"@type":"PropertyValueSpecification","valueRequired":true,"valueName":"search_term_string"}}],"inLanguage":"fr-FR"},{"@type":"Organization","@id":"https:\/\/rheinhessenblog.de\/#organization","name":"Blog de la Hesse rh\u00e9nane","url":"https:\/\/rheinhessenblog.de\/","logo":{"@type":"ImageObject","inLanguage":"fr-FR","@id":"https:\/\/rheinhessenblog.de\/#\/schema\/logo\/image\/","url":"https:\/\/rheinhessenblog.de\/wp-content\/uploads\/2023\/07\/Rheinhessenlogo.svg","contentUrl":"https:\/\/rheinhessenblog.de\/wp-content\/uploads\/2023\/07\/Rheinhessenlogo.svg","width":85,"height":26,"caption":"Rheinhessen-Blog"},"image":{"@id":"https:\/\/rheinhessenblog.de\/#\/schema\/logo\/image\/"}},{"@type":"Person","@id":"https:\/\/rheinhessenblog.de\/#\/schema\/person\/09640f864603183a21f460c6c3c6d081","name":"Silas Landeck","description":"En tant que globe-trotter et randonneur passionn\u00e9, il est rare que je puisse garder les pieds au repos. Un Fran\u00e7ais originaire de la Tauber, comme moi, appr\u00e9cie toujours un petit verre de vin ou de bi\u00e8re. La nature dans laquelle ces boissons grandissent et naissent me passionne tout autant. Lorsque je ne suis pas \u00e0 mon bureau en train de bloguer et d'\u00e9crire, je suis probablement en train de d\u00e9couvrir la r\u00e9gion de la Hesse rh\u00e9nane.","url":"https:\/\/rheinhessenblog.de\/fr\/author\/salzmann\/"}]}},"_links":{"self":[{"href":"https:\/\/rheinhessenblog.de\/fr\/wp-json\/wp\/v2\/posts\/9853","targetHints":{"allow":["GET"]}}],"collection":[{"href":"https:\/\/rheinhessenblog.de\/fr\/wp-json\/wp\/v2\/posts"}],"about":[{"href":"https:\/\/rheinhessenblog.de\/fr\/wp-json\/wp\/v2\/types\/post"}],"author":[{"embeddable":true,"href":"https:\/\/rheinhessenblog.de\/fr\/wp-json\/wp\/v2\/users\/5"}],"replies":[{"embeddable":true,"href":"https:\/\/rheinhessenblog.de\/fr\/wp-json\/wp\/v2\/comments?post=9853"}],"version-history":[{"count":8,"href":"https:\/\/rheinhessenblog.de\/fr\/wp-json\/wp\/v2\/posts\/9853\/revisions"}],"predecessor-version":[{"id":13111,"href":"https:\/\/rheinhessenblog.de\/fr\/wp-json\/wp\/v2\/posts\/9853\/revisions\/13111"}],"wp:featuredmedia":[{"embeddable":true,"href":"https:\/\/rheinhessenblog.de\/fr\/wp-json\/wp\/v2\/media\/9855"}],"wp:attachment":[{"href":"https:\/\/rheinhessenblog.de\/fr\/wp-json\/wp\/v2\/media?parent=9853"}],"wp:term":[{"taxonomy":"category","embeddable":true,"href":"https:\/\/rheinhessenblog.de\/fr\/wp-json\/wp\/v2\/categories?post=9853"},{"taxonomy":"post_tag","embeddable":true,"href":"https:\/\/rheinhessenblog.de\/fr\/wp-json\/wp\/v2\/tags?post=9853"}],"curies":[{"name":"wp","href":"https:\/\/api.w.org\/{rel}","templated":true}]}}