{"id":16207,"date":"2025-05-12T13:20:26","date_gmt":"2025-05-12T11:20:26","guid":{"rendered":"https:\/\/rheinhessenblog.de\/?p=16207"},"modified":"2026-04-13T14:57:24","modified_gmt":"2026-04-13T12:57:24","slug":"fietsevenementen-in-rheinhessen-rheinhessen-viert-fietsen","status":"publish","type":"post","link":"https:\/\/rheinhessenblog.de\/nl\/radevents-in-rheinhessen-rheinhessen-feiert-das-radfahren\/","title":{"rendered":"Fietsevenementen in Rheinhessen - Rheinhessen viert fietsen"},"content":{"rendered":"<div data-elementor-type=\"wp-post\" data-elementor-id=\"16207\" class=\"elementor elementor-16207\" data-elementor-settings=\"{&quot;ha_cmc_init_switcher&quot;:&quot;no&quot;}\" data-elementor-post-type=\"post\">\n\t\t\t\t<div class=\"elementor-element elementor-element-4308dcd e-flex e-con-boxed e-con e-parent\" data-id=\"4308dcd\" data-element_type=\"container\" data-e-type=\"container\" data-settings=\"{&quot;_ha_eqh_enable&quot;:false}\">\n\t\t\t\t\t<div class=\"e-con-inner\">\n\t\t\t\t<div class=\"elementor-element elementor-element-d5d8f64 elementor-widget elementor-widget-text-editor\" data-id=\"d5d8f64\" data-element_type=\"widget\" data-e-type=\"widget\" data-widget_type=\"text-editor.default\">\n\t\t\t\t<div class=\"elementor-widget-container\">\n\t\t\t\t\t\t\t\t\t<p>Dit artikel is bijgewerkt op 30.03.2026.<\/p>\t\t\t\t\t\t\t\t<\/div>\n\t\t\t\t<\/div>\n\t\t\t\t<div class=\"elementor-element elementor-element-6e1415a elementor-widget elementor-widget-text-editor\" data-id=\"6e1415a\" data-element_type=\"widget\" data-e-type=\"widget\" data-widget_type=\"text-editor.default\">\n\t\t\t\t<div class=\"elementor-widget-container\">\n\t\t\t\t\t\t\t\t\t<p><strong><em>Drie fietsevenementen tussen wijngaard, bospad en wijnkraam - soms sportief, soms gezellig, altijd een beetje volksfeest en veel saamhorigheid. <\/em><\/strong>Voor mij is Rheinhessen gemaakt om te fietsen. Er zijn hier geen dramatische hoogtemeters, alleen een open landschap en weidse uitzichten, kleine verrassingen onderweg, goede wijnen en meestal die ontspannen sfeer waardoor je je op de een of andere manier opgewonden voelt terwijl je doorfietst. Als dit precies is wat je wilt meemaken met andere fietsliefhebbers en tegelijkertijd wilt genieten van de Rijn-Hessische levensstijl, dan zijn de drie fietsevenementen die ik je ga presenteren misschien wel precies wat je zoekt! Drie zeer verschillende ervaringen - welke past bij jou?<\/p>\t\t\t\t\t\t\t\t<\/div>\n\t\t\t\t<\/div>\n\t\t\t\t\t<\/div>\n\t\t\t\t<\/div>\n\t\t<div class=\"elementor-element elementor-element-9e2a2ef e-flex e-con-boxed e-con e-parent\" data-id=\"9e2a2ef\" data-element_type=\"container\" data-e-type=\"container\" data-settings=\"{&quot;_ha_eqh_enable&quot;:false}\">\n\t\t\t\t\t<div class=\"e-con-inner\">\n\t\t\t\t<div class=\"elementor-element elementor-element-c75d476 elementor-widget elementor-widget-heading\" data-id=\"c75d476\" data-element_type=\"widget\" data-e-type=\"widget\" data-widget_type=\"heading.default\">\n\t\t\t\t<div class=\"elementor-widget-container\">\n\t\t\t\t\t<h2 class=\"elementor-heading-title elementor-size-default\">Fietsen langs de Rijn: De klassieker - voor wie onderweg graag mensen ontmoet<\/h2>\t\t\t\t<\/div>\n\t\t\t\t<\/div>\n\t\t\t\t\t<\/div>\n\t\t\t\t<\/div>\n\t\t<div class=\"elementor-element elementor-element-acca207 e-flex e-con-boxed e-con e-parent\" data-id=\"acca207\" data-element_type=\"container\" data-e-type=\"container\" data-settings=\"{&quot;_ha_eqh_enable&quot;:false}\">\n\t\t\t\t\t<div class=\"e-con-inner\">\n\t\t\t\t<div class=\"elementor-element elementor-element-7b52e1d elementor-widget elementor-widget-text-editor\" data-id=\"7b52e1d\" data-element_type=\"widget\" data-e-type=\"widget\" data-widget_type=\"text-editor.default\">\n\t\t\t\t<div class=\"elementor-widget-container\">\n\t\t\t\t\t\t\t\t\t<p>E\u00e9n keer per jaar wordt het stuk van de oude Bundestra\u00dfe 9 tussen Worms en Oppenheim afgesloten voor gemotoriseerd verkeer. Dan is 25 km ervan helemaal voor diegenen die het ongestoord willen laten rollen - op de fiets, op inline skates of met andere niet-gemotoriseerde voertuigen. Alles rolt hier gewoon.<\/p><p>Op dit wielerfestival draait alles om er zijn en onderweg zijn. Links en rechts van de route is er van alles te beleven: livemuziek, doe-activiteiten en natuurlijk samen aan tafel genieten van de dag met wijn, braadworst en druivensap. Je vindt de belangrijkste etappes bij de start en finish in het kasteelpark Worms-Herrnsheim en in Oppenheim. Hoe snel of ver je komt is op deze dag van ondergeschikt belang.<\/p><p><strong>Goed om te weten:<\/strong> Hoe later op de dag, hoe drukker. Als je liever in beweging blijft, ga dan vroeg. Als je op zoek bent naar de sfeer, blijf dan hangen.<\/p><p><strong>Wanneer en waar:<\/strong> <br \/>Elk jaar in mei, <a href=\"https:\/\/www.rheinhessen.de\/rheinradeln-rheinhessen\" target=\"_blank\" rel=\"noopener\">2026 op 17 mei, van 10.00 tot 18.00 uur tussen Worms en Oppenheim<\/a><\/p>\t\t\t\t\t\t\t\t<\/div>\n\t\t\t\t<\/div>\n\t\t\t\t\t<\/div>\n\t\t\t\t<\/div>\n\t\t<div class=\"elementor-element elementor-element-c619d8b e-flex e-con-boxed e-con e-parent\" data-id=\"c619d8b\" data-element_type=\"container\" data-e-type=\"container\" data-settings=\"{&quot;_ha_eqh_enable&quot;:false}\">\n\t\t\t\t\t<div class=\"e-con-inner\">\n\t\t\t\t<div class=\"elementor-element elementor-element-e023eda elementor-widget elementor-widget-image\" data-id=\"e023eda\" data-element_type=\"widget\" data-e-type=\"widget\" data-widget_type=\"image.default\">\n\t\t\t\t<div class=\"elementor-widget-container\">\n\t\t\t\t\t\t\t\t\t\t\t\t\t\t\t<img fetchpriority=\"high\" decoding=\"async\" width=\"800\" height=\"534\" src=\"https:\/\/rheinhessenblog.de\/wp-content\/uploads\/2025\/05\/RheinRadeln_Bilder_02__Credits_\u00a9www.inmedia.info_-1024x684.jpg\" class=\"attachment-large size-large wp-image-16218\" alt=\"\" srcset=\"https:\/\/rheinhessenblog.de\/wp-content\/uploads\/2025\/05\/RheinRadeln_Bilder_02__Credits_\u00a9www.inmedia.info_-1024x684.jpg 1024w, https:\/\/rheinhessenblog.de\/wp-content\/uploads\/2025\/05\/RheinRadeln_Bilder_02__Credits_\u00a9www.inmedia.info_-300x201.jpg 300w, https:\/\/rheinhessenblog.de\/wp-content\/uploads\/2025\/05\/RheinRadeln_Bilder_02__Credits_\u00a9www.inmedia.info_-768x513.jpg 768w, https:\/\/rheinhessenblog.de\/wp-content\/uploads\/2025\/05\/RheinRadeln_Bilder_02__Credits_\u00a9www.inmedia.info_-1536x1027.jpg 1536w, https:\/\/rheinhessenblog.de\/wp-content\/uploads\/2025\/05\/RheinRadeln_Bilder_02__Credits_\u00a9www.inmedia.info_-2048x1369.jpg 2048w, https:\/\/rheinhessenblog.de\/wp-content\/uploads\/2025\/05\/RheinRadeln_Bilder_02__Credits_\u00a9www.inmedia.info_-18x12.jpg 18w\" sizes=\"(max-width: 800px) 100vw, 800px\" \/>\t\t\t\t\t\t\t\t\t\t\t\t\t\t\t<\/div>\n\t\t\t\t<\/div>\n\t\t\t\t\t<\/div>\n\t\t\t\t<\/div>\n\t\t<div class=\"elementor-element elementor-element-22582c2 e-flex e-con-boxed e-con e-parent\" data-id=\"22582c2\" data-element_type=\"container\" data-e-type=\"container\" data-settings=\"{&quot;_ha_eqh_enable&quot;:false}\">\n\t\t\t\t\t<div class=\"e-con-inner\">\n\t\t\t\t<div class=\"elementor-element elementor-element-8a81579 elementor-widget elementor-widget-image\" data-id=\"8a81579\" data-element_type=\"widget\" data-e-type=\"widget\" data-widget_type=\"image.default\">\n\t\t\t\t<div class=\"elementor-widget-container\">\n\t\t\t\t\t\t\t\t\t\t\t\t\t\t\t<img decoding=\"async\" width=\"800\" height=\"534\" src=\"https:\/\/rheinhessenblog.de\/wp-content\/uploads\/2025\/05\/RheinRadeln_Bilder_28_Credits_\u00a9Rudolf-Uhrig-1024x684.jpg\" class=\"attachment-large size-large wp-image-16219\" alt=\"\" srcset=\"https:\/\/rheinhessenblog.de\/wp-content\/uploads\/2025\/05\/RheinRadeln_Bilder_28_Credits_\u00a9Rudolf-Uhrig-1024x684.jpg 1024w, https:\/\/rheinhessenblog.de\/wp-content\/uploads\/2025\/05\/RheinRadeln_Bilder_28_Credits_\u00a9Rudolf-Uhrig-300x201.jpg 300w, https:\/\/rheinhessenblog.de\/wp-content\/uploads\/2025\/05\/RheinRadeln_Bilder_28_Credits_\u00a9Rudolf-Uhrig-768x513.jpg 768w, https:\/\/rheinhessenblog.de\/wp-content\/uploads\/2025\/05\/RheinRadeln_Bilder_28_Credits_\u00a9Rudolf-Uhrig-1536x1027.jpg 1536w, https:\/\/rheinhessenblog.de\/wp-content\/uploads\/2025\/05\/RheinRadeln_Bilder_28_Credits_\u00a9Rudolf-Uhrig-2048x1369.jpg 2048w, https:\/\/rheinhessenblog.de\/wp-content\/uploads\/2025\/05\/RheinRadeln_Bilder_28_Credits_\u00a9Rudolf-Uhrig-18x12.jpg 18w\" sizes=\"(max-width: 800px) 100vw, 800px\" \/>\t\t\t\t\t\t\t\t\t\t\t\t\t\t\t<\/div>\n\t\t\t\t<\/div>\n\t\t\t\t\t<\/div>\n\t\t\t\t<\/div>\n\t\t<div class=\"elementor-element elementor-element-fe6db10 e-flex e-con-boxed e-con e-parent\" data-id=\"fe6db10\" data-element_type=\"container\" data-e-type=\"container\" data-settings=\"{&quot;_ha_eqh_enable&quot;:false}\">\n\t\t\t\t\t<div class=\"e-con-inner\">\n\t\t\t\t<div class=\"elementor-element elementor-element-8c1de36 elementor-widget elementor-widget-heading\" data-id=\"8c1de36\" data-element_type=\"widget\" data-e-type=\"widget\" data-widget_type=\"heading.default\">\n\t\t\t\t<div class=\"elementor-widget-container\">\n\t\t\t\t\t<h3 class=\"elementor-heading-title elementor-size-default\">Trullo-fietstocht: de traditionele - voor wie onderweg wil genieten<\/h3>\t\t\t\t<\/div>\n\t\t\t\t<\/div>\n\t\t\t\t\t<\/div>\n\t\t\t\t<\/div>\n\t\t<div class=\"elementor-element elementor-element-165a6d6 e-flex e-con-boxed e-con e-parent\" data-id=\"165a6d6\" data-element_type=\"container\" data-e-type=\"container\" data-settings=\"{&quot;_ha_eqh_enable&quot;:false}\">\n\t\t\t\t\t<div class=\"e-con-inner\">\n\t\t\t\t<div class=\"elementor-element elementor-element-29f8b02 elementor-widget elementor-widget-text-editor\" data-id=\"29f8b02\" data-element_type=\"widget\" data-e-type=\"widget\" data-widget_type=\"text-editor.default\">\n\t\t\t\t<div class=\"elementor-widget-container\">\n\t\t\t\t\t\t\t\t\t<p>Rheinhessen heeft zijn eigen bijzonderheden. E\u00e9n daarvan: kleine witte ronde gebouwen genaamd \"Trullo\", die vroeger de arbeiders beschutting boden tegen zon en regen midden in de wijngaard. Je vindt een paar goed bewaard gebleven exemplaren in het zuiden van Rheinhessen. De Trullo-fietstocht voert je precies door dit gebied rond Fl\u00f6rsheim-Dalsheim en in de Pfalz - mooi, rustig en prachtig.<\/p><p>De tocht is goed te doen en de wijn- en culinaire stops zijn de moeite waard. Veel mensen nemen een picknickkleed mee, drinken onderweg wat en kunnen gewoon ontspannen. Vaak is dat alles wat je nodig hebt.<\/p><p><strong>Afspraak gemist? - Mijn tip:<\/strong> Het is de moeite waard om een rondleiding te nemen buiten het evenement om - dan is het echt rustig. Gebruik hiervoor onze tourtip <a href=\"https:\/\/www.rheinhessen.de\/radtourentipps\/tour-de-worms\" target=\"_blank\" rel=\"noopener\">\"Tour de Worms<\/a>. Maar op de dag van het evenement is er natuurlijk meer sfeer en meer wijn om uit te kiezen.<\/p><p><strong>Wanneer en waar:<\/strong><br \/>Elk jaar in het derde weekend van juni, <a href=\"https:\/\/www.rheinhessen.de\/die-trullo-radwanderung\" target=\"_blank\" rel=\"noopener\">2026 op 21 juni van 11.00 tot 18.00 uur in Monsheim.<\/a><\/p>\t\t\t\t\t\t\t\t<\/div>\n\t\t\t\t<\/div>\n\t\t\t\t\t<\/div>\n\t\t\t\t<\/div>\n\t\t<div class=\"elementor-element elementor-element-b2c2f9b e-flex e-con-boxed e-con e-parent\" data-id=\"b2c2f9b\" data-element_type=\"container\" data-e-type=\"container\" data-settings=\"{&quot;_ha_eqh_enable&quot;:false}\">\n\t\t\t\t\t<div class=\"e-con-inner\">\n\t\t\t\t<div class=\"elementor-element elementor-element-9479544 elementor-widget elementor-widget-image\" data-id=\"9479544\" data-element_type=\"widget\" data-e-type=\"widget\" data-widget_type=\"image.default\">\n\t\t\t\t<div class=\"elementor-widget-container\">\n\t\t\t\t\t\t\t\t\t\t\t\t\t\t\t<img decoding=\"async\" width=\"800\" height=\"534\" src=\"https:\/\/rheinhessenblog.de\/wp-content\/uploads\/2025\/05\/Trullo-Radwanderung-1c-Carsten-Costard-1024x683.jpg\" class=\"attachment-large size-large wp-image-16214\" alt=\"\" srcset=\"https:\/\/rheinhessenblog.de\/wp-content\/uploads\/2025\/05\/Trullo-Radwanderung-1c-Carsten-Costard-1024x683.jpg 1024w, https:\/\/rheinhessenblog.de\/wp-content\/uploads\/2025\/05\/Trullo-Radwanderung-1c-Carsten-Costard-300x200.jpg 300w, https:\/\/rheinhessenblog.de\/wp-content\/uploads\/2025\/05\/Trullo-Radwanderung-1c-Carsten-Costard-768x512.jpg 768w, https:\/\/rheinhessenblog.de\/wp-content\/uploads\/2025\/05\/Trullo-Radwanderung-1c-Carsten-Costard-18x12.jpg 18w, https:\/\/rheinhessenblog.de\/wp-content\/uploads\/2025\/05\/Trullo-Radwanderung-1c-Carsten-Costard.jpg 1512w\" sizes=\"(max-width: 800px) 100vw, 800px\" \/>\t\t\t\t\t\t\t\t\t\t\t\t\t\t\t<\/div>\n\t\t\t\t<\/div>\n\t\t\t\t\t<\/div>\n\t\t\t\t<\/div>\n\t\t<div class=\"elementor-element elementor-element-94a6cbb e-flex e-con-boxed e-con e-parent\" data-id=\"94a6cbb\" data-element_type=\"container\" data-e-type=\"container\" data-settings=\"{&quot;_ha_eqh_enable&quot;:false}\">\n\t\t\t\t\t<div class=\"e-con-inner\">\n\t\t\t\t<div class=\"elementor-element elementor-element-05d4130 elementor-widget elementor-widget-image\" data-id=\"05d4130\" data-element_type=\"widget\" data-e-type=\"widget\" data-widget_type=\"image.default\">\n\t\t\t\t<div class=\"elementor-widget-container\">\n\t\t\t\t\t\t\t\t\t\t\t\t\t\t\t<img loading=\"lazy\" decoding=\"async\" width=\"800\" height=\"600\" src=\"https:\/\/rheinhessenblog.de\/wp-content\/uploads\/2025\/05\/Trullo-Radwanderung-2c-M.Bernhardt--1024x768.jpg\" class=\"attachment-large size-large wp-image-16215\" alt=\"\" srcset=\"https:\/\/rheinhessenblog.de\/wp-content\/uploads\/2025\/05\/Trullo-Radwanderung-2c-M.Bernhardt--1024x768.jpg 1024w, https:\/\/rheinhessenblog.de\/wp-content\/uploads\/2025\/05\/Trullo-Radwanderung-2c-M.Bernhardt--300x225.jpg 300w, https:\/\/rheinhessenblog.de\/wp-content\/uploads\/2025\/05\/Trullo-Radwanderung-2c-M.Bernhardt--768x576.jpg 768w, https:\/\/rheinhessenblog.de\/wp-content\/uploads\/2025\/05\/Trullo-Radwanderung-2c-M.Bernhardt--1536x1152.jpg 1536w, https:\/\/rheinhessenblog.de\/wp-content\/uploads\/2025\/05\/Trullo-Radwanderung-2c-M.Bernhardt--2048x1536.jpg 2048w, https:\/\/rheinhessenblog.de\/wp-content\/uploads\/2025\/05\/Trullo-Radwanderung-2c-M.Bernhardt--16x12.jpg 16w\" sizes=\"(max-width: 800px) 100vw, 800px\" \/>\t\t\t\t\t\t\t\t\t\t\t\t\t\t\t<\/div>\n\t\t\t\t<\/div>\n\t\t\t\t\t<\/div>\n\t\t\t\t<\/div>\n\t\t<div class=\"elementor-element elementor-element-73b7dfe e-flex e-con-boxed e-con e-parent\" data-id=\"73b7dfe\" data-element_type=\"container\" data-e-type=\"container\" data-settings=\"{&quot;_ha_eqh_enable&quot;:false}\">\n\t\t\t\t\t<div class=\"e-con-inner\">\n\t\t\t\t<div class=\"elementor-element elementor-element-aca020b elementor-widget elementor-widget-heading\" data-id=\"aca020b\" data-element_type=\"widget\" data-e-type=\"widget\" data-widget_type=\"heading.default\">\n\t\t\t\t<div class=\"elementor-widget-container\">\n\t\t\t\t\t<h3 class=\"elementor-heading-title elementor-size-default\">Sattelfest in het Zellertal: Het onbekende - voor wie graag over grenzen fietst<\/h3>\t\t\t\t<\/div>\n\t\t\t\t<\/div>\n\t\t\t\t\t<\/div>\n\t\t\t\t<\/div>\n\t\t<div class=\"elementor-element elementor-element-4c8f946 e-flex e-con-boxed e-con e-parent\" data-id=\"4c8f946\" data-element_type=\"container\" data-e-type=\"container\" data-settings=\"{&quot;_ha_eqh_enable&quot;:false}\">\n\t\t\t\t\t<div class=\"e-con-inner\">\n\t\t\t\t<div class=\"elementor-element elementor-element-3ded75a elementor-widget elementor-widget-text-editor\" data-id=\"3ded75a\" data-element_type=\"widget\" data-e-type=\"widget\" data-widget_type=\"text-editor.default\">\n\t\t\t\t<div class=\"elementor-widget-container\">\n\t\t\t\t\t\t\t\t\t<p>Niet iedereen kent het Zellertal - eigenlijk jammer. Tussen Monsheim en Marnheim viert het Sattelfest juist dit gebied. Fiets ongeveer 30 kilometer van Rheinhessen naar de Pfalz door het idyllische schilderachtige landschap van de regio Wonnegau met zijn verre uitzichten, kleine boerderijen en vele open deuren. Op het Sattelfest is het motto \"opzadelen\", lekker laten rollen en de tijd nemen voor een tussenstop of twee: Wijnhuizen nodigen je uit, er zijn barbecue- en gebaksbuffetten, uientaart, zelfgemaakte limonade en natuurlijk Weck, Worscht en Woi - en dat alles in een behoorlijk ontspannen sfeer.<\/p><p>Wat leuk is, is dat het geen door en door gestyled evenement is en dat elk station zijn eigen kant laat zien en dat je er middenin zit.<\/p><p><strong>Tip voor een omweg:<\/strong> Als je kracht in je benen of e-bike motor hebt, is het de moeite waard om een omweg te maken naar de wijnstop in M\u00f6lsheim boven de hoofdroute - een tafel, een glas, een beetje schaduw en een geweldig uitzicht. En later is het een ontspannen rit terug naar Zellertal.<\/p><p><strong>Wanneer en waar:<\/strong><br \/>Elk jaar in september, <a href=\"https:\/\/www.rheinhessen.de\/e-sattelfest-auf-dem-zellertal-radweg-2026\" target=\"_blank\" rel=\"noopener\">2026 op 13 september van 11 tot 19 uur.<\/a><\/p>\t\t\t\t\t\t\t\t<\/div>\n\t\t\t\t<\/div>\n\t\t\t\t\t<\/div>\n\t\t\t\t<\/div>\n\t\t<div class=\"elementor-element elementor-element-64b4b2a e-flex e-con-boxed e-con e-parent\" data-id=\"64b4b2a\" data-element_type=\"container\" data-e-type=\"container\" data-settings=\"{&quot;_ha_eqh_enable&quot;:false}\">\n\t\t\t\t\t<div class=\"e-con-inner\">\n\t\t\t\t<div class=\"elementor-element elementor-element-69e1587 elementor-widget elementor-widget-image\" data-id=\"69e1587\" data-element_type=\"widget\" data-e-type=\"widget\" data-widget_type=\"image.default\">\n\t\t\t\t<div class=\"elementor-widget-container\">\n\t\t\t\t\t\t\t\t\t\t\t\t\t\t\t<img loading=\"lazy\" decoding=\"async\" width=\"800\" height=\"534\" src=\"https:\/\/rheinhessenblog.de\/wp-content\/uploads\/2025\/05\/Sattelfest-2c-RHT-1024x683.jpg\" class=\"attachment-large size-large wp-image-16220\" alt=\"\" srcset=\"https:\/\/rheinhessenblog.de\/wp-content\/uploads\/2025\/05\/Sattelfest-2c-RHT-1024x683.jpg 1024w, https:\/\/rheinhessenblog.de\/wp-content\/uploads\/2025\/05\/Sattelfest-2c-RHT-300x200.jpg 300w, https:\/\/rheinhessenblog.de\/wp-content\/uploads\/2025\/05\/Sattelfest-2c-RHT-768x512.jpg 768w, https:\/\/rheinhessenblog.de\/wp-content\/uploads\/2025\/05\/Sattelfest-2c-RHT-1536x1024.jpg 1536w, https:\/\/rheinhessenblog.de\/wp-content\/uploads\/2025\/05\/Sattelfest-2c-RHT-2048x1365.jpg 2048w, https:\/\/rheinhessenblog.de\/wp-content\/uploads\/2025\/05\/Sattelfest-2c-RHT-18x12.jpg 18w\" sizes=\"(max-width: 800px) 100vw, 800px\" \/>\t\t\t\t\t\t\t\t\t\t\t\t\t\t\t<\/div>\n\t\t\t\t<\/div>\n\t\t\t\t\t<\/div>\n\t\t\t\t<\/div>\n\t\t<div class=\"elementor-element elementor-element-491cd7f e-flex e-con-boxed e-con e-parent\" data-id=\"491cd7f\" data-element_type=\"container\" data-e-type=\"container\" data-settings=\"{&quot;_ha_eqh_enable&quot;:false}\">\n\t\t\t\t\t<div class=\"e-con-inner\">\n\t\t\t\t<div class=\"elementor-element elementor-element-dcab0b6 elementor-skin-carousel elementor-arrows-yes elementor-pagination-type-bullets elementor-pagination-position-outside elementor-widget elementor-widget-media-carousel\" data-id=\"dcab0b6\" data-element_type=\"widget\" data-e-type=\"widget\" data-settings=\"{&quot;slides_per_view&quot;:&quot;2&quot;,&quot;skin&quot;:&quot;carousel&quot;,&quot;effect&quot;:&quot;slide&quot;,&quot;show_arrows&quot;:&quot;yes&quot;,&quot;pagination&quot;:&quot;bullets&quot;,&quot;speed&quot;:500,&quot;autoplay&quot;:&quot;yes&quot;,&quot;autoplay_speed&quot;:5000,&quot;loop&quot;:&quot;yes&quot;,&quot;pause_on_hover&quot;:&quot;yes&quot;,&quot;pause_on_interaction&quot;:&quot;yes&quot;,&quot;space_between&quot;:{&quot;unit&quot;:&quot;px&quot;,&quot;size&quot;:10,&quot;sizes&quot;:[]},&quot;space_between_laptop&quot;:{&quot;unit&quot;:&quot;px&quot;,&quot;size&quot;:10,&quot;sizes&quot;:[]},&quot;space_between_tablet&quot;:{&quot;unit&quot;:&quot;px&quot;,&quot;size&quot;:10,&quot;sizes&quot;:[]},&quot;space_between_mobile&quot;:{&quot;unit&quot;:&quot;px&quot;,&quot;size&quot;:10,&quot;sizes&quot;:[]}}\" data-widget_type=\"media-carousel.default\">\n\t\t\t\t<div class=\"elementor-widget-container\">\n\t\t\t\t\t\t\t\t\t<div class=\"elementor-swiper\">\n\t\t\t\t\t<div class=\"elementor-main-swiper swiper\" role=\"region\" aria-roledescription=\"carousel\" aria-label=\"Schuifregelaar\">\n\t\t\t\t<div class=\"swiper-wrapper\">\n\t\t\t\t\t\t\t\t\t\t\t<div class=\"swiper-slide\" role=\"group\" aria-roledescription=\"slide\">\n\t\t\t\t\t\t\t\t\t<div class=\"elementor-carousel-image\" role=\"img\" aria-label=\"Zadelpasvorm (7)(c) Bremer\" style=\"background-image: url(&#039;https:\/\/rheinhessenblog.de\/wp-content\/uploads\/2025\/05\/Sattelfest-7c-Bremer.jpg&#039;)\">\n\n\t\t\t\n\t\t\t\t\t<\/div>\n\t\t\t\t\t\t\t\t<\/div>\n\t\t\t\t\t\t\t\t\t\t\t<div class=\"swiper-slide\" role=\"group\" aria-roledescription=\"slide\">\n\t\t\t\t\t\t\t\t\t<div class=\"elementor-carousel-image\" role=\"img\" aria-label=\"Zadelpasvorm (4)(c) RHT\" style=\"background-image: url(&#039;https:\/\/rheinhessenblog.de\/wp-content\/uploads\/2025\/05\/Sattelfest-4c-RHT-scaled.jpg&#039;)\">\n\n\t\t\t\n\t\t\t\t\t<\/div>\n\t\t\t\t\t\t\t\t<\/div>\n\t\t\t\t\t\t\t\t\t\t\t<div class=\"swiper-slide\" role=\"group\" aria-roledescription=\"slide\">\n\t\t\t\t\t\t\t\t\t<div class=\"elementor-carousel-image\" role=\"img\" aria-label=\"Zadelpasvorm (6)(c) RHT\" style=\"background-image: url(&#039;https:\/\/rheinhessenblog.de\/wp-content\/uploads\/2025\/05\/Sattelfest-6c-RHT-scaled.jpg&#039;)\">\n\n\t\t\t\n\t\t\t\t\t<\/div>\n\t\t\t\t\t\t\t\t<\/div>\n\t\t\t\t\t\t\t\t\t\t\t<div class=\"swiper-slide\" role=\"group\" aria-roledescription=\"slide\">\n\t\t\t\t\t\t\t\t\t<div class=\"elementor-carousel-image\" role=\"img\" aria-label=\"Zadelpasvorm (5)(c) RHT\" style=\"background-image: url(&#039;https:\/\/rheinhessenblog.de\/wp-content\/uploads\/2025\/05\/Sattelfest-5c-RHT-scaled.jpg&#039;)\">\n\n\t\t\t\n\t\t\t\t\t<\/div>\n\t\t\t\t\t\t\t\t<\/div>\n\t\t\t\t\t\t\t\t\t\t\t<div class=\"swiper-slide\" role=\"group\" aria-roledescription=\"slide\">\n\t\t\t\t\t\t\t\t\t<div class=\"elementor-carousel-image\" role=\"img\" aria-label=\"Nibelungegraveride (1)(c) Rokitta\" style=\"background-image: url(&#039;https:\/\/rheinhessenblog.de\/wp-content\/uploads\/2025\/05\/Nibelungegraveride-1c-Rokitta-scaled.jpg&#039;)\">\n\n\t\t\t\n\t\t\t\t\t<\/div>\n\t\t\t\t\t\t\t\t<\/div>\n\t\t\t\t\t\t\t\t\t\t\t<div class=\"swiper-slide\" role=\"group\" aria-roledescription=\"slide\">\n\t\t\t\t\t\t\t\t\t<div class=\"elementor-carousel-image\" role=\"img\" aria-label=\"Zadelpasvorm (3)(c) RHT\" style=\"background-image: url(&#039;https:\/\/rheinhessenblog.de\/wp-content\/uploads\/2025\/05\/Sattelfest-3c-RHT-scaled.jpg&#039;)\">\n\n\t\t\t\n\t\t\t\t\t<\/div>\n\t\t\t\t\t\t\t\t<\/div>\n\t\t\t\t\t\t\t\t\t<\/div>\n\t\t\t\t\t\t\t\t\t\t\t\t\t\t\t<div class=\"elementor-swiper-button elementor-swiper-button-prev\" role=\"button\" tabindex=\"0\" aria-label=\"Previous\" data-no-translation-aria-label=\"\">\n\t\t\t\t\t\t\t<i aria-hidden=\"true\" class=\"eicon-chevron-left\"><\/i>\t\t\t\t\t\t<\/div>\n\t\t\t\t\t\t<div class=\"elementor-swiper-button elementor-swiper-button-next\" role=\"button\" tabindex=\"0\" aria-label=\"Next\" data-no-translation-aria-label=\"\">\n\t\t\t\t\t\t\t<i aria-hidden=\"true\" class=\"eicon-chevron-right\"><\/i>\t\t\t\t\t\t<\/div>\n\t\t\t\t\t\t\t\t\t\t\t\t\t\t\t\t<div class=\"swiper-pagination\"><\/div>\n\t\t\t\t\t\t\t\t\t\t\t\t<\/div>\n\t\t\t\t<\/div>\n\t\t\t\t\t\t\t\t<\/div>\n\t\t\t\t<\/div>\n\t\t\t\t\t<\/div>\n\t\t\t\t<\/div>\n\t\t<div class=\"elementor-element elementor-element-a3f828e e-flex e-con-boxed e-con e-parent\" data-id=\"a3f828e\" data-element_type=\"container\" data-e-type=\"container\" data-settings=\"{&quot;_ha_eqh_enable&quot;:false}\">\n\t\t\t\t\t<div class=\"e-con-inner\">\n\t\t\t\t<div class=\"elementor-element elementor-element-9c2e09e elementor-widget elementor-widget-heading\" data-id=\"9c2e09e\" data-element_type=\"widget\" data-e-type=\"widget\" data-widget_type=\"heading.default\">\n\t\t\t\t<div class=\"elementor-widget-container\">\n\t\t\t\t\t<h3 class=\"elementor-heading-title elementor-size-default\">Mijn conclusie: drie evenementen, drie werelden - allemaal op twee wielen<\/h3>\t\t\t\t<\/div>\n\t\t\t\t<\/div>\n\t\t\t\t\t<\/div>\n\t\t\t\t<\/div>\n\t\t<div class=\"elementor-element elementor-element-8a6d753 e-flex e-con-boxed e-con e-parent\" data-id=\"8a6d753\" data-element_type=\"container\" data-e-type=\"container\" data-settings=\"{&quot;_ha_eqh_enable&quot;:false}\">\n\t\t\t\t\t<div class=\"e-con-inner\">\n\t\t\t\t<div class=\"elementor-element elementor-element-fd4449b elementor-widget elementor-widget-text-editor\" data-id=\"fd4449b\" data-element_type=\"widget\" data-e-type=\"widget\" data-widget_type=\"text-editor.default\">\n\t\t\t\t<div class=\"elementor-widget-container\">\n\t\t\t\t\t\t\t\t\t<p>Wat zal je bijblijven? Welk evenement ook bij je past - in Rheinhessen kun je zien hoe natuurlijk fietsen hand in hand gaat met alle andere leuke dingen in het leven. Het gaat hier niet om afstand of snelheid. Hier gaat het erom het landschap te voelen, mensen te ontmoeten, diep adem te halen en te genieten van de natuur. En op welke route je ook terechtkomt - er is altijd een beetje vooruitziendheid bij!<\/p>\t\t\t\t\t\t\t\t<\/div>\n\t\t\t\t<\/div>\n\t\t\t\t\t<\/div>\n\t\t\t\t<\/div>\n\t\t\t\t<\/div>","protected":false},"excerpt":{"rendered":"<p>Dieser Beitrag wurde am 30.03.2026 aktualisiert. Drei Radevents zwischen Weinberg, Waldweg und Weinstand \u2013 mal sportlich, mal gem\u00fctlich, immer ein bisschen Volksfest und ganz viel Zusammensein &#8211; Rheinhessen ist f\u00fcr mich wie gemacht f\u00fcrs Radfahren. Es gibt hier keine dramatischen H\u00f6henmeter, daf\u00fcr offene Landschaft und weite Blicke, kleine \u00dcberraschungen am Wegesrand, gute Weine und meistens [&hellip;]<\/p>\n","protected":false},"author":27,"featured_media":16218,"comment_status":"open","ping_status":"closed","sticky":false,"template":"","format":"standard","meta":{"_acf_changed":false,"footnotes":""},"categories":[317],"tags":[],"class_list":["post-16207","post","type-post","status-publish","format-standard","has-post-thumbnail","hentry","category-radfahren"],"acf":{"":null},"yoast_head":"<!-- This site is optimized with the Yoast SEO plugin v27.4 - https:\/\/yoast.com\/product\/yoast-seo-wordpress\/ -->\n<title>Radevents in Rheinhessen \u2013Rheinhessen feiert das Radfahren - Rheinhessen-Blog<\/title>\n<meta name=\"description\" content=\"Vier Radevents in Rheinhessen - von sportlich bis gem\u00fctlich, zwischen Rhein und Reben Entspannung und rheinhessisches Lebensgef\u00fchl genie\u00dfen.\" \/>\n<meta name=\"robots\" content=\"index, follow, max-snippet:-1, max-image-preview:large, max-video-preview:-1\" \/>\n<link rel=\"canonical\" href=\"https:\/\/rheinhessenblog.de\/nl\/fietsevenementen-in-rheinhessen-rheinhessen-viert-fietsen\/\" \/>\n<meta property=\"og:locale\" content=\"nl_NL\" \/>\n<meta property=\"og:type\" content=\"article\" \/>\n<meta property=\"og:title\" content=\"Radevents in Rheinhessen \u2013Rheinhessen feiert das Radfahren - Rheinhessen-Blog\" \/>\n<meta property=\"og:description\" content=\"Vier Radevents in Rheinhessen - von sportlich bis gem\u00fctlich, zwischen Rhein und Reben Entspannung und rheinhessisches Lebensgef\u00fchl genie\u00dfen.\" \/>\n<meta property=\"og:url\" content=\"https:\/\/rheinhessenblog.de\/nl\/fietsevenementen-in-rheinhessen-rheinhessen-viert-fietsen\/\" \/>\n<meta property=\"og:site_name\" content=\"Rheinhessen-Blog\" \/>\n<meta property=\"article:published_time\" content=\"2025-05-12T11:20:26+00:00\" \/>\n<meta property=\"article:modified_time\" content=\"2026-04-13T12:57:24+00:00\" \/>\n<meta property=\"og:image\" content=\"https:\/\/rheinhessenblog.de\/wp-content\/uploads\/2025\/05\/RheinRadeln_Bilder_02__Credits_\u00a9www.inmedia.info_-scaled.jpg\" \/>\n\t<meta property=\"og:image:width\" content=\"2560\" \/>\n\t<meta property=\"og:image:height\" content=\"1711\" \/>\n\t<meta property=\"og:image:type\" content=\"image\/jpeg\" \/>\n<meta name=\"author\" content=\"Karen J\u00e4ger\" \/>\n<meta name=\"twitter:card\" content=\"summary_large_image\" \/>\n<meta name=\"twitter:label1\" content=\"Geschreven door\" \/>\n\t<meta name=\"twitter:data1\" content=\"Karen J\u00e4ger\" \/>\n\t<meta name=\"twitter:label2\" content=\"Geschatte leestijd\" \/>\n\t<meta name=\"twitter:data2\" content=\"5 minuten\" \/>\n<script type=\"application\/ld+json\" class=\"yoast-schema-graph\">{\"@context\":\"https:\\\/\\\/schema.org\",\"@graph\":[{\"@type\":\"Article\",\"@id\":\"https:\\\/\\\/rheinhessenblog.de\\\/radevents-in-rheinhessen-rheinhessen-feiert-das-radfahren\\\/#article\",\"isPartOf\":{\"@id\":\"https:\\\/\\\/rheinhessenblog.de\\\/radevents-in-rheinhessen-rheinhessen-feiert-das-radfahren\\\/\"},\"author\":{\"name\":\"Karen J\u00e4ger\",\"@id\":\"https:\\\/\\\/rheinhessenblog.de\\\/#\\\/schema\\\/person\\\/75322fe168f5343f6b0aef6328daf90e\"},\"headline\":\"Radevents in Rheinhessen \u2013Rheinhessen feiert das Radfahren\",\"datePublished\":\"2025-05-12T11:20:26+00:00\",\"dateModified\":\"2026-04-13T12:57:24+00:00\",\"mainEntityOfPage\":{\"@id\":\"https:\\\/\\\/rheinhessenblog.de\\\/radevents-in-rheinhessen-rheinhessen-feiert-das-radfahren\\\/\"},\"wordCount\":720,\"commentCount\":0,\"publisher\":{\"@id\":\"https:\\\/\\\/rheinhessenblog.de\\\/#organization\"},\"image\":{\"@id\":\"https:\\\/\\\/rheinhessenblog.de\\\/radevents-in-rheinhessen-rheinhessen-feiert-das-radfahren\\\/#primaryimage\"},\"thumbnailUrl\":\"https:\\\/\\\/rheinhessenblog.de\\\/wp-content\\\/uploads\\\/2025\\\/05\\\/RheinRadeln_Bilder_02__Credits_\u00a9www.inmedia.info_-scaled.jpg\",\"articleSection\":[\"Radfahren\"],\"inLanguage\":\"nl-NL\",\"potentialAction\":[{\"@type\":\"CommentAction\",\"name\":\"Comment\",\"target\":[\"https:\\\/\\\/rheinhessenblog.de\\\/radevents-in-rheinhessen-rheinhessen-feiert-das-radfahren\\\/#respond\"]}]},{\"@type\":\"WebPage\",\"@id\":\"https:\\\/\\\/rheinhessenblog.de\\\/radevents-in-rheinhessen-rheinhessen-feiert-das-radfahren\\\/\",\"url\":\"https:\\\/\\\/rheinhessenblog.de\\\/radevents-in-rheinhessen-rheinhessen-feiert-das-radfahren\\\/\",\"name\":\"Radevents in Rheinhessen \u2013Rheinhessen feiert das Radfahren - Rheinhessen-Blog\",\"isPartOf\":{\"@id\":\"https:\\\/\\\/rheinhessenblog.de\\\/#website\"},\"primaryImageOfPage\":{\"@id\":\"https:\\\/\\\/rheinhessenblog.de\\\/radevents-in-rheinhessen-rheinhessen-feiert-das-radfahren\\\/#primaryimage\"},\"image\":{\"@id\":\"https:\\\/\\\/rheinhessenblog.de\\\/radevents-in-rheinhessen-rheinhessen-feiert-das-radfahren\\\/#primaryimage\"},\"thumbnailUrl\":\"https:\\\/\\\/rheinhessenblog.de\\\/wp-content\\\/uploads\\\/2025\\\/05\\\/RheinRadeln_Bilder_02__Credits_\u00a9www.inmedia.info_-scaled.jpg\",\"datePublished\":\"2025-05-12T11:20:26+00:00\",\"dateModified\":\"2026-04-13T12:57:24+00:00\",\"description\":\"Vier Radevents in Rheinhessen - von sportlich bis gem\u00fctlich, zwischen Rhein und Reben Entspannung und rheinhessisches Lebensgef\u00fchl genie\u00dfen.\",\"breadcrumb\":{\"@id\":\"https:\\\/\\\/rheinhessenblog.de\\\/radevents-in-rheinhessen-rheinhessen-feiert-das-radfahren\\\/#breadcrumb\"},\"inLanguage\":\"nl-NL\",\"potentialAction\":[{\"@type\":\"ReadAction\",\"target\":[\"https:\\\/\\\/rheinhessenblog.de\\\/radevents-in-rheinhessen-rheinhessen-feiert-das-radfahren\\\/\"]}]},{\"@type\":\"ImageObject\",\"inLanguage\":\"nl-NL\",\"@id\":\"https:\\\/\\\/rheinhessenblog.de\\\/radevents-in-rheinhessen-rheinhessen-feiert-das-radfahren\\\/#primaryimage\",\"url\":\"https:\\\/\\\/rheinhessenblog.de\\\/wp-content\\\/uploads\\\/2025\\\/05\\\/RheinRadeln_Bilder_02__Credits_\u00a9www.inmedia.info_-scaled.jpg\",\"contentUrl\":\"https:\\\/\\\/rheinhessenblog.de\\\/wp-content\\\/uploads\\\/2025\\\/05\\\/RheinRadeln_Bilder_02__Credits_\u00a9www.inmedia.info_-scaled.jpg\",\"width\":2560,\"height\":1711},{\"@type\":\"BreadcrumbList\",\"@id\":\"https:\\\/\\\/rheinhessenblog.de\\\/radevents-in-rheinhessen-rheinhessen-feiert-das-radfahren\\\/#breadcrumb\",\"itemListElement\":[{\"@type\":\"ListItem\",\"position\":1,\"name\":\"Startseite\",\"item\":\"https:\\\/\\\/rheinhessenblog.de\\\/\"},{\"@type\":\"ListItem\",\"position\":2,\"name\":\"Radevents in Rheinhessen \u2013Rheinhessen feiert das Radfahren\"}]},{\"@type\":\"WebSite\",\"@id\":\"https:\\\/\\\/rheinhessenblog.de\\\/#website\",\"url\":\"https:\\\/\\\/rheinhessenblog.de\\\/\",\"name\":\"Rheinhessen-Blog\",\"description\":\"\",\"publisher\":{\"@id\":\"https:\\\/\\\/rheinhessenblog.de\\\/#organization\"},\"potentialAction\":[{\"@type\":\"SearchAction\",\"target\":{\"@type\":\"EntryPoint\",\"urlTemplate\":\"https:\\\/\\\/rheinhessenblog.de\\\/?s={search_term_string}\"},\"query-input\":{\"@type\":\"PropertyValueSpecification\",\"valueRequired\":true,\"valueName\":\"search_term_string\"}}],\"inLanguage\":\"nl-NL\"},{\"@type\":\"Organization\",\"@id\":\"https:\\\/\\\/rheinhessenblog.de\\\/#organization\",\"name\":\"Rheinhessen-Blog\",\"url\":\"https:\\\/\\\/rheinhessenblog.de\\\/\",\"logo\":{\"@type\":\"ImageObject\",\"inLanguage\":\"nl-NL\",\"@id\":\"https:\\\/\\\/rheinhessenblog.de\\\/#\\\/schema\\\/logo\\\/image\\\/\",\"url\":\"https:\\\/\\\/rheinhessenblog.de\\\/wp-content\\\/uploads\\\/2023\\\/07\\\/Rheinhessenlogo.svg\",\"contentUrl\":\"https:\\\/\\\/rheinhessenblog.de\\\/wp-content\\\/uploads\\\/2023\\\/07\\\/Rheinhessenlogo.svg\",\"width\":85,\"height\":26,\"caption\":\"Rheinhessen-Blog\"},\"image\":{\"@id\":\"https:\\\/\\\/rheinhessenblog.de\\\/#\\\/schema\\\/logo\\\/image\\\/\"}},{\"@type\":\"Person\",\"@id\":\"https:\\\/\\\/rheinhessenblog.de\\\/#\\\/schema\\\/person\\\/75322fe168f5343f6b0aef6328daf90e\",\"name\":\"Karen J\u00e4ger\",\"description\":\"Wo man auf zwei R\u00e4dern unterwegs sein kann, interessiert mich ganz besonders. Aber auch sonst bin ich gern aktiv. Hauptsache es geht raus in die Natur!\",\"url\":\"https:\\\/\\\/rheinhessenblog.de\\\/nl\\\/author\\\/jaeger\\\/\"}]}<\/script>\n<!-- \/ Yoast SEO plugin. -->","yoast_head_json":{"title":"Wielerevenementen in Rheinhessen - Rheinhessen viert fietsen - Rheinhessen-Blog","description":"Vier fietsevenementen in Rheinhessen - van sportief tot ontspannend, geniet van ontspanning en de Rheinhessense levensstijl tussen de Rijn en de wijngaarden.","robots":{"index":"index","follow":"follow","max-snippet":"max-snippet:-1","max-image-preview":"max-image-preview:large","max-video-preview":"max-video-preview:-1"},"canonical":"https:\/\/rheinhessenblog.de\/nl\/fietsevenementen-in-rheinhessen-rheinhessen-viert-fietsen\/","og_locale":"nl_NL","og_type":"article","og_title":"Radevents in Rheinhessen \u2013Rheinhessen feiert das Radfahren - Rheinhessen-Blog","og_description":"Vier Radevents in Rheinhessen - von sportlich bis gem\u00fctlich, zwischen Rhein und Reben Entspannung und rheinhessisches Lebensgef\u00fchl genie\u00dfen.","og_url":"https:\/\/rheinhessenblog.de\/nl\/fietsevenementen-in-rheinhessen-rheinhessen-viert-fietsen\/","og_site_name":"Rheinhessen-Blog","article_published_time":"2025-05-12T11:20:26+00:00","article_modified_time":"2026-04-13T12:57:24+00:00","og_image":[{"width":2560,"height":1711,"url":"https:\/\/rheinhessenblog.de\/wp-content\/uploads\/2025\/05\/RheinRadeln_Bilder_02__Credits_\u00a9www.inmedia.info_-scaled.jpg","type":"image\/jpeg"}],"author":"Karen J\u00e4ger","twitter_card":"summary_large_image","twitter_misc":{"Geschreven door":"Karen J\u00e4ger","Geschatte leestijd":"5 minuten"},"schema":{"@context":"https:\/\/schema.org","@graph":[{"@type":"Article","@id":"https:\/\/rheinhessenblog.de\/radevents-in-rheinhessen-rheinhessen-feiert-das-radfahren\/#article","isPartOf":{"@id":"https:\/\/rheinhessenblog.de\/radevents-in-rheinhessen-rheinhessen-feiert-das-radfahren\/"},"author":{"name":"Karen J\u00e4ger","@id":"https:\/\/rheinhessenblog.de\/#\/schema\/person\/75322fe168f5343f6b0aef6328daf90e"},"headline":"Radevents in Rheinhessen \u2013Rheinhessen feiert das Radfahren","datePublished":"2025-05-12T11:20:26+00:00","dateModified":"2026-04-13T12:57:24+00:00","mainEntityOfPage":{"@id":"https:\/\/rheinhessenblog.de\/radevents-in-rheinhessen-rheinhessen-feiert-das-radfahren\/"},"wordCount":720,"commentCount":0,"publisher":{"@id":"https:\/\/rheinhessenblog.de\/#organization"},"image":{"@id":"https:\/\/rheinhessenblog.de\/radevents-in-rheinhessen-rheinhessen-feiert-das-radfahren\/#primaryimage"},"thumbnailUrl":"https:\/\/rheinhessenblog.de\/wp-content\/uploads\/2025\/05\/RheinRadeln_Bilder_02__Credits_\u00a9www.inmedia.info_-scaled.jpg","articleSection":["Radfahren"],"inLanguage":"nl-NL","potentialAction":[{"@type":"CommentAction","name":"Comment","target":["https:\/\/rheinhessenblog.de\/radevents-in-rheinhessen-rheinhessen-feiert-das-radfahren\/#respond"]}]},{"@type":"WebPage","@id":"https:\/\/rheinhessenblog.de\/radevents-in-rheinhessen-rheinhessen-feiert-das-radfahren\/","url":"https:\/\/rheinhessenblog.de\/radevents-in-rheinhessen-rheinhessen-feiert-das-radfahren\/","name":"Wielerevenementen in Rheinhessen - Rheinhessen viert fietsen - Rheinhessen-Blog","isPartOf":{"@id":"https:\/\/rheinhessenblog.de\/#website"},"primaryImageOfPage":{"@id":"https:\/\/rheinhessenblog.de\/radevents-in-rheinhessen-rheinhessen-feiert-das-radfahren\/#primaryimage"},"image":{"@id":"https:\/\/rheinhessenblog.de\/radevents-in-rheinhessen-rheinhessen-feiert-das-radfahren\/#primaryimage"},"thumbnailUrl":"https:\/\/rheinhessenblog.de\/wp-content\/uploads\/2025\/05\/RheinRadeln_Bilder_02__Credits_\u00a9www.inmedia.info_-scaled.jpg","datePublished":"2025-05-12T11:20:26+00:00","dateModified":"2026-04-13T12:57:24+00:00","description":"Vier fietsevenementen in Rheinhessen - van sportief tot ontspannend, geniet van ontspanning en de Rheinhessense levensstijl tussen de Rijn en de wijngaarden.","breadcrumb":{"@id":"https:\/\/rheinhessenblog.de\/radevents-in-rheinhessen-rheinhessen-feiert-das-radfahren\/#breadcrumb"},"inLanguage":"nl-NL","potentialAction":[{"@type":"ReadAction","target":["https:\/\/rheinhessenblog.de\/radevents-in-rheinhessen-rheinhessen-feiert-das-radfahren\/"]}]},{"@type":"ImageObject","inLanguage":"nl-NL","@id":"https:\/\/rheinhessenblog.de\/radevents-in-rheinhessen-rheinhessen-feiert-das-radfahren\/#primaryimage","url":"https:\/\/rheinhessenblog.de\/wp-content\/uploads\/2025\/05\/RheinRadeln_Bilder_02__Credits_\u00a9www.inmedia.info_-scaled.jpg","contentUrl":"https:\/\/rheinhessenblog.de\/wp-content\/uploads\/2025\/05\/RheinRadeln_Bilder_02__Credits_\u00a9www.inmedia.info_-scaled.jpg","width":2560,"height":1711},{"@type":"BreadcrumbList","@id":"https:\/\/rheinhessenblog.de\/radevents-in-rheinhessen-rheinhessen-feiert-das-radfahren\/#breadcrumb","itemListElement":[{"@type":"ListItem","position":1,"name":"Startseite","item":"https:\/\/rheinhessenblog.de\/"},{"@type":"ListItem","position":2,"name":"Radevents in Rheinhessen \u2013Rheinhessen feiert das Radfahren"}]},{"@type":"WebSite","@id":"https:\/\/rheinhessenblog.de\/#website","url":"https:\/\/rheinhessenblog.de\/","name":"Blog","description":"","publisher":{"@id":"https:\/\/rheinhessenblog.de\/#organization"},"potentialAction":[{"@type":"SearchAction","target":{"@type":"EntryPoint","urlTemplate":"https:\/\/rheinhessenblog.de\/?s={search_term_string}"},"query-input":{"@type":"PropertyValueSpecification","valueRequired":true,"valueName":"search_term_string"}}],"inLanguage":"nl-NL"},{"@type":"Organization","@id":"https:\/\/rheinhessenblog.de\/#organization","name":"Blog","url":"https:\/\/rheinhessenblog.de\/","logo":{"@type":"ImageObject","inLanguage":"nl-NL","@id":"https:\/\/rheinhessenblog.de\/#\/schema\/logo\/image\/","url":"https:\/\/rheinhessenblog.de\/wp-content\/uploads\/2023\/07\/Rheinhessenlogo.svg","contentUrl":"https:\/\/rheinhessenblog.de\/wp-content\/uploads\/2023\/07\/Rheinhessenlogo.svg","width":85,"height":26,"caption":"Rheinhessen-Blog"},"image":{"@id":"https:\/\/rheinhessenblog.de\/#\/schema\/logo\/image\/"}},{"@type":"Person","@id":"https:\/\/rheinhessenblog.de\/#\/schema\/person\/75322fe168f5343f6b0aef6328daf90e","name":"Karen Jager","description":"Ik ben vooral ge\u00efnteresseerd in waar je op twee wielen naartoe kunt. Maar ik ben ook graag op andere manieren actief. Het belangrijkste is om de natuur in te gaan!","url":"https:\/\/rheinhessenblog.de\/nl\/author\/jaeger\/"}]}},"_links":{"self":[{"href":"https:\/\/rheinhessenblog.de\/nl\/wp-json\/wp\/v2\/posts\/16207","targetHints":{"allow":["GET"]}}],"collection":[{"href":"https:\/\/rheinhessenblog.de\/nl\/wp-json\/wp\/v2\/posts"}],"about":[{"href":"https:\/\/rheinhessenblog.de\/nl\/wp-json\/wp\/v2\/types\/post"}],"author":[{"embeddable":true,"href":"https:\/\/rheinhessenblog.de\/nl\/wp-json\/wp\/v2\/users\/27"}],"replies":[{"embeddable":true,"href":"https:\/\/rheinhessenblog.de\/nl\/wp-json\/wp\/v2\/comments?post=16207"}],"version-history":[{"count":23,"href":"https:\/\/rheinhessenblog.de\/nl\/wp-json\/wp\/v2\/posts\/16207\/revisions"}],"predecessor-version":[{"id":17495,"href":"https:\/\/rheinhessenblog.de\/nl\/wp-json\/wp\/v2\/posts\/16207\/revisions\/17495"}],"wp:featuredmedia":[{"embeddable":true,"href":"https:\/\/rheinhessenblog.de\/nl\/wp-json\/wp\/v2\/media\/16218"}],"wp:attachment":[{"href":"https:\/\/rheinhessenblog.de\/nl\/wp-json\/wp\/v2\/media?parent=16207"}],"wp:term":[{"taxonomy":"category","embeddable":true,"href":"https:\/\/rheinhessenblog.de\/nl\/wp-json\/wp\/v2\/categories?post=16207"},{"taxonomy":"post_tag","embeddable":true,"href":"https:\/\/rheinhessenblog.de\/nl\/wp-json\/wp\/v2\/tags?post=16207"}],"curies":[{"name":"wp","href":"https:\/\/api.w.org\/{rel}","templated":true}]}}