{"id":17440,"date":"2026-04-08T15:22:45","date_gmt":"2026-04-08T13:22:45","guid":{"rendered":"https:\/\/rheinhessenblog.de\/?p=17440"},"modified":"2026-04-13T11:39:10","modified_gmt":"2026-04-13T09:39:10","slug":"oppenheim-kostuum-tour-tijdreizen","status":"publish","type":"post","link":"https:\/\/rheinhessenblog.de\/nl\/oppenheim-kostuemfuehrung-zeitreise\/","title":{"rendered":"Kostuumrondleiding in Oppenheim neemt gasten mee op een heel bijzondere reis door de tijd"},"content":{"rendered":"<div data-elementor-type=\"wp-post\" data-elementor-id=\"17440\" class=\"elementor elementor-17440\" data-elementor-settings=\"{&quot;ha_cmc_init_switcher&quot;:&quot;no&quot;}\" data-elementor-post-type=\"post\">\n\t\t\t\t<div class=\"elementor-element elementor-element-056b18b e-flex e-con-boxed e-con e-parent\" data-id=\"056b18b\" data-element_type=\"container\" data-e-type=\"container\" data-settings=\"{&quot;_ha_eqh_enable&quot;:false}\">\n\t\t\t\t\t<div class=\"e-con-inner\">\n\t\t\t\t<div class=\"elementor-element elementor-element-76ebd06 elementor-widget elementor-widget-heading\" data-id=\"76ebd06\" data-element_type=\"widget\" data-e-type=\"widget\" data-widget_type=\"heading.default\">\n\t\t\t\t<div class=\"elementor-widget-container\">\n\t\t\t\t\t<h2 class=\"elementor-heading-title elementor-size-default\">Tijdreizen - een spannende tocht door de eeuwen<\/h2>\t\t\t\t<\/div>\n\t\t\t\t<\/div>\n\t\t\t\t\t<\/div>\n\t\t\t\t<\/div>\n\t\t<div class=\"elementor-element elementor-element-fedc28e e-flex e-con-boxed e-con e-parent\" data-id=\"fedc28e\" data-element_type=\"container\" data-e-type=\"container\" data-settings=\"{&quot;_ha_eqh_enable&quot;:false}\">\n\t\t\t\t\t<div class=\"e-con-inner\">\n\t\t\t\t<div class=\"elementor-element elementor-element-92d4c6e elementor-widget elementor-widget-text-editor\" data-id=\"92d4c6e\" data-element_type=\"widget\" data-e-type=\"widget\" data-widget_type=\"text-editor.default\">\n\t\t\t\t<div class=\"elementor-widget-container\">\n\t\t\t\t\t\t\t\t\t<p>Een van de grote dromen van de mensheid is reizen door ruimte en tijd. Met de fluxgenerator naar andere tijdperken zweven zoals in \u201eBack to the Future\u201c - wie zou dat niet willen?  In <a href=\"https:\/\/www.rheinhessen.de\/oppenheim\" target=\"_blank\" rel=\"noopener\">Oppenheim<\/a> Dit verlangen wordt nu vervuld. Locals en buitenlanders kunnen een kostuumtour maken en terugreizen in de tijd naar vervlogen eeuwen - althans in hun geestesoog.<\/p>\t\t\t\t\t\t\t\t<\/div>\n\t\t\t\t<\/div>\n\t\t\t\t\t<\/div>\n\t\t\t\t<\/div>\n\t\t<div class=\"elementor-element elementor-element-eae74c3 e-flex e-con-boxed e-con e-parent\" data-id=\"eae74c3\" data-element_type=\"container\" data-e-type=\"container\" data-settings=\"{&quot;_ha_eqh_enable&quot;:false}\">\n\t\t\t\t\t<div class=\"e-con-inner\">\n\t\t\t\t<div class=\"elementor-element elementor-element-fb4941f elementor-widget elementor-widget-heading\" data-id=\"fb4941f\" data-element_type=\"widget\" data-e-type=\"widget\" data-widget_type=\"heading.default\">\n\t\t\t\t<div class=\"elementor-widget-container\">\n\t\t\t\t\t<h3 class=\"elementor-heading-title elementor-size-default\">Grote entree voor magister, herbergier en boerin<\/h3>\t\t\t\t<\/div>\n\t\t\t\t<\/div>\n\t\t\t\t\t<\/div>\n\t\t\t\t<\/div>\n\t\t<div class=\"elementor-element elementor-element-f87e51b e-flex e-con-boxed e-con e-parent\" data-id=\"f87e51b\" data-element_type=\"container\" data-e-type=\"container\" data-settings=\"{&quot;_ha_eqh_enable&quot;:false}\">\n\t\t\t\t\t<div class=\"e-con-inner\">\n\t\t\t\t<div class=\"elementor-element elementor-element-0edb27b elementor-widget elementor-widget-text-editor\" data-id=\"0edb27b\" data-element_type=\"widget\" data-e-type=\"widget\" data-widget_type=\"text-editor.default\">\n\t\t\t\t<div class=\"elementor-widget-container\">\n\t\t\t\t\t\t\t\t\t<p>Gastgids Mechthild Zink treedt op als gids. Ze \u201elokt\u201c de groep die dit nieuwe aanbod heeft geboekt van het toeristeninformatiecentrum naar het plein voor de Sint-Catharinakerk en laat ze daar achter in de schaduw van de grote Luthereik met mysterieuze toespelingen. Voordat de groep lang kan nadenken over wat de aardige dame met het Rijnlandse accent bedoeld zou kunnen hebben, komt er een lange man in een zwarte jurk met een middeleeuwse baret op zijn hoofd aan. Hij identificeert zich als schrijver, magister en rechter en neemt de wachtenden mee terug naar zijn tijd, het jaar 1225, de dag dat keizer Frederik II Oppenheim zijn stadsrechten verleende. Een spannende tijd. Een tijd van verandering.<\/p>\t\t\t\t\t\t\t\t<\/div>\n\t\t\t\t<\/div>\n\t\t\t\t\t<\/div>\n\t\t\t\t<\/div>\n\t\t<div class=\"elementor-element elementor-element-43f683f e-flex e-con-boxed e-con e-parent\" data-id=\"43f683f\" data-element_type=\"container\" data-e-type=\"container\" data-settings=\"{&quot;_ha_eqh_enable&quot;:false}\">\n\t\t\t\t\t<div class=\"e-con-inner\">\n\t\t\t\t<div class=\"elementor-element elementor-element-f3e40f7 elementor-widget elementor-widget-image\" data-id=\"f3e40f7\" data-element_type=\"widget\" data-e-type=\"widget\" data-widget_type=\"image.default\">\n\t\t\t\t<div class=\"elementor-widget-container\">\n\t\t\t\t\t\t\t\t\t\t\t\t<figure class=\"wp-caption\">\n\t\t\t\t\t\t\t\t\t\t\t<a href=\"https:\/\/rheinhessenblog.de\/wp-content\/uploads\/2026\/04\/Zeitreise_22-scaled.jpg\" data-elementor-open-lightbox=\"yes\" data-elementor-lightbox-title=\"G\u00e4stebegleiterin Mechthild Zink nimmt die Teilnehmenden mit auf die Zeitreise und empf\u00e4ngt sie am  Ende wohlbehalten zur\u00fcck in der Gegenwart.\" data-e-action-hash=\"#elementor-action%3Aaction%3Dlightbox%26settings%3DeyJpZCI6MTc0MzEsInVybCI6Imh0dHBzOlwvXC9yaGVpbmhlc3NlbmJsb2cuZGVcL3dwLWNvbnRlbnRcL3VwbG9hZHNcLzIwMjZcLzA0XC9aZWl0cmVpc2VfMjItc2NhbGVkLmpwZyJ9\">\n\t\t\t\t\t\t\t<img fetchpriority=\"high\" decoding=\"async\" width=\"800\" height=\"534\" src=\"https:\/\/rheinhessenblog.de\/wp-content\/uploads\/2026\/04\/Zeitreise_22-1024x683.jpg\" class=\"attachment-large size-large wp-image-17431\" alt=\"Gastgids Mechthild Zink neemt de deelnemers mee op een reis door de tijd en verwelkomt ze aan het einde weer veilig en wel in het heden.\" srcset=\"https:\/\/rheinhessenblog.de\/wp-content\/uploads\/2026\/04\/Zeitreise_22-1024x683.jpg 1024w, https:\/\/rheinhessenblog.de\/wp-content\/uploads\/2026\/04\/Zeitreise_22-300x200.jpg 300w, https:\/\/rheinhessenblog.de\/wp-content\/uploads\/2026\/04\/Zeitreise_22-768x512.jpg 768w, https:\/\/rheinhessenblog.de\/wp-content\/uploads\/2026\/04\/Zeitreise_22-1536x1024.jpg 1536w, https:\/\/rheinhessenblog.de\/wp-content\/uploads\/2026\/04\/Zeitreise_22-2048x1365.jpg 2048w, https:\/\/rheinhessenblog.de\/wp-content\/uploads\/2026\/04\/Zeitreise_22-18x12.jpg 18w\" sizes=\"(max-width: 800px) 100vw, 800px\" \/>\t\t\t\t\t\t\t\t<\/a>\n\t\t\t\t\t\t\t\t\t\t\t<figcaption class=\"widget-image-caption wp-caption-text\">Gastgids Mechthild Zink neemt de deelnemers mee op een reis door de tijd en verwelkomt ze aan het einde weer veilig en wel in het heden. <\/figcaption>\n\t\t\t\t\t\t\t\t\t\t<\/figure>\n\t\t\t\t\t\t\t\t\t<\/div>\n\t\t\t\t<\/div>\n\t\t\t\t\t<\/div>\n\t\t\t\t<\/div>\n\t\t<div class=\"elementor-element elementor-element-f8b64f7 e-flex e-con-boxed e-con e-parent\" data-id=\"f8b64f7\" data-element_type=\"container\" data-e-type=\"container\" data-settings=\"{&quot;_ha_eqh_enable&quot;:false}\">\n\t\t\t\t\t<div class=\"e-con-inner\">\n\t\t\t\t<div class=\"elementor-element elementor-element-3b398cc elementor-widget elementor-widget-image\" data-id=\"3b398cc\" data-element_type=\"widget\" data-e-type=\"widget\" data-widget_type=\"image.default\">\n\t\t\t\t<div class=\"elementor-widget-container\">\n\t\t\t\t\t\t\t\t\t\t\t\t<figure class=\"wp-caption\">\n\t\t\t\t\t\t\t\t\t\t\t<a href=\"https:\/\/rheinhessenblog.de\/wp-content\/uploads\/2026\/04\/Zeitreise_6-scaled.jpg\" data-elementor-open-lightbox=\"yes\" data-elementor-lightbox-title=\"\u201eMagister\u201c J\u00fcrgen Franz nimmt die G\u00e4ste mit in die Zeit der Stadterhebung und blickt auf die Anf\u00e4nge der Besiedlung Oppenheims.\" data-e-action-hash=\"#elementor-action%3Aaction%3Dlightbox%26settings%3DeyJpZCI6MTc0MjgsInVybCI6Imh0dHBzOlwvXC9yaGVpbmhlc3NlbmJsb2cuZGVcL3dwLWNvbnRlbnRcL3VwbG9hZHNcLzIwMjZcLzA0XC9aZWl0cmVpc2VfNi1zY2FsZWQuanBnIn0%3D\">\n\t\t\t\t\t\t\t<img decoding=\"async\" width=\"800\" height=\"534\" src=\"https:\/\/rheinhessenblog.de\/wp-content\/uploads\/2026\/04\/Zeitreise_6-1024x683.jpg\" class=\"attachment-large size-large wp-image-17428\" alt=\"\u201eMagister\u201c J\u00fcrgen Franz neemt de gasten mee terug naar de tijd van de verheffing van de stad en kijkt naar het begin van de nederzetting Oppenheim.\" srcset=\"https:\/\/rheinhessenblog.de\/wp-content\/uploads\/2026\/04\/Zeitreise_6-1024x683.jpg 1024w, https:\/\/rheinhessenblog.de\/wp-content\/uploads\/2026\/04\/Zeitreise_6-300x200.jpg 300w, https:\/\/rheinhessenblog.de\/wp-content\/uploads\/2026\/04\/Zeitreise_6-768x512.jpg 768w, https:\/\/rheinhessenblog.de\/wp-content\/uploads\/2026\/04\/Zeitreise_6-1536x1024.jpg 1536w, https:\/\/rheinhessenblog.de\/wp-content\/uploads\/2026\/04\/Zeitreise_6-2048x1365.jpg 2048w, https:\/\/rheinhessenblog.de\/wp-content\/uploads\/2026\/04\/Zeitreise_6-18x12.jpg 18w\" sizes=\"(max-width: 800px) 100vw, 800px\" \/>\t\t\t\t\t\t\t\t<\/a>\n\t\t\t\t\t\t\t\t\t\t\t<figcaption class=\"widget-image-caption wp-caption-text\">\u201eMagister\u201c J\u00fcrgen Franz neemt de gasten mee terug naar de tijd van de verheffing van de stad en kijkt naar het begin van de nederzetting Oppenheim.<\/figcaption>\n\t\t\t\t\t\t\t\t\t\t<\/figure>\n\t\t\t\t\t\t\t\t\t<\/div>\n\t\t\t\t<\/div>\n\t\t\t\t\t<\/div>\n\t\t\t\t<\/div>\n\t\t<div class=\"elementor-element elementor-element-0232b66 e-flex e-con-boxed e-con e-parent\" data-id=\"0232b66\" data-element_type=\"container\" data-e-type=\"container\" data-settings=\"{&quot;_ha_eqh_enable&quot;:false}\">\n\t\t\t\t\t<div class=\"e-con-inner\">\n\t\t\t\t<div class=\"elementor-element elementor-element-4eeb6a2 elementor-widget elementor-widget-text-editor\" data-id=\"4eeb6a2\" data-element_type=\"widget\" data-e-type=\"widget\" data-widget_type=\"text-editor.default\">\n\t\t\t\t<div class=\"elementor-widget-container\">\n\t\t\t\t\t\t\t\t\t<p>En J\u00fcrgen Franz, die de rol van Magister op zich neemt, laat zijn luisteraars hieraan deelnemen en neemt hen zelfs meer dan 1000 jaar mee terug in de tijd, naar het moment dat de Romeinen hier aan de oever van de Rijn een rustplaats bouwden. Hij vertelt over de Frankische periode, toen het centrum van de nederzetting werd gevestigd, en herinnert op een conversationele toon aan andere belangrijke data en gebeurtenissen. Maar hij moet opschieten, want hij wil de viering van de verheffing van de stad niet missen. Met een respectvol \u201eSaluto vos omnes!\u201c neemt de \u201eMagister\u201c afscheid van de tijdreizigers.<\/p>\t\t\t\t\t\t\t\t<\/div>\n\t\t\t\t<\/div>\n\t\t\t\t\t<\/div>\n\t\t\t\t<\/div>\n\t\t<div class=\"elementor-element elementor-element-ea0bc5f e-flex e-con-boxed e-con e-parent\" data-id=\"ea0bc5f\" data-element_type=\"container\" data-e-type=\"container\" data-settings=\"{&quot;_ha_eqh_enable&quot;:false}\">\n\t\t\t\t\t<div class=\"e-con-inner\">\n\t\t\t\t<div class=\"elementor-element elementor-element-2065b9a elementor-widget elementor-widget-text-editor\" data-id=\"2065b9a\" data-element_type=\"widget\" data-e-type=\"widget\" data-widget_type=\"text-editor.default\">\n\t\t\t\t<div class=\"elementor-widget-container\">\n\t\t\t\t\t\t\t\t\t<p>Dan worden ze zich bewust van een herbergierster uit het jaar 1621, die op hen af komt stormen. Op een rustieke, nuchtere manier klaagt \u201ehospita\u201c Ulla Eisenhardt over haar werkschuwe man en de naderende Spaanse troepen. We worden teruggevoerd naar de tijd van de 30-jarige oorlog. De kostuums zijn authentiek, de vertelstijl authentiek en onderhoudend.\u00a0<\/p>\t\t\t\t\t\t\t\t<\/div>\n\t\t\t\t<\/div>\n\t\t\t\t\t<\/div>\n\t\t\t\t<\/div>\n\t\t<div class=\"elementor-element elementor-element-3cbe9f8 e-flex e-con-boxed e-con e-parent\" data-id=\"3cbe9f8\" data-element_type=\"container\" data-e-type=\"container\" data-settings=\"{&quot;_ha_eqh_enable&quot;:false}\">\n\t\t\t\t\t<div class=\"e-con-inner\">\n\t\t\t\t<div class=\"elementor-element elementor-element-cfbe30c elementor-widget elementor-widget-image\" data-id=\"cfbe30c\" data-element_type=\"widget\" data-e-type=\"widget\" data-widget_type=\"image.default\">\n\t\t\t\t<div class=\"elementor-widget-container\">\n\t\t\t\t\t\t\t\t\t\t\t\t<figure class=\"wp-caption\">\n\t\t\t\t\t\t\t\t\t\t\t<a href=\"https:\/\/rheinhessenblog.de\/wp-content\/uploads\/2026\/04\/Zeitreise_8-scaled.jpg\" data-elementor-open-lightbox=\"yes\" data-elementor-lightbox-title=\"\u201eSchankwirtin\u201c Ulla Eisenhardt l\u00e4sst auf bodenst\u00e4ndig-burschikose Art die Jahre, in denen der 30-j\u00e4hrige Krieg in Oppenheim tobte, vor dem geistigen Auge der Zuh\u00f6rer wieder aufleben.\" data-e-action-hash=\"#elementor-action%3Aaction%3Dlightbox%26settings%3DeyJpZCI6MTc0MjksInVybCI6Imh0dHBzOlwvXC9yaGVpbmhlc3NlbmJsb2cuZGVcL3dwLWNvbnRlbnRcL3VwbG9hZHNcLzIwMjZcLzA0XC9aZWl0cmVpc2VfOC1zY2FsZWQuanBnIn0%3D\">\n\t\t\t\t\t\t\t<img decoding=\"async\" width=\"683\" height=\"1024\" src=\"https:\/\/rheinhessenblog.de\/wp-content\/uploads\/2026\/04\/Zeitreise_8-683x1024.jpg\" class=\"attachment-large size-large wp-image-17429\" alt=\"\u201eSchankwirtin\u201c Ulla Eisenhardt brengt de jaren waarin de 30-jarige oorlog in Oppenheim woedde weer tot leven in het geestesoog van het publiek op een nuchtere, rustieke manier.\" srcset=\"https:\/\/rheinhessenblog.de\/wp-content\/uploads\/2026\/04\/Zeitreise_8-683x1024.jpg 683w, https:\/\/rheinhessenblog.de\/wp-content\/uploads\/2026\/04\/Zeitreise_8-200x300.jpg 200w, https:\/\/rheinhessenblog.de\/wp-content\/uploads\/2026\/04\/Zeitreise_8-768x1152.jpg 768w, https:\/\/rheinhessenblog.de\/wp-content\/uploads\/2026\/04\/Zeitreise_8-1024x1536.jpg 1024w, https:\/\/rheinhessenblog.de\/wp-content\/uploads\/2026\/04\/Zeitreise_8-1365x2048.jpg 1365w, https:\/\/rheinhessenblog.de\/wp-content\/uploads\/2026\/04\/Zeitreise_8-8x12.jpg 8w, https:\/\/rheinhessenblog.de\/wp-content\/uploads\/2026\/04\/Zeitreise_8-scaled.jpg 1707w\" sizes=\"(max-width: 683px) 100vw, 683px\" \/>\t\t\t\t\t\t\t\t<\/a>\n\t\t\t\t\t\t\t\t\t\t\t<figcaption class=\"widget-image-caption wp-caption-text\">\u201eSchankwirtin\u201c Ulla Eisenhardt brengt de jaren waarin de 30-jarige oorlog in Oppenheim woedde weer tot leven in het geestesoog van het publiek op een nuchtere, rustieke manier.<\/figcaption>\n\t\t\t\t\t\t\t\t\t\t<\/figure>\n\t\t\t\t\t\t\t\t\t<\/div>\n\t\t\t\t<\/div>\n\t\t\t\t\t<\/div>\n\t\t\t\t<\/div>\n\t\t<div class=\"elementor-element elementor-element-c73c1c1 e-flex e-con-boxed e-con e-parent\" data-id=\"c73c1c1\" data-element_type=\"container\" data-e-type=\"container\" data-settings=\"{&quot;_ha_eqh_enable&quot;:false}\">\n\t\t\t\t\t<div class=\"e-con-inner\">\n\t\t\t\t<div class=\"elementor-element elementor-element-1380d85 elementor-widget elementor-widget-text-editor\" data-id=\"1380d85\" data-element_type=\"widget\" data-e-type=\"widget\" data-widget_type=\"text-editor.default\">\n\t\t\t\t<div class=\"elementor-widget-container\">\n\t\t\t\t\t\t\t\t\t<p>De \u201eboerin\u201c Ulrike Franz, die de tijdreizigers overneemt van Ulla Eisenhardt en hen meeneemt naar de donkerste uren van de geschiedenis van de stad: de grote stadsbrand van 1689 en de moeilijke jaren van wederopbouw in het begin van de 18e eeuw, doet verslag van ontberingen, lijden en verwoesting.<\/p>\t\t\t\t\t\t\t\t<\/div>\n\t\t\t\t<\/div>\n\t\t\t\t\t<\/div>\n\t\t\t\t<\/div>\n\t\t<div class=\"elementor-element elementor-element-5ea2c1e e-flex e-con-boxed e-con e-parent\" data-id=\"5ea2c1e\" data-element_type=\"container\" data-e-type=\"container\" data-settings=\"{&quot;_ha_eqh_enable&quot;:false}\">\n\t\t\t\t\t<div class=\"e-con-inner\">\n\t\t\t\t<div class=\"elementor-element elementor-element-d84a7b6 elementor-widget elementor-widget-image\" data-id=\"d84a7b6\" data-element_type=\"widget\" data-e-type=\"widget\" data-widget_type=\"image.default\">\n\t\t\t\t<div class=\"elementor-widget-container\">\n\t\t\t\t\t\t\t\t\t\t\t\t<figure class=\"wp-caption\">\n\t\t\t\t\t\t\t\t\t\t\t<a href=\"https:\/\/rheinhessenblog.de\/wp-content\/uploads\/2026\/04\/Zeitreise_18-scaled.jpg\" data-elementor-open-lightbox=\"yes\" data-elementor-lightbox-title=\"\u201eBauersfrau\u201c Ulrike Franz schildert die Epoche nach der Verw\u00fcstung der Stadt durch die Franzosen im Jahr 1689.\" data-e-action-hash=\"#elementor-action%3Aaction%3Dlightbox%26settings%3DeyJpZCI6MTc0MzAsInVybCI6Imh0dHBzOlwvXC9yaGVpbmhlc3NlbmJsb2cuZGVcL3dwLWNvbnRlbnRcL3VwbG9hZHNcLzIwMjZcLzA0XC9aZWl0cmVpc2VfMTgtc2NhbGVkLmpwZyJ9\">\n\t\t\t\t\t\t\t<img loading=\"lazy\" decoding=\"async\" width=\"800\" height=\"534\" src=\"https:\/\/rheinhessenblog.de\/wp-content\/uploads\/2026\/04\/Zeitreise_18-1024x683.jpg\" class=\"attachment-large size-large wp-image-17430\" alt=\"\u201eBoerin\u201c Ulrike Franz schildert het tijdperk na de verwoesting van de stad door de Fransen in 1689.\" srcset=\"https:\/\/rheinhessenblog.de\/wp-content\/uploads\/2026\/04\/Zeitreise_18-1024x683.jpg 1024w, https:\/\/rheinhessenblog.de\/wp-content\/uploads\/2026\/04\/Zeitreise_18-300x200.jpg 300w, https:\/\/rheinhessenblog.de\/wp-content\/uploads\/2026\/04\/Zeitreise_18-768x512.jpg 768w, https:\/\/rheinhessenblog.de\/wp-content\/uploads\/2026\/04\/Zeitreise_18-1536x1024.jpg 1536w, https:\/\/rheinhessenblog.de\/wp-content\/uploads\/2026\/04\/Zeitreise_18-2048x1365.jpg 2048w, https:\/\/rheinhessenblog.de\/wp-content\/uploads\/2026\/04\/Zeitreise_18-18x12.jpg 18w\" sizes=\"(max-width: 800px) 100vw, 800px\" \/>\t\t\t\t\t\t\t\t<\/a>\n\t\t\t\t\t\t\t\t\t\t\t<figcaption class=\"widget-image-caption wp-caption-text\">\u201eBoerin\u201c Ulrike Franz schildert het tijdperk na de verwoesting van de stad door de Fransen in 1689.<\/figcaption>\n\t\t\t\t\t\t\t\t\t\t<\/figure>\n\t\t\t\t\t\t\t\t\t<\/div>\n\t\t\t\t<\/div>\n\t\t\t\t\t<\/div>\n\t\t\t\t<\/div>\n\t\t<div class=\"elementor-element elementor-element-5babe31 e-flex e-con-boxed e-con e-parent\" data-id=\"5babe31\" data-element_type=\"container\" data-e-type=\"container\" data-settings=\"{&quot;_ha_eqh_enable&quot;:false}\">\n\t\t\t\t\t<div class=\"e-con-inner\">\n\t\t\t\t<div class=\"elementor-element elementor-element-7f1677d elementor-widget elementor-widget-text-editor\" data-id=\"7f1677d\" data-element_type=\"widget\" data-e-type=\"widget\" data-widget_type=\"text-editor.default\">\n\t\t\t\t<div class=\"elementor-widget-container\">\n\t\t\t\t\t\t\t\t\t<p>De \u201eboerin\u201c geeft een boeiend verslag van ellende en ontberingen en loopt met de groep door de steegjes van de oude stad naar de katholieke kerk St Bartholomeus, waar Mechthild Zink hen weer ophaalt. Hier wordt de cirkel gesloten, want Zink belichaamt wat ze werkelijk is: een hedendaagse gastengids. Ze overspant de boog van de 18e eeuw tot nu. Net als de andere drie hoofdpersonen kruidt ze historische feiten en cijfers met anekdotes en couleur locale. \u201eIk vind het leuk om deel te nemen aan deze kostuumrondleidingen omdat ze hun eigen speciale flair hebben,\u201c zegt een deelnemer uit Nieder-Olm, die met vrienden naar Oppenheim is gekomen om een \u201ereis door de tijd\u201c te maken. Ze is niet teleurgesteld. Integendeel. \u201eZe hebben het geweldig gedaan,\u201c zegt ze.<\/p>\t\t\t\t\t\t\t\t<\/div>\n\t\t\t\t<\/div>\n\t\t\t\t\t<\/div>\n\t\t\t\t<\/div>\n\t\t<div class=\"elementor-element elementor-element-92c8f79 e-flex e-con-boxed e-con e-parent\" data-id=\"92c8f79\" data-element_type=\"container\" data-e-type=\"container\" data-settings=\"{&quot;_ha_eqh_enable&quot;:false}\">\n\t\t\t\t\t<div class=\"e-con-inner\">\n\t\t\t\t<div class=\"elementor-element elementor-element-23ae32a elementor-widget elementor-widget-heading\" data-id=\"23ae32a\" data-element_type=\"widget\" data-e-type=\"widget\" data-widget_type=\"heading.default\">\n\t\t\t\t<div class=\"elementor-widget-container\">\n\t\t\t\t\t<h3 class=\"elementor-heading-title elementor-size-default\">Informatie + drama = - buitengewone kostuumtour<\/h3>\t\t\t\t<\/div>\n\t\t\t\t<\/div>\n\t\t\t\t\t<\/div>\n\t\t\t\t<\/div>\n\t\t<div class=\"elementor-element elementor-element-5b26ea4 e-flex e-con-boxed e-con e-parent\" data-id=\"5b26ea4\" data-element_type=\"container\" data-e-type=\"container\" data-settings=\"{&quot;_ha_eqh_enable&quot;:false}\">\n\t\t\t\t\t<div class=\"e-con-inner\">\n\t\t\t\t<div class=\"elementor-element elementor-element-9a5e453 elementor-widget elementor-widget-text-editor\" data-id=\"9a5e453\" data-element_type=\"widget\" data-e-type=\"widget\" data-widget_type=\"text-editor.default\">\n\t\t\t\t<div class=\"elementor-widget-container\">\n\t\t\t\t\t\t\t\t\t<p>\u201eWe hebben nagedacht over wat we voor de gastgezellen kunnen doen. <a href=\"https:\/\/rheinhessenblog.de\/nl\/oppenheim-am-rhein-ontdek-800-jaar-geschiedenis-en-cultuur-in-rijnhesssen\/\" target=\"_blank\" rel=\"noopener\">Jubileum 800 jaar stadsrechten Oppenheim<\/a> vorig jaar,\u201c zegt Ulrike Franz, terugkijkend op het begin van de \u201etijdreis\u201c-tournee. De groep van vier kwam al snel bij elkaar. Na een gezamenlijke uitwisseling van idee\u00ebn werd het concept afgerond: \u201eIn wezen is het een combinatie van historische feiten en theatrale elementen,\u201c legt J\u00fcrgen Franz uit. Hij benadert zijn rol in de geest van Robbie Williams\u2018 \u201eLet me entertain you\u201c. \u201eWe willen onze gasten vermaken en ze inzicht geven in de geschiedenis van de stad,\u201c zegt J\u00fcrgen Franz en legt uit welke eisen het kwartet aan zichzelf stelt.<\/p>\t\t\t\t\t\t\t\t<\/div>\n\t\t\t\t<\/div>\n\t\t\t\t\t<\/div>\n\t\t\t\t<\/div>\n\t\t<div class=\"elementor-element elementor-element-5e0ffa2 e-flex e-con-boxed e-con e-parent\" data-id=\"5e0ffa2\" data-element_type=\"container\" data-e-type=\"container\" data-settings=\"{&quot;_ha_eqh_enable&quot;:false}\">\n\t\t\t\t\t<div class=\"e-con-inner\">\n\t\t\t\t<div class=\"elementor-element elementor-element-e54f2c3 elementor-widget elementor-widget-image\" data-id=\"e54f2c3\" data-element_type=\"widget\" data-e-type=\"widget\" data-widget_type=\"image.default\">\n\t\t\t\t<div class=\"elementor-widget-container\">\n\t\t\t\t\t\t\t\t\t\t\t\t<figure class=\"wp-caption\">\n\t\t\t\t\t\t\t\t\t\t\t<a href=\"https:\/\/rheinhessenblog.de\/wp-content\/uploads\/2026\/04\/Zeitreise_1-scaled.jpg\" data-elementor-open-lightbox=\"yes\" data-elementor-lightbox-title=\"Die Oppenheimer Zeitreisenden: (v.l.) Mechthild Zink, Ulrike und J\u00fcrgen Franz sowie Ulla Eisenhardt.\" data-e-action-hash=\"#elementor-action%3Aaction%3Dlightbox%26settings%3DeyJpZCI6MTc0MjcsInVybCI6Imh0dHBzOlwvXC9yaGVpbmhlc3NlbmJsb2cuZGVcL3dwLWNvbnRlbnRcL3VwbG9hZHNcLzIwMjZcLzA0XC9aZWl0cmVpc2VfMS1zY2FsZWQuanBnIn0%3D\">\n\t\t\t\t\t\t\t<img loading=\"lazy\" decoding=\"async\" width=\"800\" height=\"534\" src=\"https:\/\/rheinhessenblog.de\/wp-content\/uploads\/2026\/04\/Zeitreise_1-1024x683.jpg\" class=\"attachment-large size-large wp-image-17427\" alt=\"De tijdreizigers van Oppenheim: (vanaf links) Mechthild Zink, Ulrike en J\u00fcrgen Franz en Ulla Eisenhardt.\" srcset=\"https:\/\/rheinhessenblog.de\/wp-content\/uploads\/2026\/04\/Zeitreise_1-1024x683.jpg 1024w, https:\/\/rheinhessenblog.de\/wp-content\/uploads\/2026\/04\/Zeitreise_1-300x200.jpg 300w, https:\/\/rheinhessenblog.de\/wp-content\/uploads\/2026\/04\/Zeitreise_1-768x512.jpg 768w, https:\/\/rheinhessenblog.de\/wp-content\/uploads\/2026\/04\/Zeitreise_1-1536x1024.jpg 1536w, https:\/\/rheinhessenblog.de\/wp-content\/uploads\/2026\/04\/Zeitreise_1-2048x1365.jpg 2048w, https:\/\/rheinhessenblog.de\/wp-content\/uploads\/2026\/04\/Zeitreise_1-18x12.jpg 18w\" sizes=\"(max-width: 800px) 100vw, 800px\" \/>\t\t\t\t\t\t\t\t<\/a>\n\t\t\t\t\t\t\t\t\t\t\t<figcaption class=\"widget-image-caption wp-caption-text\">De tijdreizigers van Oppenheim: (vanaf links) Mechthild Zink, Ulrike en J\u00fcrgen Franz en Ulla Eisenhardt.<\/figcaption>\n\t\t\t\t\t\t\t\t\t\t<\/figure>\n\t\t\t\t\t\t\t\t\t<\/div>\n\t\t\t\t<\/div>\n\t\t\t\t\t<\/div>\n\t\t\t\t<\/div>\n\t\t<div class=\"elementor-element elementor-element-2e76056 e-flex e-con-boxed e-con e-parent\" data-id=\"2e76056\" data-element_type=\"container\" data-e-type=\"container\" data-settings=\"{&quot;_ha_eqh_enable&quot;:false}\">\n\t\t\t\t\t<div class=\"e-con-inner\">\n\t\t\t\t<div class=\"elementor-element elementor-element-ab4edfa elementor-widget elementor-widget-text-editor\" data-id=\"ab4edfa\" data-element_type=\"widget\" data-e-type=\"widget\" data-widget_type=\"text-editor.default\">\n\t\t\t\t<div class=\"elementor-widget-container\">\n\t\t\t\t\t\t\t\t\t<p>Om het verband tussen kennis en amusement visueel begrijpelijk te maken, hullen de gasten zich in kostuums uit de respectievelijke tijdperken. \u201eDe gasten worden op een speelse manier meegenomen terug in de tijd. Dat valt erg goed bij de mensen\u201c, beschrijft Mechthild Zink de aantrekkingskracht van deze ongewone verkleedrondleiding en voegt eraan toe: \u201eAls we aan het eind weer in het heden aankomen, is iedereen helemaal in de wolken.\u201c<\/p>\n<p>Stephan Arnold, het gemeenteraadslid dat verantwoordelijk is voor toerisme, is ook enthousiast. \u201eOppenheim heeft een ongelooflijk rijke geschiedenis. De reis door de tijd neemt gasten mee naar verschillende tijdperken van onze stad. De geschiedenis wordt niet alleen verteld, maar ook echt beleefd,\u201c zegt Arnold.<\/p>\t\t\t\t\t\t\t\t<\/div>\n\t\t\t\t<\/div>\n\t\t\t\t<div class=\"elementor-element elementor-element-4c12815 elementor-widget elementor-widget-text-editor\" data-id=\"4c12815\" data-element_type=\"widget\" data-e-type=\"widget\" data-widget_type=\"text-editor.default\">\n\t\t\t\t<div class=\"elementor-widget-container\">\n\t\t\t\t\t\t\t\t\t<p>Alle foto's van tijdreizen: Stephan Arnold\/City of Oppenheim<\/p>\t\t\t\t\t\t\t\t<\/div>\n\t\t\t\t<\/div>\n\t\t\t\t\t<\/div>\n\t\t\t\t<\/div>\n\t\t<div class=\"elementor-element elementor-element-2de9036 e-flex e-con-boxed e-con e-parent\" data-id=\"2de9036\" data-element_type=\"container\" data-e-type=\"container\" data-settings=\"{&quot;_ha_eqh_enable&quot;:false}\">\n\t\t\t\t\t<div class=\"e-con-inner\">\n\t\t\t\t<div class=\"elementor-element elementor-element-914430d elementor-widget elementor-widget-heading\" data-id=\"914430d\" data-element_type=\"widget\" data-e-type=\"widget\" data-widget_type=\"heading.default\">\n\t\t\t\t<div class=\"elementor-widget-container\">\n\t\t\t\t\t<h2 class=\"elementor-heading-title elementor-size-default\">Anekdotes en verhalen over winkelen en stoppen in vroeger tijden<\/h2>\t\t\t\t<\/div>\n\t\t\t\t<\/div>\n\t\t\t\t\t<\/div>\n\t\t\t\t<\/div>\n\t\t<div class=\"elementor-element elementor-element-9433834 e-flex e-con-boxed e-con e-parent\" data-id=\"9433834\" data-element_type=\"container\" data-e-type=\"container\" data-settings=\"{&quot;_ha_eqh_enable&quot;:false}\">\n\t\t\t\t\t<div class=\"e-con-inner\">\n\t\t\t\t<div class=\"elementor-element elementor-element-23fc643 elementor-widget elementor-widget-text-editor\" data-id=\"23fc643\" data-element_type=\"widget\" data-e-type=\"widget\" data-widget_type=\"text-editor.default\">\n\t\t\t\t<div class=\"elementor-widget-container\">\n\t\t\t\t\t\t\t\t\t<p>De \u201ereis door de tijd\u201c is niet het enige nieuwe format dat werd gecre\u00eberd tijdens de viering van de 800e verjaardag vorig jaar. \u201eWat zou je willen? - Waar je vroeger kon winkelen in Oppenheim\u201c is de titel van een rondleiding die licht werpt op de meer recente geschiedenis van de stad. En in het bijzonder de economische sector. Het gaat niet alleen over het bedrijfsleven, maar ook over de horeca, ambachtelijke bedrijven, fabrieken en het stadsleven. De focus ligt op de periode na de oorlog tot de jaren 1990.<\/p>\n<p>De beweegredenen van de stadsgidsen Ulla Eisenhardt, Franz Kram en Thomas Ehlke om deze tour te maken zijn vergelijkbaar met die van de \u201eTijdreizigers\u201c. \u201eWe wilden de stad iets speciaals geven voor haar 800e verjaardag,\u201c zegt Ulla Eisenhardt. Net als haar twee medereizigers is ze opgegroeid in Oppenheim en kent ze de tijd waarin je in de vele winkels alle dagelijkse benodigdheden kon kopen.<\/p>\n<p>Om hun idee te realiseren, begon het trio met het onderzoeken van archieven en het interviewen van hedendaagse getuigen. Aanvankelijk gaan ze ervan uit dat een paar vergaderingen, telefoontjes en gesprekken genoeg zullen zijn. Een misvatting. Wat uiteindelijk werd verzameld in interviews, archieven en door het lezen van jaarboeken en historische adreslijsten overtrof de verwachtingen ruimschoots. Uiteindelijk zijn er 243 winkels, werkplaatsen, productiebedrijven, dienstverleners, hotels en restaurants opgenomen van de oevers van de Rijn tot aan de Gautor - het documenteert het eens zo levendige zakelijke en economische leven van de stad.<\/p>\t\t\t\t\t\t\t\t<\/div>\n\t\t\t\t<\/div>\n\t\t\t\t\t<\/div>\n\t\t\t\t<\/div>\n\t\t<div class=\"elementor-element elementor-element-32d3253 e-flex e-con-boxed e-con e-parent\" data-id=\"32d3253\" data-element_type=\"container\" data-e-type=\"container\" data-settings=\"{&quot;_ha_eqh_enable&quot;:false}\">\n\t\t\t\t\t<div class=\"e-con-inner\">\n\t\t\t\t<div class=\"elementor-element elementor-element-f04222f gallery-spacing-custom elementor-widget elementor-widget-image-gallery\" data-id=\"f04222f\" data-element_type=\"widget\" data-e-type=\"widget\" data-widget_type=\"image-gallery.default\">\n\t\t\t\t<div class=\"elementor-widget-container\">\n\t\t\t\t\t\t\t<div class=\"elementor-image-gallery\">\n\t\t\t\n<a data-elementor-open-lightbox=\"yes\" data-elementor-lightbox-slideshow=\"f04222f\" data-elementor-lightbox-title=\"Kr\u00e4merstra\u00dfe in Oppenheim um 1900\" data-e-action-hash=\"#elementor-action%3Aaction%3Dlightbox%26settings%3DeyJpZCI6MTc0MzgsInVybCI6Imh0dHBzOlwvXC9yaGVpbmhlc3NlbmJsb2cuZGVcL3dwLWNvbnRlbnRcL3VwbG9hZHNcLzIwMjZcLzA0XC9LcmFlbWVyc3RyYXNzZS0yLXNjYWxlZC5qcGciLCJzbGlkZXNob3ciOiJmMDQyMjJmIn0%3D\" href='https:\/\/rheinhessenblog.de\/wp-content\/uploads\/2026\/04\/Kraemerstrasse-2-scaled.jpg'><img loading=\"lazy\" decoding=\"async\" width=\"300\" height=\"187\" src=\"https:\/\/rheinhessenblog.de\/wp-content\/uploads\/2026\/04\/Kraemerstrasse-2-300x187.jpg\" class=\"attachment-medium size-medium\" alt=\"Zwart-witfoto van de Kr\u00e4merstra\u00dfe in Oppenheim rond 1900, omzoomd met huizen met meerdere verdiepingen en winkels, waaronder een winkel met het opschrift \u201eF. Koch\u201c en een \u201eRestauration\u201c. Sommige mensen staan of lopen op straat.\" srcset=\"https:\/\/rheinhessenblog.de\/wp-content\/uploads\/2026\/04\/Kraemerstrasse-2-300x187.jpg 300w, https:\/\/rheinhessenblog.de\/wp-content\/uploads\/2026\/04\/Kraemerstrasse-2-1024x639.jpg 1024w, https:\/\/rheinhessenblog.de\/wp-content\/uploads\/2026\/04\/Kraemerstrasse-2-768x479.jpg 768w, https:\/\/rheinhessenblog.de\/wp-content\/uploads\/2026\/04\/Kraemerstrasse-2-1536x959.jpg 1536w, https:\/\/rheinhessenblog.de\/wp-content\/uploads\/2026\/04\/Kraemerstrasse-2-2048x1278.jpg 2048w, https:\/\/rheinhessenblog.de\/wp-content\/uploads\/2026\/04\/Kraemerstrasse-2-18x12.jpg 18w\" sizes=\"(max-width: 300px) 100vw, 300px\" \/><\/a>\n<a data-elementor-open-lightbox=\"yes\" data-elementor-lightbox-slideshow=\"f04222f\" data-elementor-lightbox-title=\"Ein Blick in die Mainzer Stra\u00dfe. So sah die zentrale Gesch\u00e4ftsmeile Oppenheims in den fr\u00fchen 60er Jahren aus.\" data-e-action-hash=\"#elementor-action%3Aaction%3Dlightbox%26settings%3DeyJpZCI6MTc0MzQsInVybCI6Imh0dHBzOlwvXC9yaGVpbmhlc3NlbmJsb2cuZGVcL3dwLWNvbnRlbnRcL3VwbG9hZHNcLzIwMjZcLzA0XC9CbGljay1NYWluemVyLVN0cmFzc2UtNjBlci5qcGciLCJzbGlkZXNob3ciOiJmMDQyMjJmIn0%3D\" href='https:\/\/rheinhessenblog.de\/wp-content\/uploads\/2026\/04\/Blick-Mainzer-Strasse-60er.jpg'><img loading=\"lazy\" decoding=\"async\" width=\"300\" height=\"191\" src=\"https:\/\/rheinhessenblog.de\/wp-content\/uploads\/2026\/04\/Blick-Mainzer-Strasse-60er-300x191.jpg\" class=\"attachment-medium size-medium\" alt=\"Een blik op de Mainzer Strasse. Zo zag de centrale winkelstraat van Oppenheim er begin jaren 1960 uit.\" srcset=\"https:\/\/rheinhessenblog.de\/wp-content\/uploads\/2026\/04\/Blick-Mainzer-Strasse-60er-300x191.jpg 300w, https:\/\/rheinhessenblog.de\/wp-content\/uploads\/2026\/04\/Blick-Mainzer-Strasse-60er-1024x653.jpg 1024w, https:\/\/rheinhessenblog.de\/wp-content\/uploads\/2026\/04\/Blick-Mainzer-Strasse-60er-768x490.jpg 768w, https:\/\/rheinhessenblog.de\/wp-content\/uploads\/2026\/04\/Blick-Mainzer-Strasse-60er-1536x980.jpg 1536w, https:\/\/rheinhessenblog.de\/wp-content\/uploads\/2026\/04\/Blick-Mainzer-Strasse-60er-18x12.jpg 18w, https:\/\/rheinhessenblog.de\/wp-content\/uploads\/2026\/04\/Blick-Mainzer-Strasse-60er.jpg 2048w\" sizes=\"(max-width: 300px) 100vw, 300px\" \/><\/a>\n\t\t<\/div>\n\t\t\t\t\t\t<\/div>\n\t\t\t\t<\/div>\n\t\t\t\t<div class=\"elementor-element elementor-element-381981d elementor-widget elementor-widget-text-editor\" data-id=\"381981d\" data-element_type=\"widget\" data-e-type=\"widget\" data-widget_type=\"text-editor.default\">\n\t\t\t\t<div class=\"elementor-widget-container\">\n\t\t\t\t\t\t\t\t\t<p>Foto's: collectie Bernd Felix Hahn<\/p>\t\t\t\t\t\t\t\t<\/div>\n\t\t\t\t<\/div>\n\t\t\t\t\t<\/div>\n\t\t\t\t<\/div>\n\t\t<div class=\"elementor-element elementor-element-07368d3 e-flex e-con-boxed e-con e-parent\" data-id=\"07368d3\" data-element_type=\"container\" data-e-type=\"container\" data-settings=\"{&quot;_ha_eqh_enable&quot;:false}\">\n\t\t\t\t\t<div class=\"e-con-inner\">\n\t\t\t\t<div class=\"elementor-element elementor-element-c38ac14 elementor-widget elementor-widget-text-editor\" data-id=\"c38ac14\" data-element_type=\"widget\" data-e-type=\"widget\" data-widget_type=\"text-editor.default\">\n\t\t\t\t<div class=\"elementor-widget-container\">\n\t\t\t\t\t\t\t\t\t<p>De zoektocht naar betekenisvolle foto's is bijzonder moeilijk. Uiteindelijk is ook deze hindernis overwonnen. De verzamelde foto's vormen het middelpunt van de rondleidingen door de stad. Vanwege het grote aantal bedrijven is de tour verdeeld in drie modules op drie verschillende data: Vorstadt, Mainzer Stra\u00dfe en Wormser Stra\u00dfe\/Kr\u00e4merstra\u00dfe\/Marktplatz. Natuurlijk worden niet alle \u201evondsten\u201c genoemd, want dat zou vervelend zijn.<\/p>\t\t\t\t\t\t\t\t<\/div>\n\t\t\t\t<\/div>\n\t\t\t\t\t<\/div>\n\t\t\t\t<\/div>\n\t\t<div class=\"elementor-element elementor-element-1605cf8 e-flex e-con-boxed e-con e-parent\" data-id=\"1605cf8\" data-element_type=\"container\" data-e-type=\"container\" data-settings=\"{&quot;_ha_eqh_enable&quot;:false}\">\n\t\t\t\t\t<div class=\"e-con-inner\">\n\t\t\t\t<div class=\"elementor-element elementor-element-005fa11 elementor-widget elementor-widget-image\" data-id=\"005fa11\" data-element_type=\"widget\" data-e-type=\"widget\" data-widget_type=\"image.default\">\n\t\t\t\t<div class=\"elementor-widget-container\">\n\t\t\t\t\t\t\t\t\t\t\t\t<figure class=\"wp-caption\">\n\t\t\t\t\t\t\t\t\t\t\t<a href=\"https:\/\/rheinhessenblog.de\/wp-content\/uploads\/2026\/04\/Einkaufen-1-1-scaled.jpg\" data-elementor-open-lightbox=\"yes\" data-elementor-lightbox-title=\"Fotos aus der Historie der Oppenheimer Gesch\u00e4ftswelt illustrieren den Weg durch die einstigen Gesch\u00e4ftsstra\u00dfen der Stadt.\" data-e-action-hash=\"#elementor-action%3Aaction%3Dlightbox%26settings%3DeyJpZCI6MTc0MzYsInVybCI6Imh0dHBzOlwvXC9yaGVpbmhlc3NlbmJsb2cuZGVcL3dwLWNvbnRlbnRcL3VwbG9hZHNcLzIwMjZcLzA0XC9FaW5rYXVmZW4tMS0xLXNjYWxlZC5qcGcifQ%3D%3D\">\n\t\t\t\t\t\t\t<img loading=\"lazy\" decoding=\"async\" width=\"800\" height=\"360\" src=\"https:\/\/rheinhessenblog.de\/wp-content\/uploads\/2026\/04\/Einkaufen-1-1-1024x461.jpg\" class=\"attachment-large size-large wp-image-17436\" alt=\"Foto&#039;s uit de geschiedenis van de zakenwereld van Oppenheim illustreren de route door de voormalige winkelstraten van de stad.\" srcset=\"https:\/\/rheinhessenblog.de\/wp-content\/uploads\/2026\/04\/Einkaufen-1-1-1024x461.jpg 1024w, https:\/\/rheinhessenblog.de\/wp-content\/uploads\/2026\/04\/Einkaufen-1-1-300x135.jpg 300w, https:\/\/rheinhessenblog.de\/wp-content\/uploads\/2026\/04\/Einkaufen-1-1-768x346.jpg 768w, https:\/\/rheinhessenblog.de\/wp-content\/uploads\/2026\/04\/Einkaufen-1-1-1536x692.jpg 1536w, https:\/\/rheinhessenblog.de\/wp-content\/uploads\/2026\/04\/Einkaufen-1-1-2048x923.jpg 2048w, https:\/\/rheinhessenblog.de\/wp-content\/uploads\/2026\/04\/Einkaufen-1-1-18x8.jpg 18w\" sizes=\"(max-width: 800px) 100vw, 800px\" \/>\t\t\t\t\t\t\t\t<\/a>\n\t\t\t\t\t\t\t\t\t\t\t<figcaption class=\"widget-image-caption wp-caption-text\">Foto's uit de geschiedenis van de zakenwereld van Oppenheim illustreren de route door de voormalige winkelstraten van de stad. <\/figcaption>\n\t\t\t\t\t\t\t\t\t\t<\/figure>\n\t\t\t\t\t\t\t\t\t<\/div>\n\t\t\t\t<\/div>\n\t\t\t\t\t<\/div>\n\t\t\t\t<\/div>\n\t\t<div class=\"elementor-element elementor-element-d310c6c e-flex e-con-boxed e-con e-parent\" data-id=\"d310c6c\" data-element_type=\"container\" data-e-type=\"container\" data-settings=\"{&quot;_ha_eqh_enable&quot;:false}\">\n\t\t\t\t\t<div class=\"e-con-inner\">\n\t\t\t\t<div class=\"elementor-element elementor-element-4dc277f elementor-widget elementor-widget-image\" data-id=\"4dc277f\" data-element_type=\"widget\" data-e-type=\"widget\" data-widget_type=\"image.default\">\n\t\t\t\t<div class=\"elementor-widget-container\">\n\t\t\t\t\t\t\t\t\t\t\t\t<figure class=\"wp-caption\">\n\t\t\t\t\t\t\t\t\t\t\t<a href=\"https:\/\/rheinhessenblog.de\/wp-content\/uploads\/2026\/04\/Einkaufen-2-1-scaled.jpg\" data-elementor-open-lightbox=\"yes\" data-elementor-lightbox-title=\"G\u00e4stebegleiter Thomas Ehlke (2.v.l.) erl\u00e4utert den Zuh\u00f6renden das fr\u00fchere Ladenangebot am Fu\u00df der Mainzer Stra\u00dfe, w\u00e4hrend Ulla Eisenhardt (Mitte) die zugeh\u00f6rigen Fotos in die Runde h\u00e4lt.\" data-e-action-hash=\"#elementor-action%3Aaction%3Dlightbox%26settings%3DeyJpZCI6MTc0MzcsInVybCI6Imh0dHBzOlwvXC9yaGVpbmhlc3NlbmJsb2cuZGVcL3dwLWNvbnRlbnRcL3VwbG9hZHNcLzIwMjZcLzA0XC9FaW5rYXVmZW4tMi0xLXNjYWxlZC5qcGcifQ%3D%3D\">\n\t\t\t\t\t\t\t<img loading=\"lazy\" decoding=\"async\" width=\"800\" height=\"360\" src=\"https:\/\/rheinhessenblog.de\/wp-content\/uploads\/2026\/04\/Einkaufen-2-1-1024x461.jpg\" class=\"attachment-large size-large wp-image-17437\" alt=\"Verschillende mensen staan bij elkaar tijdens een rondleiding door Oppenheim. E\u00e9n persoon laat een open album met historische foto&#039;s zien terwijl andere deelnemers toekijken. Op de achtergrond staat een bord met het opschrift \u201e800 Jahre Stadtrechte Oppenheim\u201c.\" srcset=\"https:\/\/rheinhessenblog.de\/wp-content\/uploads\/2026\/04\/Einkaufen-2-1-1024x461.jpg 1024w, https:\/\/rheinhessenblog.de\/wp-content\/uploads\/2026\/04\/Einkaufen-2-1-300x135.jpg 300w, https:\/\/rheinhessenblog.de\/wp-content\/uploads\/2026\/04\/Einkaufen-2-1-768x346.jpg 768w, https:\/\/rheinhessenblog.de\/wp-content\/uploads\/2026\/04\/Einkaufen-2-1-1536x692.jpg 1536w, https:\/\/rheinhessenblog.de\/wp-content\/uploads\/2026\/04\/Einkaufen-2-1-2048x923.jpg 2048w, https:\/\/rheinhessenblog.de\/wp-content\/uploads\/2026\/04\/Einkaufen-2-1-18x8.jpg 18w\" sizes=\"(max-width: 800px) 100vw, 800px\" \/>\t\t\t\t\t\t\t\t<\/a>\n\t\t\t\t\t\t\t\t\t\t\t<figcaption class=\"widget-image-caption wp-caption-text\">Gastgids Thomas Ehlke (2e van links) geeft het publiek uitleg over het vroegere winkelaanbod aan de voet van de Mainzer Stra\u00dfe, terwijl Ulla Eisenhardt (midden) de bijbehorende foto's omhoog houdt. <\/figcaption>\n\t\t\t\t\t\t\t\t\t\t<\/figure>\n\t\t\t\t\t\t\t\t\t<\/div>\n\t\t\t\t<\/div>\n\t\t\t\t<div class=\"elementor-element elementor-element-f56da13 elementor-widget elementor-widget-text-editor\" data-id=\"f56da13\" data-element_type=\"widget\" data-e-type=\"widget\" data-widget_type=\"text-editor.default\">\n\t\t\t\t<div class=\"elementor-widget-container\">\n\t\t\t\t\t\t\t\t\t<p>Foto's: Stephan Arnold\/stad Oppenheim<\/p>\t\t\t\t\t\t\t\t<\/div>\n\t\t\t\t<\/div>\n\t\t\t\t\t<\/div>\n\t\t\t\t<\/div>\n\t\t<div class=\"elementor-element elementor-element-8ae1889 e-flex e-con-boxed e-con e-parent\" data-id=\"8ae1889\" data-element_type=\"container\" data-e-type=\"container\" data-settings=\"{&quot;_ha_eqh_enable&quot;:false}\">\n\t\t\t\t\t<div class=\"e-con-inner\">\n\t\t\t\t<div class=\"elementor-element elementor-element-0fedfcc elementor-widget elementor-widget-heading\" data-id=\"0fedfcc\" data-element_type=\"widget\" data-e-type=\"widget\" data-widget_type=\"heading.default\">\n\t\t\t\t<div class=\"elementor-widget-container\">\n\t\t\t\t\t<h3 class=\"elementor-heading-title elementor-size-default\">Niet alleen interessant voor Oppenheimer<\/h3>\t\t\t\t<\/div>\n\t\t\t\t<\/div>\n\t\t\t\t\t<\/div>\n\t\t\t\t<\/div>\n\t\t<div class=\"elementor-element elementor-element-544ef47 e-flex e-con-boxed e-con e-parent\" data-id=\"544ef47\" data-element_type=\"container\" data-e-type=\"container\" data-settings=\"{&quot;_ha_eqh_enable&quot;:false}\">\n\t\t\t\t\t<div class=\"e-con-inner\">\n\t\t\t\t<div class=\"elementor-element elementor-element-b605dab elementor-widget elementor-widget-text-editor\" data-id=\"b605dab\" data-element_type=\"widget\" data-e-type=\"widget\" data-widget_type=\"text-editor.default\">\n\t\t\t\t<div class=\"elementor-widget-container\">\n\t\t\t\t\t\t\t\t\t<p>Wat de gidsen verrast, is dat deze rondleiding niet alleen populair is bij de inwoners van Oppenheim die al lang in de stad wonen, maar ook bij nieuwkomers en zelfs bij mensen van buitenaf. \u201eDat hadden we niet verwacht, noch de overweldigende positieve feedback,\u201c zegt Ulla Eisenhardt.<\/p>\n<p>Dit is misschien te danken aan het feit dat de wandelingen door de voormalige winkelstraten geen stereotiepe opeenvolging van winkels en bedrijven zijn. Anekdotes en achtergrondverhalen zorgen niet alleen voor een lach, maar brengen ook een tijd tot leven en maken een tijd tastbaar waarin detailhandel en handel floreerden en de huisbazen van de stad hun handen vol hadden.<\/p>\n<p>Een tijd waarin er nog originelen waren. En ook deze komen weer tot leven met citaten en humor tijdens de rondleidingen. Wie weet er nu nog dat de notabelen van de stad eind jaren vijftig gokten in caf\u00e9 \u201eZum Schwanen\u201c? Of dat in sommige winkels de boter onverpakt in een bak met koud water dreef bij gebrek aan een koelvitrine? Of dat sterren als Caterina Valente, Vico Torriani en Conny Froboess in de jaren vijftig live optraden in een bioscoop in de stad?<\/p>\t\t\t\t\t\t\t\t<\/div>\n\t\t\t\t<\/div>\n\t\t\t\t\t<\/div>\n\t\t\t\t<\/div>\n\t\t<div class=\"elementor-element elementor-element-a0659b9 e-flex e-con-boxed e-con e-parent\" data-id=\"a0659b9\" data-element_type=\"container\" data-e-type=\"container\" data-settings=\"{&quot;_ha_eqh_enable&quot;:false}\">\n\t\t\t\t\t<div class=\"e-con-inner\">\n\t\t\t\t<div class=\"elementor-element elementor-element-25b7bf1 gallery-spacing-custom elementor-widget elementor-widget-image-gallery\" data-id=\"25b7bf1\" data-element_type=\"widget\" data-e-type=\"widget\" data-widget_type=\"image-gallery.default\">\n\t\t\t\t<div class=\"elementor-widget-container\">\n\t\t\t\t\t\t\t<div class=\"elementor-image-gallery\">\n\t\t\t\n<a data-elementor-open-lightbox=\"yes\" data-elementor-lightbox-slideshow=\"25b7bf1\" data-elementor-lightbox-title=\"Ein typischer Tante-Emma-Laden war das Lebensmittelgesch\u00e4ft Lichtnecker in der Mainzer Stra\u00dfe.\" data-e-action-hash=\"#elementor-action%3Aaction%3Dlightbox%26settings%3DeyJpZCI6MTc0MzIsInVybCI6Imh0dHBzOlwvXC9yaGVpbmhlc3NlbmJsb2cuZGVcL3dwLWNvbnRlbnRcL3VwbG9hZHNcLzIwMjZcLzA0XC81LUxpY2h0bmVja2VyLmpwZyIsInNsaWRlc2hvdyI6IjI1YjdiZjEifQ%3D%3D\" href='https:\/\/rheinhessenblog.de\/wp-content\/uploads\/2026\/04\/5-Lichtnecker.jpg'><img loading=\"lazy\" decoding=\"async\" width=\"300\" height=\"222\" src=\"https:\/\/rheinhessenblog.de\/wp-content\/uploads\/2026\/04\/5-Lichtnecker-300x222.jpg\" class=\"attachment-medium size-medium\" alt=\"Een typische winkel op de hoek was de kruidenierswinkel Lichtnecker in de Mainzer Stra\u00dfe.\" srcset=\"https:\/\/rheinhessenblog.de\/wp-content\/uploads\/2026\/04\/5-Lichtnecker-300x222.jpg 300w, https:\/\/rheinhessenblog.de\/wp-content\/uploads\/2026\/04\/5-Lichtnecker-1024x759.jpg 1024w, https:\/\/rheinhessenblog.de\/wp-content\/uploads\/2026\/04\/5-Lichtnecker-768x569.jpg 768w, https:\/\/rheinhessenblog.de\/wp-content\/uploads\/2026\/04\/5-Lichtnecker-1536x1138.jpg 1536w, https:\/\/rheinhessenblog.de\/wp-content\/uploads\/2026\/04\/5-Lichtnecker-2048x1518.jpg 2048w, https:\/\/rheinhessenblog.de\/wp-content\/uploads\/2026\/04\/5-Lichtnecker-16x12.jpg 16w\" sizes=\"(max-width: 300px) 100vw, 300px\" \/><\/a>\n<a data-elementor-open-lightbox=\"yes\" data-elementor-lightbox-slideshow=\"25b7bf1\" data-elementor-lightbox-title=\"Spielwarengesch\u00e4ft Laib in den 1950er-Jahren\" data-e-action-hash=\"#elementor-action%3Aaction%3Dlightbox%26settings%3DeyJpZCI6MTc0MzksInVybCI6Imh0dHBzOlwvXC9yaGVpbmhlc3NlbmJsb2cuZGVcL3dwLWNvbnRlbnRcL3VwbG9hZHNcLzIwMjZcLzA0XC9PUFAtTGFpYi1Xb3Jtc2VyLTUuanBnIiwic2xpZGVzaG93IjoiMjViN2JmMSJ9\" href='https:\/\/rheinhessenblog.de\/wp-content\/uploads\/2026\/04\/OPP-Laib-Wormser-5.jpg'><img loading=\"lazy\" decoding=\"async\" width=\"300\" height=\"206\" src=\"https:\/\/rheinhessenblog.de\/wp-content\/uploads\/2026\/04\/OPP-Laib-Wormser-5-300x206.jpg\" class=\"attachment-medium size-medium\" alt=\"Interieuropname van een speelgoedwinkel met rekken vol poppen, speelgoedauto&#039;s en speelgoed. Een vrouw zit met een kind tussen een kinderwagen en speelgoed, terwijl in de winkel talloze artikelen worden tentoongesteld.\" srcset=\"https:\/\/rheinhessenblog.de\/wp-content\/uploads\/2026\/04\/OPP-Laib-Wormser-5-300x206.jpg 300w, https:\/\/rheinhessenblog.de\/wp-content\/uploads\/2026\/04\/OPP-Laib-Wormser-5-1024x702.jpg 1024w, https:\/\/rheinhessenblog.de\/wp-content\/uploads\/2026\/04\/OPP-Laib-Wormser-5-768x527.jpg 768w, https:\/\/rheinhessenblog.de\/wp-content\/uploads\/2026\/04\/OPP-Laib-Wormser-5-18x12.jpg 18w, https:\/\/rheinhessenblog.de\/wp-content\/uploads\/2026\/04\/OPP-Laib-Wormser-5.jpg 1161w\" sizes=\"(max-width: 300px) 100vw, 300px\" \/><\/a>\n\t\t<\/div>\n\t\t\t\t\t\t<\/div>\n\t\t\t\t<\/div>\n\t\t\t\t\t<\/div>\n\t\t\t\t<\/div>\n\t\t<div class=\"elementor-element elementor-element-9f86092 e-flex e-con-boxed e-con e-parent\" data-id=\"9f86092\" data-element_type=\"container\" data-e-type=\"container\" data-settings=\"{&quot;_ha_eqh_enable&quot;:false}\">\n\t\t\t\t\t<div class=\"e-con-inner\">\n\t\t\t\t<div class=\"elementor-element elementor-element-78cf81a elementor-widget elementor-widget-text-editor\" data-id=\"78cf81a\" data-element_type=\"widget\" data-e-type=\"widget\" data-widget_type=\"text-editor.default\">\n\t\t\t\t<div class=\"elementor-widget-container\">\n\t\t\t\t\t\t\t\t\t<p>\u201eMet \u201aWas darf's denn sein\u2018 brengen we de recente geschiedenis van Oppenheim terug in het leven van alledag. De rondleiding is bijzonder levendig dankzij de vele kleine anekdotes uit het leven in de stad, die zelfs inwoners van Oppenheim die al lang in de stad wonen verrassen en voor bezoekers van buiten de stad even vermakelijk als spannend zijn\u201c, vat Stephan Arnold samen wat dit format zo bijzonder maakt.<\/p>\t\t\t\t\t\t\t\t<\/div>\n\t\t\t\t<\/div>\n\t\t\t\t\t<\/div>\n\t\t\t\t<\/div>\n\t\t<div class=\"elementor-element elementor-element-44a7b55 e-flex e-con-boxed e-con e-parent\" data-id=\"44a7b55\" data-element_type=\"container\" data-e-type=\"container\" data-settings=\"{&quot;_ha_eqh_enable&quot;:false}\">\n\t\t\t\t\t<div class=\"e-con-inner\">\n\t\t\t\t<div class=\"elementor-element elementor-element-2b9896e gallery-spacing-custom elementor-widget elementor-widget-image-gallery\" data-id=\"2b9896e\" data-element_type=\"widget\" data-e-type=\"widget\" data-widget_type=\"image-gallery.default\">\n\t\t\t\t<div class=\"elementor-widget-container\">\n\t\t\t\t\t\t\t<div class=\"elementor-image-gallery\">\n\t\t\t\n<a data-elementor-open-lightbox=\"yes\" data-elementor-lightbox-slideshow=\"2b9896e\" data-elementor-lightbox-title=\"Mitte der 60er Jahre arbeiteten 90 Prozent der Bev\u00f6lkerung in Oppenheim. Der gewerbliche Mittelstand, wie etwa die Druckerei Grentz, stellte eine stattliche Anzahl an Arbeitspl\u00e4tzen zur Verf\u00fcgung.\" data-e-action-hash=\"#elementor-action%3Aaction%3Dlightbox%26settings%3DeyJpZCI6MTc0MzUsInVybCI6Imh0dHBzOlwvXC9yaGVpbmhlc3NlbmJsb2cuZGVcL3dwLWNvbnRlbnRcL3VwbG9hZHNcLzIwMjZcLzA0XC9EcnVja2VyZWktR3JlbnR6LS1zY2FsZWQuanBnIiwic2xpZGVzaG93IjoiMmI5ODk2ZSJ9\" href='https:\/\/rheinhessenblog.de\/wp-content\/uploads\/2026\/04\/Druckerei-Grentz--scaled.jpg'><img loading=\"lazy\" decoding=\"async\" width=\"768\" height=\"681\" src=\"https:\/\/rheinhessenblog.de\/wp-content\/uploads\/2026\/04\/Druckerei-Grentz--768x681.jpg\" class=\"attachment-medium_large size-medium_large\" alt=\"Halverwege de jaren 60 werkte 90% van de bevolking in Oppenheim. Kleine en middelgrote bedrijven, zoals drukkerij Grentz, zorgden voor een aanzienlijk aantal banen.\" srcset=\"https:\/\/rheinhessenblog.de\/wp-content\/uploads\/2026\/04\/Druckerei-Grentz--768x681.jpg 768w, https:\/\/rheinhessenblog.de\/wp-content\/uploads\/2026\/04\/Druckerei-Grentz--300x266.jpg 300w, https:\/\/rheinhessenblog.de\/wp-content\/uploads\/2026\/04\/Druckerei-Grentz--1024x909.jpg 1024w, https:\/\/rheinhessenblog.de\/wp-content\/uploads\/2026\/04\/Druckerei-Grentz--1536x1363.jpg 1536w, https:\/\/rheinhessenblog.de\/wp-content\/uploads\/2026\/04\/Druckerei-Grentz--2048x1817.jpg 2048w, https:\/\/rheinhessenblog.de\/wp-content\/uploads\/2026\/04\/Druckerei-Grentz--14x12.jpg 14w\" sizes=\"(max-width: 768px) 100vw, 768px\" \/><\/a>\n<a data-elementor-open-lightbox=\"yes\" data-elementor-lightbox-slideshow=\"2b9896e\" data-elementor-lightbox-title=\"B\u00e4ckermeister Karl Schulz mit Sohn Peter in der Backstube im Haus Kr\u00e4merstra\u00dfe 19. Nach der B\u00e4ckerei war hier lange Jahre die Pizzeria Paperino untergebracht.\" data-e-action-hash=\"#elementor-action%3Aaction%3Dlightbox%26settings%3DeyJpZCI6MTc0MzMsInVybCI6Imh0dHBzOlwvXC9yaGVpbmhlc3NlbmJsb2cuZGVcL3dwLWNvbnRlbnRcL3VwbG9hZHNcLzIwMjZcLzA0XC8zMi1CYWVja2VyZWktU2NodWx6LmpwZyIsInNsaWRlc2hvdyI6IjJiOTg5NmUifQ%3D%3D\" href='https:\/\/rheinhessenblog.de\/wp-content\/uploads\/2026\/04\/32-Baeckerei-Schulz.jpg'><img loading=\"lazy\" decoding=\"async\" width=\"768\" height=\"782\" src=\"https:\/\/rheinhessenblog.de\/wp-content\/uploads\/2026\/04\/32-Baeckerei-Schulz-768x782.jpg\" class=\"attachment-medium_large size-medium_large\" alt=\"Meesterbakker Karl Schulz met zijn zoon Peter in de bakkerij aan de Kr\u00e4merstra\u00dfe 19, waar na de bakkerij jarenlang de pizzeria Paperino was gevestigd.\" srcset=\"https:\/\/rheinhessenblog.de\/wp-content\/uploads\/2026\/04\/32-Baeckerei-Schulz-768x782.jpg 768w, https:\/\/rheinhessenblog.de\/wp-content\/uploads\/2026\/04\/32-Baeckerei-Schulz-295x300.jpg 295w, https:\/\/rheinhessenblog.de\/wp-content\/uploads\/2026\/04\/32-Baeckerei-Schulz-1006x1024.jpg 1006w, https:\/\/rheinhessenblog.de\/wp-content\/uploads\/2026\/04\/32-Baeckerei-Schulz-1509x1536.jpg 1509w, https:\/\/rheinhessenblog.de\/wp-content\/uploads\/2026\/04\/32-Baeckerei-Schulz-2012x2048.jpg 2012w, https:\/\/rheinhessenblog.de\/wp-content\/uploads\/2026\/04\/32-Baeckerei-Schulz-12x12.jpg 12w\" sizes=\"(max-width: 768px) 100vw, 768px\" \/><\/a>\n\t\t<\/div>\n\t\t\t\t\t\t<\/div>\n\t\t\t\t<\/div>\n\t\t\t\t\t<\/div>\n\t\t\t\t<\/div>\n\t\t<div class=\"elementor-element elementor-element-5f49293 e-flex e-con-boxed e-con e-parent\" data-id=\"5f49293\" data-element_type=\"container\" data-e-type=\"container\" data-settings=\"{&quot;_ha_eqh_enable&quot;:false}\">\n\t\t\t\t\t<div class=\"e-con-inner\">\n\t\t\t\t<div class=\"elementor-element elementor-element-b2c2a2f elementor-widget elementor-widget-heading\" data-id=\"b2c2a2f\" data-element_type=\"widget\" data-e-type=\"widget\" data-widget_type=\"heading.default\">\n\t\t\t\t<div class=\"elementor-widget-container\">\n\t\t\t\t\t<h3 class=\"elementor-heading-title elementor-size-default\">Vooruitzichten: barri\u00e8revrije rondleidingen door het kelderlabyrint gepland<\/h3>\t\t\t\t<\/div>\n\t\t\t\t<\/div>\n\t\t\t\t\t<\/div>\n\t\t\t\t<\/div>\n\t\t<div class=\"elementor-element elementor-element-d85103f e-flex e-con-boxed e-con e-parent\" data-id=\"d85103f\" data-element_type=\"container\" data-e-type=\"container\" data-settings=\"{&quot;_ha_eqh_enable&quot;:false}\">\n\t\t\t\t\t<div class=\"e-con-inner\">\n\t\t\t\t<div class=\"elementor-element elementor-element-00f73d7 elementor-widget elementor-widget-text-editor\" data-id=\"00f73d7\" data-element_type=\"widget\" data-e-type=\"widget\" data-widget_type=\"text-editor.default\">\n\t\t\t\t<div class=\"elementor-widget-container\">\n\t\t\t\t\t\t\t\t\t<p>De gidsen van Oppenheim en het actieve team van toeristische informatie staan nooit stil bij nieuwe idee\u00ebn - zelfs niet na het jubileumjaar. Het nieuwste project zijn barri\u00e8revrije rondleidingen door het unieke kelderlabyrint, die in 2026 aan het programma worden toegevoegd. \u201eMet deze rondleidingen stellen we deze bijzondere plek in de toekomst voor nog meer mensen open. Tegelijkertijd werken we ook aan de ontwikkeling van andere barri\u00e8revrije formats in Oppenheim, zodat zoveel mogelijk bezoekers onze stad en haar geschiedenis kunnen ontdekken\u201c, aldus het gemeenteraadslid.<\/p>\t\t\t\t\t\t\t\t<\/div>\n\t\t\t\t<\/div>\n\t\t\t\t\t<\/div>\n\t\t\t\t<\/div>\n\t\t<div class=\"elementor-element elementor-element-2bb2765 e-flex e-con-boxed e-con e-parent\" data-id=\"2bb2765\" data-element_type=\"container\" data-e-type=\"container\" data-settings=\"{&quot;_ha_eqh_enable&quot;:false}\">\n\t\t\t\t\t<div class=\"e-con-inner\">\n\t\t\t\t<div class=\"elementor-element elementor-element-5ce857c elementor-widget elementor-widget-text-editor\" data-id=\"5ce857c\" data-element_type=\"widget\" data-e-type=\"widget\" data-widget_type=\"text-editor.default\">\n\t\t\t\t<div class=\"elementor-widget-container\">\n\t\t\t\t\t\t\t\t\t<p>Deze nieuwe en alle andere rondleidingen door de stad kunnen worden geboekt bij <a href=\"http:\/\/www.stadt-oppenheim.de\/buchen\" target=\"_blank\" rel=\"noopener\">www.stadt-oppenheim.de\/buchen<\/a>. Daar vind je ook meer informatie over prijzen en data.<\/p>\t\t\t\t\t\t\t\t<\/div>\n\t\t\t\t<\/div>\n\t\t\t\t\t<\/div>\n\t\t\t\t<\/div>\n\t\t<div class=\"elementor-element elementor-element-527257c e-flex e-con-boxed e-con e-parent\" data-id=\"527257c\" data-element_type=\"container\" data-e-type=\"container\" data-settings=\"{&quot;_ha_eqh_enable&quot;:false}\">\n\t\t\t\t\t<div class=\"e-con-inner\">\n\t\t\t\t\t<\/div>\n\t\t\t\t<\/div>\n\t\t\t\t<\/div>","protected":false},"excerpt":{"rendered":"<p>Zeitreise &#8211; Eine spannende Tour durch die Jahrhunderte Zu den gro\u00dfen Menschheitstr\u00e4umen z\u00e4hlt das Reisen durch Raum und Zeit. Wie in \u201eZur\u00fcck in die Zukunft\u201c mit dem Flux-Generator in andere Epochen schweben \u2013 wer m\u00f6chte das nicht? \u00a0In Oppenheim findet diese Sehnsucht nun ihre Erf\u00fcllung. Denn dort k\u00f6nnen Einheimische und Fremde bei einer Kost\u00fcmf\u00fchrung auf [&hellip;]<\/p>\n","protected":false},"author":35,"featured_media":17428,"comment_status":"open","ping_status":"closed","sticky":false,"template":"","format":"standard","meta":{"_acf_changed":false,"footnotes":""},"categories":[320],"tags":[],"class_list":["post-17440","post","type-post","status-publish","format-standard","has-post-thumbnail","hentry","category-kultur-entdecken"],"acf":{"":null},"yoast_head":"<!-- This site is optimized with the Yoast SEO plugin v27.4 - https:\/\/yoast.com\/product\/yoast-seo-wordpress\/ -->\n<title>Kost\u00fcmf\u00fchrung in Oppenheim: Zeitreise erleben<\/title>\n<meta name=\"description\" content=\"Tauchen Sie in Oppenheim auf einer neuen Kost\u00fcmf\u00fchrung in vergangene Jahrhunderte ein und erleben Sie eine faszinierende Zeitreise voller Geschichte und Atmosph\u00e4re.\" \/>\n<meta name=\"robots\" content=\"index, follow, max-snippet:-1, max-image-preview:large, max-video-preview:-1\" \/>\n<link rel=\"canonical\" href=\"https:\/\/rheinhessenblog.de\/nl\/oppenheim-kostuum-tour-tijdreizen\/\" \/>\n<meta property=\"og:locale\" content=\"nl_NL\" \/>\n<meta property=\"og:type\" content=\"article\" \/>\n<meta property=\"og:title\" content=\"Kost\u00fcmf\u00fchrung in Oppenheim: Zeitreise erleben\" \/>\n<meta property=\"og:description\" content=\"Tauchen Sie in Oppenheim auf einer neuen Kost\u00fcmf\u00fchrung in vergangene Jahrhunderte ein und erleben Sie eine faszinierende Zeitreise voller Geschichte und Atmosph\u00e4re.\" \/>\n<meta property=\"og:url\" content=\"https:\/\/rheinhessenblog.de\/nl\/oppenheim-kostuum-tour-tijdreizen\/\" \/>\n<meta property=\"og:site_name\" content=\"Rheinhessen-Blog\" \/>\n<meta property=\"article:published_time\" content=\"2026-04-08T13:22:45+00:00\" \/>\n<meta property=\"article:modified_time\" content=\"2026-04-13T09:39:10+00:00\" \/>\n<meta property=\"og:image\" content=\"https:\/\/rheinhessenblog.de\/wp-content\/uploads\/2026\/04\/Zeitreise_6-scaled.jpg\" \/>\n\t<meta property=\"og:image:width\" content=\"2560\" \/>\n\t<meta property=\"og:image:height\" content=\"1707\" \/>\n\t<meta property=\"og:image:type\" content=\"image\/jpeg\" \/>\n<meta name=\"author\" content=\"Thomas Ehlke\" \/>\n<meta name=\"twitter:card\" content=\"summary_large_image\" \/>\n<meta name=\"twitter:label1\" content=\"Geschreven door\" \/>\n\t<meta name=\"twitter:data1\" content=\"Thomas Ehlke\" \/>\n\t<meta name=\"twitter:label2\" content=\"Geschatte leestijd\" \/>\n\t<meta name=\"twitter:data2\" content=\"12 minuten\" \/>\n<script type=\"application\/ld+json\" class=\"yoast-schema-graph\">{\"@context\":\"https:\\\/\\\/schema.org\",\"@graph\":[{\"@type\":\"Article\",\"@id\":\"https:\\\/\\\/rheinhessenblog.de\\\/oppenheim-kostuemfuehrung-zeitreise\\\/#article\",\"isPartOf\":{\"@id\":\"https:\\\/\\\/rheinhessenblog.de\\\/oppenheim-kostuemfuehrung-zeitreise\\\/\"},\"author\":{\"name\":\"Thomas Ehlke\",\"@id\":\"https:\\\/\\\/rheinhessenblog.de\\\/#\\\/schema\\\/person\\\/4144f649f7564462e9fee7212a85ebc8\"},\"headline\":\"Kost\u00fcmf\u00fchrung in Oppenheim nimmt G\u00e4ste mit auf eine Zeitreise der besonderen Art\",\"datePublished\":\"2026-04-08T13:22:45+00:00\",\"dateModified\":\"2026-04-13T09:39:10+00:00\",\"mainEntityOfPage\":{\"@id\":\"https:\\\/\\\/rheinhessenblog.de\\\/oppenheim-kostuemfuehrung-zeitreise\\\/\"},\"wordCount\":1793,\"commentCount\":0,\"publisher\":{\"@id\":\"https:\\\/\\\/rheinhessenblog.de\\\/#organization\"},\"image\":{\"@id\":\"https:\\\/\\\/rheinhessenblog.de\\\/oppenheim-kostuemfuehrung-zeitreise\\\/#primaryimage\"},\"thumbnailUrl\":\"https:\\\/\\\/rheinhessenblog.de\\\/wp-content\\\/uploads\\\/2026\\\/04\\\/Zeitreise_6-scaled.jpg\",\"articleSection\":[\"Kultur entdecken\"],\"inLanguage\":\"nl-NL\",\"potentialAction\":[{\"@type\":\"CommentAction\",\"name\":\"Comment\",\"target\":[\"https:\\\/\\\/rheinhessenblog.de\\\/oppenheim-kostuemfuehrung-zeitreise\\\/#respond\"]}]},{\"@type\":\"WebPage\",\"@id\":\"https:\\\/\\\/rheinhessenblog.de\\\/oppenheim-kostuemfuehrung-zeitreise\\\/\",\"url\":\"https:\\\/\\\/rheinhessenblog.de\\\/oppenheim-kostuemfuehrung-zeitreise\\\/\",\"name\":\"Kost\u00fcmf\u00fchrung in Oppenheim: Zeitreise erleben\",\"isPartOf\":{\"@id\":\"https:\\\/\\\/rheinhessenblog.de\\\/#website\"},\"primaryImageOfPage\":{\"@id\":\"https:\\\/\\\/rheinhessenblog.de\\\/oppenheim-kostuemfuehrung-zeitreise\\\/#primaryimage\"},\"image\":{\"@id\":\"https:\\\/\\\/rheinhessenblog.de\\\/oppenheim-kostuemfuehrung-zeitreise\\\/#primaryimage\"},\"thumbnailUrl\":\"https:\\\/\\\/rheinhessenblog.de\\\/wp-content\\\/uploads\\\/2026\\\/04\\\/Zeitreise_6-scaled.jpg\",\"datePublished\":\"2026-04-08T13:22:45+00:00\",\"dateModified\":\"2026-04-13T09:39:10+00:00\",\"description\":\"Tauchen Sie in Oppenheim auf einer neuen Kost\u00fcmf\u00fchrung in vergangene Jahrhunderte ein und erleben Sie eine faszinierende Zeitreise voller Geschichte und Atmosph\u00e4re.\",\"breadcrumb\":{\"@id\":\"https:\\\/\\\/rheinhessenblog.de\\\/oppenheim-kostuemfuehrung-zeitreise\\\/#breadcrumb\"},\"inLanguage\":\"nl-NL\",\"potentialAction\":[{\"@type\":\"ReadAction\",\"target\":[\"https:\\\/\\\/rheinhessenblog.de\\\/oppenheim-kostuemfuehrung-zeitreise\\\/\"]}]},{\"@type\":\"ImageObject\",\"inLanguage\":\"nl-NL\",\"@id\":\"https:\\\/\\\/rheinhessenblog.de\\\/oppenheim-kostuemfuehrung-zeitreise\\\/#primaryimage\",\"url\":\"https:\\\/\\\/rheinhessenblog.de\\\/wp-content\\\/uploads\\\/2026\\\/04\\\/Zeitreise_6-scaled.jpg\",\"contentUrl\":\"https:\\\/\\\/rheinhessenblog.de\\\/wp-content\\\/uploads\\\/2026\\\/04\\\/Zeitreise_6-scaled.jpg\",\"width\":2560,\"height\":1707,\"caption\":\"\u201eMagister\u201c J\u00fcrgen Franz nimmt die G\u00e4ste mit in die Zeit der Stadterhebung und blickt auf die Anf\u00e4nge der Besiedlung Oppenheims.\"},{\"@type\":\"BreadcrumbList\",\"@id\":\"https:\\\/\\\/rheinhessenblog.de\\\/oppenheim-kostuemfuehrung-zeitreise\\\/#breadcrumb\",\"itemListElement\":[{\"@type\":\"ListItem\",\"position\":1,\"name\":\"Startseite\",\"item\":\"https:\\\/\\\/rheinhessenblog.de\\\/\"},{\"@type\":\"ListItem\",\"position\":2,\"name\":\"Kost\u00fcmf\u00fchrung in Oppenheim nimmt G\u00e4ste mit auf eine Zeitreise der besonderen Art\"}]},{\"@type\":\"WebSite\",\"@id\":\"https:\\\/\\\/rheinhessenblog.de\\\/#website\",\"url\":\"https:\\\/\\\/rheinhessenblog.de\\\/\",\"name\":\"Rheinhessen-Blog\",\"description\":\"\",\"publisher\":{\"@id\":\"https:\\\/\\\/rheinhessenblog.de\\\/#organization\"},\"potentialAction\":[{\"@type\":\"SearchAction\",\"target\":{\"@type\":\"EntryPoint\",\"urlTemplate\":\"https:\\\/\\\/rheinhessenblog.de\\\/?s={search_term_string}\"},\"query-input\":{\"@type\":\"PropertyValueSpecification\",\"valueRequired\":true,\"valueName\":\"search_term_string\"}}],\"inLanguage\":\"nl-NL\"},{\"@type\":\"Organization\",\"@id\":\"https:\\\/\\\/rheinhessenblog.de\\\/#organization\",\"name\":\"Rheinhessen-Blog\",\"url\":\"https:\\\/\\\/rheinhessenblog.de\\\/\",\"logo\":{\"@type\":\"ImageObject\",\"inLanguage\":\"nl-NL\",\"@id\":\"https:\\\/\\\/rheinhessenblog.de\\\/#\\\/schema\\\/logo\\\/image\\\/\",\"url\":\"https:\\\/\\\/rheinhessenblog.de\\\/wp-content\\\/uploads\\\/2023\\\/07\\\/Rheinhessenlogo.svg\",\"contentUrl\":\"https:\\\/\\\/rheinhessenblog.de\\\/wp-content\\\/uploads\\\/2023\\\/07\\\/Rheinhessenlogo.svg\",\"width\":85,\"height\":26,\"caption\":\"Rheinhessen-Blog\"},\"image\":{\"@id\":\"https:\\\/\\\/rheinhessenblog.de\\\/#\\\/schema\\\/logo\\\/image\\\/\"}},{\"@type\":\"Person\",\"@id\":\"https:\\\/\\\/rheinhessenblog.de\\\/#\\\/schema\\\/person\\\/4144f649f7564462e9fee7212a85ebc8\",\"name\":\"Thomas Ehlke\",\"description\":\"Geboren in Mainz, aufgewachsen in Oppenheim trage ich von Geburt an das Rheinhessen-Gen in mir. Als Redakteur der Allgemeinen Zeitung und Buchautor habe ich das Geschehen im Land der 1000 H\u00fcgel intensiv begleitet. Meine besondere Aufmerksamkeit gilt dem Wein, dem ich mich unter anderem als Host des VRM-Podcasts \u201eWein x 1\u201c widme. Foto: Sascha Kopp\",\"url\":\"https:\\\/\\\/rheinhessenblog.de\\\/nl\\\/author\\\/t-ehlke\\\/\"}]}<\/script>\n<!-- \/ Yoast SEO plugin. -->","yoast_head_json":{"title":"Kostuumrondleiding in Oppenheim: beleef een reis door de tijd","description":"Dompel je onder in voorbije eeuwen tijdens een nieuwe kostuumrondleiding in Oppenheim en beleef een fascinerende reis door de tijd vol geschiedenis en sfeer.","robots":{"index":"index","follow":"follow","max-snippet":"max-snippet:-1","max-image-preview":"max-image-preview:large","max-video-preview":"max-video-preview:-1"},"canonical":"https:\/\/rheinhessenblog.de\/nl\/oppenheim-kostuum-tour-tijdreizen\/","og_locale":"nl_NL","og_type":"article","og_title":"Kost\u00fcmf\u00fchrung in Oppenheim: Zeitreise erleben","og_description":"Tauchen Sie in Oppenheim auf einer neuen Kost\u00fcmf\u00fchrung in vergangene Jahrhunderte ein und erleben Sie eine faszinierende Zeitreise voller Geschichte und Atmosph\u00e4re.","og_url":"https:\/\/rheinhessenblog.de\/nl\/oppenheim-kostuum-tour-tijdreizen\/","og_site_name":"Rheinhessen-Blog","article_published_time":"2026-04-08T13:22:45+00:00","article_modified_time":"2026-04-13T09:39:10+00:00","og_image":[{"width":2560,"height":1707,"url":"https:\/\/rheinhessenblog.de\/wp-content\/uploads\/2026\/04\/Zeitreise_6-scaled.jpg","type":"image\/jpeg"}],"author":"Thomas Ehlke","twitter_card":"summary_large_image","twitter_misc":{"Geschreven door":"Thomas Ehlke","Geschatte leestijd":"12 minuten"},"schema":{"@context":"https:\/\/schema.org","@graph":[{"@type":"Article","@id":"https:\/\/rheinhessenblog.de\/oppenheim-kostuemfuehrung-zeitreise\/#article","isPartOf":{"@id":"https:\/\/rheinhessenblog.de\/oppenheim-kostuemfuehrung-zeitreise\/"},"author":{"name":"Thomas Ehlke","@id":"https:\/\/rheinhessenblog.de\/#\/schema\/person\/4144f649f7564462e9fee7212a85ebc8"},"headline":"Kost\u00fcmf\u00fchrung in Oppenheim nimmt G\u00e4ste mit auf eine Zeitreise der besonderen Art","datePublished":"2026-04-08T13:22:45+00:00","dateModified":"2026-04-13T09:39:10+00:00","mainEntityOfPage":{"@id":"https:\/\/rheinhessenblog.de\/oppenheim-kostuemfuehrung-zeitreise\/"},"wordCount":1793,"commentCount":0,"publisher":{"@id":"https:\/\/rheinhessenblog.de\/#organization"},"image":{"@id":"https:\/\/rheinhessenblog.de\/oppenheim-kostuemfuehrung-zeitreise\/#primaryimage"},"thumbnailUrl":"https:\/\/rheinhessenblog.de\/wp-content\/uploads\/2026\/04\/Zeitreise_6-scaled.jpg","articleSection":["Kultur entdecken"],"inLanguage":"nl-NL","potentialAction":[{"@type":"CommentAction","name":"Comment","target":["https:\/\/rheinhessenblog.de\/oppenheim-kostuemfuehrung-zeitreise\/#respond"]}]},{"@type":"WebPage","@id":"https:\/\/rheinhessenblog.de\/oppenheim-kostuemfuehrung-zeitreise\/","url":"https:\/\/rheinhessenblog.de\/oppenheim-kostuemfuehrung-zeitreise\/","name":"Kostuumrondleiding in Oppenheim: beleef een reis door de tijd","isPartOf":{"@id":"https:\/\/rheinhessenblog.de\/#website"},"primaryImageOfPage":{"@id":"https:\/\/rheinhessenblog.de\/oppenheim-kostuemfuehrung-zeitreise\/#primaryimage"},"image":{"@id":"https:\/\/rheinhessenblog.de\/oppenheim-kostuemfuehrung-zeitreise\/#primaryimage"},"thumbnailUrl":"https:\/\/rheinhessenblog.de\/wp-content\/uploads\/2026\/04\/Zeitreise_6-scaled.jpg","datePublished":"2026-04-08T13:22:45+00:00","dateModified":"2026-04-13T09:39:10+00:00","description":"Dompel je onder in voorbije eeuwen tijdens een nieuwe kostuumrondleiding in Oppenheim en beleef een fascinerende reis door de tijd vol geschiedenis en sfeer.","breadcrumb":{"@id":"https:\/\/rheinhessenblog.de\/oppenheim-kostuemfuehrung-zeitreise\/#breadcrumb"},"inLanguage":"nl-NL","potentialAction":[{"@type":"ReadAction","target":["https:\/\/rheinhessenblog.de\/oppenheim-kostuemfuehrung-zeitreise\/"]}]},{"@type":"ImageObject","inLanguage":"nl-NL","@id":"https:\/\/rheinhessenblog.de\/oppenheim-kostuemfuehrung-zeitreise\/#primaryimage","url":"https:\/\/rheinhessenblog.de\/wp-content\/uploads\/2026\/04\/Zeitreise_6-scaled.jpg","contentUrl":"https:\/\/rheinhessenblog.de\/wp-content\/uploads\/2026\/04\/Zeitreise_6-scaled.jpg","width":2560,"height":1707,"caption":"\u201eMagister\u201c J\u00fcrgen Franz nimmt die G\u00e4ste mit in die Zeit der Stadterhebung und blickt auf die Anf\u00e4nge der Besiedlung Oppenheims."},{"@type":"BreadcrumbList","@id":"https:\/\/rheinhessenblog.de\/oppenheim-kostuemfuehrung-zeitreise\/#breadcrumb","itemListElement":[{"@type":"ListItem","position":1,"name":"Startseite","item":"https:\/\/rheinhessenblog.de\/"},{"@type":"ListItem","position":2,"name":"Kost\u00fcmf\u00fchrung in Oppenheim nimmt G\u00e4ste mit auf eine Zeitreise der besonderen Art"}]},{"@type":"WebSite","@id":"https:\/\/rheinhessenblog.de\/#website","url":"https:\/\/rheinhessenblog.de\/","name":"Blog","description":"","publisher":{"@id":"https:\/\/rheinhessenblog.de\/#organization"},"potentialAction":[{"@type":"SearchAction","target":{"@type":"EntryPoint","urlTemplate":"https:\/\/rheinhessenblog.de\/?s={search_term_string}"},"query-input":{"@type":"PropertyValueSpecification","valueRequired":true,"valueName":"search_term_string"}}],"inLanguage":"nl-NL"},{"@type":"Organization","@id":"https:\/\/rheinhessenblog.de\/#organization","name":"Blog","url":"https:\/\/rheinhessenblog.de\/","logo":{"@type":"ImageObject","inLanguage":"nl-NL","@id":"https:\/\/rheinhessenblog.de\/#\/schema\/logo\/image\/","url":"https:\/\/rheinhessenblog.de\/wp-content\/uploads\/2023\/07\/Rheinhessenlogo.svg","contentUrl":"https:\/\/rheinhessenblog.de\/wp-content\/uploads\/2023\/07\/Rheinhessenlogo.svg","width":85,"height":26,"caption":"Rheinhessen-Blog"},"image":{"@id":"https:\/\/rheinhessenblog.de\/#\/schema\/logo\/image\/"}},{"@type":"Person","@id":"https:\/\/rheinhessenblog.de\/#\/schema\/person\/4144f649f7564462e9fee7212a85ebc8","name":"Thomas Ehlke","description":"Geboren in Mainz, opgegroeid in Oppenheim, draag ik het Rheinhessen-gen al sinds mijn geboorte met me mee. Als redacteur van de Allgemeine Zeitung en auteur van boeken heb ik de gebeurtenissen in het land van de 1000 heuvels intensief gevolgd. Ik besteed speciale aandacht aan wijn, een van de dingen waar ik me mee bezig houd als presentator van de VRM podcast \"Wine x 1\". Foto: Sascha Kopp","url":"https:\/\/rheinhessenblog.de\/nl\/author\/t-ehlke\/"}]}},"_links":{"self":[{"href":"https:\/\/rheinhessenblog.de\/nl\/wp-json\/wp\/v2\/posts\/17440","targetHints":{"allow":["GET"]}}],"collection":[{"href":"https:\/\/rheinhessenblog.de\/nl\/wp-json\/wp\/v2\/posts"}],"about":[{"href":"https:\/\/rheinhessenblog.de\/nl\/wp-json\/wp\/v2\/types\/post"}],"author":[{"embeddable":true,"href":"https:\/\/rheinhessenblog.de\/nl\/wp-json\/wp\/v2\/users\/35"}],"replies":[{"embeddable":true,"href":"https:\/\/rheinhessenblog.de\/nl\/wp-json\/wp\/v2\/comments?post=17440"}],"version-history":[{"count":28,"href":"https:\/\/rheinhessenblog.de\/nl\/wp-json\/wp\/v2\/posts\/17440\/revisions"}],"predecessor-version":[{"id":17486,"href":"https:\/\/rheinhessenblog.de\/nl\/wp-json\/wp\/v2\/posts\/17440\/revisions\/17486"}],"wp:featuredmedia":[{"embeddable":true,"href":"https:\/\/rheinhessenblog.de\/nl\/wp-json\/wp\/v2\/media\/17428"}],"wp:attachment":[{"href":"https:\/\/rheinhessenblog.de\/nl\/wp-json\/wp\/v2\/media?parent=17440"}],"wp:term":[{"taxonomy":"category","embeddable":true,"href":"https:\/\/rheinhessenblog.de\/nl\/wp-json\/wp\/v2\/categories?post=17440"},{"taxonomy":"post_tag","embeddable":true,"href":"https:\/\/rheinhessenblog.de\/nl\/wp-json\/wp\/v2\/tags?post=17440"}],"curies":[{"name":"wp","href":"https:\/\/api.w.org\/{rel}","templated":true}]}}