{"id":6947,"date":"2021-08-11T09:54:28","date_gmt":"2021-08-11T07:54:28","guid":{"rendered":"http:\/\/blog.rheinhessen.de\/?p=6947"},"modified":"2023-10-30T10:56:37","modified_gmt":"2023-10-30T09:56:37","slug":"de-smaak-van-zomerijssalons-die-inspireren","status":"publish","type":"post","link":"https:\/\/rheinhessenblog.de\/nl\/so-schmeckt-der-sommer-eisdielen-die-begeistern\/","title":{"rendered":"Zo smaakt de zomer... ijssalons die bedEISTEREN!"},"content":{"rendered":"<p><\/p>\n\n\n\n<h2 class=\"wp-block-heading\">Geen zomer zonder N'ijs<\/h2>\n\n\n\n<p>Mainz. Neustadt. Gartenfeldplatz. Het is een heerlijk warme zomermiddag. Een van de mooiste pleinen in Mainz's Neustadt bruist van activiteit. Alle bankjes rond het plein zijn bezet, vrolijk gelach van kinderen is te horen vanaf de speelplaats. Het is het typische decor van de Gartenfeldplatz, maar er is meer aan de hand: <a href=\"https:\/\/www.n-eis.de\/\" target=\"_blank\" rel=\"noreferrer noopener\" aria-label=\"N&#039;Eis - het ijs uit Neustadt.  (opent in nieuw tabblad)\">N'Eis - het ijs uit Neustadt. <\/a><\/p>\n\n\n\n<figure class=\"wp-block-image size-large\"><img fetchpriority=\"high\" decoding=\"async\" width=\"683\" height=\"1024\" src=\"https:\/\/rheinhessenblog.de\/wp-content\/uploads\/2021\/08\/DSC_6441-scaled-1-683x1024.jpg\" alt=\"\" class=\"wp-image-6956\" srcset=\"https:\/\/rheinhessenblog.de\/wp-content\/uploads\/2021\/08\/DSC_6441-scaled-1-683x1024.jpg 683w, https:\/\/rheinhessenblog.de\/wp-content\/uploads\/2021\/08\/DSC_6441-scaled-1-200x300.jpg 200w, https:\/\/rheinhessenblog.de\/wp-content\/uploads\/2021\/08\/DSC_6441-scaled-1-768x1152.jpg 768w, https:\/\/rheinhessenblog.de\/wp-content\/uploads\/2021\/08\/DSC_6441-scaled-1-1024x1536.jpg 1024w, https:\/\/rheinhessenblog.de\/wp-content\/uploads\/2021\/08\/DSC_6441-scaled-1-1366x2048.jpg 1366w, https:\/\/rheinhessenblog.de\/wp-content\/uploads\/2021\/08\/DSC_6441-scaled-1.jpg 1707w\" sizes=\"(max-width: 683px) 100vw, 683px\" \/><figcaption class=\"wp-element-caption\">Omdat het gewoon N'ice smaakt!<\/figcaption><\/figure>\n\n\n\n<p>Ook mijn\nMijn bestemming is ook het kleine winkeltje op de hoek, dat al sinds 2013 uitzonderlijk ijs levert\nijs hier sinds 2013. Ik ben blij dat de rij iets langer is dan normaal, want ik kan\nIk kan rustig de tijd nemen en nadenken over mijn smaakkeuze. Mango lassi,\nCherry Kola of Mint Stracciatella zijn slechts drie van de twaalf smaken die dagelijks veranderen.\nsmaken die dagelijks veranderen. Klassiekers als chocolade en vanille\nvanille zijn er natuurlijk ook. <\/p>\n\n\n\n<h3 class=\"wp-block-heading\">Een winkel met succesgarantie<\/h3>\n\n\n\n<p>Het idee voor\n\"N'Eis\" was het idee van Anke Carduck en Julia von Dreusche. Maar het was niet hun liefde voor ijs\nliefde voor ijs dat hen ertoe bracht een ijssalon te openen, maar wel de winkel zelf.\nmaar eerder de winkel zelf. We werden gewoon verliefd op deze kleine ruimte,\" zegt Anke Carduck.\nWe werden gewoon verliefd op deze kleine ruimte,\" zeggen Anke Carduck en Julia von Dreusche, die toen nog student waren.\n\"Toen het plotseling te koop stond, hebben we niet lang getwijfeld.\nToen hebben we nagedacht over wat we er precies mee wilden doen.\" Het feit dat het door de\ndat het uiteindelijk een \"ijswinkel\" werd met louter straatverkoop,\nis een groot geluk voor alle ijsfans.&nbsp; <\/p>\n\n\n\n<figure class=\"wp-block-image size-large\"><img decoding=\"async\" width=\"682\" height=\"1024\" src=\"https:\/\/rheinhessenblog.de\/wp-content\/uploads\/2021\/08\/DSC_6253-scaled-1-682x1024.jpg\" alt=\"\" class=\"wp-image-6953\" srcset=\"https:\/\/rheinhessenblog.de\/wp-content\/uploads\/2021\/08\/DSC_6253-scaled-1-682x1024.jpg 682w, https:\/\/rheinhessenblog.de\/wp-content\/uploads\/2021\/08\/DSC_6253-scaled-1-200x300.jpg 200w, https:\/\/rheinhessenblog.de\/wp-content\/uploads\/2021\/08\/DSC_6253-scaled-1-768x1152.jpg 768w, https:\/\/rheinhessenblog.de\/wp-content\/uploads\/2021\/08\/DSC_6253-scaled-1-1024x1536.jpg 1024w, https:\/\/rheinhessenblog.de\/wp-content\/uploads\/2021\/08\/DSC_6253-scaled-1-1365x2048.jpg 1365w, https:\/\/rheinhessenblog.de\/wp-content\/uploads\/2021\/08\/DSC_6253-scaled-1.jpg 1706w\" sizes=\"(max-width: 682px) 100vw, 682px\" \/><figcaption class=\"wp-element-caption\">Soms is geduld nodig voor de kleine winkel op de hoek. Maar het wachten wordt beloond.<\/figcaption><\/figure>\n\n\n\n<p>Ondertussen sta ik aan de toonbank en heb ik keuze te over. In totaal heeft N'Eis meer dan 150 verschillende soorten in haar assortiment. Allemaal in huis gemaakt, dagelijks vers, zonder kunstmatige toevoegingen en waar mogelijk van regionale producten. Kwaliteit en authenticiteit zijn topprioriteiten voor Anke Carduck en Julia von Dreusche. \"We zijn geen Italianen en wilden geen kopie van bekende ijssalons openen. We wilden iets nieuws cre\u00ebren,\" zegt Carduck. Hun succes laat zien dat ze daarin geslaagd zijn. <\/p>\n\n\n\n<h3 class=\"wp-block-heading\">Top ijssalon in heel Duitsland<\/h3>\n\n\n\n<p>Het aanvankelijke idee om een klein winkeltje te runnen is nu uitgegroeid tot een bedrijf met 90 medewerkers. Naast de twee filialen in Mainz - het tweede filiaal ligt direct aan de oever van de Rijn - is er al een compleet N'Eis-assortiment met receptenboeken en een eigen sieradencollectie. N'Eis heeft zijn oorspronkelijke charme en vooral zijn buitengewone smaak daardoor niet verloren. Onlangs nog werd het uitgeroepen tot een van de beste ijssalons van heel Duitsland.<\/p>\n\n\n\n<figure class=\"wp-block-image size-large\"><img decoding=\"async\" width=\"1024\" height=\"683\" src=\"https:\/\/rheinhessenblog.de\/wp-content\/uploads\/2021\/08\/DSC_6247-scaled-1-1024x683.jpg\" alt=\"\" class=\"wp-image-6957\" srcset=\"https:\/\/rheinhessenblog.de\/wp-content\/uploads\/2021\/08\/DSC_6247-scaled-1-1024x683.jpg 1024w, https:\/\/rheinhessenblog.de\/wp-content\/uploads\/2021\/08\/DSC_6247-scaled-1-300x200.jpg 300w, https:\/\/rheinhessenblog.de\/wp-content\/uploads\/2021\/08\/DSC_6247-scaled-1-768x512.jpg 768w, https:\/\/rheinhessenblog.de\/wp-content\/uploads\/2021\/08\/DSC_6247-scaled-1-1536x1024.jpg 1536w, https:\/\/rheinhessenblog.de\/wp-content\/uploads\/2021\/08\/DSC_6247-scaled-1-2048x1366.jpg 2048w\" sizes=\"(max-width: 1024px) 100vw, 1024px\" \/><figcaption class=\"wp-element-caption\">Wanneer een ijsje de dag goed maakt!<\/figcaption><\/figure>\n\n\n\n<p>\"Heb een\nn'Eis dag\" staat er in gebogen roze letters naast de ijscobalie.\nAls ik de winkel verlaat met mijn ijshoorntje, weet ik dat dit het gaat worden\neen fijne dag, dankzij N'Eis! <\/p>\n\n\n\n<h3 class=\"wp-block-heading\"><strong>\"IJshoorn\" brengt heerlijke\nverfrissing<\/strong><\/h3>\n\n\n\n<p>Hun winkel is gloednieuw, de smaak van hun ijs zo goed alsof ze al jaren in de ijsbusiness zitten: Sinds februari 2021 runnen Andrea Lippe en David B\u00fchler de <a rel=\"noreferrer noopener\" aria-label=\"Eiscaf\u00e9 &quot;Eishorn&quot; (opent in nieuw tabblad)\" href=\"https:\/\/www.eishorn.com\/\" target=\"_blank\">IJssalon Eishorn<\/a> in Gimbsheim bij Worms. Het was een gelukkig toeval dat ik deze schattige ijssalon met de roze eenhoorn in het logo ontdekte na een stranddag aan de Altrheinsee en de heerlijke smaken niet kon weerstaan. <\/p>\n\n\n\n<figure class=\"wp-block-image size-large\"><img loading=\"lazy\" decoding=\"async\" width=\"1024\" height=\"683\" src=\"https:\/\/rheinhessenblog.de\/wp-content\/uploads\/2021\/08\/DSC_6336-scaled-1-1024x683.jpg\" alt=\"\" class=\"wp-image-6961\" srcset=\"https:\/\/rheinhessenblog.de\/wp-content\/uploads\/2021\/08\/DSC_6336-scaled-1-1024x683.jpg 1024w, https:\/\/rheinhessenblog.de\/wp-content\/uploads\/2021\/08\/DSC_6336-scaled-1-300x200.jpg 300w, https:\/\/rheinhessenblog.de\/wp-content\/uploads\/2021\/08\/DSC_6336-scaled-1-768x512.jpg 768w, https:\/\/rheinhessenblog.de\/wp-content\/uploads\/2021\/08\/DSC_6336-scaled-1-1536x1024.jpg 1536w, https:\/\/rheinhessenblog.de\/wp-content\/uploads\/2021\/08\/DSC_6336-scaled-1-2048x1366.jpg 2048w\" sizes=\"(max-width: 1024px) 100vw, 1024px\" \/><figcaption class=\"wp-element-caption\">De nieuwe ijssalon \"Eishorn\" in Gimbsheim<\/figcaption><\/figure>\n\n\n\n<h3 class=\"wp-block-heading\"> IJs + eenhoorn = blij zijn! <\/h3>\n\n\n\n<p>16 verschillende\nsmaken wachten hier elke dag op zoetekauwen zoals ik. Naast\nvanille- en aardbeienbollen biedt Eishorn ook de meest bijzondere varianten, afhankelijk van de\nde meest bijzondere soorten belanden in de wafelhoorn: oma's appeltaart, opa's kwarktaart\nOma's appeltaart, opa's kwarktaart, sesam-amandel, honing-salie of wortel-kaas-banaan.\n- De creativiteit kent geen grenzen in het ijslaboratorium van Andrea Lippe en David B\u00fchler.\ncreativiteit kent geen grenzen. We houden ervan om te experimenteren en nieuwe smaken uit te proberen,\" zegt Andrea Lippe.\nnieuwe smaken uitproberen,\" zegt Andrea Lippe, en je kunt haar passie voor haar vak voelen.\nambacht. <\/p>\n\n\n\n<figure class=\"wp-block-image size-large\"><img loading=\"lazy\" decoding=\"async\" width=\"1024\" height=\"683\" src=\"https:\/\/rheinhessenblog.de\/wp-content\/uploads\/2021\/08\/DSC_6326-scaled-1-1024x683.jpg\" alt=\"\" class=\"wp-image-6962\" srcset=\"https:\/\/rheinhessenblog.de\/wp-content\/uploads\/2021\/08\/DSC_6326-scaled-1-1024x683.jpg 1024w, https:\/\/rheinhessenblog.de\/wp-content\/uploads\/2021\/08\/DSC_6326-scaled-1-300x200.jpg 300w, https:\/\/rheinhessenblog.de\/wp-content\/uploads\/2021\/08\/DSC_6326-scaled-1-768x512.jpg 768w, https:\/\/rheinhessenblog.de\/wp-content\/uploads\/2021\/08\/DSC_6326-scaled-1-1536x1024.jpg 1536w, https:\/\/rheinhessenblog.de\/wp-content\/uploads\/2021\/08\/DSC_6326-scaled-1-2048x1366.jpg 2048w\" sizes=\"(max-width: 1024px) 100vw, 1024px\" \/><figcaption class=\"wp-element-caption\">Ballen die je blij maken.<\/figcaption><\/figure>\n\n\n\n<p>Een ijssalon openen midden in een pandemische tijd was een gok, maar het loonde al snel de moeite. \"Onze kleine ijssalon werd vanaf het begin heel goed ontvangen,\" vertelt David B\u00fchler blij. Samen met zijn stiefvader Rainer Sohling runt hij de asperge- en aardbeienboerderij Sohling in Hamm. Hier is ook het idee voor hun eigen ijscaf\u00e9 geboren. \"In ons boerderijcaf\u00e9 boden we ijs aan voor bij onze verse aardbeien,\" legt de \"ijsbaas\" me uit. \"We kregen het ijs van de ijssalon die hier gevestigd was. Toen de eigenaren vorig jaar failliet gingen, besloten we de ijssalon over te nemen - maar met ons eigen concept en ontwerp.\" <\/p>\n\n\n\n<p>\"IJshoorn\"\nstaat voor puur ijsplezier. Aan het hoorntje of het bekertje worden geen kunstmatige kleurstoffen en conserveringsmiddelen toegevoegd.\nin het hoorntje of in het bekertje. \"Ons ijs is handgemaakt, elke dag vers en bereid\nwaar mogelijk bereid met regionale producten,\" zegt B\u00fchler. Kwaliteit die\nkwaliteit die je kunt proeven en dus lik ik mijn ijsje af in de zekerheid een grote \"Eishorn\"-fan te worden.\nfan. <\/p>\n\n\n\n<h3 class=\"wp-block-heading\">IJsplezier op het marktplein van Worms<\/h3>\n\n\n\n<p>Liefhebbers van ijs kunnen hun hart ophalen bij Pietro Vannini op het marktplein van Worms. Al 27 jaar lang is de<a href=\"https:\/\/www.vannini.de\/\" target=\"_blank\" rel=\"noreferrer noopener\" aria-label=\" Eiscaf\u00e9 Vannini (opent in nieuw tabblad)\"> IJssalon Vannini<\/a> een garantie voor het hoogste ijsplezier. Pas gerenoveerd, straalt het sinds begin 2020 in ultramoderne pracht. 8,40 meter ijscounter - de grootste ijscounter in Duitsland, zoals Pietro Vannini me later verzekert. Een ongelooflijke keuze aan ijssoorten en sundaes, allemaal gepresenteerd op fel verlichte fotoborden. En een rij die getuigt van de kwaliteit van dit ijs. &nbsp;<\/p>\n\n\n\n<figure class=\"wp-block-image size-large\"><img loading=\"lazy\" decoding=\"async\" width=\"683\" height=\"1024\" src=\"https:\/\/rheinhessenblog.de\/wp-content\/uploads\/2021\/08\/DSC_6367-scaled-1-683x1024.jpg\" alt=\"\" class=\"wp-image-6963\" srcset=\"https:\/\/rheinhessenblog.de\/wp-content\/uploads\/2021\/08\/DSC_6367-scaled-1-683x1024.jpg 683w, https:\/\/rheinhessenblog.de\/wp-content\/uploads\/2021\/08\/DSC_6367-scaled-1-200x300.jpg 200w, https:\/\/rheinhessenblog.de\/wp-content\/uploads\/2021\/08\/DSC_6367-scaled-1-768x1152.jpg 768w, https:\/\/rheinhessenblog.de\/wp-content\/uploads\/2021\/08\/DSC_6367-scaled-1-1024x1536.jpg 1024w, https:\/\/rheinhessenblog.de\/wp-content\/uploads\/2021\/08\/DSC_6367-scaled-1-1366x2048.jpg 1366w, https:\/\/rheinhessenblog.de\/wp-content\/uploads\/2021\/08\/DSC_6367-scaled-1.jpg 1707w\" sizes=\"(max-width: 683px) 100vw, 683px\" \/><figcaption class=\"wp-element-caption\">Eiscaf\u00e9 Vannini: 8,40 meter puur ijsplezier.<\/figcaption><\/figure>\n\n\n\n<p>Het duurt niet\nniet lang en ik ben ook aan de beurt. Ik ben blij dat ik vandaag niet hoef te kiezen\nIk ben blij dat ik vandaag niet hoef te kiezen, want mijn keuze is duidelijk: \"Een Luther beker, alstublieft!\"\nPietro Vannini bedient me persoonlijk. Hoewel zijn bedrijf nog drie andere vestigingen heeft\ndrie andere filialen in Weinheim, Neustadt en Bad Kreuznach, is de 57-jarige ijscoman\nstaat de 57-jarige ijsbereider nog vaak zelf achter de toonbank. I\nhou van het contact met mijn klanten. Het is belangrijk om te zien hoe ons ijs wordt ontvangen\",\nzegt Vannini, die zelfs na meer dan 30 jaar nooit moe wordt van het cre\u00ebren van nieuw ijs\nnieuwe soorten ijs. <\/p>\n\n\n\n<h3 class=\"wp-block-heading\">Een ijsje voor Martin Luther<\/h3>\n\n\n\n<p>Geen wonder\ndat het Lutherjaar 2021 de perfecte gelegenheid was voor de Lutherstad Worms om haar eigen Lutherijs te ontwikkelen.\nWorms zijn eigen Lutherijs te ontwikkelen. \"Ik heb veel onderzoek gedaan en\nover de eet- en bakcultuur van Luthers tijd,\" zegt Vannini.\nVannini. Natuurlijk waren de ingredi\u00ebnten die in die tijd werden gebruikt bijzonder belangrijk.\ngebruikt in die tijd: Melk, room, boter, honing, karwijzaad en koriander - gegarneerd met\ngedroogd fruit, amandelkoekjes en een snufje kaneel! <\/p>\n\n\n\n<p>Terwijl ik geniet\ngeniet van mijn Lutherijs, vertelt Pietro Vannini me over zijn filosofie. IJs\nVoor hem is ijs meer dan een dessert, het is een traktatie.\nZijn kwaliteitsnormen zijn navenant hoog. \"We gebruiken alleen de beste\ningredi\u00ebnten voor ons ijs en produceren het elke dag vers volgens traditionele\nItaliaanse recepten direct in onze winkels,\" zegt de geboren Italiaan.\nItaliaans. <\/p>\n\n\n\n<figure class=\"wp-block-image size-large\"><img loading=\"lazy\" decoding=\"async\" width=\"683\" height=\"1024\" src=\"https:\/\/rheinhessenblog.de\/wp-content\/uploads\/2021\/08\/DSC_6393-scaled-1-683x1024.jpg\" alt=\"\" class=\"wp-image-6964\" srcset=\"https:\/\/rheinhessenblog.de\/wp-content\/uploads\/2021\/08\/DSC_6393-scaled-1-683x1024.jpg 683w, https:\/\/rheinhessenblog.de\/wp-content\/uploads\/2021\/08\/DSC_6393-scaled-1-200x300.jpg 200w, https:\/\/rheinhessenblog.de\/wp-content\/uploads\/2021\/08\/DSC_6393-scaled-1-768x1152.jpg 768w, https:\/\/rheinhessenblog.de\/wp-content\/uploads\/2021\/08\/DSC_6393-scaled-1-1024x1536.jpg 1024w, https:\/\/rheinhessenblog.de\/wp-content\/uploads\/2021\/08\/DSC_6393-scaled-1-1366x2048.jpg 1366w, https:\/\/rheinhessenblog.de\/wp-content\/uploads\/2021\/08\/DSC_6393-scaled-1.jpg 1707w\" sizes=\"(max-width: 683px) 100vw, 683px\" \/><figcaption class=\"wp-element-caption\">Heerlijke creatie: De Lutherbeker voor het Lutherjaar<\/figcaption><\/figure>\n\n\n\n<p>De laatste lepel\nde laatste lepel Lutherijs smelt nog steeds op mijn tong, als ik merk dat ik\neen kopje kies voor mijn volgende bezoek. Zoals Martin\nLuther zei: \"Hier sta ik. Ik kan niet anders\". Dat is waar! Ik kan het ook niet\nhelpen. Ik moet ijs eten!<\/p>","protected":false},"excerpt":{"rendered":"<p>Genieten van de zon met een ijsje in je hand. Voor de liefhebbers is dit het toppunt van zomer. Zodra de buitentemperaturen stijgen, zijn de kleurrijke bolletjes in knapperige wafels of papieren bekertjes niet meer weg te denken. Ze worden opgeslokt en opgeschept voor wat ze waard zijn. Het is maar goed dat er zoveel geweldige ijssalons in Rheinhessen zijn. Zin in een bolletje ijs in mijn drie favoriete ijssalons? <\/p>","protected":false},"author":19,"featured_media":6965,"comment_status":"open","ping_status":"closed","sticky":false,"template":"","format":"standard","meta":{"_acf_changed":false,"footnotes":""},"categories":[318],"tags":[329],"class_list":["post-6947","post","type-post","status-publish","format-standard","has-post-thumbnail","hentry","category-wein-kulinarik","tag-familien"],"acf":{"":null},"yoast_head":"<!-- This site is optimized with the Yoast SEO plugin v27.4 - https:\/\/yoast.com\/product\/yoast-seo-wordpress\/ -->\n<title>So schmeckt der Sommer... Eisdielen, die begEIStern! - Rheinhessen-Blog<\/title>\n<meta name=\"description\" content=\"Mit einem Eis in der Hand die Sonne genie\u00dfen. Zumindest f\u00fcr Liebhaber der gefrorenen Leckerei ist dies der Inbegriff von Sommer. Sobald die Au\u00dfentemperaturen steigen, sind die bunten Kugeln in Knusperwaffeln oder Pappbechern nicht mehr wegzudenken. Es wird geschleckt und gel\u00f6ffelt, was das Zeug h\u00e4lt. Gut, dass es in Rheinhessen so viele tolle Eisdielen gibt. Lust auf eine Kugel Eis in meinen drei Lieblings-Eissalons?\" \/>\n<meta name=\"robots\" content=\"index, follow, max-snippet:-1, max-image-preview:large, max-video-preview:-1\" \/>\n<link rel=\"canonical\" href=\"https:\/\/rheinhessenblog.de\/nl\/de-smaak-van-zomerijssalons-die-inspireren\/\" \/>\n<meta property=\"og:locale\" content=\"nl_NL\" \/>\n<meta property=\"og:type\" content=\"article\" \/>\n<meta property=\"og:title\" content=\"So schmeckt der Sommer... Eisdielen, die begEIStern! - Rheinhessen-Blog\" \/>\n<meta property=\"og:description\" content=\"Mit einem Eis in der Hand die Sonne genie\u00dfen. Zumindest f\u00fcr Liebhaber der gefrorenen Leckerei ist dies der Inbegriff von Sommer. Sobald die Au\u00dfentemperaturen steigen, sind die bunten Kugeln in Knusperwaffeln oder Pappbechern nicht mehr wegzudenken. Es wird geschleckt und gel\u00f6ffelt, was das Zeug h\u00e4lt. Gut, dass es in Rheinhessen so viele tolle Eisdielen gibt. Lust auf eine Kugel Eis in meinen drei Lieblings-Eissalons?\" \/>\n<meta property=\"og:url\" content=\"https:\/\/rheinhessenblog.de\/nl\/de-smaak-van-zomerijssalons-die-inspireren\/\" \/>\n<meta property=\"og:site_name\" content=\"Rheinhessen-Blog\" \/>\n<meta property=\"article:published_time\" content=\"2021-08-11T07:54:28+00:00\" \/>\n<meta property=\"article:modified_time\" content=\"2023-10-30T09:56:37+00:00\" \/>\n<meta property=\"og:image\" content=\"https:\/\/rheinhessenblog.de\/wp-content\/uploads\/2021\/08\/DSC_6437-scaled-1.jpg\" \/>\n\t<meta property=\"og:image:width\" content=\"2560\" \/>\n\t<meta property=\"og:image:height\" content=\"1707\" \/>\n\t<meta property=\"og:image:type\" content=\"image\/jpeg\" \/>\n<meta name=\"author\" content=\"Tanja Espenschied\" \/>\n<meta name=\"twitter:card\" content=\"summary_large_image\" \/>\n<meta name=\"twitter:label1\" content=\"Geschreven door\" \/>\n\t<meta name=\"twitter:data1\" content=\"Tanja Espenschied\" \/>\n\t<meta name=\"twitter:label2\" content=\"Geschatte leestijd\" \/>\n\t<meta name=\"twitter:data2\" content=\"8 minuten\" \/>\n<script type=\"application\/ld+json\" class=\"yoast-schema-graph\">{\"@context\":\"https:\\\/\\\/schema.org\",\"@graph\":[{\"@type\":\"Article\",\"@id\":\"https:\\\/\\\/rheinhessenblog.de\\\/so-schmeckt-der-sommer-eisdielen-die-begeistern\\\/#article\",\"isPartOf\":{\"@id\":\"https:\\\/\\\/rheinhessenblog.de\\\/so-schmeckt-der-sommer-eisdielen-die-begeistern\\\/\"},\"author\":{\"name\":\"Tanja Espenschied\",\"@id\":\"https:\\\/\\\/rheinhessenblog.de\\\/#\\\/schema\\\/person\\\/105ca6be0dd7329ee6748fca3ae8e936\"},\"headline\":\"So schmeckt der Sommer&#8230; Eisdielen, die begEIStern!\",\"datePublished\":\"2021-08-11T07:54:28+00:00\",\"dateModified\":\"2023-10-30T09:56:37+00:00\",\"mainEntityOfPage\":{\"@id\":\"https:\\\/\\\/rheinhessenblog.de\\\/so-schmeckt-der-sommer-eisdielen-die-begeistern\\\/\"},\"wordCount\":1206,\"commentCount\":0,\"publisher\":{\"@id\":\"https:\\\/\\\/rheinhessenblog.de\\\/#organization\"},\"image\":{\"@id\":\"https:\\\/\\\/rheinhessenblog.de\\\/so-schmeckt-der-sommer-eisdielen-die-begeistern\\\/#primaryimage\"},\"thumbnailUrl\":\"https:\\\/\\\/rheinhessenblog.de\\\/wp-content\\\/uploads\\\/2021\\\/08\\\/DSC_6437-scaled-1.jpg\",\"keywords\":[\"Familien\"],\"articleSection\":[\"Wein &amp; Kulinarik\"],\"inLanguage\":\"nl-NL\",\"potentialAction\":[{\"@type\":\"CommentAction\",\"name\":\"Comment\",\"target\":[\"https:\\\/\\\/rheinhessenblog.de\\\/so-schmeckt-der-sommer-eisdielen-die-begeistern\\\/#respond\"]}]},{\"@type\":\"WebPage\",\"@id\":\"https:\\\/\\\/rheinhessenblog.de\\\/so-schmeckt-der-sommer-eisdielen-die-begeistern\\\/\",\"url\":\"https:\\\/\\\/rheinhessenblog.de\\\/so-schmeckt-der-sommer-eisdielen-die-begeistern\\\/\",\"name\":\"So schmeckt der Sommer... Eisdielen, die begEIStern! - Rheinhessen-Blog\",\"isPartOf\":{\"@id\":\"https:\\\/\\\/rheinhessenblog.de\\\/#website\"},\"primaryImageOfPage\":{\"@id\":\"https:\\\/\\\/rheinhessenblog.de\\\/so-schmeckt-der-sommer-eisdielen-die-begeistern\\\/#primaryimage\"},\"image\":{\"@id\":\"https:\\\/\\\/rheinhessenblog.de\\\/so-schmeckt-der-sommer-eisdielen-die-begeistern\\\/#primaryimage\"},\"thumbnailUrl\":\"https:\\\/\\\/rheinhessenblog.de\\\/wp-content\\\/uploads\\\/2021\\\/08\\\/DSC_6437-scaled-1.jpg\",\"datePublished\":\"2021-08-11T07:54:28+00:00\",\"dateModified\":\"2023-10-30T09:56:37+00:00\",\"description\":\"Mit einem Eis in der Hand die Sonne genie\u00dfen. Zumindest f\u00fcr Liebhaber der gefrorenen Leckerei ist dies der Inbegriff von Sommer. Sobald die Au\u00dfentemperaturen steigen, sind die bunten Kugeln in Knusperwaffeln oder Pappbechern nicht mehr wegzudenken. Es wird geschleckt und gel\u00f6ffelt, was das Zeug h\u00e4lt. Gut, dass es in Rheinhessen so viele tolle Eisdielen gibt. Lust auf eine Kugel Eis in meinen drei Lieblings-Eissalons?\",\"breadcrumb\":{\"@id\":\"https:\\\/\\\/rheinhessenblog.de\\\/so-schmeckt-der-sommer-eisdielen-die-begeistern\\\/#breadcrumb\"},\"inLanguage\":\"nl-NL\",\"potentialAction\":[{\"@type\":\"ReadAction\",\"target\":[\"https:\\\/\\\/rheinhessenblog.de\\\/so-schmeckt-der-sommer-eisdielen-die-begeistern\\\/\"]}]},{\"@type\":\"ImageObject\",\"inLanguage\":\"nl-NL\",\"@id\":\"https:\\\/\\\/rheinhessenblog.de\\\/so-schmeckt-der-sommer-eisdielen-die-begeistern\\\/#primaryimage\",\"url\":\"https:\\\/\\\/rheinhessenblog.de\\\/wp-content\\\/uploads\\\/2021\\\/08\\\/DSC_6437-scaled-1.jpg\",\"contentUrl\":\"https:\\\/\\\/rheinhessenblog.de\\\/wp-content\\\/uploads\\\/2021\\\/08\\\/DSC_6437-scaled-1.jpg\",\"width\":2560,\"height\":1707},{\"@type\":\"BreadcrumbList\",\"@id\":\"https:\\\/\\\/rheinhessenblog.de\\\/so-schmeckt-der-sommer-eisdielen-die-begeistern\\\/#breadcrumb\",\"itemListElement\":[{\"@type\":\"ListItem\",\"position\":1,\"name\":\"Startseite\",\"item\":\"https:\\\/\\\/rheinhessenblog.de\\\/\"},{\"@type\":\"ListItem\",\"position\":2,\"name\":\"So schmeckt der Sommer&#8230; Eisdielen, die begEIStern!\"}]},{\"@type\":\"WebSite\",\"@id\":\"https:\\\/\\\/rheinhessenblog.de\\\/#website\",\"url\":\"https:\\\/\\\/rheinhessenblog.de\\\/\",\"name\":\"Rheinhessen-Blog\",\"description\":\"\",\"publisher\":{\"@id\":\"https:\\\/\\\/rheinhessenblog.de\\\/#organization\"},\"potentialAction\":[{\"@type\":\"SearchAction\",\"target\":{\"@type\":\"EntryPoint\",\"urlTemplate\":\"https:\\\/\\\/rheinhessenblog.de\\\/?s={search_term_string}\"},\"query-input\":{\"@type\":\"PropertyValueSpecification\",\"valueRequired\":true,\"valueName\":\"search_term_string\"}}],\"inLanguage\":\"nl-NL\"},{\"@type\":\"Organization\",\"@id\":\"https:\\\/\\\/rheinhessenblog.de\\\/#organization\",\"name\":\"Rheinhessen-Blog\",\"url\":\"https:\\\/\\\/rheinhessenblog.de\\\/\",\"logo\":{\"@type\":\"ImageObject\",\"inLanguage\":\"nl-NL\",\"@id\":\"https:\\\/\\\/rheinhessenblog.de\\\/#\\\/schema\\\/logo\\\/image\\\/\",\"url\":\"https:\\\/\\\/rheinhessenblog.de\\\/wp-content\\\/uploads\\\/2023\\\/07\\\/Rheinhessenlogo.svg\",\"contentUrl\":\"https:\\\/\\\/rheinhessenblog.de\\\/wp-content\\\/uploads\\\/2023\\\/07\\\/Rheinhessenlogo.svg\",\"width\":85,\"height\":26,\"caption\":\"Rheinhessen-Blog\"},\"image\":{\"@id\":\"https:\\\/\\\/rheinhessenblog.de\\\/#\\\/schema\\\/logo\\\/image\\\/\"}},{\"@type\":\"Person\",\"@id\":\"https:\\\/\\\/rheinhessenblog.de\\\/#\\\/schema\\\/person\\\/105ca6be0dd7329ee6748fca3ae8e936\",\"name\":\"Tanja Espenschied\",\"description\":\"Reisen ist meine Leidenschaft, Rheinhessen mein Zuhause. Viele Jahre bin ich mit Rucksack und Kamera durch die Welt gereist, immer auf der Suche nach den sch\u00f6nsten Flecken der Erde. Was ich dabei ganz \u00fcbersehen habe: Die sch\u00f6nsten Flecken liegen oft nicht auf der anderen Seite des Globus, sondern direkt vor der Haust\u00fcr. Ich ziehe also wieder los, dieses Mal auf der Suche nach den Perlen Rheinhessens.\",\"url\":\"https:\\\/\\\/rheinhessenblog.de\\\/nl\\\/author\\\/espenschied\\\/\"}]}<\/script>\n<!-- \/ Yoast SEO plugin. -->","yoast_head_json":{"title":"Zo smaakt de zomer... IJssalons die begEIStern! - Blog","description":"Genieten van de zon met een ijsje in je hand. Voor de liefhebbers is dit het toppunt van zomer. Zodra de buitentemperaturen stijgen, zijn de kleurrijke bolletjes in knapperige wafels of papieren bekertjes niet meer weg te denken. Ze worden opgeslokt en opgeschept voor wat ze waard zijn. Het is maar goed dat er zoveel geweldige ijssalons in Rheinhessen zijn. Zin in een bolletje ijs in mijn drie favoriete ijssalons?","robots":{"index":"index","follow":"follow","max-snippet":"max-snippet:-1","max-image-preview":"max-image-preview:large","max-video-preview":"max-video-preview:-1"},"canonical":"https:\/\/rheinhessenblog.de\/nl\/de-smaak-van-zomerijssalons-die-inspireren\/","og_locale":"nl_NL","og_type":"article","og_title":"So schmeckt der Sommer... Eisdielen, die begEIStern! - Rheinhessen-Blog","og_description":"Mit einem Eis in der Hand die Sonne genie\u00dfen. Zumindest f\u00fcr Liebhaber der gefrorenen Leckerei ist dies der Inbegriff von Sommer. Sobald die Au\u00dfentemperaturen steigen, sind die bunten Kugeln in Knusperwaffeln oder Pappbechern nicht mehr wegzudenken. Es wird geschleckt und gel\u00f6ffelt, was das Zeug h\u00e4lt. Gut, dass es in Rheinhessen so viele tolle Eisdielen gibt. Lust auf eine Kugel Eis in meinen drei Lieblings-Eissalons?","og_url":"https:\/\/rheinhessenblog.de\/nl\/de-smaak-van-zomerijssalons-die-inspireren\/","og_site_name":"Rheinhessen-Blog","article_published_time":"2021-08-11T07:54:28+00:00","article_modified_time":"2023-10-30T09:56:37+00:00","og_image":[{"width":2560,"height":1707,"url":"https:\/\/rheinhessenblog.de\/wp-content\/uploads\/2021\/08\/DSC_6437-scaled-1.jpg","type":"image\/jpeg"}],"author":"Tanja Espenschied","twitter_card":"summary_large_image","twitter_misc":{"Geschreven door":"Tanja Espenschied","Geschatte leestijd":"8 minuten"},"schema":{"@context":"https:\/\/schema.org","@graph":[{"@type":"Article","@id":"https:\/\/rheinhessenblog.de\/so-schmeckt-der-sommer-eisdielen-die-begeistern\/#article","isPartOf":{"@id":"https:\/\/rheinhessenblog.de\/so-schmeckt-der-sommer-eisdielen-die-begeistern\/"},"author":{"name":"Tanja Espenschied","@id":"https:\/\/rheinhessenblog.de\/#\/schema\/person\/105ca6be0dd7329ee6748fca3ae8e936"},"headline":"So schmeckt der Sommer&#8230; Eisdielen, die begEIStern!","datePublished":"2021-08-11T07:54:28+00:00","dateModified":"2023-10-30T09:56:37+00:00","mainEntityOfPage":{"@id":"https:\/\/rheinhessenblog.de\/so-schmeckt-der-sommer-eisdielen-die-begeistern\/"},"wordCount":1206,"commentCount":0,"publisher":{"@id":"https:\/\/rheinhessenblog.de\/#organization"},"image":{"@id":"https:\/\/rheinhessenblog.de\/so-schmeckt-der-sommer-eisdielen-die-begeistern\/#primaryimage"},"thumbnailUrl":"https:\/\/rheinhessenblog.de\/wp-content\/uploads\/2021\/08\/DSC_6437-scaled-1.jpg","keywords":["Familien"],"articleSection":["Wein &amp; Kulinarik"],"inLanguage":"nl-NL","potentialAction":[{"@type":"CommentAction","name":"Comment","target":["https:\/\/rheinhessenblog.de\/so-schmeckt-der-sommer-eisdielen-die-begeistern\/#respond"]}]},{"@type":"WebPage","@id":"https:\/\/rheinhessenblog.de\/so-schmeckt-der-sommer-eisdielen-die-begeistern\/","url":"https:\/\/rheinhessenblog.de\/so-schmeckt-der-sommer-eisdielen-die-begeistern\/","name":"Zo smaakt de zomer... IJssalons die begEIStern! - Blog","isPartOf":{"@id":"https:\/\/rheinhessenblog.de\/#website"},"primaryImageOfPage":{"@id":"https:\/\/rheinhessenblog.de\/so-schmeckt-der-sommer-eisdielen-die-begeistern\/#primaryimage"},"image":{"@id":"https:\/\/rheinhessenblog.de\/so-schmeckt-der-sommer-eisdielen-die-begeistern\/#primaryimage"},"thumbnailUrl":"https:\/\/rheinhessenblog.de\/wp-content\/uploads\/2021\/08\/DSC_6437-scaled-1.jpg","datePublished":"2021-08-11T07:54:28+00:00","dateModified":"2023-10-30T09:56:37+00:00","description":"Genieten van de zon met een ijsje in je hand. Voor de liefhebbers is dit het toppunt van zomer. Zodra de buitentemperaturen stijgen, zijn de kleurrijke bolletjes in knapperige wafels of papieren bekertjes niet meer weg te denken. Ze worden opgeslokt en opgeschept voor wat ze waard zijn. Het is maar goed dat er zoveel geweldige ijssalons in Rheinhessen zijn. Zin in een bolletje ijs in mijn drie favoriete ijssalons?","breadcrumb":{"@id":"https:\/\/rheinhessenblog.de\/so-schmeckt-der-sommer-eisdielen-die-begeistern\/#breadcrumb"},"inLanguage":"nl-NL","potentialAction":[{"@type":"ReadAction","target":["https:\/\/rheinhessenblog.de\/so-schmeckt-der-sommer-eisdielen-die-begeistern\/"]}]},{"@type":"ImageObject","inLanguage":"nl-NL","@id":"https:\/\/rheinhessenblog.de\/so-schmeckt-der-sommer-eisdielen-die-begeistern\/#primaryimage","url":"https:\/\/rheinhessenblog.de\/wp-content\/uploads\/2021\/08\/DSC_6437-scaled-1.jpg","contentUrl":"https:\/\/rheinhessenblog.de\/wp-content\/uploads\/2021\/08\/DSC_6437-scaled-1.jpg","width":2560,"height":1707},{"@type":"BreadcrumbList","@id":"https:\/\/rheinhessenblog.de\/so-schmeckt-der-sommer-eisdielen-die-begeistern\/#breadcrumb","itemListElement":[{"@type":"ListItem","position":1,"name":"Startseite","item":"https:\/\/rheinhessenblog.de\/"},{"@type":"ListItem","position":2,"name":"So schmeckt der Sommer&#8230; Eisdielen, die begEIStern!"}]},{"@type":"WebSite","@id":"https:\/\/rheinhessenblog.de\/#website","url":"https:\/\/rheinhessenblog.de\/","name":"Blog","description":"","publisher":{"@id":"https:\/\/rheinhessenblog.de\/#organization"},"potentialAction":[{"@type":"SearchAction","target":{"@type":"EntryPoint","urlTemplate":"https:\/\/rheinhessenblog.de\/?s={search_term_string}"},"query-input":{"@type":"PropertyValueSpecification","valueRequired":true,"valueName":"search_term_string"}}],"inLanguage":"nl-NL"},{"@type":"Organization","@id":"https:\/\/rheinhessenblog.de\/#organization","name":"Blog","url":"https:\/\/rheinhessenblog.de\/","logo":{"@type":"ImageObject","inLanguage":"nl-NL","@id":"https:\/\/rheinhessenblog.de\/#\/schema\/logo\/image\/","url":"https:\/\/rheinhessenblog.de\/wp-content\/uploads\/2023\/07\/Rheinhessenlogo.svg","contentUrl":"https:\/\/rheinhessenblog.de\/wp-content\/uploads\/2023\/07\/Rheinhessenlogo.svg","width":85,"height":26,"caption":"Rheinhessen-Blog"},"image":{"@id":"https:\/\/rheinhessenblog.de\/#\/schema\/logo\/image\/"}},{"@type":"Person","@id":"https:\/\/rheinhessenblog.de\/#\/schema\/person\/105ca6be0dd7329ee6748fca3ae8e936","name":"Tanja Espenschied","description":"Reizen is mijn passie, Rheinhessen mijn thuis. Jarenlang reisde ik de wereld rond met rugzak en camera, altijd op zoek naar de mooiste plekjes op aarde. Wat ik daarbij volledig over het hoofd zag: De mooiste plekjes liggen vaak niet aan de andere kant van de aardbol, maar bij ons voor de deur. Dus ik ga weer op pad, dit keer op zoek naar de parels van Rheinhessen.","url":"https:\/\/rheinhessenblog.de\/nl\/author\/espenschied\/"}]}},"_links":{"self":[{"href":"https:\/\/rheinhessenblog.de\/nl\/wp-json\/wp\/v2\/posts\/6947","targetHints":{"allow":["GET"]}}],"collection":[{"href":"https:\/\/rheinhessenblog.de\/nl\/wp-json\/wp\/v2\/posts"}],"about":[{"href":"https:\/\/rheinhessenblog.de\/nl\/wp-json\/wp\/v2\/types\/post"}],"author":[{"embeddable":true,"href":"https:\/\/rheinhessenblog.de\/nl\/wp-json\/wp\/v2\/users\/19"}],"replies":[{"embeddable":true,"href":"https:\/\/rheinhessenblog.de\/nl\/wp-json\/wp\/v2\/comments?post=6947"}],"version-history":[{"count":4,"href":"https:\/\/rheinhessenblog.de\/nl\/wp-json\/wp\/v2\/posts\/6947\/revisions"}],"predecessor-version":[{"id":13477,"href":"https:\/\/rheinhessenblog.de\/nl\/wp-json\/wp\/v2\/posts\/6947\/revisions\/13477"}],"wp:featuredmedia":[{"embeddable":true,"href":"https:\/\/rheinhessenblog.de\/nl\/wp-json\/wp\/v2\/media\/6965"}],"wp:attachment":[{"href":"https:\/\/rheinhessenblog.de\/nl\/wp-json\/wp\/v2\/media?parent=6947"}],"wp:term":[{"taxonomy":"category","embeddable":true,"href":"https:\/\/rheinhessenblog.de\/nl\/wp-json\/wp\/v2\/categories?post=6947"},{"taxonomy":"post_tag","embeddable":true,"href":"https:\/\/rheinhessenblog.de\/nl\/wp-json\/wp\/v2\/tags?post=6947"}],"curies":[{"name":"wp","href":"https:\/\/api.w.org\/{rel}","templated":true}]}}