{"id":7876,"date":"2025-01-13T17:04:59","date_gmt":"2025-01-13T16:04:59","guid":{"rendered":"http:\/\/blog.rheinhessen.de\/?p=7876"},"modified":"2025-01-17T10:45:25","modified_gmt":"2025-01-17T09:45:25","slug":"culturele-tour-door-de-steden-in-het-koude-seizoen","status":"publish","type":"post","link":"https:\/\/rheinhessenblog.de\/nl\/kultureller-streifzug-durch-die-staedte-in-der-kalten-jahreszeit\/","title":{"rendered":"Culturele ontdekkingstocht door de steden in het koude seizoen"},"content":{"rendered":"<div data-elementor-type=\"wp-post\" data-elementor-id=\"7876\" class=\"elementor elementor-7876\" data-elementor-settings=\"{&quot;ha_cmc_init_switcher&quot;:&quot;no&quot;}\" data-elementor-post-type=\"post\">\n\t\t\t\t<div class=\"elementor-element elementor-element-3029d398 e-flex e-con-boxed e-con e-parent\" data-id=\"3029d398\" data-element_type=\"container\" data-e-type=\"container\" data-settings=\"{&quot;_ha_eqh_enable&quot;:false}\">\n\t\t\t\t\t<div class=\"e-con-inner\">\n\t\t\t\t<div class=\"elementor-element elementor-element-d1aa387 elementor-widget elementor-widget-text-editor\" data-id=\"d1aa387\" data-element_type=\"widget\" data-e-type=\"widget\" data-widget_type=\"text-editor.default\">\n\t\t\t\t<div class=\"elementor-widget-container\">\n\t\t\t\t\t\t\t\t\t<p>Dit artikel werd gepubliceerd op 02\/02\/2022 en bijgewerkt op 13\/01\/2025.<\/p>\t\t\t\t\t\t\t\t<\/div>\n\t\t\t\t<\/div>\n\t\t\t\t<div class=\"elementor-element elementor-element-46438ffc elementor-widget elementor-widget-text-editor\" data-id=\"46438ffc\" data-element_type=\"widget\" data-e-type=\"widget\" data-widget_type=\"text-editor.default\">\n\t\t\t\t<div class=\"elementor-widget-container\">\n\t\t\t\t\t\t\t\t\t<p><\/p>\n<p>In onze regio zijn er verschillende expositieruimtes en ook historische bezienswaardigheden waar mijn hart sneller van gaat kloppen: Ga mee op mijn culturele ontdekkingstocht door de <a href=\"https:\/\/www.rheinhessen.de\/staedte-erleben\" target=\"_blank\" rel=\"noreferrer noopener\" aria-label=\"Steden Alzey, Bad Kreuznach, Bingen, Ingelheim, Mainz en Worms. (opent in nieuw tabblad)\">Steden Alzey, Bad Kreuznach, Bingen, Ingelheim, Mainz en Worms. <\/a><\/p>\n<p><\/p>\n<h3 class=\"wp-block-heading\">Met de nachtwaker door Alzey<\/h3>\n<p><\/p>\n<p>Allereerst neem ik je mee naar de geheime hoofdstad van Rheinhessen, Alzey, waar ik altijd graag te gast ben. Daar wandel ik graag over de levendige Rossmarkt en neem ik een kijkje bij de historische stadsmuur en de duiventoren. Ik raad ook aan om deel te nemen aan een rondleiding in klederdracht: Het brengt de geschiedenis op een onderhoudende manier tot leven. Op een spannende <a href=\"https:\/\/www.alzeyer-land.de\/de\/angebote-und-gastgeber\/gaestefuehrungen\/\" target=\"_blank\" rel=\"noreferrer noopener\">Nachtwaker tour<\/a> bijvoorbeeld, kun je je onderdompelen in lang vervlogen tijden. Ik heb er al eens aan meegedaan en vond het geweldig om zoveel interessante en nieuwe dingen over de Volkerstadt te leren.<\/p>\n<p><\/p>\n<figure class=\"wp-block-image size-large\"><img fetchpriority=\"high\" decoding=\"async\" width=\"1024\" height=\"683\" class=\"wp-image-7881\" src=\"https:\/\/rheinhessenblog.de\/wp-content\/uploads\/2022\/02\/Nachtwaechterfuehrung-Alzey-Rheinhessen-2021-0868-Alzey-1024x683.jpg\" alt=\"\" srcset=\"https:\/\/rheinhessenblog.de\/wp-content\/uploads\/2022\/02\/Nachtwaechterfuehrung-Alzey-Rheinhessen-2021-0868-Alzey-1024x683.jpg 1024w, https:\/\/rheinhessenblog.de\/wp-content\/uploads\/2022\/02\/Nachtwaechterfuehrung-Alzey-Rheinhessen-2021-0868-Alzey-300x200.jpg 300w, https:\/\/rheinhessenblog.de\/wp-content\/uploads\/2022\/02\/Nachtwaechterfuehrung-Alzey-Rheinhessen-2021-0868-Alzey-768x512.jpg 768w, https:\/\/rheinhessenblog.de\/wp-content\/uploads\/2022\/02\/Nachtwaechterfuehrung-Alzey-Rheinhessen-2021-0868-Alzey-1536x1024.jpg 1536w, https:\/\/rheinhessenblog.de\/wp-content\/uploads\/2022\/02\/Nachtwaechterfuehrung-Alzey-Rheinhessen-2021-0868-Alzey-2048x1366.jpg 2048w\" sizes=\"(max-width: 1024px) 100vw, 1024px\" \/><\/figure>\n<p><\/p>\n<figure class=\"wp-block-image size-large\"><img decoding=\"async\" width=\"683\" height=\"1024\" class=\"wp-image-7897\" src=\"https:\/\/rheinhessenblog.de\/wp-content\/uploads\/2022\/02\/Nachtwaechterfuehrung-Alzey-Rheinhessen-2021-0932-Alzey-683x1024.jpg\" alt=\"\" srcset=\"https:\/\/rheinhessenblog.de\/wp-content\/uploads\/2022\/02\/Nachtwaechterfuehrung-Alzey-Rheinhessen-2021-0932-Alzey-683x1024.jpg 683w, https:\/\/rheinhessenblog.de\/wp-content\/uploads\/2022\/02\/Nachtwaechterfuehrung-Alzey-Rheinhessen-2021-0932-Alzey-200x300.jpg 200w, https:\/\/rheinhessenblog.de\/wp-content\/uploads\/2022\/02\/Nachtwaechterfuehrung-Alzey-Rheinhessen-2021-0932-Alzey-768x1152.jpg 768w, https:\/\/rheinhessenblog.de\/wp-content\/uploads\/2022\/02\/Nachtwaechterfuehrung-Alzey-Rheinhessen-2021-0932-Alzey-1024x1536.jpg 1024w, https:\/\/rheinhessenblog.de\/wp-content\/uploads\/2022\/02\/Nachtwaechterfuehrung-Alzey-Rheinhessen-2021-0932-Alzey-1366x2048.jpg 1366w, https:\/\/rheinhessenblog.de\/wp-content\/uploads\/2022\/02\/Nachtwaechterfuehrung-Alzey-Rheinhessen-2021-0932-Alzey.jpg 1707w\" sizes=\"(max-width: 683px) 100vw, 683px\" \/><\/figure>\n<p><\/p>\n<h3 class=\"wp-block-heading\">Jeugdherinneringen in Bad Kreuznach<\/h3>\n<p><\/p>\n<p>We rijden verder naar een stad die vooral bekend staat om zijn gezondheidsbevorderende zoutwerken. Maar sinds april 2005 is hier ook een interessant tentoonstellingshuis: in het Museum voor <a href=\"https:\/\/www.rheinhessen.de\/a-museum-fuer-puppentheaterkultur-puk\" target=\"_blank\" rel=\"noreferrer noopener\" aria-label=\"PuppentheaterKultur (PuK) (opent in nieuw tabblad)\">Poppentheater Cultuur (PuK)<\/a>&nbsp;In Bad Kreuznach kon ik mijn kinderdroom verwezenlijken: de poppen goed laten dansen. Ik wilde altijd al poppenspeler worden. Hier kreeg ik eindelijk de kans om dat te doen. Er zijn talloze mogelijkheden om actief te worden in het museum: Ongeveer 25 stations, gelabeld met een rode puntmuts, nodigen jong en oud uit om dat te doen.<\/p>\n<p><\/p>\n<figure class=\"wp-block-image size-large\"><img decoding=\"async\" width=\"1024\" height=\"683\" class=\"wp-image-7910\" src=\"https:\/\/rheinhessenblog.de\/wp-content\/uploads\/2022\/02\/Rheinhessen-2021-0939-Bad-Kreuznach-1024x683.jpg\" alt=\"\" srcset=\"https:\/\/rheinhessenblog.de\/wp-content\/uploads\/2022\/02\/Rheinhessen-2021-0939-Bad-Kreuznach-1024x683.jpg 1024w, https:\/\/rheinhessenblog.de\/wp-content\/uploads\/2022\/02\/Rheinhessen-2021-0939-Bad-Kreuznach-300x200.jpg 300w, https:\/\/rheinhessenblog.de\/wp-content\/uploads\/2022\/02\/Rheinhessen-2021-0939-Bad-Kreuznach-768x512.jpg 768w, https:\/\/rheinhessenblog.de\/wp-content\/uploads\/2022\/02\/Rheinhessen-2021-0939-Bad-Kreuznach-1536x1024.jpg 1536w, https:\/\/rheinhessenblog.de\/wp-content\/uploads\/2022\/02\/Rheinhessen-2021-0939-Bad-Kreuznach-2048x1366.jpg 2048w\" sizes=\"(max-width: 1024px) 100vw, 1024px\" \/><\/figure>\n<p><\/p>\n<figure class=\"wp-block-image size-large\"><img loading=\"lazy\" decoding=\"async\" width=\"683\" height=\"1024\" class=\"wp-image-7883\" src=\"https:\/\/rheinhessenblog.de\/wp-content\/uploads\/2022\/02\/Museum-fuer-PuppentheaterKultur-PuK-Rheinhessen-2021-0942-Bad-Kreuznach-683x1024.jpg\" alt=\"\" srcset=\"https:\/\/rheinhessenblog.de\/wp-content\/uploads\/2022\/02\/Museum-fuer-PuppentheaterKultur-PuK-Rheinhessen-2021-0942-Bad-Kreuznach-683x1024.jpg 683w, https:\/\/rheinhessenblog.de\/wp-content\/uploads\/2022\/02\/Museum-fuer-PuppentheaterKultur-PuK-Rheinhessen-2021-0942-Bad-Kreuznach-200x300.jpg 200w, https:\/\/rheinhessenblog.de\/wp-content\/uploads\/2022\/02\/Museum-fuer-PuppentheaterKultur-PuK-Rheinhessen-2021-0942-Bad-Kreuznach-768x1152.jpg 768w, https:\/\/rheinhessenblog.de\/wp-content\/uploads\/2022\/02\/Museum-fuer-PuppentheaterKultur-PuK-Rheinhessen-2021-0942-Bad-Kreuznach-1024x1536.jpg 1024w, https:\/\/rheinhessenblog.de\/wp-content\/uploads\/2022\/02\/Museum-fuer-PuppentheaterKultur-PuK-Rheinhessen-2021-0942-Bad-Kreuznach-1366x2048.jpg 1366w, https:\/\/rheinhessenblog.de\/wp-content\/uploads\/2022\/02\/Museum-fuer-PuppentheaterKultur-PuK-Rheinhessen-2021-0942-Bad-Kreuznach.jpg 1707w\" sizes=\"(max-width: 683px) 100vw, 683px\" \/><\/figure>\n<p><\/p>\n<p>Op deze bijzondere plek kom ik veel van mijn jeugdhelden weer tegen: ik ben ook erg onder de indruk van de tentoonstellingen uit andere landen. Er is ook een speciale traktatie: er vinden regelmatig interessante voorstellingen plaats in de theaterzaal. Het PuK is een bijzonder fantasierijk museum met veel oog voor detail. Het heeft zeker mijn hart veroverd.<\/p>\n<p><\/p>\n<h3 class=\"wp-block-heading\">Hildegard en de Rijnromantiek in Bingen<\/h3>\n<p><\/p>\n<p>Nu bezoeken we een stad die niet alleen de Muizentoren, het kasteel Klopp en een groot visionair te bieden heeft: We hebben het natuurlijk over Bingen. Ik beveel hier de <a href=\"https:\/\/www.rheinhessen.de\/a-historisches-museum-am-strom\" target=\"_blank\" rel=\"noreferrer noopener\" aria-label=\"Museum am Strom (opent in nieuw tabblad)\">Museum aan de rivier<\/a> op de Kulturufer van Bingen. In de voormalige elektriciteitscentrale uit 1898 kun je interessante feiten leren over de geschiedenis van de stad, te beginnen met de Romeinse tijd. Het huis gaat ook over de romantiek van de Rijn, die ook nu nog veel mensen fascineert - waaronder ik. Wie in de voetsporen van Hildegard von Bingen wil treden, zal ook niet teleurgesteld worden - er is natuurlijk een grote tentoonstellingsruimte aan haar gewijd. Later is het de moeite waard om een wandeling te maken langs de <a href=\"https:\/\/www.bingen.de\/kultur\/tor-zum-uneso-welterbe\" target=\"_blank\" rel=\"noreferrer noopener\" aria-label=\"Binger Kulturuf (opent in nieuw tabblad)\">Bingen Culturele Oproep<\/a><a href=\"https:\/\/www.rheinhessen.de\/a-kulturufer\" target=\"_blank\" rel=\"noreferrer noopener\" aria-label=\"Bingen Kulturufer (opent in nieuw tabblad)\">ers<\/a>. Fascinerende kunstwerken zoals de Poseidon sculptuur, bezienswaardigheden zoals de oude kraan en het onvergelijkbare uitzicht op de Rijn en Nahe maken de excursie tot een indrukwekkende ervaring.<\/p>\n<p><\/p>\n<figure class=\"wp-block-image size-large\"><img loading=\"lazy\" decoding=\"async\" width=\"1024\" height=\"683\" class=\"wp-image-7884\" src=\"https:\/\/rheinhessenblog.de\/wp-content\/uploads\/2022\/02\/Museum-am-Strom-Bingen-Rheinhessen-2021-0738-Bingen-1024x683.jpg\" alt=\"\" srcset=\"https:\/\/rheinhessenblog.de\/wp-content\/uploads\/2022\/02\/Museum-am-Strom-Bingen-Rheinhessen-2021-0738-Bingen-1024x683.jpg 1024w, https:\/\/rheinhessenblog.de\/wp-content\/uploads\/2022\/02\/Museum-am-Strom-Bingen-Rheinhessen-2021-0738-Bingen-300x200.jpg 300w, https:\/\/rheinhessenblog.de\/wp-content\/uploads\/2022\/02\/Museum-am-Strom-Bingen-Rheinhessen-2021-0738-Bingen-768x512.jpg 768w, https:\/\/rheinhessenblog.de\/wp-content\/uploads\/2022\/02\/Museum-am-Strom-Bingen-Rheinhessen-2021-0738-Bingen-1536x1024.jpg 1536w, https:\/\/rheinhessenblog.de\/wp-content\/uploads\/2022\/02\/Museum-am-Strom-Bingen-Rheinhessen-2021-0738-Bingen-2048x1366.jpg 2048w\" sizes=\"(max-width: 1024px) 100vw, 1024px\" \/><\/figure>\n<p><\/p>\n<figure class=\"wp-block-image size-large\"><img loading=\"lazy\" decoding=\"async\" width=\"1024\" height=\"683\" class=\"wp-image-7898\" src=\"https:\/\/rheinhessenblog.de\/wp-content\/uploads\/2022\/02\/Museum-am-Strom-Bingen-Rheinhessen-2021-0786-Bingen-1024x683.jpg\" alt=\"\" srcset=\"https:\/\/rheinhessenblog.de\/wp-content\/uploads\/2022\/02\/Museum-am-Strom-Bingen-Rheinhessen-2021-0786-Bingen-1024x683.jpg 1024w, https:\/\/rheinhessenblog.de\/wp-content\/uploads\/2022\/02\/Museum-am-Strom-Bingen-Rheinhessen-2021-0786-Bingen-300x200.jpg 300w, https:\/\/rheinhessenblog.de\/wp-content\/uploads\/2022\/02\/Museum-am-Strom-Bingen-Rheinhessen-2021-0786-Bingen-768x512.jpg 768w, https:\/\/rheinhessenblog.de\/wp-content\/uploads\/2022\/02\/Museum-am-Strom-Bingen-Rheinhessen-2021-0786-Bingen-1536x1024.jpg 1536w, https:\/\/rheinhessenblog.de\/wp-content\/uploads\/2022\/02\/Museum-am-Strom-Bingen-Rheinhessen-2021-0786-Bingen-2048x1366.jpg 2048w\" sizes=\"(max-width: 1024px) 100vw, 1024px\" \/><\/figure>\n<p><\/p>\n<figure class=\"wp-block-image size-large\"><img loading=\"lazy\" decoding=\"async\" width=\"683\" height=\"1024\" class=\"wp-image-7885\" src=\"https:\/\/rheinhessenblog.de\/wp-content\/uploads\/2022\/02\/Rheinhessen-2021-0743-Bingen-683x1024.jpg\" alt=\"\" srcset=\"https:\/\/rheinhessenblog.de\/wp-content\/uploads\/2022\/02\/Rheinhessen-2021-0743-Bingen-683x1024.jpg 683w, https:\/\/rheinhessenblog.de\/wp-content\/uploads\/2022\/02\/Rheinhessen-2021-0743-Bingen-200x300.jpg 200w, https:\/\/rheinhessenblog.de\/wp-content\/uploads\/2022\/02\/Rheinhessen-2021-0743-Bingen-768x1152.jpg 768w, https:\/\/rheinhessenblog.de\/wp-content\/uploads\/2022\/02\/Rheinhessen-2021-0743-Bingen-1024x1536.jpg 1024w, https:\/\/rheinhessenblog.de\/wp-content\/uploads\/2022\/02\/Rheinhessen-2021-0743-Bingen-1366x2048.jpg 1366w, https:\/\/rheinhessenblog.de\/wp-content\/uploads\/2022\/02\/Rheinhessen-2021-0743-Bingen.jpg 1707w\" sizes=\"(max-width: 683px) 100vw, 683px\" \/><\/figure>\n<p><\/p>\n<h3 class=\"wp-block-heading\">In de voetsporen van de keizer in Ingelheim<\/h3>\n<p><\/p>\n<p>Een uitstapje naar het mooie Ingelheim mag niet ontbreken op onze reis. Het charmante rode wijnstadje heeft ook op cultureel gebied heel wat in petto: De <a href=\"https:\/\/www.rheinhessen.de\/a-museum-bei-der-kaiserpfalz\" target=\"_blank\" rel=\"noreferrer noopener\" aria-label=\"Museum in het keizerlijk paleis (opent in nieuw tabblad)\">Museum in het keizerlijk paleis <\/a>gaat over de geschiedenis van de stad: leer meer over de prehistorie en vroege geschiedenis, de Romeinse tijd, de vroege middeleeuwen en Sebastian M\u00fcnster, waarschijnlijk de beroemdste zoon van Ingelheim. Daarna raad ik een bezoek aan de <a href=\"https:\/\/www.rheinhessen.de\/a-kaiserpfalz-ingelheim\" target=\"_blank\" rel=\"noreferrer noopener\" aria-label=\"Bezoek aan het keizerlijk paleis (opent in nieuw tabblad)\">Bezoek aan het keizerlijk paleis<\/a>die aan het einde van de 8e eeuw werd gebouwd in opdracht van Karel de Grote. Deze bijzondere plek laat de geschiedenis tot leven komen.<\/p>\n<p><\/p>\n<figure class=\"wp-block-image size-large\"><img loading=\"lazy\" decoding=\"async\" width=\"1024\" height=\"683\" class=\"wp-image-7886\" src=\"https:\/\/rheinhessenblog.de\/wp-content\/uploads\/2022\/02\/Museum-bei-der-Kaiserpfalz-Rheinhessen-2021-0644-Ingelheim-1024x683.jpg\" alt=\"\" srcset=\"https:\/\/rheinhessenblog.de\/wp-content\/uploads\/2022\/02\/Museum-bei-der-Kaiserpfalz-Rheinhessen-2021-0644-Ingelheim-1024x683.jpg 1024w, https:\/\/rheinhessenblog.de\/wp-content\/uploads\/2022\/02\/Museum-bei-der-Kaiserpfalz-Rheinhessen-2021-0644-Ingelheim-300x200.jpg 300w, https:\/\/rheinhessenblog.de\/wp-content\/uploads\/2022\/02\/Museum-bei-der-Kaiserpfalz-Rheinhessen-2021-0644-Ingelheim-768x512.jpg 768w, https:\/\/rheinhessenblog.de\/wp-content\/uploads\/2022\/02\/Museum-bei-der-Kaiserpfalz-Rheinhessen-2021-0644-Ingelheim-1536x1024.jpg 1536w, https:\/\/rheinhessenblog.de\/wp-content\/uploads\/2022\/02\/Museum-bei-der-Kaiserpfalz-Rheinhessen-2021-0644-Ingelheim-2048x1366.jpg 2048w\" sizes=\"(max-width: 1024px) 100vw, 1024px\" \/><\/figure>\n<p><\/p>\n<figure class=\"wp-block-image size-large\"><img loading=\"lazy\" decoding=\"async\" width=\"1024\" height=\"683\" class=\"wp-image-7900\" src=\"https:\/\/rheinhessenblog.de\/wp-content\/uploads\/2022\/02\/Rheinhessen-2021-372-Ingelheim-1024x683.jpg\" alt=\"\" srcset=\"https:\/\/rheinhessenblog.de\/wp-content\/uploads\/2022\/02\/Rheinhessen-2021-372-Ingelheim-1024x683.jpg 1024w, https:\/\/rheinhessenblog.de\/wp-content\/uploads\/2022\/02\/Rheinhessen-2021-372-Ingelheim-300x200.jpg 300w, https:\/\/rheinhessenblog.de\/wp-content\/uploads\/2022\/02\/Rheinhessen-2021-372-Ingelheim-768x512.jpg 768w, https:\/\/rheinhessenblog.de\/wp-content\/uploads\/2022\/02\/Rheinhessen-2021-372-Ingelheim-1536x1024.jpg 1536w, https:\/\/rheinhessenblog.de\/wp-content\/uploads\/2022\/02\/Rheinhessen-2021-372-Ingelheim-2048x1366.jpg 2048w\" sizes=\"(max-width: 1024px) 100vw, 1024px\" \/><\/figure>\n<p><\/p>\n<h3 class=\"wp-block-heading\">200.000 jaar cultuurgeschiedenis in Mainz<\/h3>\n<p><\/p>\n<p>Als ik vroeger naar Mainz ging voor een wandeling, was er \u00e9\u00e9n ding dat ik niet wilde missen: het gouden paard op het gebouw van de <a href=\"https:\/\/landesmuseum-mainz.de\/de\/startseite\/\" target=\"_blank\" rel=\"noreferrer noopener\" aria-label=\"Mainzer Landesmuseum (opent in nieuw tabblad)\">Staatsmuseum Mainz<\/a> bezoeken. Zelfs vandaag de dag ben ik er nog door gefascineerd. Maar ook het interieur is indrukwekkend: het werd in 1803 opgericht en is daarmee een van de oudste musea van Duitsland: Er zijn talloze schilderijen, archeologische vondsten, beeldhouwwerken en nog veel meer te zien. Ik ben altijd onder de indruk van de diversiteit van het museumaanbod. Je mag deze tentoonstellingslocatie dus zeker niet missen.<\/p>\n<p><\/p>\n<figure class=\"wp-block-image size-large\"><img loading=\"lazy\" decoding=\"async\" width=\"824\" height=\"551\" class=\"wp-image-7901\" src=\"https:\/\/rheinhessenblog.de\/wp-content\/uploads\/2022\/02\/kul003-landesmuseum-Ausschnitt\u00a9Landeshauptstadt-Mainz.jpg\" alt=\"\" srcset=\"https:\/\/rheinhessenblog.de\/wp-content\/uploads\/2022\/02\/kul003-landesmuseum-Ausschnitt\u00a9Landeshauptstadt-Mainz.jpg 824w, https:\/\/rheinhessenblog.de\/wp-content\/uploads\/2022\/02\/kul003-landesmuseum-Ausschnitt\u00a9Landeshauptstadt-Mainz-300x201.jpg 300w, https:\/\/rheinhessenblog.de\/wp-content\/uploads\/2022\/02\/kul003-landesmuseum-Ausschnitt\u00a9Landeshauptstadt-Mainz-768x514.jpg 768w\" sizes=\"(max-width: 824px) 100vw, 824px\" \/><p><\/p>\n<figcaption class=\"wp-element-caption\">Staatsmuseum Mainz<\/figcaption>\n<\/figure>\n<p><\/p>\n<figure class=\"wp-block-image size-large\"><img loading=\"lazy\" decoding=\"async\" width=\"1024\" height=\"683\" class=\"wp-image-7887\" src=\"https:\/\/rheinhessenblog.de\/wp-content\/uploads\/2022\/02\/Landesmuseum-Mainz-Rheinhessen-2021-0097-Mainz-1024x683.jpg\" alt=\"\" srcset=\"https:\/\/rheinhessenblog.de\/wp-content\/uploads\/2022\/02\/Landesmuseum-Mainz-Rheinhessen-2021-0097-Mainz-1024x683.jpg 1024w, https:\/\/rheinhessenblog.de\/wp-content\/uploads\/2022\/02\/Landesmuseum-Mainz-Rheinhessen-2021-0097-Mainz-300x200.jpg 300w, https:\/\/rheinhessenblog.de\/wp-content\/uploads\/2022\/02\/Landesmuseum-Mainz-Rheinhessen-2021-0097-Mainz-768x512.jpg 768w, https:\/\/rheinhessenblog.de\/wp-content\/uploads\/2022\/02\/Landesmuseum-Mainz-Rheinhessen-2021-0097-Mainz-1536x1024.jpg 1536w, https:\/\/rheinhessenblog.de\/wp-content\/uploads\/2022\/02\/Landesmuseum-Mainz-Rheinhessen-2021-0097-Mainz-2048x1366.jpg 2048w\" sizes=\"(max-width: 1024px) 100vw, 1024px\" \/><\/figure>\n<p><\/p>\n<p>De route brengt ons nu naar Worms. Deze historische stad is vooral bekend om zijn <a href=\"https:\/\/rheinhessenblog.de\/nl\/wat-heeft-luther-eigenlijk-met-wormen-te-maken\/\" target=\"_blank\" rel=\"noreferrer noopener\" aria-label=\"Maarten Luther (opent in nieuw tabblad)\">Maarten Luther<\/a>, <a href=\"https:\/\/rheinhessenblog.de\/nl\/op-het-spoor-van-de-nibelungs-in-wormen\/\" target=\"_blank\" rel=\"noreferrer noopener\" aria-label=\"De sage van de Nibelungs (opent in nieuw tabblad)\">de sage van de Nibelungen<\/a> en voor hun Romaanse <a href=\"https:\/\/www.rheinhessen.de\/wormser-dom-2\/0\" target=\"_blank\" rel=\"noreferrer noopener\" aria-label=\"Sint-Pieterskathedraal (opent in nieuw tabblad)\">Sint-Pieterskathedraal<\/a>.<\/p>\n<p><\/p>\n<h3 class=\"wp-block-heading\">Joodse geschiedenis in Worms<\/h3>\n<p><\/p>\n<p>Worms behoort ook - samen met Mainz en Speyer - tot de zogenaamde <a href=\"https:\/\/schumstaedte.de\" target=\"_blank\" rel=\"noreferrer noopener\" aria-label=\" (opent in nieuw tabblad)\">SchUM sites<\/a>. Alle drie de SchUM-sites staan sinds juli 2021 op de Werelderfgoedlijst van UNESCO. Voor meer informatie over de<a href=\"https:\/\/rheinhessenblog.de\/nl\/auf-den-spuren-der-juedischen-geschichte-in-worm\/\" target=\"_blank\" rel=\"noreferrer noopener\" aria-label=\" Joodse geschiedenis in Worms (opent in nieuw tabblad)\"> Joodse geschiedenis in Worms<\/a> Om dit te weten te komen, is het de moeite waard om eerst de j<a href=\"https:\/\/www.rheinhessen.de\/schum-staetten-in-rheinhessen\/a-juedischer-friedhof-heiliger-sand-worms\" target=\"_blank\" rel=\"noreferrer noopener\" aria-label=\"Joodse Begraafplaats &quot;Heilig Zand&quot; (opent in nieuw tabblad)\">Joodse begraafplaats \"Holy Sands<\/a> met ongeveer 2000 graven. Veel gerespecteerde rabbijnen en Joodse geleerden zijn begraven op de oudste Joodse begraafplaats van Europa. We gaan verder naar de Hintere Judengasse. Daar is de <a href=\"https:\/\/www.rheinhessen.de\/schum-staetten-in-rheinhessen\/a-juedisches-museum-im-raschi-haus\" target=\"_blank\" rel=\"noreferrer noopener\" aria-label=\"Joods Museum Worms (opent in nieuw tabblad)\">Joods Museum Worms<\/a> de bewogen geschiedenis van het jodendom. Het museum in het Rashi Huis presenteert zijn bezoekers talrijke tentoonstellingen van de middeleeuwen tot de moderne tijd, die een levendig beeld geven van het dagelijks leven en de religie van de Joodse bevolking.<\/p>\n<p><\/p>\n<figure class=\"wp-block-image size-large\"><img loading=\"lazy\" decoding=\"async\" width=\"1024\" height=\"683\" class=\"wp-image-7888\" src=\"https:\/\/rheinhessenblog.de\/wp-content\/uploads\/2022\/02\/Dom-Worms-Rheinhessen-2021-0514-Worms-1024x683.jpg\" alt=\"\" srcset=\"https:\/\/rheinhessenblog.de\/wp-content\/uploads\/2022\/02\/Dom-Worms-Rheinhessen-2021-0514-Worms-1024x683.jpg 1024w, https:\/\/rheinhessenblog.de\/wp-content\/uploads\/2022\/02\/Dom-Worms-Rheinhessen-2021-0514-Worms-300x200.jpg 300w, https:\/\/rheinhessenblog.de\/wp-content\/uploads\/2022\/02\/Dom-Worms-Rheinhessen-2021-0514-Worms-768x512.jpg 768w, https:\/\/rheinhessenblog.de\/wp-content\/uploads\/2022\/02\/Dom-Worms-Rheinhessen-2021-0514-Worms-1536x1024.jpg 1536w, https:\/\/rheinhessenblog.de\/wp-content\/uploads\/2022\/02\/Dom-Worms-Rheinhessen-2021-0514-Worms-2048x1366.jpg 2048w\" sizes=\"(max-width: 1024px) 100vw, 1024px\" \/><\/figure>\n<p><\/p>\n<figure class=\"wp-block-image size-large\"><img loading=\"lazy\" decoding=\"async\" width=\"1024\" height=\"683\" class=\"wp-image-7889\" src=\"https:\/\/rheinhessenblog.de\/wp-content\/uploads\/2022\/02\/Juedischer-Friedhof-Heiliger-Sand-Worms-Rheinhessen-2021-0626-Worms-1024x683.jpg\" alt=\"\" srcset=\"https:\/\/rheinhessenblog.de\/wp-content\/uploads\/2022\/02\/Juedischer-Friedhof-Heiliger-Sand-Worms-Rheinhessen-2021-0626-Worms-1024x683.jpg 1024w, https:\/\/rheinhessenblog.de\/wp-content\/uploads\/2022\/02\/Juedischer-Friedhof-Heiliger-Sand-Worms-Rheinhessen-2021-0626-Worms-300x200.jpg 300w, https:\/\/rheinhessenblog.de\/wp-content\/uploads\/2022\/02\/Juedischer-Friedhof-Heiliger-Sand-Worms-Rheinhessen-2021-0626-Worms-768x512.jpg 768w, https:\/\/rheinhessenblog.de\/wp-content\/uploads\/2022\/02\/Juedischer-Friedhof-Heiliger-Sand-Worms-Rheinhessen-2021-0626-Worms-1536x1024.jpg 1536w, https:\/\/rheinhessenblog.de\/wp-content\/uploads\/2022\/02\/Juedischer-Friedhof-Heiliger-Sand-Worms-Rheinhessen-2021-0626-Worms-2048x1366.jpg 2048w\" sizes=\"(max-width: 1024px) 100vw, 1024px\" \/><\/figure>\n<p><\/p>\n<figure class=\"wp-block-image size-large\"><img loading=\"lazy\" decoding=\"async\" width=\"1024\" height=\"683\" class=\"wp-image-9709\" src=\"https:\/\/rheinhessenblog.de\/wp-content\/uploads\/2023\/01\/Rheinhessen-2021-0585-Worms-1024x683.jpg\" alt=\"\" srcset=\"https:\/\/rheinhessenblog.de\/wp-content\/uploads\/2023\/01\/Rheinhessen-2021-0585-Worms-1024x683.jpg 1024w, https:\/\/rheinhessenblog.de\/wp-content\/uploads\/2023\/01\/Rheinhessen-2021-0585-Worms-300x200.jpg 300w, https:\/\/rheinhessenblog.de\/wp-content\/uploads\/2023\/01\/Rheinhessen-2021-0585-Worms-768x512.jpg 768w, https:\/\/rheinhessenblog.de\/wp-content\/uploads\/2023\/01\/Rheinhessen-2021-0585-Worms-1536x1024.jpg 1536w, https:\/\/rheinhessenblog.de\/wp-content\/uploads\/2023\/01\/Rheinhessen-2021-0585-Worms-2048x1366.jpg 2048w\" sizes=\"(max-width: 1024px) 100vw, 1024px\" \/><\/figure>\n<p><\/p>\n<p>Ik hoop dat je genoten hebt van mijn culturele reis door de steden. Rheinhessen en Bad Kreuznach bieden je een gevarieerd programma dat zelfs in het koude seizoen niets te wensen overlaat. Je hoeft je hier gegarandeerd nooit te vervelen.<\/p>\n<p><\/p>\t\t\t\t\t\t\t\t<\/div>\n\t\t\t\t<\/div>\n\t\t\t\t\t<\/div>\n\t\t\t\t<\/div>\n\t\t\t\t<\/div>","protected":false},"excerpt":{"rendered":"<p>Johann Wolfgang von Goethe zei ooit heel treffend: \"Elke dag zou je op zijn minst een liedje moeten horen, een goed gedicht moeten lezen, een mooi schilderij moeten zien en, als het mogelijk was, een paar zinnige woorden moeten spreken\". Ook voor mij is cultuur al vele jaren een belangrijk onderdeel van mijn leven.<\/p>","protected":false},"author":18,"featured_media":7897,"comment_status":"open","ping_status":"closed","sticky":false,"template":"","format":"standard","meta":{"_acf_changed":false,"footnotes":""},"categories":[320],"tags":[326,365,364,325],"class_list":["post-7876","post","type-post","status-publish","format-standard","has-post-thumbnail","hentry","category-kultur-entdecken","tag-dom-kirche","tag-kultur","tag-museum","tag-nibelungen"],"acf":{"":null},"yoast_head":"<!-- This site is optimized with the Yoast SEO plugin v27.4 - https:\/\/yoast.com\/product\/yoast-seo-wordpress\/ -->\n<title>Kultureller Streifzug durch die St\u00e4dte in der kalten Jahreszeit - Rheinhessen-Blog<\/title>\n<meta name=\"description\" content=\"Johann Wolfgang von Goethe sagte einst sehr treffend: \u201cMan sollte alle Tage wenigstens ein kleines Lied h\u00f6ren, ein gutes Gedicht lesen, ein treffliches Gem\u00e4lde sehen und, wenn es m\u00f6glich zu machen w\u00e4re, einige vern\u00fcnftige Worte sprechen.\u201d Auch f\u00fcr mich ist Kultur seit vielen Jahren ein wichtiger Bestandteil meines Lebens.\" \/>\n<meta name=\"robots\" content=\"index, follow, max-snippet:-1, max-image-preview:large, max-video-preview:-1\" \/>\n<link rel=\"canonical\" href=\"https:\/\/rheinhessenblog.de\/nl\/culturele-tour-door-de-steden-in-het-koude-seizoen\/\" \/>\n<meta property=\"og:locale\" content=\"nl_NL\" \/>\n<meta property=\"og:type\" content=\"article\" \/>\n<meta property=\"og:title\" content=\"Kultureller Streifzug durch die St\u00e4dte in der kalten Jahreszeit - Rheinhessen-Blog\" \/>\n<meta property=\"og:description\" content=\"Johann Wolfgang von Goethe sagte einst sehr treffend: \u201cMan sollte alle Tage wenigstens ein kleines Lied h\u00f6ren, ein gutes Gedicht lesen, ein treffliches Gem\u00e4lde sehen und, wenn es m\u00f6glich zu machen w\u00e4re, einige vern\u00fcnftige Worte sprechen.\u201d Auch f\u00fcr mich ist Kultur seit vielen Jahren ein wichtiger Bestandteil meines Lebens.\" \/>\n<meta property=\"og:url\" content=\"https:\/\/rheinhessenblog.de\/nl\/culturele-tour-door-de-steden-in-het-koude-seizoen\/\" \/>\n<meta property=\"og:site_name\" content=\"Rheinhessen-Blog\" \/>\n<meta property=\"article:published_time\" content=\"2025-01-13T16:04:59+00:00\" \/>\n<meta property=\"article:modified_time\" content=\"2025-01-17T09:45:25+00:00\" \/>\n<meta property=\"og:image\" content=\"https:\/\/rheinhessenblog.de\/wp-content\/uploads\/2022\/02\/Nachtwaechterfuehrung-Alzey-Rheinhessen-2021-0932-Alzey.jpg\" \/>\n\t<meta property=\"og:image:width\" content=\"1707\" \/>\n\t<meta property=\"og:image:height\" content=\"2560\" \/>\n\t<meta property=\"og:image:type\" content=\"image\/jpeg\" \/>\n<meta name=\"author\" content=\"Kristin Berschet\" \/>\n<meta name=\"twitter:card\" content=\"summary_large_image\" \/>\n<meta name=\"twitter:label1\" content=\"Geschreven door\" \/>\n\t<meta name=\"twitter:data1\" content=\"Kristin Berschet\" \/>\n\t<meta name=\"twitter:label2\" content=\"Geschatte leestijd\" \/>\n\t<meta name=\"twitter:data2\" content=\"8 minuten\" \/>\n<script type=\"application\/ld+json\" class=\"yoast-schema-graph\">{\"@context\":\"https:\\\/\\\/schema.org\",\"@graph\":[{\"@type\":\"Article\",\"@id\":\"https:\\\/\\\/rheinhessenblog.de\\\/kultureller-streifzug-durch-die-staedte-in-der-kalten-jahreszeit\\\/#article\",\"isPartOf\":{\"@id\":\"https:\\\/\\\/rheinhessenblog.de\\\/kultureller-streifzug-durch-die-staedte-in-der-kalten-jahreszeit\\\/\"},\"author\":{\"name\":\"Kristin Berschet\",\"@id\":\"https:\\\/\\\/rheinhessenblog.de\\\/#\\\/schema\\\/person\\\/7872c51979fef218e12fd16ed11f1930\"},\"headline\":\"Kultureller Streifzug durch die St\u00e4dte in der kalten Jahreszeit\",\"datePublished\":\"2025-01-13T16:04:59+00:00\",\"dateModified\":\"2025-01-17T09:45:25+00:00\",\"mainEntityOfPage\":{\"@id\":\"https:\\\/\\\/rheinhessenblog.de\\\/kultureller-streifzug-durch-die-staedte-in-der-kalten-jahreszeit\\\/\"},\"wordCount\":854,\"commentCount\":0,\"publisher\":{\"@id\":\"https:\\\/\\\/rheinhessenblog.de\\\/#organization\"},\"image\":{\"@id\":\"https:\\\/\\\/rheinhessenblog.de\\\/kultureller-streifzug-durch-die-staedte-in-der-kalten-jahreszeit\\\/#primaryimage\"},\"thumbnailUrl\":\"https:\\\/\\\/rheinhessenblog.de\\\/wp-content\\\/uploads\\\/2022\\\/02\\\/Nachtwaechterfuehrung-Alzey-Rheinhessen-2021-0932-Alzey.jpg\",\"keywords\":[\"Dom \\\/ Kirche\",\"Kultur\",\"Museum\",\"Nibelungen\"],\"articleSection\":[\"Kultur entdecken\"],\"inLanguage\":\"nl-NL\",\"potentialAction\":[{\"@type\":\"CommentAction\",\"name\":\"Comment\",\"target\":[\"https:\\\/\\\/rheinhessenblog.de\\\/kultureller-streifzug-durch-die-staedte-in-der-kalten-jahreszeit\\\/#respond\"]}]},{\"@type\":\"WebPage\",\"@id\":\"https:\\\/\\\/rheinhessenblog.de\\\/kultureller-streifzug-durch-die-staedte-in-der-kalten-jahreszeit\\\/\",\"url\":\"https:\\\/\\\/rheinhessenblog.de\\\/kultureller-streifzug-durch-die-staedte-in-der-kalten-jahreszeit\\\/\",\"name\":\"Kultureller Streifzug durch die St\u00e4dte in der kalten Jahreszeit - Rheinhessen-Blog\",\"isPartOf\":{\"@id\":\"https:\\\/\\\/rheinhessenblog.de\\\/#website\"},\"primaryImageOfPage\":{\"@id\":\"https:\\\/\\\/rheinhessenblog.de\\\/kultureller-streifzug-durch-die-staedte-in-der-kalten-jahreszeit\\\/#primaryimage\"},\"image\":{\"@id\":\"https:\\\/\\\/rheinhessenblog.de\\\/kultureller-streifzug-durch-die-staedte-in-der-kalten-jahreszeit\\\/#primaryimage\"},\"thumbnailUrl\":\"https:\\\/\\\/rheinhessenblog.de\\\/wp-content\\\/uploads\\\/2022\\\/02\\\/Nachtwaechterfuehrung-Alzey-Rheinhessen-2021-0932-Alzey.jpg\",\"datePublished\":\"2025-01-13T16:04:59+00:00\",\"dateModified\":\"2025-01-17T09:45:25+00:00\",\"description\":\"Johann Wolfgang von Goethe sagte einst sehr treffend: \u201cMan sollte alle Tage wenigstens ein kleines Lied h\u00f6ren, ein gutes Gedicht lesen, ein treffliches Gem\u00e4lde sehen und, wenn es m\u00f6glich zu machen w\u00e4re, einige vern\u00fcnftige Worte sprechen.\u201d Auch f\u00fcr mich ist Kultur seit vielen Jahren ein wichtiger Bestandteil meines Lebens.\",\"breadcrumb\":{\"@id\":\"https:\\\/\\\/rheinhessenblog.de\\\/kultureller-streifzug-durch-die-staedte-in-der-kalten-jahreszeit\\\/#breadcrumb\"},\"inLanguage\":\"nl-NL\",\"potentialAction\":[{\"@type\":\"ReadAction\",\"target\":[\"https:\\\/\\\/rheinhessenblog.de\\\/kultureller-streifzug-durch-die-staedte-in-der-kalten-jahreszeit\\\/\"]}]},{\"@type\":\"ImageObject\",\"inLanguage\":\"nl-NL\",\"@id\":\"https:\\\/\\\/rheinhessenblog.de\\\/kultureller-streifzug-durch-die-staedte-in-der-kalten-jahreszeit\\\/#primaryimage\",\"url\":\"https:\\\/\\\/rheinhessenblog.de\\\/wp-content\\\/uploads\\\/2022\\\/02\\\/Nachtwaechterfuehrung-Alzey-Rheinhessen-2021-0932-Alzey.jpg\",\"contentUrl\":\"https:\\\/\\\/rheinhessenblog.de\\\/wp-content\\\/uploads\\\/2022\\\/02\\\/Nachtwaechterfuehrung-Alzey-Rheinhessen-2021-0932-Alzey.jpg\",\"width\":1707,\"height\":2560,\"caption\":\"Stadtmauer\"},{\"@type\":\"BreadcrumbList\",\"@id\":\"https:\\\/\\\/rheinhessenblog.de\\\/kultureller-streifzug-durch-die-staedte-in-der-kalten-jahreszeit\\\/#breadcrumb\",\"itemListElement\":[{\"@type\":\"ListItem\",\"position\":1,\"name\":\"Startseite\",\"item\":\"https:\\\/\\\/rheinhessenblog.de\\\/\"},{\"@type\":\"ListItem\",\"position\":2,\"name\":\"Kultureller Streifzug durch die St\u00e4dte in der kalten Jahreszeit\"}]},{\"@type\":\"WebSite\",\"@id\":\"https:\\\/\\\/rheinhessenblog.de\\\/#website\",\"url\":\"https:\\\/\\\/rheinhessenblog.de\\\/\",\"name\":\"Rheinhessen-Blog\",\"description\":\"\",\"publisher\":{\"@id\":\"https:\\\/\\\/rheinhessenblog.de\\\/#organization\"},\"potentialAction\":[{\"@type\":\"SearchAction\",\"target\":{\"@type\":\"EntryPoint\",\"urlTemplate\":\"https:\\\/\\\/rheinhessenblog.de\\\/?s={search_term_string}\"},\"query-input\":{\"@type\":\"PropertyValueSpecification\",\"valueRequired\":true,\"valueName\":\"search_term_string\"}}],\"inLanguage\":\"nl-NL\"},{\"@type\":\"Organization\",\"@id\":\"https:\\\/\\\/rheinhessenblog.de\\\/#organization\",\"name\":\"Rheinhessen-Blog\",\"url\":\"https:\\\/\\\/rheinhessenblog.de\\\/\",\"logo\":{\"@type\":\"ImageObject\",\"inLanguage\":\"nl-NL\",\"@id\":\"https:\\\/\\\/rheinhessenblog.de\\\/#\\\/schema\\\/logo\\\/image\\\/\",\"url\":\"https:\\\/\\\/rheinhessenblog.de\\\/wp-content\\\/uploads\\\/2023\\\/07\\\/Rheinhessenlogo.svg\",\"contentUrl\":\"https:\\\/\\\/rheinhessenblog.de\\\/wp-content\\\/uploads\\\/2023\\\/07\\\/Rheinhessenlogo.svg\",\"width\":85,\"height\":26,\"caption\":\"Rheinhessen-Blog\"},\"image\":{\"@id\":\"https:\\\/\\\/rheinhessenblog.de\\\/#\\\/schema\\\/logo\\\/image\\\/\"}},{\"@type\":\"Person\",\"@id\":\"https:\\\/\\\/rheinhessenblog.de\\\/#\\\/schema\\\/person\\\/7872c51979fef218e12fd16ed11f1930\",\"name\":\"Kristin Berschet\",\"description\":\"Als waschechtes Rheinhessen-M\u00e4dchen liebe ich meine Region \u00fcber alles. Ich mag die freundlichen Menschen, die abwechslungsreiche Natur und den guten Wein. Seit 2014 berichte ich auf meinem Blog Rheinhessenliebe vom sch\u00f6nsten Teil Deutschlands. Bild: Stephan Dinges\",\"url\":\"https:\\\/\\\/rheinhessenblog.de\\\/nl\\\/author\\\/heehler\\\/\"}]}<\/script>\n<!-- \/ Yoast SEO plugin. -->","yoast_head_json":{"title":"Culturele ontdekkingstocht door de steden in het koude seizoen - Rheinhessen-Blog","description":"Johann Wolfgang von Goethe zei ooit heel treffend: \"Elke dag zou je op zijn minst een liedje moeten horen, een goed gedicht moeten lezen, een mooi schilderij moeten zien en, als het mogelijk was, een paar zinnige woorden moeten spreken\". Ook voor mij is cultuur al vele jaren een belangrijk onderdeel van mijn leven.","robots":{"index":"index","follow":"follow","max-snippet":"max-snippet:-1","max-image-preview":"max-image-preview:large","max-video-preview":"max-video-preview:-1"},"canonical":"https:\/\/rheinhessenblog.de\/nl\/culturele-tour-door-de-steden-in-het-koude-seizoen\/","og_locale":"nl_NL","og_type":"article","og_title":"Kultureller Streifzug durch die St\u00e4dte in der kalten Jahreszeit - Rheinhessen-Blog","og_description":"Johann Wolfgang von Goethe sagte einst sehr treffend: \u201cMan sollte alle Tage wenigstens ein kleines Lied h\u00f6ren, ein gutes Gedicht lesen, ein treffliches Gem\u00e4lde sehen und, wenn es m\u00f6glich zu machen w\u00e4re, einige vern\u00fcnftige Worte sprechen.\u201d Auch f\u00fcr mich ist Kultur seit vielen Jahren ein wichtiger Bestandteil meines Lebens.","og_url":"https:\/\/rheinhessenblog.de\/nl\/culturele-tour-door-de-steden-in-het-koude-seizoen\/","og_site_name":"Rheinhessen-Blog","article_published_time":"2025-01-13T16:04:59+00:00","article_modified_time":"2025-01-17T09:45:25+00:00","og_image":[{"width":1707,"height":2560,"url":"https:\/\/rheinhessenblog.de\/wp-content\/uploads\/2022\/02\/Nachtwaechterfuehrung-Alzey-Rheinhessen-2021-0932-Alzey.jpg","type":"image\/jpeg"}],"author":"Kristin Berschet","twitter_card":"summary_large_image","twitter_misc":{"Geschreven door":"Kristin Berschet","Geschatte leestijd":"8 minuten"},"schema":{"@context":"https:\/\/schema.org","@graph":[{"@type":"Article","@id":"https:\/\/rheinhessenblog.de\/kultureller-streifzug-durch-die-staedte-in-der-kalten-jahreszeit\/#article","isPartOf":{"@id":"https:\/\/rheinhessenblog.de\/kultureller-streifzug-durch-die-staedte-in-der-kalten-jahreszeit\/"},"author":{"name":"Kristin Berschet","@id":"https:\/\/rheinhessenblog.de\/#\/schema\/person\/7872c51979fef218e12fd16ed11f1930"},"headline":"Kultureller Streifzug durch die St\u00e4dte in der kalten Jahreszeit","datePublished":"2025-01-13T16:04:59+00:00","dateModified":"2025-01-17T09:45:25+00:00","mainEntityOfPage":{"@id":"https:\/\/rheinhessenblog.de\/kultureller-streifzug-durch-die-staedte-in-der-kalten-jahreszeit\/"},"wordCount":854,"commentCount":0,"publisher":{"@id":"https:\/\/rheinhessenblog.de\/#organization"},"image":{"@id":"https:\/\/rheinhessenblog.de\/kultureller-streifzug-durch-die-staedte-in-der-kalten-jahreszeit\/#primaryimage"},"thumbnailUrl":"https:\/\/rheinhessenblog.de\/wp-content\/uploads\/2022\/02\/Nachtwaechterfuehrung-Alzey-Rheinhessen-2021-0932-Alzey.jpg","keywords":["Dom \/ Kirche","Kultur","Museum","Nibelungen"],"articleSection":["Kultur entdecken"],"inLanguage":"nl-NL","potentialAction":[{"@type":"CommentAction","name":"Comment","target":["https:\/\/rheinhessenblog.de\/kultureller-streifzug-durch-die-staedte-in-der-kalten-jahreszeit\/#respond"]}]},{"@type":"WebPage","@id":"https:\/\/rheinhessenblog.de\/kultureller-streifzug-durch-die-staedte-in-der-kalten-jahreszeit\/","url":"https:\/\/rheinhessenblog.de\/kultureller-streifzug-durch-die-staedte-in-der-kalten-jahreszeit\/","name":"Culturele ontdekkingstocht door de steden in het koude seizoen - Rheinhessen-Blog","isPartOf":{"@id":"https:\/\/rheinhessenblog.de\/#website"},"primaryImageOfPage":{"@id":"https:\/\/rheinhessenblog.de\/kultureller-streifzug-durch-die-staedte-in-der-kalten-jahreszeit\/#primaryimage"},"image":{"@id":"https:\/\/rheinhessenblog.de\/kultureller-streifzug-durch-die-staedte-in-der-kalten-jahreszeit\/#primaryimage"},"thumbnailUrl":"https:\/\/rheinhessenblog.de\/wp-content\/uploads\/2022\/02\/Nachtwaechterfuehrung-Alzey-Rheinhessen-2021-0932-Alzey.jpg","datePublished":"2025-01-13T16:04:59+00:00","dateModified":"2025-01-17T09:45:25+00:00","description":"Johann Wolfgang von Goethe zei ooit heel treffend: \"Elke dag zou je op zijn minst een liedje moeten horen, een goed gedicht moeten lezen, een mooi schilderij moeten zien en, als het mogelijk was, een paar zinnige woorden moeten spreken\". Ook voor mij is cultuur al vele jaren een belangrijk onderdeel van mijn leven.","breadcrumb":{"@id":"https:\/\/rheinhessenblog.de\/kultureller-streifzug-durch-die-staedte-in-der-kalten-jahreszeit\/#breadcrumb"},"inLanguage":"nl-NL","potentialAction":[{"@type":"ReadAction","target":["https:\/\/rheinhessenblog.de\/kultureller-streifzug-durch-die-staedte-in-der-kalten-jahreszeit\/"]}]},{"@type":"ImageObject","inLanguage":"nl-NL","@id":"https:\/\/rheinhessenblog.de\/kultureller-streifzug-durch-die-staedte-in-der-kalten-jahreszeit\/#primaryimage","url":"https:\/\/rheinhessenblog.de\/wp-content\/uploads\/2022\/02\/Nachtwaechterfuehrung-Alzey-Rheinhessen-2021-0932-Alzey.jpg","contentUrl":"https:\/\/rheinhessenblog.de\/wp-content\/uploads\/2022\/02\/Nachtwaechterfuehrung-Alzey-Rheinhessen-2021-0932-Alzey.jpg","width":1707,"height":2560,"caption":"Stadtmauer"},{"@type":"BreadcrumbList","@id":"https:\/\/rheinhessenblog.de\/kultureller-streifzug-durch-die-staedte-in-der-kalten-jahreszeit\/#breadcrumb","itemListElement":[{"@type":"ListItem","position":1,"name":"Startseite","item":"https:\/\/rheinhessenblog.de\/"},{"@type":"ListItem","position":2,"name":"Kultureller Streifzug durch die St\u00e4dte in der kalten Jahreszeit"}]},{"@type":"WebSite","@id":"https:\/\/rheinhessenblog.de\/#website","url":"https:\/\/rheinhessenblog.de\/","name":"Blog","description":"","publisher":{"@id":"https:\/\/rheinhessenblog.de\/#organization"},"potentialAction":[{"@type":"SearchAction","target":{"@type":"EntryPoint","urlTemplate":"https:\/\/rheinhessenblog.de\/?s={search_term_string}"},"query-input":{"@type":"PropertyValueSpecification","valueRequired":true,"valueName":"search_term_string"}}],"inLanguage":"nl-NL"},{"@type":"Organization","@id":"https:\/\/rheinhessenblog.de\/#organization","name":"Blog","url":"https:\/\/rheinhessenblog.de\/","logo":{"@type":"ImageObject","inLanguage":"nl-NL","@id":"https:\/\/rheinhessenblog.de\/#\/schema\/logo\/image\/","url":"https:\/\/rheinhessenblog.de\/wp-content\/uploads\/2023\/07\/Rheinhessenlogo.svg","contentUrl":"https:\/\/rheinhessenblog.de\/wp-content\/uploads\/2023\/07\/Rheinhessenlogo.svg","width":85,"height":26,"caption":"Rheinhessen-Blog"},"image":{"@id":"https:\/\/rheinhessenblog.de\/#\/schema\/logo\/image\/"}},{"@type":"Person","@id":"https:\/\/rheinhessenblog.de\/#\/schema\/person\/7872c51979fef218e12fd16ed11f1930","name":"Kristin Berschet","description":"Als echt Rheinhessen-meisje hou ik het meest van mijn regio. Ik hou van de vriendelijke mensen, de gevarieerde natuur en de goede wijn. Sinds 2014 doe ik verslag van het mooiste deel van Duitsland op mijn blog Rheinhessenliebe. Foto: Stephan Dinges","url":"https:\/\/rheinhessenblog.de\/nl\/author\/heehler\/"}]}},"_links":{"self":[{"href":"https:\/\/rheinhessenblog.de\/nl\/wp-json\/wp\/v2\/posts\/7876","targetHints":{"allow":["GET"]}}],"collection":[{"href":"https:\/\/rheinhessenblog.de\/nl\/wp-json\/wp\/v2\/posts"}],"about":[{"href":"https:\/\/rheinhessenblog.de\/nl\/wp-json\/wp\/v2\/types\/post"}],"author":[{"embeddable":true,"href":"https:\/\/rheinhessenblog.de\/nl\/wp-json\/wp\/v2\/users\/18"}],"replies":[{"embeddable":true,"href":"https:\/\/rheinhessenblog.de\/nl\/wp-json\/wp\/v2\/comments?post=7876"}],"version-history":[{"count":15,"href":"https:\/\/rheinhessenblog.de\/nl\/wp-json\/wp\/v2\/posts\/7876\/revisions"}],"predecessor-version":[{"id":15698,"href":"https:\/\/rheinhessenblog.de\/nl\/wp-json\/wp\/v2\/posts\/7876\/revisions\/15698"}],"wp:featuredmedia":[{"embeddable":true,"href":"https:\/\/rheinhessenblog.de\/nl\/wp-json\/wp\/v2\/media\/7897"}],"wp:attachment":[{"href":"https:\/\/rheinhessenblog.de\/nl\/wp-json\/wp\/v2\/media?parent=7876"}],"wp:term":[{"taxonomy":"category","embeddable":true,"href":"https:\/\/rheinhessenblog.de\/nl\/wp-json\/wp\/v2\/categories?post=7876"},{"taxonomy":"post_tag","embeddable":true,"href":"https:\/\/rheinhessenblog.de\/nl\/wp-json\/wp\/v2\/tags?post=7876"}],"curies":[{"name":"wp","href":"https:\/\/api.w.org\/{rel}","templated":true}]}}